{"id":93860,"date":"2025-12-05T00:20:47","date_gmt":"2025-12-04T23:20:47","guid":{"rendered":"https:\/\/www.infokuryr.cz\/n\/?p=93860"},"modified":"2025-12-04T08:49:17","modified_gmt":"2025-12-04T07:49:17","slug":"eu-blokuje-mir-na-ceste-k-totalnimu-dohledu-rozhovor-s-petrem-bystronem","status":"publish","type":"post","link":"https:\/\/www.infokuryr.cz\/n\/2025\/12\/05\/eu-blokuje-mir-na-ceste-k-totalnimu-dohledu-rozhovor-s-petrem-bystronem\/","title":{"rendered":"EU blokuje m\u00edr \u2013 na cest\u011b k tot\u00e1ln\u00edmu dohledu: rozhovor s Petrem Bystron\u011bm"},"content":{"rendered":"<div id=\"fb-root\"><\/div>\n<p><strong><span dir=\"auto\">Evropan\u00e9 doufaj\u00ed v m\u00edr, ale EU chce v\u00e1lku. V rozhovoru s Florianem Machlem vznesl europoslanec za AfD Petr Bystro\u0148 v\u00e1\u017en\u00e1 obvin\u011bn\u00ed proti elit\u00e1m EU, kter\u00e9 podle n\u011bj \u00famysln\u011b sabotuj\u00ed diplomatick\u00e9 \u0159e\u0161en\u00ed v\u00e1lky na Ukrajin\u011b. Tvrd\u00ed, \u017ee vl\u00e1dy jednaj\u00ed proti v\u016fli lidu v z\u00e1jmu vojensko-pr\u016fmyslov\u00e9ho komplexu. Varuje tak\u00e9 p\u0159ed druh\u00fdm velk\u00fdm projektem: tot\u00e1ln\u00edm sledov\u00e1n\u00edm v\u0161ech chytr\u00fdch telefon\u016f.<\/span><\/strong><\/p>\n<p><span dir=\"auto\">Evropa se nach\u00e1z\u00ed v kritick\u00e9m bod\u011b zlomu, uvedl hned na za\u010d\u00e1tku rozhovoru europoslanec Petr Bystro\u0148. V\u011bt\u0161ina obyvatel N\u011bmecka a dal\u0161\u00edch \u010dlensk\u00fdch st\u00e1t\u016f EU si p\u0159eje ukon\u010den\u00ed konfliktu, ale politi\u010dt\u00ed \u010dinitel\u00e9 tuto touhu ignoruj\u00ed. Je p\u0159esv\u011bd\u010den, \u017ee s\u00edly napojen\u00e9 na NATO a vlivn\u00e9 zbrojn\u00ed lobby systematicky br\u00e1n\u00ed ukon\u010den\u00ed v\u00e1lky. Vl\u00e1dy, jejich\u017e podpora doma kles\u00e1, zneu\u017e\u00edvaj\u00ed konflikt jako prost\u0159edek k dom\u00e1c\u00edmu politick\u00e9mu p\u0159e\u017eit\u00ed. Tento postup je v rozporu se v\u0161emi demokratick\u00fdmi principy, proto\u017ee lid\u00e9 necht\u011bli ani masivn\u00ed dod\u00e1vky zbran\u00ed, ani miliardy eur na vojensk\u00e9 financov\u00e1n\u00ed pro Ukrajinu.<\/span><\/p>\n<div><iframe loading=\"lazy\" title=\"P\u0159ehr\u00e1va\u010d videa na YouTube\" src=\"https:\/\/www.youtube.com\/embed\/YJge9RsOtuM?si=m9NH3Kzj7NGYkQwc\" width=\"560\" height=\"315\" frameborder=\"0\" allowfullscreen=\"allowfullscreen\" data-mce-fragment=\"1\"><\/iframe><\/div>\n<p><span dir=\"auto\">Podle Bystrona Evropsk\u00e1 unie u\u017e v geopolitick\u00e9 rovnov\u00e1ze t\u00e9m\u011b\u0159 nehraje \u017e\u00e1dnou roli. Zat\u00edmco Washington a Moskva vedou kl\u00ed\u010dov\u00e1 jedn\u00e1n\u00ed, EU z\u016fst\u00e1v\u00e1 stranou a pouze vytv\u00e1\u0159\u00ed iluzi politick\u00e9 relevance. Z\u00e1rove\u0148 prodlu\u017euje v\u00e1lku financov\u00e1n\u00edm zbran\u00ed z pen\u011bz da\u0148ov\u00fdch poplatn\u00edk\u016f a dal\u0161\u00edm roz\u0161i\u0159ov\u00e1n\u00edm vojensk\u00fdch struktur. Bystron pova\u017euje narativ o obran\u011b demokratick\u00fdch hodnot na Ukrajin\u011b za sm\u011b\u0161n\u00fd. Poukazuje na z\u00e1kazy opozi\u010dn\u00edch stran a m\u00e9di\u00ed ji\u017e p\u0159ed v\u00e1lkou \u2013 a tak\u00e9 na nov\u00e9 korup\u010dn\u00ed skand\u00e1ly v Kyjev\u011b. Ve skute\u010dnosti, tvrd\u00ed, jde o sf\u00e9ry vlivu NATO a dlouhodob\u00e9 budov\u00e1n\u00ed obrazu nep\u0159\u00edtele Ruska, aby se ospravedlnilo znovuvyzbrojov\u00e1n\u00ed evropsk\u00fdch ozbrojen\u00fdch sil.<\/span><\/p>\n<h3 id=\"h-eu-diplomatie-ohne-gewicht\" class=\"wp-block-heading\"><span dir=\"auto\">Diplomacie EU bez v\u00e1hy<\/span><\/h3>\n<p><span dir=\"auto\">Bystron uv\u00e1d\u00ed mezin\u00e1rodn\u00ed neefektivitu komisa\u0159ky EU pro vn\u011bj\u0161\u00ed vztahy Kaji Kallasov\u00e9 jako symbol klesaj\u00edc\u00edho vlivu EU. Tvrd\u00ed, \u017ee nen\u00ed seri\u00f3zn\u00ed partnerkou pro ostatn\u00ed l\u00eddry, a\u0165 u\u017e profesion\u00e1ln\u011b nebo politicky. Nav\u00edc p\u0159edstavuje instituci s malou glob\u00e1ln\u00ed v\u00e1hou. Tato kombinace, uzav\u00edr\u00e1, vede k tomu, \u017ee diplomatick\u00e9 iniciativy selh\u00e1vaj\u00ed a Evropa je v sout\u011b\u017ei mezi velmocemi odsunuta na okraj.<\/span><\/p>\n<h3 id=\"h-die-totalitare-chatkontrolle-droht\" class=\"wp-block-heading\"><span dir=\"auto\">Hroz\u00ed totalitn\u00ed \u201ekontrola chatu\u201c<\/span><\/h3>\n<p><span dir=\"auto\">Bystron pova\u017euje obnoven\u00fd tlak na monitorov\u00e1n\u00ed chatu v r\u00e1mci EU za obzvl\u00e1\u0161t\u011b alarmuj\u00edc\u00ed. A\u010dkoli Evropsk\u00fd parlament pl\u00e1ny zam\u00edtl teprve p\u0159ed n\u011bkolika t\u00fddny, n\u00e1vrh byl v z\u00e1kulis\u00ed protla\u010den. P\u0159ed\u00e1n\u00ed z\u00e1le\u017eitosti Rad\u011b ministr\u016f je politick\u00fd man\u00e9vr, jeho\u017e c\u00edlem je obej\u00edt odpor. Ofici\u00e1ln\u011b se implementace nyn\u00ed prezentuje jako dobrovoln\u00e1, ale v praxi bude tento dobrovoln\u00fd aspekt podkop\u00e1n drakonick\u00fdmi sankcemi. Velk\u00e9 korporace, kter\u00e9 se ob\u00e1vaj\u00ed sankc\u00ed, budou pln\u011b spolupracovat a monitorov\u00e1n\u00ed zavedou bez kompromis\u016f.<\/span><\/p>\n<p><span dir=\"auto\">Bystron to popisuje jako bezprecedentn\u00ed naru\u0161en\u00ed soukrom\u00ed. Pl\u00e1nem nen\u00ed analyzovat \u0161ifrovanou komunikaci mezi u\u017eivateli, ale skenovat ka\u017ed\u00e9 za\u0159\u00edzen\u00ed samostatn\u011b. Texty a obr\u00e1zky by byly skenov\u00e1ny p\u0159\u00edmo v telefonu p\u0159ed jejich odesl\u00e1n\u00edm nebo dokonce ulo\u017een\u00edm. Pro n\u011bj to p\u0159edstavuje digit\u00e1ln\u00ed stav nouze, kter\u00fd by postihl v\u0161ech 400 milion\u016f ob\u010dan\u016f EU. Vyz\u00fdv\u00e1 k masivn\u00edmu ve\u0159ejn\u00e9mu tlaku, aby se zabr\u00e1nilo op\u011btovn\u00e9mu schv\u00e1len\u00ed tohoto opat\u0159en\u00ed v parlamentu, zejm\u00e9na s ohledem na strany jako CDU a CSU, kter\u00e9 v minulosti \u010dasto hlasovaly pro levicov\u00e9 frakce.<\/span><\/p>\n<h3 id=\"h-einschrankung-sozialer-medien-fur-jugendliche\" class=\"wp-block-heading\"><span dir=\"auto\">Omezen\u00ed soci\u00e1ln\u00edch m\u00e9di\u00ed pro mlad\u00e9 lidi<\/span><\/h3>\n<p><span dir=\"auto\">Krom\u011b monitorov\u00e1n\u00ed chat\u016f Bystron pozoruje snahy o z\u00e1kaz pou\u017e\u00edv\u00e1n\u00ed soci\u00e1ln\u00edch m\u00e9di\u00ed osobami mlad\u0161\u00edmi 16 let. Politick\u00fd spou\u0161t\u011b\u010d vid\u00ed v rostouc\u00ed podpo\u0159e pravicov\u00fdch stran mezi mlad\u00fdmi lidmi, co\u017e p\u0159edstavuje ne\u010dekan\u00fd probl\u00e9m pro strat\u00e9gy, kte\u0159\u00ed stoj\u00ed za sn\u00ed\u017een\u00edm volebn\u00edho v\u011bku v n\u011bkolika \u010dlensk\u00fdch st\u00e1tech. Takov\u00fd z\u00e1kaz nen\u00ed vylou\u010den a ji\u017e se o n\u011bm v\u00e1\u017en\u011b diskutuje.<\/span><\/p>\n<p><span dir=\"auto\">Na ot\u00e1zku ohledn\u011b odm\u00edtnut\u00ed zve\u0159ejnit textov\u00e9 zpr\u00e1vy Ursuly von der Leyen, kter\u00e9 vedlo k uzav\u0159en\u00ed kontrakt\u016f na vakc\u00edny v hodnot\u011b mnoha miliard eur, Bystron reagoval otev\u0159enou kritikou. Pova\u017euje za do o\u010d\u00ed bij\u00edc\u00ed rozpor, \u017ee p\u0159edsedkyn\u011b Komise po\u017eaduje od ob\u010dan\u016f naprostou transparentnost, zat\u00edmco z\u00e1rove\u0148 taj\u00ed svou vlastn\u00ed komunikaci. Argumentuje, \u017ee vy\u0161et\u0159ovac\u00ed org\u00e1ny a soudnictv\u00ed jednaj\u00ed s politick\u00fdmi \u00favahami, a t\u00edm ma\u0159\u00ed vy\u0161et\u0159ov\u00e1n\u00ed. Toto nerovn\u00e9 zach\u00e1zen\u00ed podle n\u011bj ukazuje, jak vzd\u00e1len\u00e9 jsou struktury EU z\u00e1jm\u016fm obyvatelstva.<\/span><\/p>\n<p><a href=\"https:\/\/report24.news\/eu-blockiert-frieden-am-weg-in-die-totale-ueberwachung-petr-bystron-im-interview\/\">Report24<\/a><\/p>\n<p>&nbsp;<\/p>\n","protected":false},"excerpt":{"rendered":"<p>Evropan\u00e9 doufaj\u00ed v m\u00edr, ale EU chce v\u00e1lku. V rozhovoru s Florianem Machlem vznesl europoslanec&#8230;<\/p>\n","protected":false},"author":2,"featured_media":93861,"comment_status":"closed","ping_status":"closed","sticky":false,"template":"","format":"standard","meta":[],"categories":[7],"tags":[4384,41,1052,40],"_links":{"self":[{"href":"https:\/\/www.infokuryr.cz\/n\/wp-json\/wp\/v2\/posts\/93860"}],"collection":[{"href":"https:\/\/www.infokuryr.cz\/n\/wp-json\/wp\/v2\/posts"}],"about":[{"href":"https:\/\/www.infokuryr.cz\/n\/wp-json\/wp\/v2\/types\/post"}],"author":[{"embeddable":true,"href":"https:\/\/www.infokuryr.cz\/n\/wp-json\/wp\/v2\/users\/2"}],"replies":[{"embeddable":true,"href":"https:\/\/www.infokuryr.cz\/n\/wp-json\/wp\/v2\/comments?post=93860"}],"version-history":[{"count":0,"href":"https:\/\/www.infokuryr.cz\/n\/wp-json\/wp\/v2\/posts\/93860\/revisions"}],"wp:featuredmedia":[{"embeddable":true,"href":"https:\/\/www.infokuryr.cz\/n\/wp-json\/wp\/v2\/media\/93861"}],"wp:attachment":[{"href":"https:\/\/www.infokuryr.cz\/n\/wp-json\/wp\/v2\/media?parent=93860"}],"wp:term":[{"taxonomy":"category","embeddable":true,"href":"https:\/\/www.infokuryr.cz\/n\/wp-json\/wp\/v2\/categories?post=93860"},{"taxonomy":"post_tag","embeddable":true,"href":"https:\/\/www.infokuryr.cz\/n\/wp-json\/wp\/v2\/tags?post=93860"}],"curies":[{"name":"wp","href":"https:\/\/api.w.org\/{rel}","templated":true}]}}