{"id":93858,"date":"2025-12-05T00:19:12","date_gmt":"2025-12-04T23:19:12","guid":{"rendered":"https:\/\/www.infokuryr.cz\/n\/?p=93858"},"modified":"2025-12-04T08:46:39","modified_gmt":"2025-12-04T07:46:39","slug":"von-der-leyenove-fantomove-drony-kontinent-v-kolektivni-hysterii","status":"publish","type":"post","link":"https:\/\/www.infokuryr.cz\/n\/2025\/12\/05\/von-der-leyenove-fantomove-drony-kontinent-v-kolektivni-hysterii\/","title":{"rendered":"Von der Leyenov\u00e9 fantomov\u00e9 drony: Kontinent v kolektivn\u00ed hysterii"},"content":{"rendered":"<div id=\"fb-root\"><\/div>\n<p><strong><span dir=\"auto\">Nizozemsk\u00e9 noviny vy\u0161et\u0159ovaly 60 incident\u016f s drony v evropsk\u00e9m vzdu\u0161n\u00e9m prostoru. V\u00fdsledek: velk\u00e1 panika, ale \u017e\u00e1dn\u00e9 rusk\u00e9 letadlo. Naopak, vrtuln\u00edky, letadla a dokonce i hv\u011bzdy byly zam\u011bn\u011bny za drony. Pouze v pohrani\u010dn\u00ed oblasti s Ukrajinou do\u0161lo k n\u011bkolika pravd\u011bpodobn\u00fdm incident\u016fm.<\/span><\/strong><\/p>\n<p><span dir=\"auto\">Evropa m\u00e1 novou obl\u00edbenou p\u0159\u00ed\u0161eru a ta se \u00fadajn\u011b vzn\u00e1\u0161\u00ed na obloze: \u201erusk\u00fd dron\u201c. Objevuje se v\u017edy, kdy\u017e n\u011bjak\u00fd ministr zoufale hled\u00e1 d\u016fvody k pos\u00edlen\u00ed vlastn\u00edho bezpe\u010dnostn\u00edho apar\u00e1tu, nebo kdy\u017e Ursula von der Leyenov\u00e1 chce zah\u00e1jit dal\u0161\u00ed velkou ofenzivu EU proti imagin\u00e1rn\u00edm rusk\u00fdm hrozb\u00e1m. Princip je star\u00fd jako politika sama: nem\u00e1te nep\u0159\u00edtele, vymyslete si ho. A nic se k tomu nehod\u00ed l\u00e9pe ne\u017e objekt, kter\u00fd nedok\u00e1\u017eete ani uchopit, ani spr\u00e1vn\u011b identifikovat.<\/span><\/p>\n<p><span dir=\"auto\">Nizozemsk\u00e9 noviny Trouw, mal\u00e9 noviny s odpov\u00eddaj\u00edc\u00ed velkou odvahou k objektivit\u011b,\u00a0<\/span><a href=\"https:\/\/archive.is\/Qrqt8\"><span dir=\"auto\">si daly tu pr\u00e1ci<\/span><\/a><span dir=\"auto\">\u00a0, aby tuto trapnou vlnu paniky prozkoumaly podrobn\u011bji. \u0160edes\u00e1t \u00fadajn\u00fdch incident\u016f s drony po cel\u00e9 Evrop\u011b, cel\u00fd kontinent ve stavu vysok\u00e9 pohotovosti. A pro\u010d? Pro gigantickou sb\u00edrku nedorozum\u011bn\u00ed, dezinterpretac\u00ed a \u010dist\u00e9 fantazie. \u201eSpousta paniky a \u017e\u00e1dn\u00e9 d\u016fkazy,\u201c p\u00ed\u0161e Trouw. Diplomatick\u00fd zp\u016fsob, jak to \u0159\u00edct: Evropa zpanika\u0159ila.<\/span><\/p>\n<p><span dir=\"auto\">Vezm\u011bte si nap\u0159\u00edklad Zaventem: Leti\u0161t\u011b bylo dvakr\u00e1t uzav\u0159eno, novin\u00e1\u0159i se sh\u00e1n\u011bli po \u201eexkluzivn\u00edch vide\u00edch z dron\u016f\u201c a experti mluvili o \u201ehybridn\u00edch \u00fatoc\u00edch\u201c. A pak se uk\u00e1zalo, \u017ee \u00fadajn\u00fd rusk\u00fd technologicky vysp\u011bl\u00fd vrtuln\u00edk byl \u2013 ano, v\u011b\u0159te nebo ne \u2013 policejn\u00ed vrtuln\u00edk. Kdo v\u00ed, mo\u017en\u00e1 bychom si to uv\u011bdomili, kdybychom v d\u016fsledku rusk\u00e9 paranoie neztratili schopnost vid\u011bt v\u011bci.<\/span><\/p>\n<p><span dir=\"auto\">Fra\u0161ka ale pokra\u010duje. V Belgii byly spat\u0159eny dal\u0161\u00ed dva \u201edrony\u201c, kter\u00e9 se pozd\u011bji uk\u00e1zaly b\u00fdt tak\u00e9 vrtuln\u00edky. A pot\u0159et\u00ed: n\u00e1kladn\u00ed letadlo DHL. Samoz\u0159ejm\u011b \u2013 kdo by si n\u011bco takov\u00e9ho okam\u017eit\u011b nespletl s rusk\u00fdm dronem? Je skute\u010dn\u011b dojemn\u00e9, jak snadno z\u00e1padn\u00ed ve\u0159ejnost interpretuje ka\u017ed\u00e9 blikaj\u00edc\u00ed sv\u011btlo jako Putinovu dlouhou ruku natahuj\u00edc\u00ed se nad evropsk\u00fd vzdu\u0161n\u00fd prostor. Hv\u011bzdy byly zam\u011b\u0148ov\u00e1ny za drony. Lod\u011b byly zam\u011b\u0148ov\u00e1ny za drony. Brzy si pravd\u011bpodobn\u011b zam\u011bn\u00edme i M\u011bs\u00edc.<\/span><\/p>\n<p><span dir=\"auto\">Z 60 vy\u0161et\u0159ovan\u00fdch p\u0159\u00edpad\u016f bylo 40 jen pr\u00e1zdn\u00fdch fr\u00e1z\u00ed \u2013 pozorov\u00e1n\u00ed bez jak\u00fdchkoli d\u016fkaz\u016f, bez videa, bez radaru, zkr\u00e1tka bez \u010dehokoli. Z\u0159ejm\u011b sta\u010dilo, aby n\u011bkdo zak\u0159i\u010del: \u201eN\u011bco jsem vid\u011bl!\u201c \u2013 a st\u00e1tn\u00ed popla\u0161n\u00fd syst\u00e9m se spustil na pln\u00e9 obr\u00e1tky. To nen\u00ed bezpe\u010dnostn\u00ed politika, je to kolektivn\u00ed masov\u00e1 halucinace. V dal\u0161\u00edch 14 p\u0159\u00edpadech se skute\u010dn\u011b n\u011bjak\u00fd objekt nach\u00e1zel \u2013 ale nikdy ne dron. Letadla, vrtuln\u00edky, hv\u011bzdy, lod\u011b. EU si ani nedok\u00e1\u017ee uv\u011bdomit, co je z\u0159ejm\u00e9, a z\u00e1rove\u0148 k\u0159i\u010d\u00ed \u201ehybridn\u00ed \u00fatok\u201c, jako by Moskva nem\u011bla nic lep\u0161\u00edho na pr\u00e1ci, ne\u017e terorizovat evropsk\u00e1 provin\u010dn\u00ed leti\u0161t\u011b hra\u010dkami.<\/span><\/p>\n<p><span dir=\"auto\">A t\u011bch p\u00e1r dron\u016f, kter\u00e9 skute\u010dn\u011b byly rusk\u00e9ho p\u016fvodu? Byly nalezeny \u2013 p\u0159ekvapen\u00ed! \u2013 v hrani\u010dn\u00edch st\u00e1tech, kde drony z obou stran operovaly ji\u017e l\u00e9ta. Nikdo nev\u00ed, kdo je ovl\u00e1dal. Nikdo nev\u00ed, zda byly \u00famysln\u011b nav\u00e1d\u011bny do evropsk\u00e9ho vzdu\u0161n\u00e9ho prostoru, zda je tam jednodu\u0161e zanesl v\u00edtr, nebo zda je odklonil od zam\u00fd\u0161len\u00e9ho kurzu elektronick\u00fd boj. Nikdo nev\u00ed, zda Ukrajina n\u011bkde neum\u00edstila star\u0161\u00ed modely, aby Z\u00e1pad op\u011bt znerv\u00f3znila. Ale narativn\u00ed stroj b\u011b\u017e\u00ed jako hodinky: \u201ePutin to ud\u011blal!\u201c \u2013 d\u016fkazy nejsou povinn\u00e9.<\/span><\/p>\n<p><span dir=\"auto\">Pravda je v\u0161ak je\u0161t\u011b trapn\u011bj\u0161\u00ed: Evropa m\u00e1 jen velmi m\u00e1lo funk\u010dn\u00edch syst\u00e9m\u016f pro detekci dron\u016f. \u00da\u0159ady doslova t\u00e1paj\u00ed ve tm\u011b a spol\u00e9haj\u00ed se na o\u010dit\u00e9 sv\u011bdky, kte\u0159\u00ed zjevn\u011b nedok\u00e1\u017eou rozli\u0161it mezi hv\u011bzdami, vrtuln\u00edky, letadly a rusk\u00fdmi drony. V Belgii kone\u010dn\u011b nainstalovali po\u0159\u00e1dnou technologii \u2013 a po\u010det pozorov\u00e1n\u00ed najednou klesl na nulu. Nula!<\/span><\/p>\n<p><span dir=\"auto\">Ale m\u00edsto toho, aby se p\u0159iznalo, \u017ee cel\u00e1 ta hysterie kolem dron\u016f byla jen jedno trapn\u00e9 sebeodhalen\u00ed, miliardy se vhazuj\u00ed do zbra\u0148ov\u00fdch syst\u00e9m\u016f proti dron\u016fm, senzor\u016f, protiraketov\u00fdch kan\u00f3n\u016f a ru\u0161i\u010dek. Ursula von der Leyenov\u00e1 se zpot\u00ed, kdy\u017e na obloze uvid\u00ed blikaj\u00edc\u00ed b\u00edl\u00e9 sv\u011btlo, a n\u011bjak\u00fd ministr obrany by dokonce mohl zak\u0159i\u010det \u201e\u00datok!\u201c, ne\u017e by se pod\u00edval, jestli se nejedn\u00e1 jen o v\u00e1no\u010dn\u00ed sv\u011bt\u00fdlka ob\u010dana, kter\u00e9 si n\u011bkdo spletl s rusk\u00fdm bezpilotn\u00edm letounem.<\/span><\/p>\n<p><img decoding=\"async\" loading=\"lazy\" class=\"alignnone size-full wp-image-1185\" src=\"http:\/\/www.infokuryr.cz\/n\/wp-content\/uploads\/2021\/04\/kuryr-podpis.png\" alt=\"\" width=\"84\" height=\"24\" \/><\/p>\n<p>&nbsp;<\/p>\n","protected":false},"excerpt":{"rendered":"<p>Nizozemsk\u00e9 noviny vy\u0161et\u0159ovaly 60 incident\u016f s drony v evropsk\u00e9m vzdu\u0161n\u00e9m prostoru. V\u00fdsledek: velk\u00e1 panika, ale&#8230;<\/p>\n","protected":false},"author":2,"featured_media":93859,"comment_status":"closed","ping_status":"closed","sticky":false,"template":"","format":"standard","meta":[],"categories":[7],"tags":[2856,41,3606,3251],"_links":{"self":[{"href":"https:\/\/www.infokuryr.cz\/n\/wp-json\/wp\/v2\/posts\/93858"}],"collection":[{"href":"https:\/\/www.infokuryr.cz\/n\/wp-json\/wp\/v2\/posts"}],"about":[{"href":"https:\/\/www.infokuryr.cz\/n\/wp-json\/wp\/v2\/types\/post"}],"author":[{"embeddable":true,"href":"https:\/\/www.infokuryr.cz\/n\/wp-json\/wp\/v2\/users\/2"}],"replies":[{"embeddable":true,"href":"https:\/\/www.infokuryr.cz\/n\/wp-json\/wp\/v2\/comments?post=93858"}],"version-history":[{"count":0,"href":"https:\/\/www.infokuryr.cz\/n\/wp-json\/wp\/v2\/posts\/93858\/revisions"}],"wp:featuredmedia":[{"embeddable":true,"href":"https:\/\/www.infokuryr.cz\/n\/wp-json\/wp\/v2\/media\/93859"}],"wp:attachment":[{"href":"https:\/\/www.infokuryr.cz\/n\/wp-json\/wp\/v2\/media?parent=93858"}],"wp:term":[{"taxonomy":"category","embeddable":true,"href":"https:\/\/www.infokuryr.cz\/n\/wp-json\/wp\/v2\/categories?post=93858"},{"taxonomy":"post_tag","embeddable":true,"href":"https:\/\/www.infokuryr.cz\/n\/wp-json\/wp\/v2\/tags?post=93858"}],"curies":[{"name":"wp","href":"https:\/\/api.w.org\/{rel}","templated":true}]}}