{"id":93850,"date":"2025-12-05T00:12:19","date_gmt":"2025-12-04T23:12:19","guid":{"rendered":"https:\/\/www.infokuryr.cz\/n\/?p=93850"},"modified":"2025-12-04T09:08:09","modified_gmt":"2025-12-04T08:08:09","slug":"nato-zvazuje-preventivni-udery-proti-rusku-aby-se-ubranilo-pred-necim-co-se-nestalo","status":"publish","type":"post","link":"https:\/\/www.infokuryr.cz\/n\/2025\/12\/05\/nato-zvazuje-preventivni-udery-proti-rusku-aby-se-ubranilo-pred-necim-co-se-nestalo\/","title":{"rendered":"NATO zva\u017euje \u201epreventivn\u00ed \u00fadery\u201c proti Rusku, aby se \u201eubr\u00e1nilo\u201c p\u0159ed n\u011b\u010d\u00edm, co se nestalo"},"content":{"rendered":"<div id=\"fb-root\"><\/div>\n<div class=\"elementor-element elementor-element-1fb4c2c elementor-widget elementor-widget-theme-post-content\" data-id=\"1fb4c2c\" data-element_type=\"widget\" data-widget_type=\"theme-post-content.default\">\n<div class=\"elementor-widget-container\">\n<p><span dir=\"auto\">Jak se st\u00e1v\u00e1 z\u0159ejm\u00fdm, \u017ee Ukrajina prohr\u00e1v\u00e1 z\u00e1stupnou v\u00e1lku proti Rusku, my\u0161lenky, kter\u00fdmi se zab\u00fdvaj\u00ed evropsk\u00e9 vl\u00e1dy, jsou st\u00e1le bizarn\u011bj\u0161\u00ed.<\/span><\/p>\n<p><span dir=\"auto\">N\u011bkte\u0159\u00ed nyn\u00ed cht\u011bj\u00ed za\u00fato\u010dit na Rusko \u201epreventivn\u011b\u201c \u2013 jako \u201eodvetu\u201c za \u00fadajn\u00e9 \u201ehybridn\u00ed \u00fatoky\u201c na evropsk\u00e9 zem\u011b. Tyto \u201ehybridn\u00ed \u00fatoky\u201c jsou z velk\u00e9 \u010d\u00e1sti \u010dirou fantazi\u00ed.<\/span><\/p>\n<p><span dir=\"auto\">Politico bylo prvn\u00edm m\u00e9diem, kter\u00e9 o tomto nesmyslu informovalo:<\/span><\/p>\n<p><strong><span dir=\"auto\">Evropa zva\u017euje nemysliteln\u00e9: odvetu proti Rusku \u2013 Politico, 27. listopadu 2025.<br \/>\n<\/span><\/strong><br \/>\n<span dir=\"auto\">Zem\u011b zva\u017euj\u00ed spole\u010dn\u00e9 \u00fato\u010dn\u00e9 kybernetick\u00e9 operace a p\u0159ekvapiv\u00e1 vojensk\u00e1 cvi\u010den\u00ed, zat\u00edmco Moskva zintenziv\u0148uje svou kampa\u0148 na destabilizaci spojenc\u016f NATO.<\/span><\/p>\n<p><em><span dir=\"auto\">Rusk\u00e9 drony a agenti podnikaj\u00ed \u00fatoky v zem\u00edch NATO a Evropa nyn\u00ed d\u011bl\u00e1 n\u011bco, co by bylo je\u0161t\u011b p\u0159ed p\u00e1r lety nep\u0159edstaviteln\u00e9: pl\u00e1nuje, jak se br\u00e1nit.<\/span><\/em><\/p>\n<p><em><span dir=\"auto\">Podle dvou vysok\u00fdch evropsk\u00fdch vl\u00e1dn\u00edch \u00fa\u0159edn\u00edk\u016f a t\u0159\u00ed diplomat\u016f EU se tyto my\u0161lenky pohybuj\u00ed od spole\u010dn\u00fdch \u00fato\u010dn\u00fdch kybernetick\u00fdch operac\u00ed proti Rusku, p\u0159es rychlej\u0161\u00ed a koordinovan\u011bj\u0161\u00ed svalov\u00e1n\u00ed viny na hybridn\u00ed \u00fatoky rychl\u00fdm uk\u00e1z\u00e1n\u00edm prstem na Moskvu, a\u017e po p\u0159ekvapiv\u00e1 vojensk\u00e1 cvi\u010den\u00ed pod veden\u00edm NATO.<\/span><\/em><\/p>\n<p><em><span dir=\"auto\">\u201eRusov\u00e9 neust\u00e1le testuj\u00ed sv\u00e9 limity \u2013 jak\u00e1 bude reakce, jak daleko m\u016f\u017eeme zaj\u00edt?\u201c poznamenala v rozhovoru loty\u0161sk\u00e1 ministryn\u011b zahrani\u010d\u00ed Baiba Bra\u017ee. Je zapot\u0159eb\u00ed \u201eproaktivn\u011bj\u0161\u00ed reakce\u201c, \u0159ekla den\u00edku Politico. \u201eA \u0159e\u010di sign\u00e1l nevys\u00edlaj\u00ed \u2013 \u010diny ano.\u201c<\/span><\/em><\/p>\n<p><strong><span dir=\"auto\">Co jsou to \u00fadajn\u00e9 \u201ehybridn\u00ed \u00fatoky\u201c?<\/span><\/strong><\/p>\n<p><em><span dir=\"auto\">Rusk\u00e9 drony \u00fadajn\u011b v posledn\u00edch t\u00fddnech a m\u011bs\u00edc\u00edch p\u0159el\u00e9t\u00e1valy nad Polskem a Rumunskem, zat\u00edmco z\u00e1hadn\u00e9 drony zp\u016fsobily chaos na leti\u0161t\u00edch a vojensk\u00fdch z\u00e1kladn\u00e1ch po cel\u00e9m kontinentu. Mezi dal\u0161\u00ed incidenty pat\u0159\u00ed ru\u0161en\u00ed GPS, naru\u0161en\u00ed vzdu\u0161n\u00e9ho prostoru st\u00edhac\u00edmi letouny a n\u00e1mo\u0159n\u00edmi plavidly a v\u00fdbuch na kl\u00ed\u010dov\u00e9 polsk\u00e9 \u017eelezni\u010dn\u00ed trati pou\u017e\u00edvan\u00e9 k p\u0159eprav\u011b vojensk\u00e9 pomoci na Ukrajinu.<\/span><\/em><\/p>\n<p><span dir=\"auto\">My\u0161lenka \u201epreventivn\u00edho\u201c \u00fatoku na Rusko vznikla v italsk\u00e9m obrann\u00e9m dokumentu:<\/span><\/p>\n<p><em><span dir=\"auto\">Italsk\u00fd ministr obrany Guido Crosetto minul\u00fd t\u00fdden kritizoval \u201esetrva\u010dnost\u201c kontinentu tv\u00e1\u0159\u00ed v tv\u00e1\u0159 rostouc\u00edm hybridn\u00edm \u00fatok\u016fm a p\u0159edstavil 125str\u00e1nkov\u00fd pl\u00e1n odvety. V n\u011bm navrhl z\u0159\u00edzen\u00ed Evropsk\u00e9ho centra pro boj s hybridn\u00ed v\u00e1lkou, kybernetick\u00fdch sil o s\u00edle 1500 mu\u017e\u016f a vojensk\u00fdch sil specializuj\u00edc\u00edch se na um\u011blou inteligenci.<\/span><\/em><\/p>\n<p><span dir=\"auto\">Zd\u00e1 se mi, \u017ee se n\u011bkdo sna\u017e\u00ed zajistit dodate\u010dn\u00e9 financov\u00e1n\u00ed NATO. O t\u0159i dny pozd\u011bji italsk\u00fd gener\u00e1l NATO tuto my\u0161lenku d\u00e1le prosadil:<\/span><\/p>\n<p><strong><span dir=\"auto\">NATO zva\u017euje \u201eagresivn\u011bj\u0161\u00ed\u201c p\u0159\u00edstup k rusk\u00e9 hybridn\u00ed v\u00e1lce (archivov\u00e1no) \u2013 Financial Times, 30. listopadu 2025.<br \/>\n<\/span><\/strong><br \/>\n<span dir=\"auto\">Nejvy\u0161\u0161\u00ed vojensk\u00fd p\u0159edstavitel aliance \u0159\u00edk\u00e1, \u017ee by mohla na hrozbu ze strany Moskvy reagovat proaktivn\u011bji.<\/span><\/p>\n<p><em><span dir=\"auto\">NATO zva\u017euje \u201eagresivn\u011bj\u0161\u00ed\u201c reakci na rusk\u00e9 kybernetick\u00e9 \u00fatoky, sabot\u00e1\u017ee a naru\u0161en\u00ed vzdu\u0161n\u00e9ho prostoru, uvedl nejvy\u0161\u0161\u00ed vojensk\u00fd p\u0159edstavitel z\u00e1padn\u00ed aliance.<\/span><\/em><\/p>\n<p><em><span dir=\"auto\">Admir\u00e1l Giuseppe Cavo Dragone listu Financial Times \u0159ekl, \u017ee z\u00e1padn\u00ed vojensk\u00e1 aliance zva\u017euje siln\u011bj\u0161\u00ed reakci na hybridn\u00ed v\u00e1lku ze strany Moskvy.<\/span><\/em><br \/>\n<span dir=\"auto\">\u2026<\/span><br \/>\n<em><span dir=\"auto\">N\u011bkte\u0159\u00ed diplomat\u00e9, zejm\u00e9na z v\u00fdchodoevropsk\u00fdch st\u00e1t\u016f, nal\u00e9hav\u011b \u017e\u00e1daj\u00ed NATO, aby p\u0159estalo pouze reagovat a za\u010dalo \u00fato\u010dit. To by bylo nejjednodu\u0161\u0161\u00ed v p\u0159\u00edpad\u011b kybernetick\u00fdch \u00fatok\u016f, proto\u017ee mnoho zem\u00ed m\u00e1 \u00fato\u010dn\u00e9 schopnosti, ale m\u00e9n\u011b v p\u0159\u00edpad\u011b sabot\u00e1\u017ee nebo \u00fatok\u016f dron\u016f.<\/span><\/em><br \/>\n<span dir=\"auto\">\u2026<\/span><br \/>\n<em><span dir=\"auto\">Dragone uvedl, \u017ee \u201epreventivn\u00ed \u00fader\u201c by mohl b\u00fdt pova\u017eov\u00e1n za \u201eobrann\u00e9 opat\u0159en\u00ed\u201c, ale dodal: \u201eJe to d\u00e1le od na\u0161eho b\u011b\u017en\u00e9ho zp\u016fsobu my\u0161len\u00ed a na\u0161eho obvykl\u00e9ho chov\u00e1n\u00ed.\u201c<\/span><\/em><\/p>\n<p><em><span dir=\"auto\">Dodal: \u201eB\u00fdt agresivn\u011bj\u0161\u00ed ne\u017e agrese druh\u00e9 osoby by mohla b\u00fdt mo\u017enost\u00ed. [Ot\u00e1zky jsou] pr\u00e1vn\u00ed r\u00e1mec, jurisdikce, kdo to ud\u011bl\u00e1?\u201c<\/span><\/em><\/p>\n<p><span dir=\"auto\">Admir\u00e1l Dragone pou\u017e\u00edv\u00e1 orwellovsk\u00fd jazyk, kdy\u017e zjevn\u011b lobbuje za 1 500 pozic financovan\u00fdch NATO ve sv\u00e9 domovsk\u00e9 zemi.<\/span><\/p>\n<p><strong><span dir=\"auto\">Jedn\u00edm z probl\u00e9m\u016f je, \u017ee neexistuj\u00ed t\u00e9m\u011b\u0159 \u017e\u00e1dn\u00e9 d\u016fkazy o jak\u00fdchkoli \u201ehybridn\u00edch \u00fatoc\u00edch\u201c.<\/span><\/strong><\/p>\n<p><span dir=\"auto\">Ursula von der Leyenov\u00e1 byla evidentn\u011b p\u0159isti\u017eena p\u0159i l\u017ei, kdy\u017e jej\u00ed t\u00fdm tvrdil, \u017ee \u00fadajn\u00e9 rusk\u00e9 ru\u0161en\u00ed GPS zpozdilo let, kter\u00fdm let\u011bla.<\/span><\/p>\n<p><span dir=\"auto\">\u00dadajn\u00e9 naru\u0161en\u00ed estonsk\u00e9ho vzdu\u0161n\u00e9ho prostoru rusk\u00fdmi letadly se uk\u00e1zalo jako ne\u0161kodn\u00fd p\u0159elet pobl\u00ed\u017e neobydlen\u00e9ho ostrova daleko od pob\u0159e\u017e\u00ed.<\/span><\/p>\n<p><span dir=\"auto\">Nizozemsk\u00fd \u010dasopis\u00a0<\/span><em><span dir=\"auto\">Trouw<\/span><\/em><span dir=\"auto\">\u00a0zjistil, \u017ee velk\u00fd po\u010det ned\u00e1vn\u00fdch panik zp\u016fsoben\u00fdch drony nem\u00e1 s Ruskem mnoho spole\u010dn\u00e9ho.<\/span><\/p>\n<p><strong><span dir=\"auto\">Anal\u00fdza 60 incident\u016f s drony v Evrop\u011b: Mnoho paniky a m\u00e1lo d\u016fkaz\u016f (archiv) \u2013 Trouw.nl<\/span><\/strong><\/p>\n<p><span dir=\"auto\">Strojov\u00fd p\u0159eklad:<\/span><\/p>\n<p><em><span dir=\"auto\">Trouw pomoc\u00ed platformy Dronewatch zmapoval p\u0159ibli\u017en\u011b \u0161edes\u00e1t incident\u016f s drony v jeden\u00e1cti evropsk\u00fdch zem\u00edch. K nim do\u0161lo b\u011bhem posledn\u00edch t\u0159\u00ed m\u011bs\u00edc\u016f. Z\u00e1v\u011br: mnoho zmatku a nejistoty, stejn\u011b jako \u010dast\u00e9 fale\u0161n\u00e9 poplachy. Ve velk\u00e9 v\u011bt\u0161in\u011b p\u0159\u00edpad\u016f nebyly nalezeny \u017e\u00e1dn\u00e9 p\u00e1dn\u00e9 d\u016fkazy, kter\u00e9 by podporovaly tvrzen\u00ed n\u011bkter\u00fdch \u00fa\u0159ad\u016f a odborn\u00edk\u016f o zapojen\u00ed Ruska.<\/span><\/em><\/p>\n<p><em><span dir=\"auto\">U p\u0159ibli\u017en\u011b \u010dty\u0159iceti incident\u016f z\u016fst\u00e1v\u00e1 p\u016fvod nejasn\u00fd, nebo nebylo nalezeno \u017e\u00e1dn\u00e9 potvrzen\u00ed p\u0159\u00edtomnosti dron\u016f ve vzdu\u0161n\u00e9m prostoru. Jedn\u00edm z p\u0159\u00edklad\u016f je Oslo, kde hl\u00e1\u0161en\u00ed o dronech na konci z\u00e1\u0159\u00ed paralyzovala leteck\u00fd provoz a postihla tis\u00edce cestuj\u00edc\u00edch. Policie pozd\u011bji nena\u0161la \u017e\u00e1dn\u00e9 d\u016fkazy o tom, \u017ee by drony skute\u010dn\u011b l\u00e9taly. Tot\u00e9\u017e platilo pro hl\u00e1\u0161en\u00ed na leti\u0161ti v G\u00f6teborgu ve \u0160v\u00e9dsku na za\u010d\u00e1tku listopadu.<\/span><\/em><\/p>\n<p><em><span dir=\"auto\">V nejm\u00e9n\u011b \u010dtrn\u00e1cti p\u0159\u00edpadech se pozd\u011bji uk\u00e1zalo, \u017ee se jednalo o n\u011bco \u00fapln\u011b jin\u00e9ho. Nap\u0159\u00edklad lid\u00e9 v Belgii si spletli (mal\u00e1) letadla a vrtuln\u00edky s drony, zat\u00edmco l\u00e9taj\u00edc\u00ed objekty v ji\u017en\u00edm Limburgu a d\u00e1nsk\u00e9m Billundu byly hv\u011bzdy. Norsk\u00e1 policie dosp\u011bla k z\u00e1v\u011bru, \u017ee podez\u0159el\u00fd \u201edron\u201c pobl\u00ed\u017e ropn\u00e9 plo\u0161iny v Severn\u00edm mo\u0159i byl pravd\u011bpodobn\u011b lo\u010f.<\/span><\/em><\/p>\n<p><em><span dir=\"auto\">Opakovan\u011b se zjistilo, \u017ee lety dron\u016f prov\u00e1d\u011bli hobbyist\u00e9 nebo \u017ee drony byly pozd\u011bji identifikov\u00e1ny jako pat\u0159\u00edc\u00ed turist\u016fm. P\u0159i jednom incidentu ve Var\u0161av\u011b, kde dron p\u0159elet\u011bl nad vl\u00e1dn\u00edmi budovami, polsk\u00e1 policie zatkla Ukrajince a sedmn\u00e1ctiletou d\u00edvku z B\u011bloruska. Neexistuj\u00ed \u017e\u00e1dn\u00e9 d\u016fkazy o \u0161pion\u00e1\u017ei.<\/span><\/em><\/p>\n<p><span dir=\"auto\">Tento obr\u00e1zek zve\u0159ejnila m\u00e9dia, \u00fadajn\u011b jako po\u0161kozen\u00ed zp\u016fsoben\u00e9 \u00fadajn\u00fdm \u00fatokem na polskou \u017eelezni\u010dn\u00ed tra\u0165.<\/span><\/p>\n<figure class=\"wp-block-image aligncenter size-large\"><img decoding=\"async\" loading=\"lazy\" class=\"aligncenter\" src=\"https:\/\/lrc-cdn.s3.amazonaws.com\/assets\/2025\/12\/Screenshot-2025-12-02-194953.png\" alt=\"\" width=\"582\" height=\"390\" \/><\/figure>\n<p><span dir=\"auto\">Podle polsk\u00fdch m\u00e9di\u00ed Super Express nahl\u00e1sil strojvedouc\u00ed vlaku pobl\u00ed\u017e stanice Miko\u0142aj\u00f3wka (Mika) v 7:39 nesrovnalosti v tra\u0165ov\u00e9 infrastruktu\u0159e.<\/span><\/p>\n<p><span dir=\"auto\">Po\u010d\u00e1te\u010dn\u00ed vy\u0161et\u0159ov\u00e1n\u00ed odhalilo, \u017ee byl po\u0161kozen p\u0159ibli\u017en\u011b jeden metr kolej\u00ed, co\u017e donutilo vlak zastavit. Ani cestuj\u00edc\u00ed, ani person\u00e1l nebyli zran\u011bni.<\/span><br \/>\n<span dir=\"auto\">\u2026<\/span><br \/>\n<span dir=\"auto\">Premi\u00e9r Donald Tusk pozd\u011bji v po\u0159adu X zd\u016fraznil z\u00e1va\u017enost incidentu a napsal:<\/span><\/p>\n<p><em><span dir=\"auto\">\u201eBombardov\u00e1n\u00ed \u017eelezni\u010dn\u00ed trati mezi Var\u0161avou a Lublinem je bezprecedentn\u00ed sabot\u00e1\u017en\u00ed \u010din, p\u0159\u00edmo zam\u011b\u0159en\u00fd na bezpe\u010dnost polsk\u00e9ho st\u00e1tu a jeho civiln\u00edho obyvatelstva. Tato tra\u0165 je tak\u00e9 kl\u00ed\u010dov\u00e1 pro dod\u00e1vky pomoci Ukrajin\u011b. Pachatele zatkneme, a\u0165 u\u017e jsou kdokoli.\u201c<\/span><\/em><\/p>\n<p><span dir=\"auto\">Nic nebylo \u201evyhozeno do pov\u011bt\u0159\u00ed\u201c. To, co vid\u00edte na obr\u00e1zku, nen\u00ed d\u016fsledkem exploze. Pro srovn\u00e1n\u00ed se m\u016f\u017eete pod\u00edvat na tento test (\u00a0<\/span><a href=\"https:\/\/www.youtube.com\/watch?v=SKkK1n7bfhQ\" target=\"_blank\" rel=\"noreferrer noopener\" data-type=\"link\" data-id=\"https:\/\/www.youtube.com\/watch?v=SKkK1n7bfhQ\"><span dir=\"auto\">video<\/span><\/a><span dir=\"auto\">\u00a0), kde byla k pro\u0159\u00edznut\u00ed nosn\u00edku ve tvaru I pou\u017eita trhavina C-4. Je to VELMI n\u00e1siln\u00fd proces. Ale \u0161t\u011brk pod zlomenou kolejnic\u00ed, stejn\u011b jako pra\u017ece, se zdaj\u00ed b\u00fdt nedot\u010den\u00e9 a nepo\u0161kozen\u00e9. Incident se s nejv\u011bt\u0161\u00ed pravd\u011bpodobnost\u00ed odehr\u00e1l v d\u016fsledku \u00fanavy kovu. Kolejnice pravd\u011bpodobn\u011b nebyla pevn\u011b p\u0159ipevn\u011bna k pra\u017ec\u016fm a p\u0159i pr\u016fjezdu vlak\u016f se oh\u00fdbala. Pokud se to st\u00e1v\u00e1 p\u0159\u00edli\u0161 \u010dasto, kolejnice se zlom\u00ed.<\/span><\/p>\n<p><span dir=\"auto\">\u00dadajn\u00e9 rusk\u00e9 \u201ehybridn\u00ed \u00fatoky\u201c jsou p\u0159ehnan\u00fdm ztv\u00e1rn\u011bn\u00edm b\u011b\u017en\u00fdch incident\u016f, kter\u00e9 s Ruskem nemaj\u00ed t\u00e9m\u011b\u0159 nic spole\u010dn\u00e9ho. Pou\u017eit\u00ed t\u011bchto \u00fatok\u016f jako z\u00e1minky pro \u201epreventivn\u00ed \u00fadery\u201c \u2013 a\u0165 u\u017e v kyberprostoru nebo jinde \u2013 sotva \u010din\u00ed takov\u00e1 opat\u0159en\u00ed \u201eobrann\u00fdmi\u201c.<\/span><\/p>\n<p><span dir=\"auto\">A co vlastn\u011b admir\u00e1l Dragone pl\u00e1nuje ud\u011blat, pokud Rusko oplat\u00ed \u00fader?<\/span><\/p>\n<\/div>\n<\/div>\n<div class=\"elementor-element elementor-element-8c57238 quelle dc-has-condition dc-condition-empty elementor-widget elementor-widget-heading\" data-id=\"8c57238\" data-element_type=\"widget\" data-widget_type=\"heading.default\">\n<div class=\"elementor-widget-container\">\n<h3 class=\"elementor-heading-title elementor-size-default\"><span style=\"font-size: 10pt;\"><a href=\"https:\/\/www.lewrockwell.com\/2025\/12\/no_author\/nato-thinks-of-pre-emptive-strikes-against-russia-to-defend-against-something-that-did-not-happen\/\" target=\"_blank\" rel=\"nofollow noopener\"><span dir=\"auto\">Zdroj<\/span><\/a><\/span><\/h3>\n<p>&nbsp;<\/p>\n<\/div>\n<\/div>\n","protected":false},"excerpt":{"rendered":"<p>Jak se st\u00e1v\u00e1 z\u0159ejm\u00fdm, \u017ee Ukrajina prohr\u00e1v\u00e1 z\u00e1stupnou v\u00e1lku proti Rusku, my\u0161lenky, kter\u00fdmi se zab\u00fdvaj\u00ed&#8230;<\/p>\n","protected":false},"author":2,"featured_media":62951,"comment_status":"closed","ping_status":"closed","sticky":false,"template":"","format":"standard","meta":[],"categories":[7],"tags":[39,10208,22],"_links":{"self":[{"href":"https:\/\/www.infokuryr.cz\/n\/wp-json\/wp\/v2\/posts\/93850"}],"collection":[{"href":"https:\/\/www.infokuryr.cz\/n\/wp-json\/wp\/v2\/posts"}],"about":[{"href":"https:\/\/www.infokuryr.cz\/n\/wp-json\/wp\/v2\/types\/post"}],"author":[{"embeddable":true,"href":"https:\/\/www.infokuryr.cz\/n\/wp-json\/wp\/v2\/users\/2"}],"replies":[{"embeddable":true,"href":"https:\/\/www.infokuryr.cz\/n\/wp-json\/wp\/v2\/comments?post=93850"}],"version-history":[{"count":0,"href":"https:\/\/www.infokuryr.cz\/n\/wp-json\/wp\/v2\/posts\/93850\/revisions"}],"wp:featuredmedia":[{"embeddable":true,"href":"https:\/\/www.infokuryr.cz\/n\/wp-json\/wp\/v2\/media\/62951"}],"wp:attachment":[{"href":"https:\/\/www.infokuryr.cz\/n\/wp-json\/wp\/v2\/media?parent=93850"}],"wp:term":[{"taxonomy":"category","embeddable":true,"href":"https:\/\/www.infokuryr.cz\/n\/wp-json\/wp\/v2\/categories?post=93850"},{"taxonomy":"post_tag","embeddable":true,"href":"https:\/\/www.infokuryr.cz\/n\/wp-json\/wp\/v2\/tags?post=93850"}],"curies":[{"name":"wp","href":"https:\/\/api.w.org\/{rel}","templated":true}]}}