{"id":93798,"date":"2025-12-04T00:16:42","date_gmt":"2025-12-03T23:16:42","guid":{"rendered":"https:\/\/www.infokuryr.cz\/n\/?p=93798"},"modified":"2025-12-03T09:57:46","modified_gmt":"2025-12-03T08:57:46","slug":"miroslav-petr-jsou-vubec-normalni-megaloupez-tisicileti","status":"publish","type":"post","link":"https:\/\/www.infokuryr.cz\/n\/2025\/12\/04\/miroslav-petr-jsou-vubec-normalni-megaloupez-tisicileti\/","title":{"rendered":"Miroslav Petr: Jsou v\u016fbec norm\u00e1ln\u00ed? Megaloupe\u017e tis\u00edcilet\u00ed!"},"content":{"rendered":"<div id=\"fb-root\"><\/div>\n<p>V N\u011bmecku se bl\u00ed\u017e\u00ed v\u00e1no\u010dn\u00ed trhy, proto tam d\u011blaj\u00ed bezpe\u010dnostn\u00ed opat\u0159en\u00ed. Jsou obohaceni t\u011b\u017ek\u00fdmi z\u00e1branami v prostorech, kde se vyskytuje v\u011bt\u0161\u00ed mno\u017estv\u00ed lid\u00ed. Z\u00e1brany jsou i\u00a0 na tramvajov\u00fdch kolej\u00edch. Ka\u017ed\u00fdch \u0161est minut odstra\u0148uj\u00ed \u010dty\u0159i mu\u017ei tyto z\u00e1brany aby mohla projet tramvaj. To by nevymysleli ani v Kocourkov\u011b.<\/p>\n<p>N\u011bmeck\u00fd Bavorsk\u00fd Augsburg chce kv\u016fli \u00faspo\u0159e plynu sn\u00ed\u017eit teplotu v krematori\u00edch. Tak\u00e9 chce vypnout semafory kv\u016fli n\u00e1klad\u016fm na energii. Toto m\u011bsto postupn\u011b odstavuje plyn\u00e1renskou s\u00edt kv\u016fli grynd\u00fdlu.<\/p>\n<p>Kr\u00e1de\u017e lithia je prkotina proti t\u00e9to megakr\u00e1de\u017ei:\u00a0 2 000 000 000 = dv\u011b miliardy tun \/!!!\/ uhl\u00ed na Ostravsku a Beskydsku se nen\u00e1vratn\u011b zasyp\u00e1v\u00e1 a dokonce\u00a0 zaplavuje!!! Uhl\u00ed m\u00e1me na n\u011bkolik stolet\u00ed!!! Zbyte\u010dn\u011b nezam\u011bstnan\u00ed horn\u00edci, zbyte\u010dn\u00e9 soci\u00e1ln\u00ed v\u00fddaje, zbyte\u010dn\u011b ni\u017e\u0161\u00ed v\u00fdb\u011br dan\u00ed&#8230;Nov\u00e1 vl\u00e1da by m\u011bla zachr\u00e1nit co se d\u00e1 a m\u011bla by zjistit vin\u00edka- konkr\u00e9tn\u00ed osobu, kter\u00fd by m\u011bla st\u00e1t p\u0159ed soudem. \u00dadajn\u011b n\u011bkde na internetu koluje petice pro podpis v\u0161ech ob\u010dan\u016f, kte\u0159\u00ed nejsou k t\u00e9to kr\u00e1de\u017ei tis\u00edcilet\u00ed\u00a0 lhostejn\u00ed. Zbyte\u010dn\u011b budeme z\u00e1visl\u00ed na uhl\u00ed z Polska a Ukrajiny, kter\u00e9 bude nepochybn\u011b dra\u017e\u0161\u00ed. Jist\u011b jde o rozkaz z Brusele.<\/p>\n<p>Donald po st\u0159elb\u011b ve Washingtonu trvale zastav\u00ed migraci ze zem\u00ed t\u0159et\u00edho sv\u011bta. Cizinc\u016fm vezme dotace a d\u00e1vky. Odv\u00e1\u017e\u00ed se to ud\u011blat i na\u0161e nov\u00e1 vl\u00e1da?<\/p>\n<p>&#8222;Kr\u00e1sn\u00e1&#8220; Danu\u0161e vysv\u011btluje chat control t\u00edm, \u017ee chr\u00e1n\u00edme d\u011bti. Je\u0161t\u011b \u017ee blbost nebol\u00ed&#8230;B\u016fh je opravdu milosrdn\u00fd.<\/p>\n<p>Zn\u00e1te slavnou hru F. Langera- Obr\u00e1cen\u00ed Ferdy\u0161e Pi\u0161tory? Eurohujersk\u00fd liber\u00e1l \u0161okuje- vystupuje z ODS a zakl\u00e1d\u00e1 novou stranu. Faktem je, \u017ee pravicov\u00e1, konzervativn\u00ed a vlasteneck\u00e1 strana tu chyb\u00ed jako s\u016fl. Opust\u00ed.li Kuba liberalismus asi t\u011b\u017eko opust\u00ed, tak\u017ee pro konzervativn\u00edho vlastence tato strana nen\u00ed.\u00a0 T\u00edm p\u00e1dem je to de facto pouh\u00e9 rozd\u011blen\u00ed ODS na dv\u011b strany a tak\u00e9 poh\u0159eb p\u016fvodn\u00ed ODS i t\u00e9to budouc\u00ed strany.<\/p>\n<p>2 000 000 000= dv\u011b miliardy tun \/!!!\/ uhl\u00ed se zasyp\u00e1v\u00e1 a zaplavuje. Budeme z\u00e1visl\u00ed na Polsku a Ukrajin\u011b, p\u0159esto, \u017ee m\u00e1me p\u0159ebytek uhl\u00ed na n\u011bkolik stolet\u00ed. Kdo osobn\u011b o t\u00e9to vlastizrad\u011b rozhodl, m\u011bl by dostat do\u017eivot\u00ed! Nepochybn\u011b jde o rozkaz z Brusele, kter\u00fd n\u00e1s chce zni\u010dit za ka\u017edou cenu.<\/p>\n<p>1 MW elekt\u0159iny stoj\u00ed 86 Eur kv\u016fli emisn\u00edm povolenk\u00e1m. Odpustka stoj\u00ed 80 Eur, elekt\u0159ina pouh\u00fdch 6 Eur. Za jednu KWh byste m\u011bli zaplatit pouh\u00fdch patn\u00e1ct hal\u00e9\u0159\u016f! Nav\u00edc plat\u00edte zbyte\u010dn\u011b dv\u011b stovky. Kdo z v\u00e1s na to m\u00e1?<\/p>\n<p>EU schv\u00e1lila pro v\u0161echny \u010dlensk\u00e9 zem\u011b Bovaer- krmivo pro kr\u00e1vy redukuj\u00edc\u00ed metan. Dle &#8222;pravdomluvn\u00e9ho&#8220; Seznamu je zcela ne\u0161kodn\u00fd. Metan uvolnovan\u00fd \u0159\u00edh\u00e1n\u00edm krav se uvolnuje do ovzdu\u0161\u00ed. Tr\u00e1va a dal\u0161\u00ed rostliny jej absorbuj\u00ed. Klima ovlivnuje velmi nepatrn\u011b.<\/p>\n<p>Je norm\u00e1ln\u00ed, \u017ee suver\u00e9nn\u00ed st\u00e1ty v Evrop\u011b mus\u00ed \u017e\u00e1dat o povolen\u00ed v EU, kdy\u017e cht\u011bj\u00ed diskutovat s k\u00fdmkoli? Je norm\u00e1ln\u00ed, \u017ee rozkazy a z\u00e1kazy, pardon, &#8222;doporu\u010den\u00ed&#8220; a z\u00e1kony EU jsou nad z\u00e1kony \u010dlensk\u00fdch zem\u00ed?<\/p>\n<p>Jestli\u017ee soudru\u017eka Moravcov\u00e1 nepozvala Okamuru ani jednou za 13 let do sv\u00e9ho po\u0159adu &#8222;Moje odpov\u011bdi&#8220;, m\u011bl ho soudruh Chud\u00e1\u010dek d\u00e1vno vyrazit! Kdysi se zve\u0159ejnovala sledovanost. Dnes nestoj\u00ed za to zve\u0159ejnovat t\u011bch p\u00e1r jednotlivc\u016f&#8230;<\/p>\n<p>V Teplic\u00edch chod\u00ed stra\u0161idla s \u010dernou hadrou na xicht\u011b, sotva jsou vid\u011bt o\u010di. Pardon, to jsou muslimky&#8230;<\/p>\n<p>Churchil p\u0159ed Norimbersk\u00fdm procesem na setk\u00e1n\u00ed se Stalinem v Kremlu 9. \u0159\u00edjny 1944: &#8222;Mus\u00edme to ud\u011blat tak, aby ani na\u0161e vnou\u010data nikdy nem\u011bla \u0161anci vid\u011bt, jak pora\u017een\u00e9 N\u011bmecko vst\u00e1v\u00e1 z kolen.&#8220; Tribun\u00e1l byl ve\u0159ejn\u00fd. Ne\u0161lo o politick\u00fd proces, ale o norm\u00e1ln\u00ed soud se stovka sv\u011bdk\u016f z obou stran. Ob\u011b osobnosti by dnes radost nem\u011bly. Nejsem si jist\u00fd, jestli by dnes m\u011bl Stalin dostatek n\u00e1boj\u016f&#8230;<\/p>\n<p>Slovensko chce z\u00e1kaz rakovinotvorn\u00e9ho syntetick\u00e9ho masa, tak jak to ud\u011blalo Madarsko. P\u0159id\u00e1 se i na\u0161e nov\u00e1 vl\u00e1da? SPD m\u00e1 v programu zaji\u0161t\u011bn\u00ed kvalitn\u00edch skute\u010dn\u00fdch potravin.<\/p>\n<p>Tis\u00edce Slov\u00e1k\u016f demonstruje proti progresivismu. Na svobodn\u00e9 a demokratick\u00e9 televizi ani slovo, pr\u00fd \u017e\u00e1dn\u00e1 cenzura nen\u00ed&#8230;<\/p>\n<p>Dle Rajchla z Ukrajiny \u0161lo do nutelovy kampeli\u010dky p\u0159es t\u0159etinu bilionu K\u010d. Dikt\u00e1torovi to v\u016fbec nevad\u00ed, tak jako mafi\u00e1n\u016fv mobil, kter\u00fd daroval d\u011btem na hran\u00ed. Kone\u010dn\u011b v\u00edm, pro\u010d se \u0159\u00edk\u00e1 zelen\u00fd mozek a zelen\u00e1 guma.<\/p>\n<p>O\u010dkov\u00e1n\u00ed na \u017eloutenku stoj\u00ed 3 000 K\u010d. Kdo z v\u00e1s na to m\u00e1? Za t\u011bch zl\u00fdch koman\u010d\u016f bylo o\u010dkov\u00e1n\u00ed zadara.<\/p>\n<p>EU prosazuje povinn\u00e9 zna\u010den\u00ed uhl\u00edkov\u00e9 stopy na potravin\u00e1ch. \u010c\u00edm v\u00edc stopy, t\u00edm dra\u017e\u0161\u00ed bude potravina. A\u017e bude zru\u0161ena koruna \u010di euro, n\u00e1hradou bude n\u011bco jako bitcoin. Ka\u017ed\u00fd bude m\u00edt na m\u011bs\u00edc omezen\u00fd po\u010det uhl\u00edkov\u00e9 stopy, tj. ur\u010ditou &#8222;finan\u010dn\u00ed&#8220; \u010d\u00e1stku, tak\u017ee p\u0159i koupi potravin s velkou stopou si toho moc nekoup\u00ed.<\/p>\n<p>V N\u011bmecku jsou nepokoje, kdy vl\u00e1dnouc\u00ed eurohujer\u0161t\u00ed progresivist\u00e9 podporuj\u00ed fa\u0161istick\u00e9 boj\u016fvky. T\u00e9to boj\u016fvky se celkem z\u00fa\u010dastnilo 25 000 \u010dlen\u016f Antify a muslim\u016f. Proti nim bylo 6 000 policist\u016f z cel\u00e9 zem\u011b. Politici tohoto st\u00e1tu zcela otev\u0159en\u011b podporuj\u00ed fa\u0161ismus. Mohl bych si taky zahajlovat?<\/p>\n<p>\u0160v\u00e9dsko zaplatilo zlo\u010dinc\u016fm z muslimsk\u00fdch gang\u016f na d\u00e1vk\u00e1ch 7,5 miliardy v korun\u00e1ch. Kdo z v\u00e1s to m\u00e1?<\/p>\n<p>Kolik promile dostala v minul\u00fdch volb\u00e1ch TOP? Pardon, neb\u00fdt koalice Spolu&#8230;<\/p>\n<p>\u0160koda, \u017ee \u017e\u00e1dn\u00fd imit\u00e1tor neparoduje soudruha Kupku, jak ve stoje tancuje a jak komicky pokyvuje hlavou. Mohl by to d\u00e1t Jablonsk\u00fd na Silvestra v n\u011bjak\u00e9 televizi?<\/p>\n<p>Nakonec trochu humoru: Elektrik\u00e1\u0159 ke Copperfieldovi: &#8222;Ty amat\u00e9re, m\u00e1m ti uk\u00e1zat m\u016fj rozpo\u010det?&#8220;<\/p>\n<p>Mafi\u00e1novy d\u011bti s mobilem v ruce: &#8222;Tat\u00ednku, vol\u00e1 ti Redl.&#8220;<\/p>\n<p>M\u00e1m dotaz: &#8222;Na \u010cT \u0159\u00edkaj\u00ed, \u017ee Rusko je pro n\u00e1s hrozba a chce za\u00fato\u010dit na Evropu. Znamen\u00e1 to snad, \u017ee tvrzen\u00ed, \u017ee Rusko je na dn\u011b, u\u017e nen\u00ed aktu\u00e1ln\u00ed?&#8220;<\/p>\n<p><a href=\"https:\/\/www.czechfreepress.cz\/dalsi-blogy\/jsou-vubec-normalni-megaloupez-tusicileti.html\">Miroslav Petr<\/a><\/p>\n<p>&nbsp;<\/p>\n","protected":false},"excerpt":{"rendered":"<p>V N\u011bmecku se bl\u00ed\u017e\u00ed v\u00e1no\u010dn\u00ed trhy, proto tam d\u011blaj\u00ed bezpe\u010dnostn\u00ed opat\u0159en\u00ed. Jsou obohaceni t\u011b\u017ek\u00fdmi z\u00e1branami&#8230;<\/p>\n","protected":false},"author":2,"featured_media":51836,"comment_status":"closed","ping_status":"closed","sticky":false,"template":"","format":"standard","meta":[],"categories":[6],"tags":[1503,959,122,1247],"_links":{"self":[{"href":"https:\/\/www.infokuryr.cz\/n\/wp-json\/wp\/v2\/posts\/93798"}],"collection":[{"href":"https:\/\/www.infokuryr.cz\/n\/wp-json\/wp\/v2\/posts"}],"about":[{"href":"https:\/\/www.infokuryr.cz\/n\/wp-json\/wp\/v2\/types\/post"}],"author":[{"embeddable":true,"href":"https:\/\/www.infokuryr.cz\/n\/wp-json\/wp\/v2\/users\/2"}],"replies":[{"embeddable":true,"href":"https:\/\/www.infokuryr.cz\/n\/wp-json\/wp\/v2\/comments?post=93798"}],"version-history":[{"count":0,"href":"https:\/\/www.infokuryr.cz\/n\/wp-json\/wp\/v2\/posts\/93798\/revisions"}],"wp:featuredmedia":[{"embeddable":true,"href":"https:\/\/www.infokuryr.cz\/n\/wp-json\/wp\/v2\/media\/51836"}],"wp:attachment":[{"href":"https:\/\/www.infokuryr.cz\/n\/wp-json\/wp\/v2\/media?parent=93798"}],"wp:term":[{"taxonomy":"category","embeddable":true,"href":"https:\/\/www.infokuryr.cz\/n\/wp-json\/wp\/v2\/categories?post=93798"},{"taxonomy":"post_tag","embeddable":true,"href":"https:\/\/www.infokuryr.cz\/n\/wp-json\/wp\/v2\/tags?post=93798"}],"curies":[{"name":"wp","href":"https:\/\/api.w.org\/{rel}","templated":true}]}}