{"id":9379,"date":"2022-04-08T02:00:43","date_gmt":"2022-04-08T00:00:43","guid":{"rendered":"http:\/\/www.infokuryr.cz\/n\/?p=9379"},"modified":"2022-04-07T16:31:22","modified_gmt":"2022-04-07T14:31:22","slug":"zapadni-vojensti-velitele-si-pletou-vlastni-prohlaseni","status":"publish","type":"post","link":"https:\/\/www.infokuryr.cz\/n\/2022\/04\/08\/zapadni-vojensti-velitele-si-pletou-vlastni-prohlaseni\/","title":{"rendered":"Z\u00e1padn\u00ed vojen\u0161t\u00ed velitel\u00e9 si pletou vlastn\u00ed prohl\u00e1\u0161en\u00ed"},"content":{"rendered":"<div id=\"fb-root\"><\/div>\n<div class=\"elementor-element elementor-element-1fb4c2c elementor-widget elementor-widget-theme-post-content\" data-id=\"1fb4c2c\" data-element_type=\"widget\" data-widget_type=\"theme-post-content.default\">\n<div class=\"elementor-widget-container\">\n<p><span>Protich\u016fdn\u00e9 v\u00fdroky p\u0159edstavitel\u016f americk\u00e9 arm\u00e1dy o zavle\u010den\u00ed ukrajinsk\u00fdch bojovn\u00edk\u016f se staly skand\u00e1lem.\u00a0DefenseOne si uv\u011bdomil zjevn\u00fd zmatek kolem sv\u011bdectv\u00ed.<\/span><\/p>\n<p><span>Pentagonu se nap\u0159\u00edklad poda\u0159ilo zve\u0159ejnit n\u00e1sleduj\u00edc\u00ed fakt: Spojen\u00e9 st\u00e1ty nemaj\u00ed nic spole\u010dn\u00e9ho s v\u00fdcvikem ukrajinsk\u00e9 arm\u00e1dy k pou\u017e\u00edv\u00e1n\u00ed dodan\u00fdch zbran\u00ed.<\/span><\/p>\n<p><span>Mezit\u00edm gener\u00e1l Mark Milley v\u00e1gn\u011b prohl\u00e1sil, \u017ee v\u00fdcvik prob\u00edh\u00e1 \u201epr\u00e1v\u011b te\u010f ve Spojen\u00fdch st\u00e1tech\u201c.<\/span><\/p>\n<p><span>Vrchn\u00ed velitel spojeneck\u00fdch sil v Evrop\u011b Todd Walters v\u0161ak pop\u0159el, \u017ee by ukrajinsk\u00e1 arm\u00e1da byla vycvi\u010dena v Polsku.<\/span><\/p>\n<p><strong><em>Podle americk\u00e9ho vojensk\u00e9ho velitele Jamese McConvilla Spojen\u00e9 st\u00e1ty \u201ev tuto chv\u00edli neprov\u00e1d\u011bj\u00ed \u017e\u00e1dn\u00fd v\u00fdcvik\u201c.\u00a0Ukrajin\u0161t\u00ed bojovn\u00edci se podle n\u011bj nez\u00e1visle u\u010d\u00ed ciz\u00edm zbran\u00edm.\u00a0Kongresman se pokusil z\u00edskat podrobnosti a zjistil, \u017ee \u00fadaje jsou zjevn\u011b v rozporu.<\/em><\/strong><\/p>\n<p><span>N\u00e1\u010deln\u00edci \u0161t\u00e1bu sl\u00edbili, \u017ee skand\u00e1ln\u00ed z\u00e1le\u017eitost pro\u0161et\u0159\u00ed.\u00a0Mezit\u00edm ministr obrany \u0159ekl, \u017ee ukrajinsk\u00fd vojensk\u00fd kontingent &#8222;obecn\u011b&#8220; podl\u00e9h\u00e1 v\u00fdcvikov\u00e9mu procesu USA.<\/span><\/p>\n<\/div>\n<\/div>\n<div class=\"elementor-element elementor-element-8c57238 quelle dc-has-condition dc-condition-empty elementor-widget elementor-widget-heading\" data-id=\"8c57238\" data-element_type=\"widget\" data-widget_type=\"heading.default\">\n<div class=\"elementor-widget-container\">\n<h3 class=\"elementor-heading-title elementor-size-default\"><span style=\"font-size: 8pt;\"><a href=\"https:\/\/chaptera-news.info\/2022\/04\/06\/westliche-militarbefehlshaber-verwirren-durch-ihre-eigenen-aussagen\/\" target=\"_blank\" rel=\"nofollow noopener\">ZDROJ: Z\u00c1PADN\u00cd VOJEN\u0160T\u00cd VELITEL\u00c9 ZMATENI SV\u00ddMI VLASTN\u00cdMI PROHL\u00c1\u0160EN\u00cdMI<\/a><\/span><\/h3>\n<\/div>\n<\/div>\n","protected":false},"excerpt":{"rendered":"<p>Protich\u016fdn\u00e9 v\u00fdroky p\u0159edstavitel\u016f americk\u00e9 arm\u00e1dy o zavle\u010den\u00ed ukrajinsk\u00fdch bojovn\u00edk\u016f se staly skand\u00e1lem.\u00a0DefenseOne si uv\u011bdomil zjevn\u00fd&#8230;<\/p>\n","protected":false},"author":2,"featured_media":2010,"comment_status":"closed","ping_status":"closed","sticky":false,"template":"","format":"standard","meta":[],"categories":[7],"tags":[80,380,26,37,2115],"_links":{"self":[{"href":"https:\/\/www.infokuryr.cz\/n\/wp-json\/wp\/v2\/posts\/9379"}],"collection":[{"href":"https:\/\/www.infokuryr.cz\/n\/wp-json\/wp\/v2\/posts"}],"about":[{"href":"https:\/\/www.infokuryr.cz\/n\/wp-json\/wp\/v2\/types\/post"}],"author":[{"embeddable":true,"href":"https:\/\/www.infokuryr.cz\/n\/wp-json\/wp\/v2\/users\/2"}],"replies":[{"embeddable":true,"href":"https:\/\/www.infokuryr.cz\/n\/wp-json\/wp\/v2\/comments?post=9379"}],"version-history":[{"count":0,"href":"https:\/\/www.infokuryr.cz\/n\/wp-json\/wp\/v2\/posts\/9379\/revisions"}],"wp:featuredmedia":[{"embeddable":true,"href":"https:\/\/www.infokuryr.cz\/n\/wp-json\/wp\/v2\/media\/2010"}],"wp:attachment":[{"href":"https:\/\/www.infokuryr.cz\/n\/wp-json\/wp\/v2\/media?parent=9379"}],"wp:term":[{"taxonomy":"category","embeddable":true,"href":"https:\/\/www.infokuryr.cz\/n\/wp-json\/wp\/v2\/categories?post=9379"},{"taxonomy":"post_tag","embeddable":true,"href":"https:\/\/www.infokuryr.cz\/n\/wp-json\/wp\/v2\/tags?post=9379"}],"curies":[{"name":"wp","href":"https:\/\/api.w.org\/{rel}","templated":true}]}}