{"id":93782,"date":"2025-12-04T00:18:55","date_gmt":"2025-12-03T23:18:55","guid":{"rendered":"https:\/\/www.infokuryr.cz\/n\/?p=93782"},"modified":"2025-12-03T10:03:03","modified_gmt":"2025-12-03T09:03:03","slug":"putin-mluvi-jasne-pokud-evropa-chce-valku-jsme-pripraveni-a-bude-brutalni-evropa-by-pak-uz-nemusela-existovat","status":"publish","type":"post","link":"https:\/\/www.infokuryr.cz\/n\/2025\/12\/04\/putin-mluvi-jasne-pokud-evropa-chce-valku-jsme-pripraveni-a-bude-brutalni-evropa-by-pak-uz-nemusela-existovat\/","title":{"rendered":"Putin mluv\u00ed jasn\u011b: Pokud Evropa chce v\u00e1lku, jsme p\u0159ipraveni \u2013 a bude brut\u00e1ln\u00ed \u2013 Evropa by pak u\u017e nemusela existovat"},"content":{"rendered":"<div id=\"fb-root\"><\/div>\n<div class=\"elementor-element elementor-element-1fb4c2c elementor-widget elementor-widget-theme-post-content\" data-id=\"1fb4c2c\" data-element_type=\"widget\" data-widget_type=\"theme-post-content.default\">\n<div class=\"elementor-widget-container\">\n<p><span dir=\"auto\">Americk\u00fd vyslanec Steve Witkoff a Trump\u016fv ze\u0165 a neofici\u00e1ln\u00ed diplomat Jared Kushner byli v \u00fater\u00fd v Kremlu na jedn\u00e1n\u00edch na vysok\u00e9 \u00farovni s prezidentem Vladimirem Putinem. Ameri\u010dan\u00e9 p\u0159edstavili Trump\u016fv m\u00edrov\u00fd pl\u00e1n pro Ukrajinu v jeho sou\u010dasn\u00e9 podob\u011b po velmi napjat\u00e9 sch\u016fzce s ukrajinskou delegac\u00ed v Miami, kter\u00e1 se zam\u011b\u0159ila na postoupen\u00ed \u00fazem\u00ed a budouc\u00edch hranic v Donbasu.<\/span><\/p>\n<p><span dir=\"auto\">Ve\u0159ejn\u00e1 prohl\u00e1\u0161en\u00ed prezidenta Putina v souvislosti se sch\u016fzkou, na kter\u00e9 americk\u00e1 strana ofici\u00e1ln\u011b p\u0159edstavila pl\u00e1n, mu poskytla\u00a0<\/span><strong><span dir=\"auto\">p\u0159\u00edle\u017eitost ost\u0159e vyj\u00e1d\u0159it se proti Evrop\u011b . Pokud by Evropa zah\u00e1jila v\u00e1lku s Ruskem, brzy by \u201enezbyl nikdo, s k\u00fdm by mohla vyjedn\u00e1vat\u201c, varoval po ned\u00e1vn\u00fdch\u00a0<\/span><\/strong><a href=\"https:\/\/www.zerohedge.com\/geopolitical\/nato-mulls-preemptive-strike-against-russias-hybrid-warfare-claims-more-aggression\" target=\"_blank\" rel=\"noreferrer noopener\"><span dir=\"auto\">agresivn\u00edch prohl\u00e1\u0161en\u00edch a v\u00fdhr\u016f\u017ek\u00e1ch<\/span><\/a><span dir=\"auto\">\u00a0n\u011bkolika z\u00e1stupc\u016f EU a NATO\u00a0.<\/span><\/p>\n<p><strong><span dir=\"auto\">Putin vydal Evrop\u011b neobvykle jasn\u00e9 varov\u00e1n\u00ed: Rusko si v\u00e1lku nep\u0159eje, ale je \u201eokam\u017eit\u011b p\u0159ipraveno\u201c, pokud by Evropa konflikt zah\u00e1jila \u2013 a tato v\u00e1lka by nebyla srovnateln\u00e1 s v\u00e1lkou na Ukrajin\u011b, kde podle n\u011bj Moskva jednala \u201echirurgicky\u201c a zdr\u017eenliv\u011b. Proti Evrop\u011b by se v\u0161ak tato zdr\u017eenlivost nevztahovala.<\/span><\/strong><\/p>\n<p><span dir=\"auto\">P\u0159ejd\u011bte p\u0159\u00edmo\u00a0<\/span><a href=\"https:\/\/www.bitchute.com\/video\/w1JRjv3aITOa\" target=\"_blank\" rel=\"noreferrer noopener\" data-type=\"link\" data-id=\"https:\/\/www.bitchute.com\/video\/w1JRjv3aITOa\"><span dir=\"auto\">k videu<\/span><\/a><span dir=\"auto\">\u00a0:<\/span><\/p>\n<p><iframe src=\"https:\/\/www.bitchute.com\/embed\/w1JRjv3aITOa\" frameborder=\"0\" scrolling=\"no\" allowfullscreen=\"allowfullscreen\" data-mce-fragment=\"1\"><\/iframe><span dir=\"auto\">Kreml minul\u00fd m\u011bs\u00edc vydal celkov\u011b pozitivn\u00ed hodnocen\u00ed toho, co pova\u017euje za seri\u00f3zn\u00ed \u00fasil\u00ed Trumpovy administrativy o nalezen\u00ed m\u00edrov\u00e9ho \u0159e\u0161en\u00ed na Ukrajin\u011b. Putin d\u0159\u00edve prohl\u00e1sil, \u017ee nyn\u00ed devaten\u00e1ctibodov\u00fd pl\u00e1n by mohl poskytnout funk\u010dn\u00ed z\u00e1klad pro \u0159e\u0161en\u00ed. Sv\u011bt by tak v kone\u010dn\u00e9m d\u016fsledku mohl l\u00e9pe pochopit, jak se situace vyv\u00edj\u00ed.<\/span><\/p>\n<p><em><span dir=\"auto\">Existuj\u00ed zpr\u00e1vy o sch\u016fzce trvaj\u00edc\u00ed n\u011bkolik hodin, kter\u00e1 se prot\u00e1hla a\u017e do pozdn\u00edch no\u010dn\u00edch hodin (m\u00edstn\u00edho \u010dasu)&#8230;<\/span><\/em><\/p>\n<div class=\"twitter-tweet twitter-tweet-rendered\"><iframe id=\"twitter-widget-0\" class=\"\" title=\"X Post\" src=\"https:\/\/platform.twitter.com\/embed\/Tweet.html?dnt=false&amp;embedId=twitter-widget-0&amp;features=eyJ0ZndfdGltZWxpbmVfbGlzdCI6eyJidWNrZXQiOltdLCJ2ZXJzaW9uIjpudWxsfSwidGZ3X2ZvbGxvd2VyX2NvdW50X3N1bnNldCI6eyJidWNrZXQiOnRydWUsInZlcnNpb24iOm51bGx9LCJ0ZndfdHdlZXRfZWRpdF9iYWNrZW5kIjp7ImJ1Y2tldCI6Im9uIiwidmVyc2lvbiI6bnVsbH0sInRmd19yZWZzcmNfc2Vzc2lvbiI6eyJidWNrZXQiOiJvbiIsInZlcnNpb24iOm51bGx9LCJ0ZndfZm9zbnJfc29mdF9pbnRlcnZlbnRpb25zX2VuYWJsZWQiOnsiYnVja2V0Ijoib24iLCJ2ZXJzaW9uIjpudWxsfSwidGZ3X21peGVkX21lZGlhXzE1ODk3Ijp7ImJ1Y2tldCI6InRyZWF0bWVudCIsInZlcnNpb24iOm51bGx9LCJ0ZndfZXhwZXJpbWVudHNfY29va2llX2V4cGlyYXRpb24iOnsiYnVja2V0IjoxMjA5NjAwLCJ2ZXJzaW9uIjpudWxsfSwidGZ3X3Nob3dfYmlyZHdhdGNoX3Bpdm90c19lbmFibGVkIjp7ImJ1Y2tldCI6Im9uIiwidmVyc2lvbiI6bnVsbH0sInRmd19kdXBsaWNhdGVfc2NyaWJlc190b19zZXR0aW5ncyI6eyJidWNrZXQiOiJvbiIsInZlcnNpb24iOm51bGx9LCJ0ZndfdXNlX3Byb2ZpbGVfaW1hZ2Vfc2hhcGVfZW5hYmxlZCI6eyJidWNrZXQiOiJvbiIsInZlcnNpb24iOm51bGx9LCJ0ZndfdmlkZW9faGxzX2R5bmFtaWNfbWFuaWZlc3RzXzE1MDgyIjp7ImJ1Y2tldCI6InRydWVfYml0cmF0ZSIsInZlcnNpb24iOm51bGx9LCJ0ZndfbGVnYWN5X3RpbWVsaW5lX3N1bnNldCI6eyJidWNrZXQiOnRydWUsInZlcnNpb24iOm51bGx9LCJ0ZndfdHdlZXRfZWRpdF9mcm9udGVuZCI6eyJidWNrZXQiOiJvbiIsInZlcnNpb24iOm51bGx9fQ%3D%3D&amp;frame=false&amp;hideCard=false&amp;hideThread=false&amp;id=1995962142055444766&amp;lang=cs&amp;origin=https%3A%2F%2Funcutnews.ch%2Fputin-klartext-wenn-europa-krieg-will-sind-wir-bereit-und-er-wird-brutal-sein-europa-konnte-nach-einem-krieg-nicht-mehr-existieren-video%2F&amp;sessionId=23242c9b6762e10b6c3ac1869f64bf4d49df4cee&amp;theme=light&amp;widgetsVersion=2615f7e52b7e0%3A1702314776716&amp;width=550px\" frameborder=\"0\" scrolling=\"no\" allowfullscreen=\"allowfullscreen\" data-tweet-id=\"1995962142055444766\" data-mce-fragment=\"1\"><\/iframe><\/div>\n<p><em><strong><span dir=\"auto\">P\u0159eklady \u201eX\u201c<\/span><\/strong><span dir=\"auto\">\u00a0: Steve Witkoff sed\u00ed naproti Ukrajinc\u016fm v Miami: neoholen\u00fd a neupraven\u00fd. V\u00e1\u017en\u00fd, vyh\u00fdb\u00e1 se o\u010dn\u00edmu kontaktu a neusm\u00edv\u00e1 se. Steve Witkoff sed\u00ed naproti Putinovi: usm\u00edv\u00e1 se s \u00fasm\u011bvem na tv\u00e1\u0159i, je hladce oholen\u00fd a pozorn\u00fd. \u0158\u00edk\u00e1, \u017ee se \u201ep\u011bkn\u011b pro\u0161el\u201c Moskvou, kterou Putinovi popsal jako \u201eskv\u011bl\u00e9 m\u011bsto\u201c.<\/span><\/em><\/p>\n<p><em><span dir=\"auto\">Kreml zve\u0159ejnil videoz\u00e1znam setk\u00e1n\u00ed Witkoffa a Kushnera s Putinem, spolu s Kirillem Dmitrijevem a Jurijem U\u0161akovem. (Nen\u00ed jasn\u00e9, kdo je pro Ameri\u010dany tlumo\u010dn\u00edkem\u2026)<\/span><\/em><\/p>\n<p><span dir=\"auto\">Putina v\u0161ak rozzlobuje ot\u00e1zka Evropy, kter\u00e1 byla v americk\u00e9m m\u00edrov\u00e9m pl\u00e1nu do zna\u010dn\u00e9 m\u00edry ignorov\u00e1na. Odsoudil s\u00e9rii \u00fatok\u016f dron\u016f na ropn\u00e9 a plynov\u00e9 tankery p\u0159epravuj\u00edc\u00ed rusk\u00fd energetick\u00fd export jako akty\u00a0<\/span><strong><span dir=\"auto\">\u201epir\u00e1tstv\u00ed\u201c<\/span><\/strong><span dir=\"auto\">\u00a0.<\/span><\/p>\n<p><span dir=\"auto\">V \u00fater\u00fd tak\u00e9 jasn\u011b uvedl, \u017ee evropsk\u00e9 po\u017eadavky na Moskvu nejsou v \u017e\u00e1dn\u00e9m p\u0159\u00edpad\u011b p\u0159ijateln\u00e9, a nazna\u010dil, \u017ee jejich c\u00edlem je z\u00e1m\u011brn\u011b provokovat a rozzlobit Rusko. Podle agentury Interfax \u0159ekl: \u201e\u00a0<\/span><strong><span dir=\"auto\">Evropa klade pouze nep\u0159ijateln\u00e9 po\u017eadavky.<\/span><\/strong><span dir=\"auto\">\u00a0\u201c Dodal: \u201e\u00a0<\/span><strong><span dir=\"auto\">Jsou na stran\u011b v\u00e1lky<\/span><\/strong><span dir=\"auto\">\u00a0,\u201c s odkazem na Evropany.<\/span><\/p>\n<p><strong><em><span dir=\"auto\">\u201eRusko nem\u00e1 v \u00famyslu v\u00e9st v\u00e1lku proti evropsk\u00fdm zem\u00edm. Ale pokud Evropa chce v\u00e1lku, Rusko je p\u0159ipraveno,\u201c<\/span><\/em><\/strong><span dir=\"auto\">\u00a0\u0159ekl<a href=\"https:\/\/www.rt.com\/news\/628758-putin-witkoff-moscow-talks-ukraine\/\">\u00a0Putin\u00a0<\/a><\/span><a href=\"https:\/\/www.rt.com\/news\/628758-putin-witkoff-moscow-talks-ukraine\/\"><span dir=\"auto\">novin\u00e1\u0159\u016fm\u00a0<\/span><\/a><a href=\"https:\/\/www.rt.com\/news\/628758-putin-witkoff-moscow-talks-ukraine\/\" target=\"_blank\" rel=\"noreferrer noopener\"><span dir=\"auto\">p\u0159ed<\/span><\/a><span dir=\"auto\">\u00a0setk\u00e1n\u00edm s V\u00edtkovem a Ku\u0161nerem.<\/span><\/p>\n<p><span dir=\"auto\">\u201eEvropa se st\u00e1hla z ukrajinsk\u00e9ho urovn\u00e1n\u00ed.\u00a0<\/span><strong><span dir=\"auto\">Nem\u00e1 \u017e\u00e1dn\u00fd m\u00edrov\u00fd program a nyn\u00ed br\u00e1n\u00ed snah\u00e1m USA o dosa\u017een\u00ed dohody,<\/span><\/strong><span dir=\"auto\">\u00a0\u201c dodal Putin. \u201eEvropa p\u0159edkl\u00e1d\u00e1 n\u00e1vrhy m\u00edrov\u00e9ho pl\u00e1nu pro Ukrajinu, kter\u00e9 jsou pro Rusko nep\u0159ijateln\u00e9.\u201c<\/span><\/p>\n<p><em><span dir=\"auto\">Putin vyz\u00fdv\u00e1 k ukon\u010den\u00ed\u00a0<\/span><\/em><strong><em><span dir=\"auto\">z\u00e1padn\u00edch \u201efantazi\u00ed\u201c o vnucen\u00ed\u00a0<\/span><\/em><\/strong><span dir=\"auto\"><strong><em>\u201estrategick\u00e9 por\u00e1\u017eky\u201c<\/em><\/strong><\/span><em><span dir=\"auto\">\u00a0Rusku\u00a0<\/span><\/em><span dir=\"auto\"><em>\u2026<\/em><\/span><\/p>\n<div class=\"twitter-tweet twitter-tweet-rendered\"><iframe id=\"twitter-widget-1\" class=\"\" title=\"X Post\" src=\"https:\/\/platform.twitter.com\/embed\/Tweet.html?dnt=false&amp;embedId=twitter-widget-1&amp;features=eyJ0ZndfdGltZWxpbmVfbGlzdCI6eyJidWNrZXQiOltdLCJ2ZXJzaW9uIjpudWxsfSwidGZ3X2ZvbGxvd2VyX2NvdW50X3N1bnNldCI6eyJidWNrZXQiOnRydWUsInZlcnNpb24iOm51bGx9LCJ0ZndfdHdlZXRfZWRpdF9iYWNrZW5kIjp7ImJ1Y2tldCI6Im9uIiwidmVyc2lvbiI6bnVsbH0sInRmd19yZWZzcmNfc2Vzc2lvbiI6eyJidWNrZXQiOiJvbiIsInZlcnNpb24iOm51bGx9LCJ0ZndfZm9zbnJfc29mdF9pbnRlcnZlbnRpb25zX2VuYWJsZWQiOnsiYnVja2V0Ijoib24iLCJ2ZXJzaW9uIjpudWxsfSwidGZ3X21peGVkX21lZGlhXzE1ODk3Ijp7ImJ1Y2tldCI6InRyZWF0bWVudCIsInZlcnNpb24iOm51bGx9LCJ0ZndfZXhwZXJpbWVudHNfY29va2llX2V4cGlyYXRpb24iOnsiYnVja2V0IjoxMjA5NjAwLCJ2ZXJzaW9uIjpudWxsfSwidGZ3X3Nob3dfYmlyZHdhdGNoX3Bpdm90c19lbmFibGVkIjp7ImJ1Y2tldCI6Im9uIiwidmVyc2lvbiI6bnVsbH0sInRmd19kdXBsaWNhdGVfc2NyaWJlc190b19zZXR0aW5ncyI6eyJidWNrZXQiOiJvbiIsInZlcnNpb24iOm51bGx9LCJ0ZndfdXNlX3Byb2ZpbGVfaW1hZ2Vfc2hhcGVfZW5hYmxlZCI6eyJidWNrZXQiOiJvbiIsInZlcnNpb24iOm51bGx9LCJ0ZndfdmlkZW9faGxzX2R5bmFtaWNfbWFuaWZlc3RzXzE1MDgyIjp7ImJ1Y2tldCI6InRydWVfYml0cmF0ZSIsInZlcnNpb24iOm51bGx9LCJ0ZndfbGVnYWN5X3RpbWVsaW5lX3N1bnNldCI6eyJidWNrZXQiOnRydWUsInZlcnNpb24iOm51bGx9LCJ0ZndfdHdlZXRfZWRpdF9mcm9udGVuZCI6eyJidWNrZXQiOiJvbiIsInZlcnNpb24iOm51bGx9fQ%3D%3D&amp;frame=false&amp;hideCard=false&amp;hideThread=false&amp;id=1995882228820111807&amp;lang=cs&amp;origin=https%3A%2F%2Funcutnews.ch%2Fputin-klartext-wenn-europa-krieg-will-sind-wir-bereit-und-er-wird-brutal-sein-europa-konnte-nach-einem-krieg-nicht-mehr-existieren-video%2F&amp;sessionId=23242c9b6762e10b6c3ac1869f64bf4d49df4cee&amp;theme=light&amp;widgetsVersion=2615f7e52b7e0%3A1702314776716&amp;width=550px\" frameborder=\"0\" scrolling=\"no\" allowfullscreen=\"allowfullscreen\" data-tweet-id=\"1995882228820111807\" data-mce-fragment=\"1\"><\/iframe><\/div>\n<p><em><strong><span dir=\"auto\">P\u0159eklad \u201eX\u201c<\/span><\/strong><span dir=\"auto\">\u00a0: Putin pr\u00e1v\u011b odpov\u00edd\u00e1 na ot\u00e1zku report\u00e9ra, pro\u010d Rusko a USA vylou\u010dily EU z m\u00edrov\u00fdch rozhovor\u016f o Ukrajin\u011b (m\u016fj p\u0159eklad): \u201eM\u011bli tuto fantazii o tom, \u017ee Rusku zp\u016fsob\u00ed strategickou por\u00e1\u017eku, a v\u0161echny tyto opakuj\u00edc\u00ed se argumenty [od p\u0159edstavitel\u016f EU] ukazuj\u00ed, \u017ee n\u011bkte\u0159\u00ed z nich jsou st\u00e1le v pasti t\u011bchto iluz\u00ed. I kdy\u017e v\u011bd\u00ed, velmi dob\u0159e v\u011bd\u00ed, \u017ee tato lo\u010f vyplula u\u017e d\u00e1vno a nikdy nebyla realistick\u00e1. Prost\u011b se p\u0159esv\u011bd\u010dili, \u017ee je to pravda, proto\u017ee tomu cht\u011bli v\u011b\u0159it. A te\u010f se nedok\u00e1\u017eou p\u0159iznat, \u017ee se m\u00fdlili. V podstat\u011b se z cel\u00e9ho procesu st\u00e1hli. To je zaprv\u00e9. Zadruh\u00e9, d\u00edvaj\u00ed se na sou\u010dasnou situaci, nel\u00edb\u00ed se jim, co vid\u00ed, a m\u00edsto toho, aby byli n\u00e1pomocn\u00ed, za\u010dali br\u00e1nit sou\u010dasn\u00e9 americk\u00e9 administrativ\u011b a prezidentu Trumpovi, kter\u00fd se sna\u017e\u00ed dos\u00e1hnout m\u00edrov\u00e9 dohody prost\u0159ednictv\u00edm jedn\u00e1n\u00ed. Sami se st\u00e1hli z rozhovor\u016f a nyn\u00ed tak\u00e9 blokuj\u00ed Trumpa. Zat\u0159et\u00ed, nemaj\u00ed v\u016fbec tu\u0161en\u00ed.\u201c M\u00edrov\u00fd pl\u00e1n. Otev\u0159en\u011b podporuj\u00ed v\u00e1lku. A i kdy\u017e tvrd\u00ed, \u017ee navrhuj\u00ed \u201e\u00fapravy\u201c Trumpova pl\u00e1nu, je z\u0159ejm\u00e9, co d\u011blaj\u00ed: Ka\u017ed\u00e1 z t\u011bchto zm\u011bn je navr\u017eena tak, aby zcela zhatila m\u00edrov\u00fd proces. Stanovuj\u00ed podm\u00ednky, o kter\u00fdch v\u011bd\u00ed, \u017ee je Rusko nikdy nem\u016f\u017ee akceptovat, a pak pl\u00e1nuj\u00ed pozd\u011bji Rusko obvinit z ne\u00fasp\u011bchu. To je cel\u00e1 hra. A my to vid\u00edme velmi jasn\u011b. Tak\u017ee pokud se cht\u011bj\u00ed vr\u00e1tit na zem a vypo\u0159\u00e1dat se s realitou v ter\u00e9nu, jsou v\u00edce ne\u017e v\u00edt\u00e1ni, aby se [k procesu] p\u0159ipojili.\u201c<\/span><\/em><\/p>\n<p><span dir=\"auto\">D\u016fle\u017eit\u00e9 je, \u017ee tak\u00e9\u00a0<\/span><strong><span dir=\"auto\">sl\u00edbil roz\u0161\u00ed\u0159en\u00ed \u00fatok\u016f na ukrajinsk\u00e9 p\u0159\u00edstavy<\/span><\/strong><span dir=\"auto\">\u00a0jako odvetu za p\u0159ibli\u017en\u011b \u010dty\u0159i tankery, kter\u00e9 ji\u017e byly zasa\u017eeny ukrajinsk\u00fdmi \u00fatoky, je\u017e byly pravd\u011bpodobn\u011b podporov\u00e1ny z\u00e1padn\u00edmi zpravodajsk\u00fdmi slu\u017ebami. Dal\u0161\u00ed citace z jeho prohl\u00e1\u0161en\u00ed pro tiskov\u00e9 agentury:<\/span><\/p>\n<ul>\n<li><span dir=\"auto\">Evropan\u00e9 se z rozhovor\u016f st\u00e1hli.<\/span><\/li>\n<li><span dir=\"auto\">\u00datoky na tankery pobl\u00ed\u017e Turecka jsou pir\u00e1tstv\u00ed.<\/span><\/li>\n<li><span dir=\"auto\">Proti tanker\u016fm ze zem\u00ed, kter\u00e9 pom\u00e1haj\u00ed Ukrajin\u011b, se p\u0159ij\u00edmaj\u00ed opat\u0159en\u00ed.<\/span><\/li>\n<li><span dir=\"auto\">\u00datoky na za\u0159\u00edzen\u00ed a ukrajinsk\u00e9 lod\u011b se zintenziv\u0148uj\u00ed.<\/span><\/li>\n<li><span dir=\"auto\">Pokud budou \u00fatoky pokra\u010dovat, Rusko by mohlo za\u00fato\u010dit na ukrajinsk\u00e9 tankery.<\/span><\/li>\n<\/ul>\n<p><span dir=\"auto\">Prezident Zelenskyj mezit\u00edm uznal, \u017ee cesta vp\u0159ed bude \u201eobt\u00ed\u017en\u00e1\u201c \u2013 ale zat\u00edm p\u0159\u00edmo neodm\u00edtl pl\u00e1n navr\u017een\u00fd Trumpem, proto\u017ee v\u011bd\u011bl, \u017ee by mohl kdykoli ztratit finan\u010dn\u00ed a politickou podporu USA.\u00a0<\/span><strong><span dir=\"auto\">\u201eNyn\u00ed v\u00edce ne\u017e kdy jindy existuje \u0161ance tuto v\u00e1lku ukon\u010dit,\u201c<\/span><\/strong><span dir=\"auto\">\u00a0\u0159ekl v \u00fater\u00fd b\u011bhem n\u00e1v\u0161t\u011bvy Irska.<\/span><\/p>\n<div class=\"twitter-tweet twitter-tweet-rendered\"><iframe id=\"twitter-widget-2\" class=\"\" title=\"X Post\" src=\"https:\/\/platform.twitter.com\/embed\/Tweet.html?dnt=false&amp;embedId=twitter-widget-2&amp;features=eyJ0ZndfdGltZWxpbmVfbGlzdCI6eyJidWNrZXQiOltdLCJ2ZXJzaW9uIjpudWxsfSwidGZ3X2ZvbGxvd2VyX2NvdW50X3N1bnNldCI6eyJidWNrZXQiOnRydWUsInZlcnNpb24iOm51bGx9LCJ0ZndfdHdlZXRfZWRpdF9iYWNrZW5kIjp7ImJ1Y2tldCI6Im9uIiwidmVyc2lvbiI6bnVsbH0sInRmd19yZWZzcmNfc2Vzc2lvbiI6eyJidWNrZXQiOiJvbiIsInZlcnNpb24iOm51bGx9LCJ0ZndfZm9zbnJfc29mdF9pbnRlcnZlbnRpb25zX2VuYWJsZWQiOnsiYnVja2V0Ijoib24iLCJ2ZXJzaW9uIjpudWxsfSwidGZ3X21peGVkX21lZGlhXzE1ODk3Ijp7ImJ1Y2tldCI6InRyZWF0bWVudCIsInZlcnNpb24iOm51bGx9LCJ0ZndfZXhwZXJpbWVudHNfY29va2llX2V4cGlyYXRpb24iOnsiYnVja2V0IjoxMjA5NjAwLCJ2ZXJzaW9uIjpudWxsfSwidGZ3X3Nob3dfYmlyZHdhdGNoX3Bpdm90c19lbmFibGVkIjp7ImJ1Y2tldCI6Im9uIiwidmVyc2lvbiI6bnVsbH0sInRmd19kdXBsaWNhdGVfc2NyaWJlc190b19zZXR0aW5ncyI6eyJidWNrZXQiOiJvbiIsInZlcnNpb24iOm51bGx9LCJ0ZndfdXNlX3Byb2ZpbGVfaW1hZ2Vfc2hhcGVfZW5hYmxlZCI6eyJidWNrZXQiOiJvbiIsInZlcnNpb24iOm51bGx9LCJ0ZndfdmlkZW9faGxzX2R5bmFtaWNfbWFuaWZlc3RzXzE1MDgyIjp7ImJ1Y2tldCI6InRydWVfYml0cmF0ZSIsInZlcnNpb24iOm51bGx9LCJ0ZndfbGVnYWN5X3RpbWVsaW5lX3N1bnNldCI6eyJidWNrZXQiOnRydWUsInZlcnNpb24iOm51bGx9LCJ0ZndfdHdlZXRfZWRpdF9mcm9udGVuZCI6eyJidWNrZXQiOiJvbiIsInZlcnNpb24iOm51bGx9fQ%3D%3D&amp;frame=false&amp;hideCard=false&amp;hideThread=false&amp;id=1995873487806751007&amp;lang=cs&amp;origin=https%3A%2F%2Funcutnews.ch%2Fputin-klartext-wenn-europa-krieg-will-sind-wir-bereit-und-er-wird-brutal-sein-europa-konnte-nach-einem-krieg-nicht-mehr-existieren-video%2F&amp;sessionId=23242c9b6762e10b6c3ac1869f64bf4d49df4cee&amp;theme=light&amp;widgetsVersion=2615f7e52b7e0%3A1702314776716&amp;width=550px\" frameborder=\"0\" scrolling=\"no\" allowfullscreen=\"allowfullscreen\" data-tweet-id=\"1995873487806751007\" data-mce-fragment=\"1\"><\/iframe><\/div>\n<p><em><strong><span dir=\"auto\">P\u0159eklad \u201eX\u201c<\/span><\/strong><span dir=\"auto\">\u00a0: Putin: Pokud Evropa zah\u00e1j\u00ed v\u00e1lku s Ruskem, brzy \u201enebude s k\u00fdm vyjedn\u00e1vat\u201c. Rusko nepl\u00e1nuje v\u00e1lku proti evropsk\u00fdm zem\u00edm, ale pokud Evropa v\u00e1lku zah\u00e1j\u00ed, je \u201eokam\u017eit\u011b p\u0159ipraveno\u201c.<\/span><\/em><\/p>\n<p><em><span dir=\"auto\">N\u00ed\u017ee je uvedena pozn\u00e1mka, kter\u00e1 zasazuje sou\u010dasnou situaci do kontextu na z\u00e1klad\u011b informac\u00ed od Rabobank\u2026<\/span><\/em><\/p>\n<p><span dir=\"auto\">Ukrajina prohla\u0161uje, \u017ee k dosa\u017een\u00ed m\u00edrov\u00e9 dohody je t\u0159eba vy\u0159e\u0161it \u201eobt\u00ed\u017en\u00e9 ot\u00e1zky\u201c, ale t\u011b\u017ek\u00e1 ruka USA by je mohla p\u0159ekonat:\u00a0<\/span><strong><span dir=\"auto\">T\u00fdm B\u00edl\u00e9ho domu je v Moskv\u011b na jedn\u00e1n\u00ed; Evropan\u00e9 nejsou u jednac\u00edho stolu<\/span><\/strong><span dir=\"auto\">\u00a0. To se d\u011bje v dob\u011b, kdy Rusko tvrd\u00ed, \u017ee filip\u00ednsk\u00e9 jednotky bojuj\u00ed na Ukrajin\u011b (!); test jeho balistick\u00e9 rakety Satan II selhal;\u00a0<\/span><a href=\"https:\/\/public-eur.mkt.dynamics.com\/api\/orgs\/285245b1-7c6f-ef11-a66d-000d3a4b6c6a\/r\/70JVaSirCkelh33tZ58CAAEAAAA?msdynmkt_target=%7B%22TargetUrl%22%3A%22https%253A%252F%252Fwww.ft.com%252Fcontent%252Fe907c2fa-2d3b-4269-bc6c-b2fee4d9f688%22%2C%22RedirectOptions%22%3A%7B%225%22%3Anull%2C%221%22%3Anull%2C%222%22%3A%7B%22utm_medium%22%3A%22email%22%2C%22utm_term%22%3A%22N%2FA%22%2C%22utm_source%22%3A%22dynamics-rr%22%2C%22utm_content%22%3A%22Email%20343%22%2C%22utm_campaign%22%3A%22SN%3A%20Email%20343%20e1f1a9%22%7D%7D%7D&amp;msdynmkt_digest=KMZWuBhuO2tYNYcvzn2CWcOTsXGC5MHb05ooL7RJ5lA%3D&amp;msdynmkt_secretVersion=7bb221762d0c46939816d3a5592b1359\" target=\"_blank\" rel=\"noreferrer noopener\"><span dir=\"auto\">\u010d\u00ednsk\u00e1 spole\u010dnost<\/span><\/a><span dir=\"auto\">\u00a0z\u00edskala pod\u00edl v rusk\u00e9m v\u00fdrobci dron\u016f; a Rusko tvrd\u00ed, \u017ee kone\u010dn\u011b dobylo strategicky d\u016fle\u017eit\u00e1 ukrajinsk\u00e1 m\u011bsta Pokrovsk a Vov\u010dansk.<\/span><\/p>\n<p><span dir=\"auto\">Evropa chce reorganizovat sv\u00e9 pohrani\u010dn\u00ed str\u00e1\u017en\u00ed s\u00edly a B\u00edl\u00e9mu domu sd\u011blila, \u017ee v \u017e\u00e1dn\u00e9 dohod\u011b nep\u0159ijme \u017e\u00e1dnou milost za Putinovy \u200b\u200bv\u00e1le\u010dn\u00e9 zlo\u010diny \u2013 ale co kdy\u017e s takovou dohodou souhlas\u00ed USA? WSJ p\u00ed\u0161e: \u201e\u00a0<\/span><a href=\"https:\/\/public-eur.mkt.dynamics.com\/api\/orgs\/285245b1-7c6f-ef11-a66d-000d3a4b6c6a\/r\/70JVaSirCkelh33tZ58CAAIAAAA?msdynmkt_target=%7B%22TargetUrl%22%3A%22https%253A%252F%252Fwww.wsj.com%252Fworld%252Feurope%252Ftrump-russia-ukraine-nato-future-7fb3e220%22%2C%22RedirectOptions%22%3A%7B%225%22%3Anull%2C%221%22%3Anull%2C%222%22%3A%7B%22utm_medium%22%3A%22email%22%2C%22utm_term%22%3A%22N%2FA%22%2C%22utm_source%22%3A%22dynamics-rr%22%2C%22utm_content%22%3A%22Email%20343%22%2C%22utm_campaign%22%3A%22SN%3A%20Email%20343%20e1f1a9%22%7D%7D%7D&amp;msdynmkt_digest=5Gx3dtLbAUNp5jd95uXuIY8l325KKttpPYUfmZ3lRuE%3D&amp;msdynmkt_secretVersion=7bb221762d0c46939816d3a5592b1359\" target=\"_blank\" rel=\"noreferrer noopener\"><span dir=\"auto\">Trumpovo \u00fasil\u00ed o ukon\u010den\u00ed v\u00e1lky na Ukrajin\u011b vyvol\u00e1v\u00e1 nov\u00e9 obavy o budoucnost NATO<\/span><\/a><span dir=\"auto\">\u00a0.\u201c To v\u0161e nazna\u010duje bu\u010f\u00a0<\/span><em><span dir=\"auto\">mnohem<\/span><\/em><span dir=\"auto\">\u00a0vy\u0161\u0161\u00ed vojensk\u00e9 v\u00fddaje pro Evropu a rychlej\u0161\u00ed postup, ne\u017e se pl\u00e1novalo, nebo rozkol mezi t\u011bmi, kte\u0159\u00ed v\u011b\u0159\u00ed, \u017ee je to nutn\u00e9, a t\u011bmi, kte\u0159\u00ed si mysl\u00ed, \u017ee v\u00fdbory a zkratky jsou dostate\u010dnou obranou.<\/span><\/p>\n<p><strong><span dir=\"auto\">* * *<\/span><\/strong><\/p>\n<p><span dir=\"auto\">Zat\u00edm to v Moskv\u011b vypad\u00e1 slibn\u011b\u2026<\/span><\/p>\n<div class=\"twitter-tweet twitter-tweet-rendered\"><iframe id=\"twitter-widget-3\" class=\"\" title=\"X Post\" src=\"https:\/\/platform.twitter.com\/embed\/Tweet.html?dnt=false&amp;embedId=twitter-widget-3&amp;features=eyJ0ZndfdGltZWxpbmVfbGlzdCI6eyJidWNrZXQiOltdLCJ2ZXJzaW9uIjpudWxsfSwidGZ3X2ZvbGxvd2VyX2NvdW50X3N1bnNldCI6eyJidWNrZXQiOnRydWUsInZlcnNpb24iOm51bGx9LCJ0ZndfdHdlZXRfZWRpdF9iYWNrZW5kIjp7ImJ1Y2tldCI6Im9uIiwidmVyc2lvbiI6bnVsbH0sInRmd19yZWZzcmNfc2Vzc2lvbiI6eyJidWNrZXQiOiJvbiIsInZlcnNpb24iOm51bGx9LCJ0ZndfZm9zbnJfc29mdF9pbnRlcnZlbnRpb25zX2VuYWJsZWQiOnsiYnVja2V0Ijoib24iLCJ2ZXJzaW9uIjpudWxsfSwidGZ3X21peGVkX21lZGlhXzE1ODk3Ijp7ImJ1Y2tldCI6InRyZWF0bWVudCIsInZlcnNpb24iOm51bGx9LCJ0ZndfZXhwZXJpbWVudHNfY29va2llX2V4cGlyYXRpb24iOnsiYnVja2V0IjoxMjA5NjAwLCJ2ZXJzaW9uIjpudWxsfSwidGZ3X3Nob3dfYmlyZHdhdGNoX3Bpdm90c19lbmFibGVkIjp7ImJ1Y2tldCI6Im9uIiwidmVyc2lvbiI6bnVsbH0sInRmd19kdXBsaWNhdGVfc2NyaWJlc190b19zZXR0aW5ncyI6eyJidWNrZXQiOiJvbiIsInZlcnNpb24iOm51bGx9LCJ0ZndfdXNlX3Byb2ZpbGVfaW1hZ2Vfc2hhcGVfZW5hYmxlZCI6eyJidWNrZXQiOiJvbiIsInZlcnNpb24iOm51bGx9LCJ0ZndfdmlkZW9faGxzX2R5bmFtaWNfbWFuaWZlc3RzXzE1MDgyIjp7ImJ1Y2tldCI6InRydWVfYml0cmF0ZSIsInZlcnNpb24iOm51bGx9LCJ0ZndfbGVnYWN5X3RpbWVsaW5lX3N1bnNldCI6eyJidWNrZXQiOnRydWUsInZlcnNpb24iOm51bGx9LCJ0ZndfdHdlZXRfZWRpdF9mcm9udGVuZCI6eyJidWNrZXQiOiJvbiIsInZlcnNpb24iOm51bGx9fQ%3D%3D&amp;frame=false&amp;hideCard=false&amp;hideThread=false&amp;id=1995891715102965817&amp;lang=cs&amp;origin=https%3A%2F%2Funcutnews.ch%2Fputin-klartext-wenn-europa-krieg-will-sind-wir-bereit-und-er-wird-brutal-sein-europa-konnte-nach-einem-krieg-nicht-mehr-existieren-video%2F&amp;sessionId=23242c9b6762e10b6c3ac1869f64bf4d49df4cee&amp;theme=light&amp;widgetsVersion=2615f7e52b7e0%3A1702314776716&amp;width=550px\" frameborder=\"0\" scrolling=\"no\" allowfullscreen=\"allowfullscreen\" data-tweet-id=\"1995891715102965817\" data-mce-fragment=\"1\"><\/iframe><\/div>\n<p><em><strong><span dir=\"auto\">P\u0159eklad \u201eX\u201c<\/span><\/strong><span dir=\"auto\">\u00a0: Zvl\u00e1\u0161tn\u00ed vyslanec USA Steve Witkoff a Jared Kushner, ze\u0165 prezidenta Trumpa, byli dnes ve\u010der spat\u0159eni v Moskv\u011b p\u0159i ve\u010de\u0159i a proch\u00e1zce s Kirillem Dmitrijevem, \u0161\u00e9fem Rusk\u00e9ho fondu p\u0159\u00edm\u00fdch investic.<\/span><\/em><\/p>\n<p><strong><em><span dir=\"auto\">Od Tylera Durdena<\/span><\/em><\/strong><\/p>\n<\/div>\n<\/div>\n<div class=\"elementor-element elementor-element-8c57238 quelle dc-has-condition dc-condition-empty elementor-widget elementor-widget-heading\" data-id=\"8c57238\" data-element_type=\"widget\" data-widget_type=\"heading.default\">\n<div class=\"elementor-widget-container\">\n<h3 class=\"elementor-heading-title elementor-size-default\"><span style=\"font-size: 10pt;\"><a href=\"https:\/\/www.zerohedge.com\/geopolitical\/putin-threatens-ready-war-against-europe-if-attacks-russian-tankers-energy-continue\" target=\"_blank\" rel=\"nofollow noopener\"><span dir=\"auto\">Zdroj<\/span><\/a><\/span><\/h3>\n<p>&nbsp;<\/p>\n<\/div>\n<\/div>\n","protected":false},"excerpt":{"rendered":"<p>Americk\u00fd vyslanec Steve Witkoff a Trump\u016fv ze\u0165 a neofici\u00e1ln\u00ed diplomat Jared Kushner byli v \u00fater\u00fd&#8230;<\/p>\n","protected":false},"author":2,"featured_media":93783,"comment_status":"closed","ping_status":"closed","sticky":false,"template":"","format":"standard","meta":[],"categories":[7],"tags":[283,1503,102,40,1461],"_links":{"self":[{"href":"https:\/\/www.infokuryr.cz\/n\/wp-json\/wp\/v2\/posts\/93782"}],"collection":[{"href":"https:\/\/www.infokuryr.cz\/n\/wp-json\/wp\/v2\/posts"}],"about":[{"href":"https:\/\/www.infokuryr.cz\/n\/wp-json\/wp\/v2\/types\/post"}],"author":[{"embeddable":true,"href":"https:\/\/www.infokuryr.cz\/n\/wp-json\/wp\/v2\/users\/2"}],"replies":[{"embeddable":true,"href":"https:\/\/www.infokuryr.cz\/n\/wp-json\/wp\/v2\/comments?post=93782"}],"version-history":[{"count":0,"href":"https:\/\/www.infokuryr.cz\/n\/wp-json\/wp\/v2\/posts\/93782\/revisions"}],"wp:featuredmedia":[{"embeddable":true,"href":"https:\/\/www.infokuryr.cz\/n\/wp-json\/wp\/v2\/media\/93783"}],"wp:attachment":[{"href":"https:\/\/www.infokuryr.cz\/n\/wp-json\/wp\/v2\/media?parent=93782"}],"wp:term":[{"taxonomy":"category","embeddable":true,"href":"https:\/\/www.infokuryr.cz\/n\/wp-json\/wp\/v2\/categories?post=93782"},{"taxonomy":"post_tag","embeddable":true,"href":"https:\/\/www.infokuryr.cz\/n\/wp-json\/wp\/v2\/tags?post=93782"}],"curies":[{"name":"wp","href":"https:\/\/api.w.org\/{rel}","templated":true}]}}