{"id":93754,"date":"2025-12-03T06:12:08","date_gmt":"2025-12-03T05:12:08","guid":{"rendered":"https:\/\/www.infokuryr.cz\/n\/?p=93754"},"modified":"2025-12-03T06:12:08","modified_gmt":"2025-12-03T05:12:08","slug":"jindrich-kulhavy-opravdove-bezpecnostni-riziko","status":"publish","type":"post","link":"https:\/\/www.infokuryr.cz\/n\/2025\/12\/03\/jindrich-kulhavy-opravdove-bezpecnostni-riziko\/","title":{"rendered":"Jind\u0159ich Kulhav\u00fd: Opravdov\u00e9 bezpe\u010dnostn\u00ed riziko"},"content":{"rendered":"<div id=\"fb-root\"><\/div>\n<p><span class=\"anotation\">Bezpe\u010dnostn\u00edm rizikem pro st\u00e1t byl liber\u00e1ly naz\u00fdv\u00e1n Filip Turek. Mladick\u00e9 eskap\u00e1dy v\u00fdrazn\u00e9 tv\u00e1\u0159e Motorist\u016f a pozd\u011bji projevy v\u00e1\u0161n\u011b pro rychlost pova\u017euje moment\u00e1ln\u00ed eskal\u00e1tor nap\u011bt\u00ed ob\u00fdvaj\u00edc\u00ed Pra\u017esk\u00fd hrad za natolik nebezpe\u010dn\u00e9, \u017ee s\u00e1m zapom\u00edn\u00e1 na sebeovl\u00e1d\u00e1n\u00ed.<\/span><\/p>\n<div id=\"pagetext\">\n<p>Skute\u010dn\u00e9 pr\u016f\u0161vihy na\u0161\u00ed diplomacie hledejme jinde. Kvi\u010d\u00edc\u00ed opozice vze\u0161l\u00e1 z posledn\u00edch voleb si chce ud\u011blat samostatn\u00fd v\u00fdlet na Slovensko pot\u00e9, co ji do parlamentn\u00ed delegace Okamura nepozval. M\u011bl k tomu d\u016fvod, proto\u017ee Spolu, STAN i Pir\u00e1ti do nyn\u011bj\u0161\u00ed slovensk\u00e9 vl\u00e1dn\u00ed koalice doslova \u0161ij\u00ed od zvolen\u00ed Fica premi\u00e9rem. Te\u010f, kdy\u017e se v\u00edt\u011bzov\u00e9 na\u0161ich voleb sna\u017e\u00ed vylep\u0161it vz\u00e1jemn\u00e9 vztahy, je b\u00fdval\u00e1 vl\u00e1dn\u00ed ekipa ura\u017een\u00e1 a hled\u00e1 si cestu do Bratislavy sama. Ov\u0161em op\u011bt jen za tamn\u00ed opozic\u00ed. A jen proto, aby pokra\u010dovala ve vytv\u00e1\u0159en\u00ed dal\u0161\u00edch trhlin.<\/p>\n<p>Vr\u00e1t\u00edme li se do minulosti, proti\u010d\u00ednskou provokac\u00ed byly n\u00e1v\u0161t\u011bvy na\u0161ich pseudoelit na Taiwanu, protiruskou n\u011bkolikr\u00e1t v Kyjevu, protitrumpovskou ur\u00e1\u017eej\u00edc\u00ed vyj\u00e1d\u0159en\u00ed Petra Pavla o budouc\u00edm americk\u00e9m prezidentovi Trumpovi. A naopak, \u0159i\u0165olezectv\u00ed Fialy, Zdechovsk\u00e9ho, Nerudov\u00e9, Niedermayera \u010di Gregorov\u00e9 sm\u011b\u0159uj\u00edc\u00ed ke zkorumpovan\u00e9 Leyenov\u00e9, nejsou zrovna uk\u00e1zkou diplomatick\u00e9 \u010di st\u00e1tnick\u00e9 proz\u00edravosti. Ztratit Rusko, \u010c\u00ednu i Spojen\u00e9 st\u00e1ty najednou, to u\u017e je velk\u00fd majstr\u0161tyk. Na\u0161i politici to v\u0161ak dok\u00e1zali. A z\u00e1rove\u0148 n\u00e1s tak o\u017eebra\u010dili.<\/p>\n<p>Ministryn\u011b obrany \u010cernochov\u00e1 p\u0159i ukrajinsk\u00fdch provokac\u00edch se zadr\u017een\u00fdmi a vz\u00e1p\u011bt\u00ed do Polska polo\u017een\u00fdmi rusk\u00fdmi drony, a p\u0159edt\u00edm p\u0159i jin\u00e9 akci ukrajinsk\u00fdch slu\u017eeb, p\u0159i n\u00ed\u017e byli dokonce mrtv\u00ed Pol\u00e1ci, cht\u011bla vyhla\u0161ovat Moskv\u011b v\u00e1lku. Jej\u00ed pod\u0159\u00edzen\u00fd a n\u00e1\u010deln\u00edk Gener\u00e1ln\u00edho \u0161t\u00e1bu na\u0161\u00ed arm\u00e1dy \u0158ehka zase pa\u0161oval na Ukrajinu vojensk\u00e9 drony, z\u00e1rove\u0148 je \u010dlenem iniciativy sh\u00e1n\u011bj\u00edc\u00ed pro Kyjev dal\u0161\u00ed zbran\u011b. \u010cesk\u00fd prezident si zaj\u00e1sal p\u0159i ukrajinsk\u00e9m po\u0161kozen\u00ed tanker\u016f toulaj\u00edc\u00edch se \u010cern\u00fdm\u00a0 mo\u0159em v mezin\u00e1rodn\u00edch \u010di tureck\u00fdch v\u00fdsostn\u00fdch vod\u00e1ch, ani\u017e by domyslel ekologickou katastrofu a pravd\u011bpodobnou drsnou odvetu, p\u0159i n\u00ed\u017e um\u0159e plno lid\u00ed. Je voj\u00e1k a bere to jako \u0161\u00edlenou odvahu. Jako fakt?<\/p>\n<p>St\u00e1t pot\u0159ebuje prosperovat. To bez elekt\u0159iny, plynu a d\u016fle\u017eit\u00fdch surovin nelze. Fialova vl\u00e1da p\u0159istoupila na k\u0161eftov\u00e1n\u00ed s na\u0161\u00ed elekt\u0159inou v Lipsku, od\u0159\u00edznut\u00ed se od rusk\u00fdch zdroj\u016f ropy a plynu (nikolik faktick\u00e9, pouze pap\u00edrov\u00e9 a cenov\u00e9) a na plno dal\u0161\u00edch nesmysl\u016f v\u010detn\u011b zatopen\u00ed \u010dernouheln\u00fdch dol\u016f. To, aby je u\u017e nebylo mo\u017eno znovu otev\u0159\u00edt. Kdo jim dal pr\u00e1vo rozhodovat o budoucnosti, kdy\u017e doslova likviduj\u00ed p\u0159\u00edtomnost? Kam se vytratila strategick\u00e1 samostatnost? Jen idiot nahrazuje stabiln\u00ed zdroje elekt\u0159iny naprosto neefektivn\u00edm sol\u00e1rn\u00edmi a v\u011btrn\u00fdmi nesmysly stoj\u00edc\u00edmi \u010dasto daleko za hranicemi logiky.<\/p>\n<p>Je tedy na m\u00edst\u011b se pt\u00e1t, kdo je skute\u010dnou bezpe\u010dnostn\u00ed hrozbou pro n\u00e1\u0161 st\u00e1t. Zfanatizovan\u00ed unijn\u00ed patol\u00edzalov\u00e9, notori\u010dt\u00ed ideologi\u00ed prostoupen\u00ed \u0161\u00edlenci, greendealov\u00ed \u00fachylov\u00e9 a v\u00e1le\u010dn\u00ed \u0161tv\u00e1\u010di, nebo to jsou ti, kte\u0159\u00ed naz\u00fdvaj\u00ed v\u011bci a popisuj\u00ed ud\u00e1losti naprosto realisticky a pravdiv\u011b? Petr Pavel s Petrem Kol\u00e1\u0159em, Fialovci, Pir\u00e1ti, Dozimetr Raku\u0161an se STANem nebo Okamura s Turkem? M\u016f\u017eete si myslet, co chce, ale my v tom \u00a0m\u00e1me jasno. Ti prvn\u00ed jsou nebezpe\u010dn\u00ed. A d\u011blaj\u00ed ostudu.<\/p>\n<p><a href=\"https:\/\/www.inadhled.live\/uvaha-dne\/opravdove-bezpecnostni-riziko\/\">Jind\u0159ich Kulhav\u00fd<\/a><\/p>\n<p><img decoding=\"async\" loading=\"lazy\" class=\"alignnone size-full wp-image-48136\" src=\"http:\/\/www.infokuryr.cz\/n\/wp-content\/uploads\/2024\/02\/kulhavy-jindrich.jpg\" alt=\"\" width=\"219\" height=\"221\" srcset=\"https:\/\/www.infokuryr.cz\/n\/wp-content\/uploads\/2024\/02\/kulhavy-jindrich.jpg 219w, https:\/\/www.infokuryr.cz\/n\/wp-content\/uploads\/2024\/02\/kulhavy-jindrich-150x150.jpg 150w\" sizes=\"(max-width: 219px) 100vw, 219px\" \/><\/p>\n<\/div>\n","protected":false},"excerpt":{"rendered":"<p>Bezpe\u010dnostn\u00edm rizikem pro st\u00e1t byl liber\u00e1ly naz\u00fdv\u00e1n Filip Turek. Mladick\u00e9 eskap\u00e1dy v\u00fdrazn\u00e9 tv\u00e1\u0159e Motorist\u016f a&#8230;<\/p>\n","protected":false},"author":2,"featured_media":93755,"comment_status":"closed","ping_status":"closed","sticky":false,"template":"","format":"standard","meta":[],"categories":[6],"tags":[6991,1173,1411],"_links":{"self":[{"href":"https:\/\/www.infokuryr.cz\/n\/wp-json\/wp\/v2\/posts\/93754"}],"collection":[{"href":"https:\/\/www.infokuryr.cz\/n\/wp-json\/wp\/v2\/posts"}],"about":[{"href":"https:\/\/www.infokuryr.cz\/n\/wp-json\/wp\/v2\/types\/post"}],"author":[{"embeddable":true,"href":"https:\/\/www.infokuryr.cz\/n\/wp-json\/wp\/v2\/users\/2"}],"replies":[{"embeddable":true,"href":"https:\/\/www.infokuryr.cz\/n\/wp-json\/wp\/v2\/comments?post=93754"}],"version-history":[{"count":0,"href":"https:\/\/www.infokuryr.cz\/n\/wp-json\/wp\/v2\/posts\/93754\/revisions"}],"wp:featuredmedia":[{"embeddable":true,"href":"https:\/\/www.infokuryr.cz\/n\/wp-json\/wp\/v2\/media\/93755"}],"wp:attachment":[{"href":"https:\/\/www.infokuryr.cz\/n\/wp-json\/wp\/v2\/media?parent=93754"}],"wp:term":[{"taxonomy":"category","embeddable":true,"href":"https:\/\/www.infokuryr.cz\/n\/wp-json\/wp\/v2\/categories?post=93754"},{"taxonomy":"post_tag","embeddable":true,"href":"https:\/\/www.infokuryr.cz\/n\/wp-json\/wp\/v2\/tags?post=93754"}],"curies":[{"name":"wp","href":"https:\/\/api.w.org\/{rel}","templated":true}]}}