{"id":93717,"date":"2025-12-03T00:25:46","date_gmt":"2025-12-02T23:25:46","guid":{"rendered":"https:\/\/www.infokuryr.cz\/n\/?p=93717"},"modified":"2025-12-02T10:09:26","modified_gmt":"2025-12-02T09:09:26","slug":"byvaly-cesky-disident-a-politik-dostal-dvoulety-podmineny-trest-za-noseni-mikiny-s-napisem-z","status":"publish","type":"post","link":"https:\/\/www.infokuryr.cz\/n\/2025\/12\/03\/byvaly-cesky-disident-a-politik-dostal-dvoulety-podmineny-trest-za-noseni-mikiny-s-napisem-z\/","title":{"rendered":"B\u00fdval\u00fd \u010desk\u00fd disident a politik dostal dvoulet\u00fd podm\u00edn\u011bn\u00fd trest za no\u0161en\u00ed mikiny s n\u00e1pisem &#8218;Z&#8216;"},"content":{"rendered":"<div id=\"fb-root\"><\/div>\n<p>B\u00fdval\u00e9ho politika, disidenta, signat\u00e1\u0159e Charty 77 a politick\u00e9ho v\u011bzn\u011b z doby, kdy se \u010dlen KS\u010c Petr Pavel alias P\u00e1vek p\u0159ipravoval na kari\u00e9ru rozv\u011bd\u010d\u00edka a jeho \u017eena na kari\u00e9ru politru\u010dky komunistick\u00e9ho re\u017eimu, Pavla K\u0159ivku Okresn\u00ed soud v Pardubic\u00edch odsoudil k \u0161esti m\u011bs\u00edc\u016fm v\u011bzen\u00ed s podm\u00edn\u011bn\u00fdm odkladem na dva roky.<\/p>\n<p>Pavel K\u0159ivka byl odsouzen za to, \u017ee dne 2. dubna 2024 \u0161el po pardubick\u00e9 t\u0159\u00edd\u011b M\u00edru v \u010dern\u00e9 mikin\u011b s velk\u00fdm b\u00edl\u00fdm p\u00edsmenem &#8222;Z&#8220; na hrudi a men\u0161\u00edm rusk\u00fdm n\u00e1pisem Za pob\u011bdu (Za v\u00edt\u011bzstv\u00ed) v azbuce.<\/p>\n<p><em>Pozn\u00e1mka: Kdyby Pavel K\u0159ivka nosil tri\u010dka s masov\u00fdm vrahem a eSeS\u00e1kem Banderou \u010di Suchevy\u010dem nebo s\u00a0 h\u00e1kov\u00fdm k\u0159\u00ed\u017eem, trojzubcem \u010di insigniemi Wehrmachtu, mohl dostat z rukou komunistick\u00e9ho rozv\u011bd\u010d\u00edka \u0159\u00e1d B\u00edl\u00e9ho lva.<\/em><\/p>\n<div class='videoWrapper'>\r\n\t            <iframe src='https:\/\/rumble.com\/embed\/pj.v70a51a\/' frameborder='0' allowfullscreen><\/iframe>\r\n\t        <\/div>\n<p>&nbsp;<\/p>\n<h4>FOTOGRAFIE PAVLA K\u0154IVKY:<\/h4>\n<p><img decoding=\"async\" loading=\"lazy\" class=\"aligncenter\" src=\"https:\/\/www.czechfreepress.cz\/images\/stories\/com_form2content\/p2\/f29011\/53.jpg\" alt=\"byvaly-cesky-disident-a-politik-dostal-dvoulety-podmineny-trest-za-noseni-tricka-s-napisem-z\" width=\"746\" height=\"424\" \/><\/p>\n<p><img decoding=\"async\" loading=\"lazy\" class=\"aligncenter\" src=\"https:\/\/www.czechfreepress.cz\/images\/stories\/com_form2content\/p2\/f29011\/54.jpg\" alt=\"byvaly-cesky-disident-a-politik-dostal-dvoulety-podmineny-trest-za-noseni-tricka-s-napisem-z\" width=\"530\" height=\"483\" \/><\/p>\n<p><img decoding=\"async\" loading=\"lazy\" class=\"aligncenter\" src=\"https:\/\/www.czechfreepress.cz\/images\/stories\/com_form2content\/p2\/f29011\/55.jpg\" alt=\"byvaly-cesky-disident-a-politik-dostal-dvoulety-podmineny-trest-za-noseni-tricka-s-napisem-z\" width=\"606\" height=\"522\" \/><\/p>\n<h3>Zr\u016fdn\u00e1 st\u00e1tn\u00ed z\u00e1stupkyn\u011b:<\/h3>\n<p>Tyto zr\u016fdy kter\u00e9 \u0161lapou po pr\u00e1vu a lidsk\u00fdch svobod\u00e1ch je t\u0159eba postavit p\u0159ed lidov\u00e9 soudy, kter\u00e9 je nutn\u00e9 a\u017e skon\u010d\u00ed vl\u00e1dy globalist\u016f znova obnovit.<\/p>\n<p><img decoding=\"async\" loading=\"lazy\" class=\"aligncenter\" src=\"https:\/\/www.czechfreepress.cz\/images\/stories\/com_form2content\/p2\/f29011\/56.jpg\" alt=\"byvaly-cesky-disident-a-politik-dostal-dvoulety-podmineny-trest-za-noseni-tricka-s-napisem-z\" width=\"611\" height=\"730\" \/><\/p>\n<p><img decoding=\"async\" loading=\"lazy\" class=\"alignnone size-full wp-image-1185\" src=\"http:\/\/www.infokuryr.cz\/n\/wp-content\/uploads\/2021\/04\/kuryr-podpis.png\" alt=\"\" width=\"84\" height=\"24\" \/><\/p>\n<p>&nbsp;<\/p>\n","protected":false},"excerpt":{"rendered":"<p>B\u00fdval\u00e9ho politika, disidenta, signat\u00e1\u0159e Charty 77 a politick\u00e9ho v\u011bzn\u011b z doby, kdy se \u010dlen KS\u010c&#8230;<\/p>\n","protected":false},"author":2,"featured_media":88754,"comment_status":"closed","ping_status":"closed","sticky":false,"template":"","format":"standard","meta":[],"categories":[6],"tags":[144,10196,520,324],"_links":{"self":[{"href":"https:\/\/www.infokuryr.cz\/n\/wp-json\/wp\/v2\/posts\/93717"}],"collection":[{"href":"https:\/\/www.infokuryr.cz\/n\/wp-json\/wp\/v2\/posts"}],"about":[{"href":"https:\/\/www.infokuryr.cz\/n\/wp-json\/wp\/v2\/types\/post"}],"author":[{"embeddable":true,"href":"https:\/\/www.infokuryr.cz\/n\/wp-json\/wp\/v2\/users\/2"}],"replies":[{"embeddable":true,"href":"https:\/\/www.infokuryr.cz\/n\/wp-json\/wp\/v2\/comments?post=93717"}],"version-history":[{"count":1,"href":"https:\/\/www.infokuryr.cz\/n\/wp-json\/wp\/v2\/posts\/93717\/revisions"}],"predecessor-version":[{"id":93718,"href":"https:\/\/www.infokuryr.cz\/n\/wp-json\/wp\/v2\/posts\/93717\/revisions\/93718"}],"wp:featuredmedia":[{"embeddable":true,"href":"https:\/\/www.infokuryr.cz\/n\/wp-json\/wp\/v2\/media\/88754"}],"wp:attachment":[{"href":"https:\/\/www.infokuryr.cz\/n\/wp-json\/wp\/v2\/media?parent=93717"}],"wp:term":[{"taxonomy":"category","embeddable":true,"href":"https:\/\/www.infokuryr.cz\/n\/wp-json\/wp\/v2\/categories?post=93717"},{"taxonomy":"post_tag","embeddable":true,"href":"https:\/\/www.infokuryr.cz\/n\/wp-json\/wp\/v2\/tags?post=93717"}],"curies":[{"name":"wp","href":"https:\/\/api.w.org\/{rel}","templated":true}]}}