{"id":93697,"date":"2025-12-03T00:19:09","date_gmt":"2025-12-02T23:19:09","guid":{"rendered":"https:\/\/www.infokuryr.cz\/n\/?p=93697"},"modified":"2025-12-02T09:23:46","modified_gmt":"2025-12-02T08:23:46","slug":"james-corbett-prisne-tajny-plan-jak-vas-zotrocit-odhaleno","status":"publish","type":"post","link":"https:\/\/www.infokuryr.cz\/n\/2025\/12\/03\/james-corbett-prisne-tajny-plan-jak-vas-zotrocit-odhaleno\/","title":{"rendered":"James Corbett: P\u0159\u00edsn\u011b tajn\u00fd pl\u00e1n, jak v\u00e1s zotro\u010dit (Odhaleno!!!)"},"content":{"rendered":"<div id=\"fb-root\"><\/div>\n<div class=\"elementor-element elementor-element-1fb4c2c elementor-widget elementor-widget-theme-post-content\" data-id=\"1fb4c2c\" data-element_type=\"widget\" data-widget_type=\"theme-post-content.default\">\n<div class=\"elementor-widget-container\">\n<p><strong><span dir=\"auto\">Zn\u00e1\u0161 m\u011b. V\u017edycky se mi poda\u0159\u00ed vyhrabat ty nejtajn\u011bj\u0161\u00ed pl\u00e1ny, kter\u00e9 tajn\u00ed spiklenci vymysleli (a kter\u00e9 ty absolutn\u011b nesm\u00ed\u0161 vid\u011bt!).<\/span><\/strong><\/p>\n<p><span dir=\"auto\">Nap\u0159\u00edklad kdy\u017e jsem se v utajen\u00ed sna\u017eil ukr\u00e1st tajn\u00e9 pl\u00e1ny Joea Bidena (jeho poskok\u016f) pro jeho novou administrativu (v\u010detn\u011b Summitu pro demokracii, kter\u00fd se konal o n\u011bkolik m\u011bs\u00edc\u016f pozd\u011bji).<\/span><\/p>\n<p><span dir=\"auto\">Nebo kdy\u017e jsem v\u00e1m v d\u016fsledku medializovan\u00e9 pandemie koronaviru poskytl tajn\u00e9 n\u00e1vrhy z\u00e1kon\u016f o povinn\u00e9m o\u010dkov\u00e1n\u00ed, karant\u00e9n\u00e1ch a na\u0159\u00edzen\u00edch o l\u00e9ka\u0159sk\u00e9 nouzov\u00e9 situaci.<\/span><\/p>\n<p><span dir=\"auto\">Nebo kdy\u017e jsem odhalil p\u0159\u00edsn\u011b tajnou knihu \u0158\u00edmsk\u00e9ho klubu, kter\u00e1 popisuje jejich (tajn\u00fd) pl\u00e1n, jak vyu\u017e\u00edt klimatick\u00fdch zm\u011bn jako z\u00e1minku k \u201evytvo\u0159en\u00ed spole\u010dn\u00e9ho nep\u0159\u00edtele, proti kter\u00e9mu se m\u016f\u017eeme sjednotit\u201c. (Spoiler: Spole\u010dn\u00fdm nep\u0159\u00edtelem \u201eje samo lidstvo\u201c).<\/span><\/p>\n<p><span dir=\"auto\">Nebo kdy\u017e jsem odhalil p\u0159\u00edsn\u011b tajn\u00e9 p\u0159izn\u00e1n\u00ed Davida Rothkopfa, \u017ee existuje tajn\u00e1 \u201esupert\u0159\u00edda\u201c 6 000 lid\u00ed, kte\u0159\u00ed ve skute\u010dnosti ovl\u00e1daj\u00ed sv\u011btov\u00e9 d\u011bn\u00ed v z\u00e1kulis\u00ed.<\/span><\/p>\n<p><span dir=\"auto\">Ano, \u0159ekn\u011bme, \u017ee m\u00e1m p\u0159\u00edsn\u011b tajn\u00e9 zdroje, o kter\u00fdch v\u00e1m nic ne\u0159eknu (tak\u017ee se m\u011b na odkazy neptejte). \u201eProst\u011b v\u011b\u0159te mn\u011b a m\u00fdm tajn\u00fdm zdroj\u016fm!\u201c To \u0159\u00edk\u00e1m v\u017edycky!<\/span><\/p>\n<p><span dir=\"auto\">Tak\u017ee tady je dal\u0161\u00ed neuv\u011b\u0159iteln\u00fd, supertajn\u00fd, p\u0159\u00edsn\u011b d\u016fv\u011brn\u00fd, dlouho skr\u00fdvan\u00fd manifest, kter\u00fd se mi dostal do rukou. Je to podrobn\u00fd n\u00e1vod, kter\u00fdm se po stalet\u00ed \u0159\u00edd\u00ed mocnosti, kter\u00e9 by nem\u011bly existovat, a jeho\u017e c\u00edlem je dov\u00e9st v\u00e1s p\u0159\u00edmo do otroctv\u00ed.<\/span><\/p>\n<p><span dir=\"auto\">Ale nebojte se, jsem tak \u0161t\u011bdr\u00fd, \u017ee v\u00e1m dokonce prozrad\u00edm cel\u00fd pl\u00e1n!<\/span><\/p>\n<h3 class=\"wp-block-heading has-medium-font-size\"><strong><span dir=\"auto\">Pl\u00e1n<\/span><\/strong><\/h3>\n<p><span dir=\"auto\">Pt\u00e1te se,\u00a0<em>jak se ten pl\u00e1n jmenuje ?\u00a0<\/em><\/span><em><span dir=\"auto\">Kde jste ho na\u0161li<\/span><\/em><span dir=\"auto\">\u00a0?<\/span><\/p>\n<p><span dir=\"auto\">Neptejte se na takov\u00e9 ot\u00e1zky! Na to nem\u00e1me \u010das!<\/span><\/p>\n<p><span dir=\"auto\">Jedin\u00e9, co pot\u0159ebujete v\u011bd\u011bt, je, \u017ee je to tajn\u00fd, okultn\u00ed, bezprecedentn\u00ed desetikrokov\u00fd pl\u00e1n. A jak vid\u00edte, oni \u2013\u00a0<\/span><em><span dir=\"auto\">kdo<\/span><\/em><span dir=\"auto\">\u00a0? Ach, v\u017edy\u0165 jsem v\u00e1m \u0159\u00edkal, abyste se na nic neptali! \u2013 t\u00e9m\u011b\u0159 dokon\u010dili jeho implementaci:<\/span><\/p>\n<ol>\n<li><span dir=\"auto\">Zru\u0161en\u00ed soukrom\u00e9ho vlastnictv\u00ed p\u016fdy a vyu\u017eit\u00ed v\u0161ech pozemkov\u00fdch rent pro ve\u0159ejn\u00e9 \u00fa\u010dely.<\/span><\/li>\n<li><span dir=\"auto\">Vysok\u00e1 progresivn\u00ed nebo stup\u0148ovit\u00e1 da\u0148 z p\u0159\u00edjmu.<\/span><\/li>\n<li><span dir=\"auto\">Zru\u0161en\u00ed v\u0161ech d\u011bdick\u00fdch pr\u00e1v.<\/span><\/li>\n<li><span dir=\"auto\">Konfiskace majetku v\u0161ech emigrant\u016f a rebel\u016f.<\/span><\/li>\n<li><span dir=\"auto\">Centralizace \u00fav\u011brov\u00e9ho syst\u00e9mu v rukou st\u00e1tu prost\u0159ednictv\u00edm n\u00e1rodn\u00ed banky se st\u00e1tn\u00edm kapit\u00e1lem a v\u00fdhradn\u00edm monopolem.<\/span><\/li>\n<li><span dir=\"auto\">Centralizace komunika\u010dn\u00edch a dopravn\u00edch zdroj\u016f v rukou st\u00e1tu.<\/span><\/li>\n<li><span dir=\"auto\">Roz\u0161\u00ed\u0159en\u00ed st\u00e1tn\u00edch tov\u00e1ren a v\u00fdrobn\u00edch za\u0159\u00edzen\u00ed: rekultivace pustin a celkov\u00e9 zlep\u0161en\u00ed p\u016fdy podle spole\u010dn\u00e9ho pl\u00e1nu.<\/span><\/li>\n<li><span dir=\"auto\">Stejn\u00e9 pracovn\u00ed povinnosti pro v\u0161echny. Z\u0159izov\u00e1n\u00ed pracovn\u00edch arm\u00e1d, zejm\u00e9na pro zem\u011bd\u011blstv\u00ed.<\/span><\/li>\n<li><span dir=\"auto\">Propojen\u00ed zem\u011bd\u011blstv\u00ed se zpracovatelsk\u00fdm pr\u016fmyslem: postupn\u00e9 odstra\u0148ov\u00e1n\u00ed v\u0161ech rozd\u00edl\u016f mezi m\u011bstem a venkovem prost\u0159ednictv\u00edm rovnom\u011brn\u011bj\u0161\u00edho rozlo\u017een\u00ed obyvatelstva po cel\u00e9 zemi.<\/span><\/li>\n<li><span dir=\"auto\">Bezplatn\u00e9 vzd\u011bl\u00e1n\u00ed pro v\u0161echny d\u011bti ve ve\u0159ejn\u00fdch \u0161kol\u00e1ch. Zru\u0161en\u00ed d\u011btsk\u00e9 pr\u00e1ce v tov\u00e1rn\u00e1ch v jej\u00ed sou\u010dasn\u00e9 podob\u011b. Propojen\u00ed vzd\u011bl\u00e1v\u00e1n\u00ed s pr\u016fmyslovou v\u00fdrobou atd. atd.<\/span><\/li>\n<\/ol>\n<p><span dir=\"auto\">Tady to je \u010dern\u00e9 na b\u00edl\u00e9m!<\/span><\/p>\n<p><span dir=\"auto\">Tak se pod\u00edv\u00e1me, jak tento pl\u00e1n vypad\u00e1?<\/span><\/p>\n<h3 class=\"wp-block-heading has-medium-font-size\"><strong><span dir=\"auto\">1. Zru\u0161en\u00ed soukrom\u00e9ho vlastnictv\u00ed p\u016fdy a vyu\u017eit\u00ed v\u0161ech pozemkov\u00fdch rent pro ve\u0159ejn\u00e9 \u00fa\u010dely.<\/span><\/strong><\/h3>\n<p><span dir=\"auto\">Co\u017ee? Opravdu si mysl\u00ed\u0161, \u017ee \u201evlastn\u00ed\u0161\u201c tu zemi, kterou sis \u201ekoupil\/a\u201c? Ach, m\u00e9 drah\u00e9 letn\u00ed d\u00edt\u011b. Jak naivn\u00ed!<\/span><\/p>\n<p><span dir=\"auto\">Co se stane, kdy\u017e p\u0159estanete platit da\u0148 z nemovitosti z pozemku, kter\u00fd \u201evlastn\u00edte\u201c?<\/span><\/p>\n<p><span dir=\"auto\">Co se stane, kdy\u017e se pokus\u00edte postavit na sv\u00e9m pozemku novou budovu bez pot\u0159ebn\u00e9ho povolen\u00ed, nebo dokonce p\u0159istavit st\u00e1vaj\u00edc\u00ed budovu?<\/span><\/p>\n<p><span dir=\"auto\">Co se stane, kdy\u017e se pokus\u00edte zabr\u00e1nit feder\u00e1ln\u00edm \u00fa\u0159edn\u00edk\u016fm ve vstupu na v\u00e1\u0161 pozemek?<\/span><\/p>\n<p><span dir=\"auto\">Myslel jsem si to.<\/span><\/p>\n<p><span dir=\"auto\">(A ani nepomysli na to, \u017ee bys ty miliony dolar\u016f, co sis zakopal na sv\u00e9m \u201evlastn\u00edm\u201c pozemku, ty da\u0148ov\u00fd otroku!)<\/span><\/p>\n<h3 class=\"wp-block-heading has-medium-font-size\"><strong><span dir=\"auto\">2. Vysok\u00e1 progresivn\u00ed nebo stup\u0148ovit\u00e1 da\u0148 z p\u0159\u00edjmu.<\/span><\/strong><\/h3>\n<p><span dir=\"auto\">Kontrola.<\/span><\/p>\n<p><span dir=\"auto\">Ale nebojte se, lidi, tohle je jen \u201edo\u010dasn\u00e9 opat\u0159en\u00ed\u201c. Jsem si jist\u00fd, \u017ee ho po skon\u010den\u00ed prvn\u00ed sv\u011btov\u00e9 v\u00e1lky zase zru\u0161\u00ed.<\/span><\/p>\n<h3 class=\"wp-block-heading has-medium-font-size\"><strong><span dir=\"auto\">3. Zru\u0161en\u00ed v\u0161ech d\u011bdick\u00fdch pr\u00e1v.<\/span><\/strong><\/h3>\n<p><span dir=\"auto\">Zru\u0161en\u00ed d\u011bdick\u00e9 dan\u011b? Zat\u00edm ne. Ale feder\u00e1ln\u00ed a st\u00e1tn\u00ed d\u011bdick\u00e9 dan\u011b jist\u011b usp\u011bly v od\u010derp\u00e1v\u00e1n\u00ed velk\u00e9 \u010d\u00e1sti zd\u011bd\u011bn\u00e9ho bohatstv\u00ed ve prosp\u011bch vl\u00e1dnouc\u00ed t\u0159\u00eddy.<\/span><\/p>\n<h3 class=\"wp-block-heading\"><span dir=\"auto\">4. Konfiskace majetku v\u0161ech emigrant\u016f a rebel\u016f.<\/span><\/h3>\n<p><span dir=\"auto\">Mysl\u00edte \u201e\u00a0<\/span><a href=\"https:\/\/corbettreport.com\/terrorganda-dea-data-eminent-domain-new-world-next-week\/\"><span dir=\"auto\">z\u00e1kon o vyvlastn\u011bn\u00ed<\/span><\/a><span dir=\"auto\">\u00a0\u201c?<\/span><\/p>\n<p><span dir=\"auto\">Nebo mysl\u00edte, co Kanada ud\u011blala s \u0159idi\u010di kamion\u016f a jejich bankovn\u00edmi \u00fa\u010dty?<\/span><\/p>\n<p><span dir=\"auto\">A\u0165 tak \u010di onak, je to h\u00e1\u010dek.<\/span><\/p>\n<h3 class=\"wp-block-heading has-medium-font-size\"><strong><span dir=\"auto\">5. Centralizace \u00fav\u011brov\u00e9ho syst\u00e9mu v rukou st\u00e1tu prost\u0159ednictv\u00edm n\u00e1rodn\u00ed banky se st\u00e1tn\u00edm kapit\u00e1lem a v\u00fdhradn\u00edm monopolem.<\/span><\/strong><\/h3>\n<p><span dir=\"auto\">Pokud nic nev\u00edte o centralizaci \u00fav\u011br\u016f v USA n\u00e1rodn\u00ed bankou s vl\u00e1dn\u00edm kapit\u00e1lem, m\u00e1m pro v\u00e1s dokument, kter\u00fd byste si mohli pustit.<\/span><\/p>\n<h3 class=\"wp-block-heading has-medium-font-size\"><strong><span dir=\"auto\">6. Centralizace komunika\u010dn\u00edch a dopravn\u00edch zdroj\u016f v rukou st\u00e1tu.<\/span><\/strong><\/h3>\n<p><span dir=\"auto\">M\u00e1m mluvit o monopolu americk\u00e9 po\u0161tovn\u00ed slu\u017eby (a boji Lysandera Spoonera proti n\u011bmu), nebo o Feder\u00e1ln\u00ed komunika\u010dn\u00ed komisi (FCC) a jej\u00edm p\u0159edpokl\u00e1dan\u00e9m monopolu na r\u00e1diov\u00e9 frekvence, anebo m\u00e1m jednodu\u0161e pouk\u00e1zat na existenci FAA a Ministerstva dopravy?<\/span><\/p>\n<p><span dir=\"auto\">Ka\u017edop\u00e1dn\u011b, dost \u0159e\u010deno.<\/span><\/p>\n<h3 class=\"wp-block-heading has-medium-font-size\"><strong><span dir=\"auto\">7. Roz\u0161\u00ed\u0159en\u00ed st\u00e1tn\u00edch tov\u00e1ren a v\u00fdrobn\u00edch za\u0159\u00edzen\u00ed: rekultivace pustin a celkov\u00e9 zlep\u0161en\u00ed p\u016fdy podle spole\u010dn\u00e9ho pl\u00e1nu.<\/span><\/strong><\/h3>\n<p><span dir=\"auto\">Haha. To je dobr\u00e9! Bl\u00e1zni nalet\u00ed t\u00e9hle propagand\u011b, \u017ee \u201est\u00e1t bude \u0159\u00eddit farmy a tov\u00e1rny!\u201c, zat\u00edmco ve skute\u010dnosti dos\u00e1hnou jen \u00famysln\u00e9ho p\u0159esunu pr\u016fmyslov\u00fdch kapacit k dal\u0161\u00edmu velk\u00e9mu ob\u011btn\u00edmu ber\u00e1nkovi a tot\u00e1ln\u00ed v\u00e1lky proti farm\u00e1\u0159\u016fm p\u00e1t\u00e9 generace.<\/span><\/p>\n<h3 class=\"wp-block-heading has-medium-font-size\"><strong><span dir=\"auto\">8. Stejn\u00e9 pracovn\u00ed povinnosti pro v\u0161echny. Z\u0159izov\u00e1n\u00ed pr\u016fmyslov\u00fdch arm\u00e1d, zejm\u00e9na pro zem\u011bd\u011blstv\u00ed.<\/span><\/strong><\/h3>\n<p><span dir=\"auto\">Stejn\u00e9 pracovn\u00ed povinnosti? Mysl\u00edte integraci poloviny populace, kter\u00e1 nepat\u0159ila k pracovn\u00ed s\u00edle, do pracovn\u00edho procesu? No, o co podle v\u00e1s \u0161lo v t\u00e9 feministick\u00e9 revoluci podporovan\u00e9 CIA? Zeptejte se Nicholase Rockefellera (a\u0165 u\u017e to je kdokoli). On v\u00e1m to \u0159ekne!<\/span><\/p>\n<h3 class=\"wp-block-heading has-medium-font-size\"><strong><span dir=\"auto\">9. Propojen\u00ed zem\u011bd\u011blstv\u00ed s v\u00fdrobn\u00edm pr\u016fmyslem; postupn\u00e9 odstra\u0148ov\u00e1n\u00ed propasti mezi m\u011bstem a venkovem prost\u0159ednictv\u00edm rovnom\u011brn\u011bj\u0161\u00edho rozlo\u017een\u00ed obyvatelstva po cel\u00e9 zemi.<\/span><\/strong><\/h3>\n<p><span dir=\"auto\">Zem\u011bd\u011blstv\u00ed? V\u00fdroba? Pro\u010d jednodu\u0161e nezru\u0161it oboj\u00ed a nevytvo\u0159it ekonomiku slu\u017eeb, kter\u00e1 nic neprodukuje a neobohacuje nikoho krom\u011b horn\u00edho 1 % z horn\u00edho 1 %?<\/span><\/p>\n<p><span dir=\"auto\">A pro\u010d \u00fapln\u011b nezru\u0161it m\u011bsta a venkov a v\u0161echny nenahnat do dokonale kontrolovan\u00fdch 15minutov\u00fdch m\u011bst?<\/span><\/p>\n<h3 class=\"wp-block-heading has-medium-font-size\"><strong><span dir=\"auto\">10. Bezplatn\u00e9 vzd\u011bl\u00e1n\u00ed pro v\u0161echny d\u011bti ve ve\u0159ejn\u00fdch \u0161kol\u00e1ch. Zru\u0161en\u00ed d\u011btsk\u00e9 pr\u00e1ce v tov\u00e1rn\u00e1ch v jej\u00ed sou\u010dasn\u00e9 podob\u011b. Kombinace vzd\u011bl\u00e1v\u00e1n\u00ed s pr\u016fmyslovou v\u00fdrobou atd. atd.<\/span><\/strong><\/h3>\n<p><span dir=\"auto\">Ano! Osvobo\u010fte d\u011bti z lepkav\u00fdch chapadel jejich nechutn\u00fdch biologick\u00fdch rodi\u010d\u016f a ho\u010fte je do uklid\u0148uj\u00edc\u00ed n\u00e1ru\u010de st\u00e1tu! Ve\u0159ejn\u00e9 \u0161koly je jist\u011b \u0159\u00e1dn\u011b indoktrinuj\u00ed. A kdy\u017e u\u017e jsme u toho, m\u016f\u017eeme je vycvi\u010dit na \u017eivot v pr\u016fmyslov\u00e9 v\u00fdrob\u011b (jak si p\u0159\u00e1l Woodrow Wilson)&#8230; nebo na cokoli jin\u00e9ho je v t\u011bchto dnech p\u0159ipravujeme!<\/span><\/p>\n<h3 class=\"wp-block-heading\"><span dir=\"auto\">Mise spln\u011bna?<\/span><\/h3>\n<p><span dir=\"auto\">Tak\u017ee st\u00e1le trvaj\u00ed na tom, aby v\u011bd\u011bli, co je to za pl\u00e1n a odkud poch\u00e1z\u00ed. Dob\u0159e. Tady je:<\/span><\/p>\n<figure class=\"wp-block-image aligncenter size-large\"><img decoding=\"async\" loading=\"lazy\" class=\"aligncenter\" src=\"https:\/\/substackcdn.com\/image\/fetch\/$s_!hFaG!,w_1456,c_limit,f_webp,q_auto:good,fl_progressive:steep\/https%3A%2F%2Fsubstack-post-media.s3.amazonaws.com%2Fpublic%2Fimages%2Fd0e2582b-6aa0-46e6-b35d-bf8714fb63a6_990x990.webp\" alt=\"\" width=\"510\" height=\"510\" \/><\/figure>\n<p><span dir=\"auto\">Tak\u017ee to nakonec nen\u00ed takov\u00fd tajn\u00fd pl\u00e1n, \u0159\u00edk\u00e1te? Ka\u017ed\u00fd o tom sly\u0161\u00edte, odpov\u00edd\u00e1te?<\/span><\/p>\n<p><span dir=\"auto\">No, mo\u017en\u00e1 je to p\u0159esn\u011b ten smysl. \u201eTajn\u00e9 pl\u00e1ny\u201c \u201etajn\u00fdch spiklenc\u016f\u201c\u00a0<\/span><em><span dir=\"auto\">koneckonc\u016f t\u00e9m\u011b\u0159 v\u017edycky nejsou tak tajn\u00e9<\/span><\/em><span dir=\"auto\">.<\/span><\/p>\n<p><span dir=\"auto\">\u201eTajn\u00fd\u201c pl\u00e1n na sv\u011btovou vl\u00e1du? Ozn\u00e1men\u00fd dlouho p\u0159edem.<\/span><\/p>\n<p><span dir=\"auto\">\u201eTajn\u00e1\u201c konspira\u010dn\u00ed skupina pracuj\u00edc\u00ed na vytvo\u0159en\u00ed t\u00e9to sv\u011btov\u00e9 vl\u00e1dy? Existuj\u00ed cel\u00e9 knihy, kter\u00e9 vysv\u011btluj\u00ed, kdo do t\u00e9to konspira\u010dn\u00ed skupiny pat\u0159\u00ed a jak funguje.<\/span><\/p>\n<figure class=\"wp-block-image aligncenter size-large\"><img decoding=\"async\" loading=\"lazy\" class=\"aligncenter\" src=\"https:\/\/substackcdn.com\/image\/fetch\/$s_!fjd6!,w_1456,c_limit,f_webp,q_auto:good,fl_progressive:steep\/https%3A%2F%2Fsubstack-post-media.s3.amazonaws.com%2Fpublic%2Fimages%2Fd0f94c20-91d3-4bbf-94bc-033c3d8b30a1_450x443.jpeg\" alt=\"\" width=\"406\" height=\"400\" \/><\/figure>\n<p><span dir=\"auto\">\u201eTajn\u00fd\u201c pl\u00e1n, jak n\u00e1s v\u0161echny nahnat do pe\u010dliv\u011b kontrolovan\u00fdch 15minutov\u00fdch m\u011bst budoucnosti? Videa o n\u011bm se nat\u00e1\u010dela u\u017e p\u0159ed des\u00edtkami let.<\/span><\/p>\n<figure class=\"wp-block-embed aligncenter is-type-video is-provider-youtube wp-block-embed-youtube wp-embed-aspect-16-9 wp-has-aspect-ratio\">\n<div class=\"wp-block-embed__wrapper\"><iframe loading=\"lazy\" title=\"YouTube - \u010dty\u0159i vize m\u011bstsk\u00e9ho \u017eivota v roce 2040 - planned-opolis.flv\" src=\"https:\/\/www.youtube.com\/embed\/IRFsoRQYpFM?feature=oembed\" width=\"800\" height=\"450\" frameborder=\"0\" allowfullscreen=\"allowfullscreen\" data-mce-fragment=\"1\"><\/iframe><\/div>\n<\/figure>\n<p><span dir=\"auto\">\u201eTajn\u00fd\u201c pl\u00e1n na vytvo\u0159en\u00ed bezhotovostn\u00ed kontroln\u00ed s\u00edt\u011b propojen\u00e9 se syst\u00e9mem soci\u00e1ln\u00edho kreditu. Sakra, i ACLU tohle p\u0159edv\u00eddala.<\/span><\/p>\n<figure class=\"wp-block-embed aligncenter is-type-video is-provider-youtube wp-block-embed-youtube wp-embed-aspect-4-3 wp-has-aspect-ratio\">\n<div class=\"wp-block-embed__wrapper\"><iframe loading=\"lazy\" title=\"Objedn\u00e1v\u00e1n\u00ed pizzy v budoucnosti\" src=\"https:\/\/www.youtube.com\/embed\/RNJl9EEcsoE?feature=oembed\" width=\"800\" height=\"600\" frameborder=\"0\" allowfullscreen=\"allowfullscreen\" data-mce-fragment=\"1\"><\/iframe><\/div>\n<\/figure>\n<p><span dir=\"auto\">\u201eTajn\u00e9\u201c zvr\u00e1cen\u00e9 praktiky politick\u00e9 pedofiln\u00ed t\u0159\u00eddy? Kubrick to v\u011bd\u011bl.<\/span><\/p>\n<figure class=\"wp-block-image aligncenter size-large\"><img decoding=\"async\" loading=\"lazy\" class=\"aligncenter\" src=\"https:\/\/substackcdn.com\/image\/fetch\/$s_!IHVF!,w_1456,c_limit,f_webp,q_auto:good,fl_progressive:steep\/https%3A%2F%2Fsubstack-post-media.s3.amazonaws.com%2Fpublic%2Fimages%2F2fcf0f5e-4342-45b0-8981-a3120b9d9c7d_500x297.jpeg\" alt=\"\" width=\"547\" height=\"325\" \/><\/figure>\n<p><span dir=\"auto\">\u201eTajn\u00fd\u201c pl\u00e1n na vylidn\u011bn\u00ed planety? Uhodli jste! Nen\u00ed to tak tajn\u00e9.<\/span><\/p>\n<p><span dir=\"auto\">A tak op\u011bt stoj\u00edme p\u0159ed \u201etajn\u00fdm\u201c pl\u00e1nem, kter\u00fd je ve\u0159ejn\u011b zn\u00e1m\u00fd u\u017e t\u00e9m\u011b\u0159 dv\u011b stolet\u00ed.<\/span><\/p>\n<p><span dir=\"auto\">Ano, kone\u010dn\u00fd c\u00edl patokrat\u016f nen\u00ed v\u016fbec \u017e\u00e1dn\u00fdm tajemstv\u00edm. Nen\u00ed t\u011b\u017ek\u00e9 ho pochopit. V\u0161echno se to scvrk\u00e1v\u00e1 na toto: nen\u00e1vid\u00ed v\u00e1s a vid\u00ed ve v\u00e1s jen da\u0148ov\u00fd dobytek, kter\u00fd m\u00e1 b\u00fdt manipulov\u00e1n, podv\u00e1d\u011bn, vyko\u0159is\u0165ov\u00e1n a masakrov\u00e1n dle libosti.<\/span><\/p>\n<p><span dir=\"auto\">Jakmile to pochop\u00edte, zb\u00fdvaj\u00edc\u00ed detaily jsou druho\u0159ad\u00e9. Skute\u010dn\u00e1 ot\u00e1zka zn\u00ed:\u00a0<\/span><strong><span dir=\"auto\">Co s t\u00edm ud\u011bl\u00e1te?<\/span><\/strong><\/p>\n<\/div>\n<\/div>\n<div class=\"elementor-element elementor-element-8c57238 quelle dc-has-condition dc-condition-empty elementor-widget elementor-widget-heading\" data-id=\"8c57238\" data-element_type=\"widget\" data-widget_type=\"heading.default\">\n<div class=\"elementor-widget-container\">\n<h3 class=\"elementor-heading-title elementor-size-default\"><span style=\"font-size: 10pt;\"><a href=\"https:\/\/corbettreport.substack.com\/p\/the-top-secret-plan-to-enslave-you?post_id=179714570&amp;r=aej6t\" target=\"_blank\" rel=\"nofollow noopener\"><span dir=\"auto\">Zdroj<\/span><\/a><\/span><\/h3>\n<p>&nbsp;<\/p>\n<\/div>\n<\/div>\n","protected":false},"excerpt":{"rendered":"<p>Zn\u00e1\u0161 m\u011b. V\u017edycky se mi poda\u0159\u00ed vyhrabat ty nejtajn\u011bj\u0161\u00ed pl\u00e1ny, kter\u00e9 tajn\u00ed spiklenci vymysleli (a&#8230;<\/p>\n","protected":false},"author":2,"featured_media":93698,"comment_status":"closed","ping_status":"closed","sticky":false,"template":"","format":"standard","meta":[],"categories":[7],"tags":[1042,279,794,5112],"_links":{"self":[{"href":"https:\/\/www.infokuryr.cz\/n\/wp-json\/wp\/v2\/posts\/93697"}],"collection":[{"href":"https:\/\/www.infokuryr.cz\/n\/wp-json\/wp\/v2\/posts"}],"about":[{"href":"https:\/\/www.infokuryr.cz\/n\/wp-json\/wp\/v2\/types\/post"}],"author":[{"embeddable":true,"href":"https:\/\/www.infokuryr.cz\/n\/wp-json\/wp\/v2\/users\/2"}],"replies":[{"embeddable":true,"href":"https:\/\/www.infokuryr.cz\/n\/wp-json\/wp\/v2\/comments?post=93697"}],"version-history":[{"count":1,"href":"https:\/\/www.infokuryr.cz\/n\/wp-json\/wp\/v2\/posts\/93697\/revisions"}],"predecessor-version":[{"id":93699,"href":"https:\/\/www.infokuryr.cz\/n\/wp-json\/wp\/v2\/posts\/93697\/revisions\/93699"}],"wp:featuredmedia":[{"embeddable":true,"href":"https:\/\/www.infokuryr.cz\/n\/wp-json\/wp\/v2\/media\/93698"}],"wp:attachment":[{"href":"https:\/\/www.infokuryr.cz\/n\/wp-json\/wp\/v2\/media?parent=93697"}],"wp:term":[{"taxonomy":"category","embeddable":true,"href":"https:\/\/www.infokuryr.cz\/n\/wp-json\/wp\/v2\/categories?post=93697"},{"taxonomy":"post_tag","embeddable":true,"href":"https:\/\/www.infokuryr.cz\/n\/wp-json\/wp\/v2\/tags?post=93697"}],"curies":[{"name":"wp","href":"https:\/\/api.w.org\/{rel}","templated":true}]}}