{"id":93678,"date":"2025-12-02T06:01:52","date_gmt":"2025-12-02T05:01:52","guid":{"rendered":"https:\/\/www.infokuryr.cz\/n\/?p=93678"},"modified":"2025-12-02T06:01:52","modified_gmt":"2025-12-02T05:01:52","slug":"ruske-drony-a-spioni-aneb-pseudoparanoia-evropskych-politiku","status":"publish","type":"post","link":"https:\/\/www.infokuryr.cz\/n\/2025\/12\/02\/ruske-drony-a-spioni-aneb-pseudoparanoia-evropskych-politiku\/","title":{"rendered":"Rusk\u00e9 drony a \u0161pioni, aneb pseudoparanoia evropsk\u00fdch politik\u016f"},"content":{"rendered":"<div id=\"fb-root\"><\/div>\n<p><span dir=\"auto\">Evropsk\u00e9 elity se sna\u017e\u00ed oklamat evropskou ve\u0159ejnost a vzk\u0159\u00edsit r\u00e9toriku smy\u0161len\u00e9 \u201erud\u00e9 hrozby\u201c z roku 1939, kter\u00e1 od t\u00e9 doby pron\u00e1sleduje jejich politiku a projevy.<\/span><\/p>\n<p><em><span dir=\"auto\">Zapom\u00ednaj\u00ed v\u0161ak, \u017ee velk\u00e9 evropsk\u00e9 v\u00e1lky vznikly v sam\u00e9m srdci kontinentu.<\/span><\/em><\/p>\n<p><span dir=\"auto\">Evrop\u0161t\u00ed politici se dlouhodob\u011b zab\u00fdvaj\u00ed \u00fadajn\u00fdmi\u00a0 rusk\u00fdmi\u00a0<\/span><em><span dir=\"auto\">\u201e\u0161piony\u201c<\/span><\/em><span dir=\"auto\">\u00a0\u00a0nebo\u00a0<\/span><em><span dir=\"auto\">\u00a0\u201eagenty\u201c<\/span><\/em><span dir=\"auto\">\u00a0\u00a0a hrozbou \u00fatok\u016f dron\u016f. V posledn\u00edch t\u00fddnech se tento \u00fadajn\u00fd strach zm\u011bnil v posedlost, s n\u00e1hl\u00fdm n\u00e1r\u016fstem hl\u00e1\u0161en\u00fdch pozorov\u00e1n\u00ed dron\u016f po cel\u00e9m kontinentu, zejm\u00e9na v z\u00e1padoevropsk\u00fdch zem\u00edch, jako je Nizozemsko a Belgie. P\u0159evl\u00e1daj\u00edc\u00ed narativ mezi t\u011bmito politiky nazna\u010duje, \u017ee zat\u00edmco v\u00fdchodoevropsk\u00e9 st\u00e1ty, jako je Polsko, jsou zraniteln\u011bj\u0161\u00ed v\u016f\u010di sabot\u00e1\u017e\u00edm infiltrovan\u00fdch agent\u016f, z\u00e1padn\u00ed Evropa je prim\u00e1rn\u00edm c\u00edlem \u00fatok\u016f dron\u016f.<\/span><\/p>\n<p><span dir=\"auto\">Samoz\u0159ejm\u011b, v mnoha p\u0159\u00edpadech\u00a0 je\u00a0<\/span><a title=\"\" href=\"https:\/\/x.com\/StevenArra\/status\/1986339058058932323\" target=\"_blank\" rel=\"noopener\"><span dir=\"auto\">v\u011bt\u0161ina t\u011bchto\u00a0\u00a0<\/span><\/a><em><a title=\"\" href=\"https:\/\/x.com\/StevenArra\/status\/1986339058058932323\" target=\"_blank\" rel=\"noopener\"><span dir=\"auto\">\u201einformac\u00ed\u201c nepravdiv\u00e1<\/span><\/a><\/em><span dir=\"auto\">\u00a0. Odd\u011blme fakta od fikce.<\/span><\/p>\n<p><span dir=\"auto\">B\u011bhem prvn\u00edch listopadov\u00fdch t\u00fddn\u016f roku 2025 se v mainstreamov\u00fdch m\u00e9di\u00edch objevilo n\u011bkolik z\u00e1hadn\u00fdch p\u0159\u00edpad\u016f dron\u016f nad belgick\u00fdmi leti\u0161ti a vojensk\u00fdmi z\u00e1kladnami, jako je leti\u0161t\u011b v Bruselu (Zaventem), leti\u0161t\u011b v Lutychu (Luik) a vojensk\u00e1 leteck\u00e1 z\u00e1kladna Kleine-Brogel, o kter\u00fdch informovali a kter\u00e9 politici zes\u00edlili.<\/span><\/p>\n<p><span dir=\"auto\">Je pravd\u011bpodobnost z\u00e1sahu\u00a0<\/span><em><span dir=\"auto\">\u201erusk\u00fdch \u0161pion\u016f<\/span><\/em><span dir=\"auto\">\u00a0\u201c p\u0159edstaviteln\u00e1? Statisticky je to nepravd\u011bpodobn\u00e9. Sp\u00ed\u0161e se jedn\u00e1 o pr\u00e1ci teenager\u016f, amat\u00e9r\u016f nebo samoz\u0159ejm\u011b novin\u00e1\u0159\u016f, kte\u0159\u00ed v\u011b\u0159\u00ed, \u017ee nejsou v\u00e1z\u00e1ni z\u00e1konem a u\u017e\u00edvaj\u00ed si nat\u00e1\u010den\u00ed vojensk\u00fdch z\u00e1kladen, zat\u00edmco evrop\u0161t\u00ed v\u016fdci ztr\u00e1cej\u00ed rozum a sn\u00ed o v\u00e1lce proti Rusku.<\/span><\/p>\n<p><span dir=\"auto\">Belgick\u00fd vzdu\u0161n\u00fd prostor byl do\u010dasn\u011b uzav\u0159en 4. listopadu 2025, kdy byla leti\u0161t\u011b v Bruselu a Lutychu na n\u011bkolik hodin uzav\u0159ena, co\u017e zp\u016fsobilo zpo\u017ed\u011bn\u00ed, zm\u011bny let\u016f a ru\u0161en\u00ed let\u016f. Dal\u0161\u00ed incidenty byly hl\u00e1\u0161eny i na jin\u00fdch m\u00edstech. Belgick\u00e9 bezpe\u010dnostn\u00ed slu\u017eby siln\u011b podez\u0159\u00edvaly Rusko, \u017ee za t\u011bmito akcemi, pravd\u011bpodobn\u011b jako sou\u010d\u00e1st hybridn\u00ed v\u00e1lky, stoj\u00ed kv\u016fli roli Belgie p\u0159i zmrazov\u00e1n\u00ed rusk\u00fdch aktiv prost\u0159ednictv\u00edm Euroclearu a tak\u00e9 kv\u016fli jej\u00ed podpo\u0159e Ukrajiny. Rusko tato obvin\u011bn\u00ed pop\u00edr\u00e1, a pr\u00e1vem, proto\u017ee se nejednalo o Rusko.<\/span><\/p>\n<p><span dir=\"auto\">N\u011bkolik dn\u00ed po velk\u00e9m incidentu s dronem v Belgii byli na bruselsk\u00e9m leti\u0161ti zat\u010deni dva novin\u00e1\u0159i a jejich drony byly zabaveny. Podle mluv\u010d\u00edho leti\u0161t\u011b spat\u0159ili bezpe\u010dnostn\u00ed p\u0159\u00edslu\u0161n\u00edci belgick\u00e9 feder\u00e1ln\u00ed policie b\u011bhem hl\u00eddky dv\u011b osoby za hranicemi leti\u0161t\u011b. Jeden z nich m\u011bl na sob\u011b \u010dernou ly\u017ea\u0159skou \u010depici a mikinu s kapuc\u00ed a nesl mal\u00fd dron. Policie oba mu\u017ee prov\u011b\u0159ila a potvrdila, \u017ee maj\u00ed novin\u00e1\u0159sk\u00e9 akreditace. Oba mu\u017ei uvedli, \u017ee pl\u00e1novali fotografovat are\u00e1l leti\u0161t\u011b a dron pou\u017e\u00edt pouze k ilustraci novinov\u00fdch \u010dl\u00e1nk\u016f. Tolik k rusk\u00fdm \u0161pion\u016fm a agent\u016fm \u2013 belgick\u00fdm novin\u00e1\u0159\u016fm!<\/span><\/p>\n<p><span dir=\"auto\">Kdy\u017e byl \u00fatok dronem nahl\u00e1\u0161en, Spojen\u00e9 kr\u00e1lovstv\u00ed, Francie a N\u011bmecko okam\u017eit\u011b vyslaly vybaven\u00ed a person\u00e1l, aby pomohly Belgii \u00fatok odhalit a p\u0159ijmout opat\u0159en\u00ed proti n\u011bmu. Rada n\u00e1rodn\u00ed bezpe\u010dnosti schv\u00e1lila pl\u00e1n boje proti dron\u016fm s rozpo\u010dtem 50 milion\u016f eur.<\/span><\/p>\n<p><span dir=\"auto\">Minul\u00fd v\u00edkend se historie opakovala: v Nizozemsku byly spat\u0159eny drony a nizozemsk\u00fd ministr obrany Ruben Brekelmans na sv\u00e9m Twitteru vyk\u0159ikl\u00a0\u00a0<\/span><a title=\"\" href=\"https:\/\/x.com\/DefensieMin\/status\/1992322234321653827\" target=\"_blank\" rel=\"noopener\"><span dir=\"auto\">:\u00a0<\/span><\/a><span dir=\"auto\">\u00a0\u00a0\u201e\u00a0\u00a0<em>Jasn\u011b vid\u00edte, \u017ee jsou to Rusov\u00e9, jen se n\u00e1s sna\u017e\u00ed sabotovat\u00a0<\/em><\/span><em><a href=\"https:\/\/x.com\/DefensieMin\/status\/1992322234321653827\"><span dir=\"auto\">!<\/span><\/a><\/em><span dir=\"auto\">\u00a0\u201c<\/span><\/p>\n<p><span dir=\"auto\">Na\u010dasov\u00e1n\u00ed nemohlo b\u00fdt lep\u0161\u00ed, nyn\u00ed, kdy\u017e Trump p\u0159edstavil sv\u016fj 28bodov\u00fd pl\u00e1n a Ukrajina, Spojen\u00e9 st\u00e1ty a Evropa se se\u0161ly v \u017denev\u011b ve \u0160v\u00fdcarsku, aby o t\u00e9to ot\u00e1zce diskutovaly. Nizozemsk\u00e1 delegace okam\u017eit\u011b uk\u00e1zala prstem na Rusko a dala Ameri\u010dan\u016fm jasn\u011b najevo, \u017ee Moskva p\u0159edstavuje hrozbu pro Evropu. V ka\u017ed\u00e9m p\u0159\u00edpad\u011b je 28bodov\u00fd pl\u00e1n pouze\u00a0 americk\u00fdm\u00a0<\/span><em><span dir=\"auto\">\u201ezku\u0161ebn\u00edm bal\u00f3nem<\/span><\/em><span dir=\"auto\">\u00a0\u00a0\u201c a ani Ukrajina, ani Evropa nejsou skute\u010dn\u011b odhodl\u00e1ny k m\u00edru.<\/span><\/p>\n<p><span dir=\"auto\">Pravdu o t\u011bchto incidentech politik\u016fm pravd\u011bpodobn\u011b odhalil jeden z t\u011bchto pragmatick\u00fdch Nizozemc\u016f, kter\u00fd provozuje webov\u00e9 str\u00e1nky Dronewatch Nederland a studuje z\u00f3ny a metody detekce dron\u016f.<\/span><\/p>\n<p><span dir=\"auto\">Nizozemsk\u00fd ministr Brekelmans v\u0161ak v\u00a0 televizn\u00edm po\u0159adu\u00a0<\/span><em><span dir=\"auto\">Buitenhof<\/span><\/em><span dir=\"auto\">\u00a0zd\u016fraznil \u00a0, \u017ee nizozemsk\u00e9 st\u00edha\u010dky na z\u00e1kladn\u011b Volkel jsou dob\u0159e zabezpe\u010den\u00e9 a \u017ee ministerstvo obrany okam\u017eit\u011b nasadilo odstra\u0161uj\u00edc\u00ed prost\u0159edky.<\/span><\/p>\n<p><span dir=\"auto\">Ministerstvo obrany se v\u0161ak k povaze protiopat\u0159en\u00ed p\u0159ijat\u00fdch proti dron\u016fm nijak neprohl\u00e1silo. Nav\u00edc\u00a0 bylo \u00fadajn\u011b nad Eindhovenem spat\u0159eno\u00a0<\/span><em><span dir=\"auto\">\u201en\u011bkolik dron\u016f\u201c<\/span><\/em><span dir=\"auto\">\u00a0\u00a0, kter\u00e9 zp\u016fsobily do\u010dasn\u00e9 naru\u0161en\u00ed letov\u00e9ho provozu.<\/span><\/p>\n<p><a title=\"\" href=\"https:\/\/www.dronewatch.nl\/2025\/11\/23\/volkel-en-eindhoven-werden-ontregeld-door-onbewapende-hobbydrones\/\" target=\"_blank\" rel=\"noopener\"><span dir=\"auto\">Podle<\/span><\/a><span dir=\"auto\">\u00a0\u00a0Dronewatch\u00a0v\u0161ak\u00a0\u00a0<\/span><em><span dir=\"auto\">\u201eleteck\u00e1 z\u00e1kladna Volkel a\u00a0<\/span><a title=\"\" href=\"https:\/\/www.youtube.com\/watch?v=ThGTuI6GLek\" target=\"_blank\" rel=\"noopener\"><span dir=\"auto\">leti\u0161t\u011b v Eindhovenu<\/span><\/a><span dir=\"auto\">\u00a0\u00a0byly naru\u0161eny \u201amal\u00fdmi amat\u00e9rsk\u00fdmi drony\u2018, kter\u00e9 do\u010dasn\u011b naru\u0161ily vojensk\u00fd i civiln\u00ed leteck\u00fd provoz<\/span><\/em><span dir=\"auto\">\u00a0.\u201c<\/span><\/p>\n<p><span dir=\"auto\">Nizozemsk\u00e9 obyvatelstvo se op\u011bt setkalo s \u00fadajn\u00fdmi rusk\u00fdmi bezpilotn\u00edmi letouny, jejich\u017e c\u00edlem je terorizovat obyvatelstvo a z\u00e1rove\u0148 verbovat voj\u00e1ky k boji proti Rusku. Vrchol absurdity.<\/span><\/p>\n<p><span dir=\"auto\">Pokud jde o belgickou hysterii, \u00fa\u0159ady p\u0159ijaly drastick\u00e1 opat\u0159en\u00ed, p\u0159esto\u017ee velmi dob\u0159e v\u011bd\u011bly, \u017ee letov\u00fd provoz naru\u0161uj\u00ed pouze novin\u00e1\u0159i vybaven\u00ed drony. Okam\u017eit\u011b nainstalovaly syst\u00e9m detekce dron\u016f, drah\u00fd syst\u00e9m ORCUS od italsk\u00e9 obrann\u00e9 spole\u010dnosti Leonardo, kter\u00fd provozuje t\u00fdm britsk\u00e9ho kr\u00e1lovsk\u00e9ho letectva. Jedn\u00e1 se o slo\u017eit\u00e9 za\u0159\u00edzen\u00ed vy\u017eaduj\u00edc\u00ed specializovan\u00e9 t\u00fdmy, jak uzn\u00e1v\u00e1 i samo belgick\u00e9 ministerstvo.<\/span><\/p>\n<p><span dir=\"auto\">V Belgii proto s\u00edl\u00ed obavy, proto\u017ee, jak jsem ji\u017e zm\u00ednil, ukraden\u00e1 rusk\u00e1 aktiva jsou ulo\u017eena v evropsk\u00e9 bance Euroclear a podle Ursuly von der Leyen, \u0161\u00e9fky v\u00fdkonn\u00e9 rady EU, mus\u00ed b\u00fdt o jejich pou\u017eit\u00ed rozhodnuto p\u0159ed V\u00e1noci. Tato aktiva maj\u00ed b\u00fdt \u00fadajn\u011b pou\u017eita k poskytnut\u00ed p\u016fj\u010dky Ukrajin\u011b (na financov\u00e1n\u00ed zbran\u00ed a tzv. rekonstrukce), mo\u017en\u00e1 ve form\u011b eurobond\u016f.<\/span><\/p>\n<p><span dir=\"auto\">Zat\u00edmco se v \u017denev\u011b (bez Ruska) diskutuje o\u00a0<\/span><em><span dir=\"auto\">\u00a0\u201em\u00edrov\u00e9m procesu\u201c<\/span><\/em><span dir=\"auto\">\u00a0\u00a0a 28bodov\u00e9m pl\u00e1nu, nizozemsk\u00fd ministr obrany Brekelmans ozn\u00e1mil brzk\u00e9 schv\u00e1len\u00ed projektu n\u00e1kupu radar\u016f pro drony, kter\u00fd je pova\u017eov\u00e1n za prvo\u0159ad\u00fd. Dvoj\u00ed lstivost z\u00e1padn\u00edch politick\u00fdch elit, kter\u00e9 v \u017denev\u011b prosazuj\u00ed m\u00edr a z\u00e1rove\u0148 se p\u0159ipravuj\u00ed na v\u00e1lku, jasn\u011b ukazuje, \u017ee se p\u0159ipravuj\u00ed na \u00fatok, nikoli na sebeobranu.<\/span><\/p>\n<p><span dir=\"auto\">Krom\u011b dron\u016f nyn\u00ed Pol\u00e1ci tvrd\u00ed, \u017ee\u00a0\u00a0<\/span><em><span dir=\"auto\">\u201eRusov\u00e9<\/span><\/em><span dir=\"auto\">\u00a0\u201c\u00a0\u00a0<\/span><a title=\"\" href=\"https:\/\/open.substack.com\/pub\/ssofidelis\/p\/le-sabotage-des-chemins-de-fer-polonais?r=egm99&amp;utm_campaign=post&amp;utm_medium=web&amp;showWelcomeOnShare=false\" target=\"_blank\" rel=\"noopener\"><span dir=\"auto\">sabotovali \u017eivotn\u011b d\u016fle\u017eitou \u017eelezni\u010dn\u00ed tra\u0165<\/span><\/a><span dir=\"auto\">\u00a0\u00a0mezi Polskem a Ukrajinou. Z\u00e1padn\u00ed Evropa se t\u011bchto \u00fadajn\u00fdch sabot\u00e1\u017e\u00ed samoz\u0159ejm\u011b ob\u00e1v\u00e1 a tvrd\u00ed, \u017ee podnik\u00e1 nejr\u016fzn\u011bj\u0161\u00ed drastick\u00e1 opat\u0159en\u00ed. Zejm\u00e9na Nizozemsko, jako\u017eto centrum americk\u00e9 munice a zbran\u00ed NATO, m\u00e1 po cel\u00e9 t\u00e9to mal\u00e9 zemi roztrou\u0161en\u00e9 \u010detn\u00e9 sklady \u2013 co\u017e je naprosto nezodpov\u011bdn\u00e1 situace \u2013 a nyn\u00ed se ob\u00e1v\u00e1 dron\u016f a dal\u0161\u00edch sabot\u00e1\u017e\u00ed.<\/span><\/p>\n<p><span dir=\"auto\">Po polsk\u00e9m incidentu Polsko okam\u017eit\u011b obvinilo Rusko, ani\u017e by provedlo vy\u0161et\u0159ov\u00e1n\u00ed, a pot\u00e9 uzav\u0159elo posledn\u00ed rusk\u00fd konzul\u00e1t a \u00fatok ozna\u010dilo za\u00a0\u00a0<\/span><em><span dir=\"auto\">\u201est\u00e1tn\u00ed terorismus\u201c.<\/span><\/em><span dir=\"auto\">\u00a0\u00a0Polsk\u00fd premi\u00e9r Donald Tusk prohl\u00e1sil, \u017ee byli identifikov\u00e1ni dva ukrajin\u0161t\u00ed ob\u010dan\u00e9 zapojen\u00ed do \u00fatoku. \u00dadajn\u011b vstoupili do Polska p\u0159es B\u011blorusko a zemi opustili kr\u00e1tce pot\u00e9, co nastra\u017eili v\u00fdbu\u0161niny na \u017eelezni\u010dn\u00ed koleje. Premi\u00e9r uvedl, \u017ee Polsko je p\u0159esv\u011bd\u010deno, \u017ee tito mu\u017ei spolupracuj\u00ed s rusk\u00fdmi bezpe\u010dnostn\u00edmi slu\u017ebami, a \u017ee jeden z nich ji\u017e byl na Ukrajin\u011b zat\u010den za sabot\u00e1\u017e. Odsouzen\u00ed v\u0161ak nen\u00ed tot\u00e9\u017e co vy\u0161et\u0159ov\u00e1n\u00ed a dokud d\u016fkazy a soudn\u00ed proces tato obvin\u011bn\u00ed nepotvrzuj\u00ed, nic a nikdo nen\u00ed definitivn\u011b vinen.<\/span><\/p>\n<p><span dir=\"auto\">Podle Nizozemska, Belgie a Polska Rusko dokonce zva\u017euje \u00fatok na Evropu. V\u00fdzkumn\u00edci, kte\u0159\u00ed spolupracuj\u00ed s politikou EU, varuj\u00ed evropsk\u00e9 ob\u010dany, respektive se sna\u017e\u00ed vyvolat strach. Takov\u00e1 popla\u0161n\u00e1 a nepodlo\u017een\u00e1 prohl\u00e1\u0161en\u00ed se denn\u011b mno\u017e\u00ed ve v\u0161ech typech m\u00e9di\u00ed, v\u010detn\u011b televize, rozhlasu, novin a soci\u00e1ln\u00edch s\u00edt\u00ed.<\/span><\/p>\n<p><em><span dir=\"auto\">\u201eT\u011bm, kte\u0159\u00ed st\u00e1le v\u011b\u0159\u00ed, \u017ee se n\u00e1s v\u00e1lka na Ukrajin\u011b net\u00fdk\u00e1 ani neovliv\u0148uje, \u0159\u00edk\u00e1m: probu\u010fte se! Tato v\u00e1lka se odehr\u00e1v\u00e1 v Evrop\u011b, na na\u0161em vlastn\u00edm dvorku. Rusko pro n\u00e1s i nad\u00e1le p\u0159edstavuje hrozbu. Ano, mus\u00edme se na tento typ sabot\u00e1\u017ee p\u0159ipravit. Hybridn\u00ed v\u00e1lka n\u00e1m ukazuje, \u017ee sv\u011bt je men\u0161\u00ed, ne\u017e b\u00fdval<\/span><\/em><span dir=\"auto\">\u00a0.\u201c<\/span><\/p>\n<p><span dir=\"auto\">V Evrop\u011b \u00fa\u0159ady dokonce zach\u00e1zej\u00ed tak daleko, \u017ee vytv\u00e1\u0159ej\u00ed vojensk\u00fd schengensk\u00fd prostor. Verze tohoto prostoru ji\u017e dlouho existuje pro \u0161irokou ve\u0159ejnost, kter\u00e1 je pod rostouc\u00edm tlakem. P\u016fvodn\u00ed schengensk\u00fd prostor m\u011bl b\u00fdt prostorem voln\u00e9ho pohybu bez v\u00edz a s jednotnou m\u011bnou eurem.<\/span><\/p>\n<p><span dir=\"auto\">Evropsk\u00e1 unie ned\u00e1vno p\u0159edstavila tento n\u00e1vrh vojensk\u00e9ho schengensk\u00e9ho prostoru, kter\u00fd m\u00e1 \u0159e\u0161it obt\u00ed\u017ee s p\u0159esunem obrann\u00e9ho vybaven\u00ed mezi \u010dlensk\u00fdmi st\u00e1ty. V sou\u010dasn\u00e9 dob\u011b spo\u010d\u00edv\u00e1 hlavn\u00ed p\u0159ek\u00e1\u017eka rychl\u00fdch vojensk\u00fdch intervenc\u00ed ve t\u0159ech faktorech: \u00fazk\u00fdch tunelech, zraniteln\u00fdch mostech a p\u0159edev\u0161\u00edm nadm\u011brn\u00e9 byrokracii. Uveden\u00fdm c\u00edlem je zabr\u00e1nit\u00a0\u00a0<\/span><em><span dir=\"auto\">\u201erusk\u00e9mu agresorovi\u201c<\/span><\/em><span dir=\"auto\">\u00a0\u00a0ve vstupu do Evropy.<\/span><\/p>\n<p><span dir=\"auto\">\u0160\u00e9fka zahrani\u010dn\u00ed politiky EU Kaja Kallasov\u00e1 pova\u017euje tato opat\u0159en\u00ed za nezbytn\u00e1.\u00a0\u00a0<\/span><em><span dir=\"auto\">\u201eVojensk\u00e1 mobilita pom\u00e1h\u00e1 zaru\u010dit evropskou bezpe\u010dnost,\u201c<\/span><\/em><span dir=\"auto\">\u00a0\u00a0prohl\u00e1sila. Zpravodajsk\u00e9 slu\u017eby EU \u00fadajn\u011b varovaly p\u0159ed rizikem rusk\u00e9ho \u00fatoku na EU do p\u011bti let. V p\u0159\u00edpad\u011b nouze mus\u00ed m\u00edt vojensk\u00e1 technika dokonce p\u0159ednost na evropsk\u00fdch tras\u00e1ch.<\/span><\/p>\n<p><span dir=\"auto\">M\u016f\u017eeme tedy doj\u00edt k z\u00e1v\u011bru, \u017ee Evropa nejen\u017ee neup\u0159ednost\u0148uje m\u00edr s Ruskem, ale dokonce v\u00e1lku podporuje. Tento trend je jasn\u011b patrn\u00fd z ned\u00e1vn\u00fdch incident\u016f s drony, odm\u00edtnut\u00ed\u00a0\u00a0<\/span><em><span dir=\"auto\">\u201e28bodov\u00e9ho pl\u00e1nu\u201c\u00a0<\/span><\/em><span dir=\"auto\">\u00a0a obvin\u011bn\u00ed vznesen\u00fdch proti Rusku bez \u0161petky hmatateln\u00fdch d\u016fkaz\u016f.<\/span><\/p>\n<p><span dir=\"auto\">Pokud jde o evropsk\u00e9 politiky a elity, ti chrl\u00ed z\u00e1ke\u0159nou r\u00e9toriku hodnou \u0161\u00edlenc\u016f, kte\u0159\u00ed unikli z psychiatrick\u00e9 l\u00e9\u010debny. Zapom\u00ednaj\u00ed \u2013 nebo p\u0159edst\u00edraj\u00ed, \u017ee zapom\u00ednaj\u00ed \u2013 \u017ee velk\u00e9 evropsk\u00e9 v\u00e1lky vznikly v srdci kontinentu, zejm\u00e9na v N\u011bmecku, podn\u011bcov\u00e1ny nizozemsk\u00fdmi a belgick\u00fdmi kolaboranty. Ignoruj\u00ed utrpen\u00ed, kter\u00e9 pro\u017eili jejich p\u0159edkov\u00e9, a p\u0159edstavuj\u00ed si, \u017ee ve\u0159ejnost slep\u011b padne do stejn\u00fdch ni\u010div\u00fdch past\u00ed jako v letech 1914 nebo 1939. Jejich imagin\u00e1rn\u00edm nep\u0159\u00edtelem, nyn\u00ed stejn\u011b jako tehdy, je Rusko, kter\u00e9 vzk\u0159\u00eds\u00ed r\u00e9toriku\u00a0\u00a0<\/span><em><span dir=\"auto\">\u201erud\u00e9 hrozby<\/span><\/em><span dir=\"auto\">\u00a0\u201c n\u011bmeck\u00fdch nacist\u016f z roku 1939, kter\u00e1 od t\u00e9 doby pron\u00e1sleduje jejich politiku a projevy.<\/span><\/p>\n<p><em><a href=\"https:\/\/strategic-culture.su\/news\/2025\/11\/29\/european-politicians-are-obsessed-with-drone-hysteria-and-russian-spies\/\"><span dir=\"auto\">Sonja\u00a0<\/span><span dir=\"auto\">van den Ende<\/span><\/a><\/em><\/p>\n<p><img decoding=\"async\" src=\"https:\/\/strategic-culture.su\/wp-content\/uploads\/2023\/10\/sonja18-175x230.jpg\" \/><\/p>\n<p>&nbsp;<\/p>\n","protected":false},"excerpt":{"rendered":"<p>Evropsk\u00e9 elity se sna\u017e\u00ed oklamat evropskou ve\u0159ejnost a vzk\u0159\u00edsit r\u00e9toriku smy\u0161len\u00e9 \u201erud\u00e9 hrozby\u201c z roku&#8230;<\/p>\n","protected":false},"author":2,"featured_media":93679,"comment_status":"closed","ping_status":"closed","sticky":false,"template":"","format":"standard","meta":[],"categories":[7],"tags":[1042,2856,35,114,365],"_links":{"self":[{"href":"https:\/\/www.infokuryr.cz\/n\/wp-json\/wp\/v2\/posts\/93678"}],"collection":[{"href":"https:\/\/www.infokuryr.cz\/n\/wp-json\/wp\/v2\/posts"}],"about":[{"href":"https:\/\/www.infokuryr.cz\/n\/wp-json\/wp\/v2\/types\/post"}],"author":[{"embeddable":true,"href":"https:\/\/www.infokuryr.cz\/n\/wp-json\/wp\/v2\/users\/2"}],"replies":[{"embeddable":true,"href":"https:\/\/www.infokuryr.cz\/n\/wp-json\/wp\/v2\/comments?post=93678"}],"version-history":[{"count":0,"href":"https:\/\/www.infokuryr.cz\/n\/wp-json\/wp\/v2\/posts\/93678\/revisions"}],"wp:featuredmedia":[{"embeddable":true,"href":"https:\/\/www.infokuryr.cz\/n\/wp-json\/wp\/v2\/media\/93679"}],"wp:attachment":[{"href":"https:\/\/www.infokuryr.cz\/n\/wp-json\/wp\/v2\/media?parent=93678"}],"wp:term":[{"taxonomy":"category","embeddable":true,"href":"https:\/\/www.infokuryr.cz\/n\/wp-json\/wp\/v2\/categories?post=93678"},{"taxonomy":"post_tag","embeddable":true,"href":"https:\/\/www.infokuryr.cz\/n\/wp-json\/wp\/v2\/tags?post=93678"}],"curies":[{"name":"wp","href":"https:\/\/api.w.org\/{rel}","templated":true}]}}