{"id":93674,"date":"2025-12-02T05:52:19","date_gmt":"2025-12-02T04:52:19","guid":{"rendered":"https:\/\/www.infokuryr.cz\/n\/?p=93674"},"modified":"2025-12-02T05:52:19","modified_gmt":"2025-12-02T04:52:19","slug":"pro-izraelce-je-chladnokrevne-zabijeni-neozbrojenych-palestincu-soucasti-normy","status":"publish","type":"post","link":"https:\/\/www.infokuryr.cz\/n\/2025\/12\/02\/pro-izraelce-je-chladnokrevne-zabijeni-neozbrojenych-palestincu-soucasti-normy\/","title":{"rendered":"Pro Izraelce je chladnokrevn\u00e9 zab\u00edjen\u00ed neozbrojen\u00fdch Palestinc\u016f sou\u010d\u00e1st\u00ed normy"},"content":{"rendered":"<div id=\"fb-root\"><\/div>\n<p><em><strong><span dir=\"auto\">Palestinsk\u00e9 \u00fazem\u00ed<\/span><\/strong><span dir=\"auto\">\u00a0\u00a0\u2013 Poprava dvou neozbrojen\u00fdch Palestinc\u016f, kte\u0159\u00ed nep\u0159edstavovali \u017e\u00e1dnou hrozbu, izraelskou arm\u00e1dou v D\u017een\u00ednu na okupovan\u00e9m Z\u00e1padn\u00edm b\u0159ehu Jord\u00e1nu, je sou\u010d\u00e1st\u00ed s\u00e9rie \u00famysln\u00fdch poprav prov\u00e1d\u011bn\u00fdch na cel\u00e9m okupovan\u00e9m palestinsk\u00e9m \u00fazem\u00ed.<\/span><\/em><\/p>\n<p><span dir=\"auto\">Tento zlo\u010din p\u0159edstavuje z\u00e1va\u017en\u00e9 poru\u0161en\u00ed mezin\u00e1rodn\u00edho humanit\u00e1rn\u00edho pr\u00e1va a lidsk\u00fdch pr\u00e1v a p\u0159edstavuje v\u00e1le\u010dn\u00fd zlo\u010din, kter\u00fd ospravedl\u0148uje mezin\u00e1rodn\u00ed trestn\u00ed st\u00edh\u00e1n\u00ed.<\/span><\/p>\n<p><span dir=\"auto\">B\u011bhem posledn\u00edch dvou let izraelsk\u00e9 okupa\u010dn\u00ed s\u00edly zabily na Z\u00e1padn\u00edm b\u0159ehu Jord\u00e1nu des\u00edtky Palestinc\u016f p\u0159i poprav\u00e1ch proveden\u00fdch pot\u00e9, co byly ob\u011bti zajaty nebo zat\u010deny.<\/span><\/p>\n<p><span dir=\"auto\">Data\u00a0<\/span><em><span dir=\"auto\">organizace Euro-Med Monitor<\/span><\/em><span dir=\"auto\">\u00a0\u00a0v p\u00e1smu Gazy nazna\u010duj\u00ed, \u017ee b\u011bhem dvou let genocidy bylo izraelsk\u00fdmi silami po zajet\u00ed nebo zadr\u017een\u00ed zavra\u017ed\u011bno p\u0159ibli\u017en\u011b 9 % ob\u011bt\u00ed.<\/span><\/p>\n<p><span dir=\"auto\">Ve\u010der 27. listopadu provedla izraelsk\u00e1 jednotka speci\u00e1ln\u00edch sil neleg\u00e1ln\u00ed razii v dom\u011b v \u010dtvrti D\u017eabal Ab\u00fa Zahir v D\u017een\u00ednu a napadla mu\u017ee. B\u011bhem razie vy\u0161li z domu dva mu\u017ei, neozbrojen\u00ed a se zdvi\u017een\u00fdma rukama, aby se vzdali.<\/span><\/p>\n<p><span dir=\"auto\">Voj\u00e1ci je natla\u010dili zp\u011bt dovnit\u0159 a zast\u0159elili je z bezprost\u0159edn\u00ed bl\u00edzkosti, \u010d\u00edm\u017e je okam\u017eit\u011b zabili, jak je vid\u011bt na videu incidentu.<\/span><\/p>\n<figure class=\"wp-block-embed is-type-rich is-provider-twitter wp-block-embed-twitter\">\n<div class=\"wp-block-embed__wrapper\">\n<div class=\"embed-twitter\">\n<div class=\"twitter-tweet twitter-tweet-rendered\"><iframe id=\"twitter-widget-0\" class=\"\" title=\"X Post\" src=\"https:\/\/platform.twitter.com\/embed\/Tweet.html?dnt=true&amp;embedId=twitter-widget-0&amp;features=eyJ0ZndfdGltZWxpbmVfbGlzdCI6eyJidWNrZXQiOltdLCJ2ZXJzaW9uIjpudWxsfSwidGZ3X2ZvbGxvd2VyX2NvdW50X3N1bnNldCI6eyJidWNrZXQiOnRydWUsInZlcnNpb24iOm51bGx9LCJ0ZndfdHdlZXRfZWRpdF9iYWNrZW5kIjp7ImJ1Y2tldCI6Im9uIiwidmVyc2lvbiI6bnVsbH0sInRmd19yZWZzcmNfc2Vzc2lvbiI6eyJidWNrZXQiOiJvbiIsInZlcnNpb24iOm51bGx9LCJ0ZndfZm9zbnJfc29mdF9pbnRlcnZlbnRpb25zX2VuYWJsZWQiOnsiYnVja2V0Ijoib24iLCJ2ZXJzaW9uIjpudWxsfSwidGZ3X21peGVkX21lZGlhXzE1ODk3Ijp7ImJ1Y2tldCI6InRyZWF0bWVudCIsInZlcnNpb24iOm51bGx9LCJ0ZndfZXhwZXJpbWVudHNfY29va2llX2V4cGlyYXRpb24iOnsiYnVja2V0IjoxMjA5NjAwLCJ2ZXJzaW9uIjpudWxsfSwidGZ3X3Nob3dfYmlyZHdhdGNoX3Bpdm90c19lbmFibGVkIjp7ImJ1Y2tldCI6Im9uIiwidmVyc2lvbiI6bnVsbH0sInRmd19kdXBsaWNhdGVfc2NyaWJlc190b19zZXR0aW5ncyI6eyJidWNrZXQiOiJvbiIsInZlcnNpb24iOm51bGx9LCJ0ZndfdXNlX3Byb2ZpbGVfaW1hZ2Vfc2hhcGVfZW5hYmxlZCI6eyJidWNrZXQiOiJvbiIsInZlcnNpb24iOm51bGx9LCJ0ZndfdmlkZW9faGxzX2R5bmFtaWNfbWFuaWZlc3RzXzE1MDgyIjp7ImJ1Y2tldCI6InRydWVfYml0cmF0ZSIsInZlcnNpb24iOm51bGx9LCJ0ZndfbGVnYWN5X3RpbWVsaW5lX3N1bnNldCI6eyJidWNrZXQiOnRydWUsInZlcnNpb24iOm51bGx9LCJ0ZndfdHdlZXRfZWRpdF9mcm9udGVuZCI6eyJidWNrZXQiOiJvbiIsInZlcnNpb24iOm51bGx9fQ%3D%3D&amp;frame=false&amp;hideCard=false&amp;hideThread=false&amp;id=1994148095043469468&amp;lang=cs&amp;origin=https%3A%2F%2Freseauinternational.net%2Fpour-les-israeliens-tuer-froidement-des-palestiniens-desarmes-fait-partie-de-la-norme%2F&amp;sessionId=62ed879ea7a79ae74d0ce4ad8110397777a15eff&amp;theme=light&amp;widgetsVersion=2615f7e52b7e0%3A1702314776716&amp;width=550px\" frameborder=\"0\" scrolling=\"no\" allowfullscreen=\"allowfullscreen\" data-tweet-id=\"1994148095043469468\" data-mce-fragment=\"1\"><\/iframe><\/div>\n<\/div>\n<\/div>\n<\/figure>\n<p><span dir=\"auto\">Izraelsk\u00e9 s\u00edly pot\u00e9 vylovily t\u011bla dvou ob\u011bt\u00ed a vzaly si je s sebou, kdy\u017e se stahovaly z oblasti. Ov\u011b\u0159en\u00e9 z\u00e1b\u011bry ukazuj\u00ed, \u017ee v\u00fdst\u0159ely byly vyp\u00e1leny zbl\u00edzka, co\u017e jasn\u011b nazna\u010duje, \u017ee se jednalo o \u00famyslnou a neopr\u00e1vn\u011bnou popravu.<\/span><\/p>\n<p><em><span dir=\"auto\">Euro-Med Monitor<\/span><\/em><span dir=\"auto\">\u00a0\u00a0ov\u011b\u0159il toto\u017enost dvou ob\u011bt\u00ed: jedn\u00e1 se o 26let\u00e9ho Al-Muntasira Billaha Mahm\u00fada K\u00e1sima Abdullaha a 37let\u00e9ho Youssefa Aliho Youssefa Asa&#8217;su.<\/span><\/p>\n<p><span dir=\"auto\">Tento zlo\u010din nen\u00ed ojedin\u011bl\u00fdm incidentem, ale je sou\u010d\u00e1st\u00ed neust\u00e1l\u00e9ho a rostouc\u00edho po\u010dtu poprav na m\u00edst\u011b a \u00famysln\u00fdch atent\u00e1t\u016f na Palestince.<\/span><\/p>\n<p><em><span dir=\"auto\">Euro-Med Monitor odhaduje, \u017ee od \u0159\u00edjna 2023 izraelsk\u00e1 arm\u00e1da provedla\u00a0<\/span><\/em><a title=\"\" href=\"https:\/\/www.chroniquepalestine.com\/genocide-euro-med-monitor-a-repertorie-les-charniers-les-plus-importants-de-gaza\/\" target=\"_blank\" rel=\"noopener\"><span dir=\"auto\">rozs\u00e1hl\u00e9<\/span><\/a><span dir=\"auto\">\u00a0\u00a0popravy\u00a0\u00a0, zejm\u00e9na v p\u00e1smu Gazy, kde p\u0159edb\u011b\u017en\u00e9 \u00fadaje nazna\u010duj\u00ed, \u017ee zhruba 6 300 z p\u0159ibli\u017en\u011b 70 000 Palestinc\u016f zabit\u00fdch v posledn\u00edch dvou letech zem\u0159elo za okolnost\u00ed, kter\u00e9 se rovnaj\u00ed \u00famysln\u00fdm poprav\u00e1m st\u0159elbou, dron\u016f nebo rozdrcen\u00edm tanky.<\/span><\/p>\n<p><span dir=\"auto\">Podle sv\u011bdectv\u00ed jejich syna Mahm\u00fada Abu Hasiry se jejich p\u0159\u00edbuzn\u00ed nemohli p\u0159ed sta\u017een\u00edm izraelsk\u00fdch sil z oblasti z\u00fa\u010dastnit zlo\u010dinu ani poh\u0159b\u00edt ob\u011bti.<\/span><\/p>\n<p><em><span dir=\"auto\">Euro-Med Monitor<\/span><\/em><span dir=\"auto\">\u00a0\u00a0zdokumentoval vra\u017edu\u00a0<\/span><a title=\"\" href=\"https:\/\/euromedmonitor.org\/en\/article\/6058\" target=\"_blank\" rel=\"noopener\"><span dir=\"auto\">Ahmeda Suleimana Hassana Muhammada Abdela Aala<\/span><\/a><span dir=\"auto\">\u00a0(60), kter\u00fd trp\u011bl du\u0161evn\u00ed chorobou, v jeho dom\u011b v t\u00e1bo\u0159e D\u017eabalia 13. prosince 2023. Byl zavra\u017ed\u011bn izraelsk\u00fdmi silami b\u011bhem razie v jeho dom\u011b b\u011bhem \u00fatoku na t\u00e1bor, kter\u00fd n\u00e1sledoval po n\u011bkolika dnech obl\u00e9h\u00e1n\u00ed nemocnice Al Jemen Assaeed.<\/span><\/p>\n<p><a title=\"\" href=\"https:\/\/euromedmonitor.org\/en\/article\/6049\/Shocking-testimonies-reveal-the-execution-of-dozens-of-elderly-people-by-Israeli-army-in-the-Gaza-Strip\" target=\"_blank\" rel=\"noopener\"><span dir=\"auto\">Nawaf Muhammad Musa Al Za&#8217;anin<\/span><\/a><span dir=\"auto\">\u00a0\u00a0byl popraven 10. prosince 2023 b\u011bhem evakuace vys\u00eddlen\u00fdch osob ze \u0161koly Awni Al Hartani v projektu Beit Lahia v severn\u00edm p\u00e1smu Gazy.<\/span><\/p>\n<p><span dir=\"auto\">Al Za&#8217;anin, obyvatel Beit Hanoun, byl s rodinou n\u011bkolikr\u00e1t st\u011bhov\u00e1n, ne\u017e izraelsk\u00e9 s\u00edly vtrhly do \u0161koly a zabily ho kulkou do hlavy.<\/span><\/p>\n<p><span dir=\"auto\">Izraelsk\u00e1 arm\u00e1da ve st\u0159edu 13. listopadu 2024 zabila tak\u00e9\u00a0 58let\u00e9ho\u00a0<\/span><a title=\"\" href=\"https:\/\/euromedmonitor.org\/en\/article\/6544\/%27They-killed-them-without-them-moving-a-muscle%27:-Field-executions,-starvation,-and-forced-displacement-by-Israeli-army-in-northern-Gaza\" target=\"_blank\" rel=\"noopener\"><span dir=\"auto\">Ch\u00e1lida Mustafu Ismaila Al \u0160af\u00edho<\/span><\/a><span dir=\"auto\">\u00a0a jeho 21let\u00e9ho syna Ibrahima, kdy\u017e je zast\u0159elila v jejich dom\u011b p\u0159ed zraky \u010dlen\u016f rodiny v Beit Lahia.<\/span><\/p>\n<p><span dir=\"auto\">Tyto zdokumentovan\u00e9 zlo\u010diny, od D\u017een\u00ednu a\u017e po cel\u00e9 p\u00e1smo Gazy, zcela podkop\u00e1vaj\u00ed z\u00e1minky, kter\u00e9 izraelsk\u00e9 s\u00edly pou\u017e\u00edvaj\u00ed k ospravedln\u011bn\u00ed \u00famysln\u00e9ho zab\u00edjen\u00ed Palestinc\u016f, a jsou d\u016fkazem toho, \u017ee tento vra\u017eedn\u00fd trend je \u017eiven mezin\u00e1rodn\u00edm ml\u010den\u00edm, absenc\u00ed vhodn\u00fdch opat\u0159en\u00ed, zako\u0159en\u011bnou beztrestnost\u00ed a absenc\u00ed odpov\u011bdnosti.<\/span><\/p>\n<p><span dir=\"auto\">St\u00e1ty, kter\u00e9 jsou smluvn\u00edmi stranami \u017denevsk\u00fdch\u00a0\u00a0<\/span><a title=\"\" href=\"https:\/\/www.icrc.org\/fr\/droit-et-politique\/les-conventions-de-geneve-et-leurs-commentaires\" target=\"_blank\" rel=\"noopener\"><span dir=\"auto\">\u00famluv<\/span><\/a><span dir=\"auto\">\u00a0\u00a0a\u00a0\u00a0<\/span><a title=\"\" href=\"https:\/\/www.icc-cpi.int\/sites\/default\/files\/Statut-de-Rome.pdf\" target=\"_blank\" rel=\"noopener\"><span dir=\"auto\">\u0158\u00edmsk\u00e9ho statutu Mezin\u00e1rodn\u00edho trestn\u00edho soudu,<\/span><\/a><span dir=\"auto\">\u00a0\u00a0mus\u00ed podniknout okam\u017eit\u00e9 a konkr\u00e9tn\u00ed kroky k pohn\u00e1n\u00ed izraelsk\u00fdch p\u0159edstavitel\u016f k odpov\u011bdnosti, mimo jin\u00e9 podporou vy\u0161et\u0159ov\u00e1n\u00ed \u00da\u0159adu \u017ealobce Mezin\u00e1rodn\u00edho trestn\u00edho soudu ohledn\u011b \u00famysln\u00e9ho zab\u00edjen\u00ed Palestinc\u016f, v\u00fdkonem univerz\u00e1ln\u00ed jurisdikce k st\u00edh\u00e1n\u00ed t\u011bch, kte\u0159\u00ed tyto zlo\u010diny na\u0159\u00eddili a sp\u00e1chali, a uvalen\u00edm individu\u00e1ln\u00edch a ekonomick\u00fdch sankc\u00ed, jako\u017e i \u00fapln\u00e9ho z\u00e1kazu dod\u00e1vek zbran\u00ed, vojensk\u00fdch a bezpe\u010dnostn\u00edch technologi\u00ed a zbo\u017e\u00ed dvoj\u00edho u\u017eit\u00ed pou\u017e\u00edvan\u00e9ho v souvislosti se z\u00e1va\u017en\u00fdm poru\u0161ov\u00e1n\u00edm.<\/span><\/p>\n<p><em><span dir=\"auto\">Euro-Med Monitor<\/span><\/em><span dir=\"auto\">\u00a0\u00a0vyz\u00fdv\u00e1 k ukon\u010den\u00ed nez\u00e1konn\u00e9 okupace a koloni\u00e1ln\u00ed kontroly, kter\u00fdm trp\u00ed palestinsk\u00fd lid a kter\u00e9 jsou hlavn\u00ed p\u0159\u00ed\u010dinou z\u00e1va\u017en\u00e9ho poru\u0161ov\u00e1n\u00ed pr\u00e1v, je\u017e sn\u00e1\u0161\u00ed. Palestinci mus\u00ed m\u00edt mo\u017enost uplat\u0148ovat sv\u00e9 nezciziteln\u00e9 pr\u00e1vo na sebeur\u010den\u00ed a svrchovanost nad svou p\u016fdou a zdroji a ob\u011bti a jejich rodiny mus\u00ed obdr\u017eet pln\u00e9 od\u0161kodn\u011bn\u00ed ve form\u011b od\u0161kodn\u011bn\u00ed a restituce sv\u00fdch pr\u00e1v a majetku.<\/span><\/p>\n<p><span dir=\"auto\">V\u0161ichni, kdo jsou odpov\u011bdn\u00ed za popravy, v\u00e1le\u010dn\u00e9 zlo\u010diny, zlo\u010diny proti lidskosti a genocidu, mus\u00ed b\u00fdt co nejd\u0159\u00edve postaveni p\u0159ed mezin\u00e1rodn\u00ed a n\u00e1rodn\u00ed soudy.<\/span><\/p>\n<p><span dir=\"auto\">Zdroj:\u00a0<\/span><a title=\"\" href=\"https:\/\/euromedmonitor.org\/en\/article\/6929\/Execution-of-two-unarmed-Palestinians-in-Jenin-exposes-escalating-pattern-of-Israeli-extrajudicial-killings\" target=\"_blank\" rel=\"noopener\"><span dir=\"auto\">EuroMed-Monitor<\/span><\/a><\/p>\n<p>&nbsp;<\/p>\n","protected":false},"excerpt":{"rendered":"<p>Palestinsk\u00e9 \u00fazem\u00ed\u00a0\u00a0\u2013 Poprava dvou neozbrojen\u00fdch Palestinc\u016f, kte\u0159\u00ed nep\u0159edstavovali \u017e\u00e1dnou hrozbu, izraelskou arm\u00e1dou v D\u017een\u00ednu na&#8230;<\/p>\n","protected":false},"author":2,"featured_media":93675,"comment_status":"closed","ping_status":"closed","sticky":false,"template":"","format":"standard","meta":[],"categories":[7],"tags":[178,107,1503,934],"_links":{"self":[{"href":"https:\/\/www.infokuryr.cz\/n\/wp-json\/wp\/v2\/posts\/93674"}],"collection":[{"href":"https:\/\/www.infokuryr.cz\/n\/wp-json\/wp\/v2\/posts"}],"about":[{"href":"https:\/\/www.infokuryr.cz\/n\/wp-json\/wp\/v2\/types\/post"}],"author":[{"embeddable":true,"href":"https:\/\/www.infokuryr.cz\/n\/wp-json\/wp\/v2\/users\/2"}],"replies":[{"embeddable":true,"href":"https:\/\/www.infokuryr.cz\/n\/wp-json\/wp\/v2\/comments?post=93674"}],"version-history":[{"count":0,"href":"https:\/\/www.infokuryr.cz\/n\/wp-json\/wp\/v2\/posts\/93674\/revisions"}],"wp:featuredmedia":[{"embeddable":true,"href":"https:\/\/www.infokuryr.cz\/n\/wp-json\/wp\/v2\/media\/93675"}],"wp:attachment":[{"href":"https:\/\/www.infokuryr.cz\/n\/wp-json\/wp\/v2\/media?parent=93674"}],"wp:term":[{"taxonomy":"category","embeddable":true,"href":"https:\/\/www.infokuryr.cz\/n\/wp-json\/wp\/v2\/categories?post=93674"},{"taxonomy":"post_tag","embeddable":true,"href":"https:\/\/www.infokuryr.cz\/n\/wp-json\/wp\/v2\/tags?post=93674"}],"curies":[{"name":"wp","href":"https:\/\/api.w.org\/{rel}","templated":true}]}}