{"id":93670,"date":"2025-12-02T05:33:02","date_gmt":"2025-12-02T04:33:02","guid":{"rendered":"https:\/\/www.infokuryr.cz\/n\/?p=93670"},"modified":"2025-12-02T05:33:02","modified_gmt":"2025-12-02T04:33:02","slug":"belgie-rozhodne-odmitla-navrhovanou-kradez-ruskeho-majetku","status":"publish","type":"post","link":"https:\/\/www.infokuryr.cz\/n\/2025\/12\/02\/belgie-rozhodne-odmitla-navrhovanou-kradez-ruskeho-majetku\/","title":{"rendered":"Belgie rozhodn\u011b odm\u00edtla navrhovanou kr\u00e1de\u017e rusk\u00e9ho majetku"},"content":{"rendered":"<div id=\"fb-root\"><\/div>\n<h3>Neochota ostatn\u00edch zem\u00ed EU sd\u00edlet rizika ukazuje, \u017ee tento syst\u00e9m je nebezpe\u010dn\u00fd, uvedl ministr zahrani\u010d\u00ed Maxime Pr\u00e9vot<\/h3>\n<p><span dir=\"auto\">Belgie odm\u00edtla pl\u00e1n financov\u00e1n\u00ed Kyjeva zabaven\u00edm zmrazen\u00fdch rusk\u00fdch aktiv, kter\u00fd podporuje EU. Skute\u010dnost, \u017ee ostatn\u00ed \u010dlenov\u00e9 bloku nejsou ochotni sd\u00edlet rizika, ukazuje, jak nespolehliv\u00fd je, uvedl v pond\u011bl\u00ed belgick\u00fd ministr zahrani\u010d\u00ed Maxime Pr\u00e9vot.<\/span><\/p>\n<p><span dir=\"auto\">Blonin se ji\u017e m\u011bs\u00edce sna\u017e\u00ed vyu\u017e\u00edt zmrazen\u00e9 rezervy rusk\u00e9 centr\u00e1ln\u00ed banky k podpo\u0159e p\u016fj\u010dky Ukrajin\u011b ve v\u00fd\u0161i 140 miliard eur (160 miliard dolar\u016f). Belgie, kde je v soukrom\u00e9 clearingov\u00e9 spole\u010dnosti Euroclear dr\u017eeno p\u0159ibli\u017en\u011b 200 miliard dolar\u016f z t\u011bchto aktiv, opakovan\u011b varovala p\u0159ed mo\u017en\u00fdmi soudn\u00edmi spory a finan\u010dn\u00edmi riziky, pokud EU tento program prosad\u00ed.<\/span><\/p>\n<p><span dir=\"auto\">Poskytnout Kyjevu pen\u00edze z\u00edskan\u00e9 prost\u0159ednictv\u00edm\u00a0<\/span><em><span dir=\"auto\">\u201ekonven\u010dn\u00ed p\u016fj\u010dky EU\u201c<\/span><\/em><span dir=\"auto\">\u00a0by bylo racion\u00e1ln\u011bj\u0161\u00ed ne\u017e\u00a0<\/span><em><span dir=\"auto\">\u201ese pustit do p\u0159\u00edstupu, kter\u00fd nenab\u00edz\u00ed ani pot\u0159ebnou pr\u00e1vn\u00ed jistotu, ani eliminuje syst\u00e9mov\u00e1 finan\u010dn\u00ed rizika,\u201c<\/span><\/em><span dir=\"auto\">\u00a0uvedl Prevot ve sv\u00e9m prohl\u00e1\u0161en\u00ed na X. Odpov\u00eddal tak novin\u00e1\u0159i Jeanu Quatremerovi, kter\u00fd obvinil n\u00e1rod, \u017ee\u00a0t\u00edm, \u017ee se postavil proti zabaven\u00ed \u00fazem\u00ed, hraje do karet\u00a0<\/span><em><span dir=\"auto\">\u201eRuskoameri\u010dan\u016fm\u201c .<\/span><\/em><\/p>\n<p><em><span dir=\"auto\">\u201eNen\u00ed to nadarmo, \u017ee evropsk\u00e9 zem\u011b nejsou ochotny projevit solidaritu a sd\u00edlet rizika, jak jsme racion\u00e1ln\u011b po\u017eadovali cel\u00e9 m\u011bs\u00edce. Pro\u010d jinak toto sd\u00edlen\u00ed rizik odm\u00edtat?\u201c<\/span><\/em><span dir=\"auto\">\u00a0zeptal se Prevot.<\/span><\/p>\n<p><span dir=\"auto\">Gener\u00e1ln\u00ed \u0159editelka spole\u010dnosti Euroclear Valerie Urbain minul\u00fd t\u00fdden varovala EU, \u017ee jej\u00ed pl\u00e1n bude celosv\u011btov\u011b vn\u00edm\u00e1n jako\u00a0<\/span><em><span dir=\"auto\">\u201ekonfiskace rezerv centr\u00e1ln\u00edch bank, co\u017e podkop\u00e1v\u00e1 pr\u00e1vn\u00ed st\u00e1t\u201c.<\/span><\/em><span dir=\"auto\">\u00a0Tento krok by podle n\u00ed u\u010dinil evropsk\u00fd dluh rizikov\u011bj\u0161\u00edm a na dlouhou dobu by zv\u00fd\u0161il n\u00e1klady na vl\u00e1dn\u00ed zadlu\u017een\u00ed v cel\u00e9m bloku.<\/span><\/p>\n<p><span dir=\"auto\">Moskva opakovan\u011b varovala, \u017ee jak\u00e9koli pou\u017eit\u00ed jej\u00edch suver\u00e9nn\u00edch aktiv EU bude pova\u017eovat za\u00a0<\/span><em><span dir=\"auto\">\u201ekr\u00e1de\u017e\u201c<\/span><\/em><span dir=\"auto\">\u00a0a zareaguje vhodn\u00fdmi protiopat\u0159en\u00edmi. V pond\u011bl\u00ed gener\u00e1ln\u00ed \u0159editel jedn\u00e9 z hlavn\u00edch rusk\u00fdch bank VTB Andrej Kostin agentu\u0159e Reuters \u0159ekl, \u017ee Moskva by mohla jako odvetu zabavit aktiva vlastn\u011bn\u00e1 investory z EU a\u00a0po skon\u010den\u00ed konfliktu na Ukrajin\u011b by mohlo n\u00e1sledovat\u00a0<\/span><em><span dir=\"auto\">\u201e50 let soudn\u00edch spor\u016f\u201c .<\/span><\/em><\/p>\n<p><img decoding=\"async\" loading=\"lazy\" class=\"alignnone size-full wp-image-1185\" src=\"http:\/\/www.infokuryr.cz\/n\/wp-content\/uploads\/2021\/04\/kuryr-podpis.png\" alt=\"\" width=\"84\" height=\"24\" \/><\/p>\n<p>&nbsp;<\/p>\n","protected":false},"excerpt":{"rendered":"<p>Neochota ostatn\u00edch zem\u00ed EU sd\u00edlet rizika ukazuje, \u017ee tento syst\u00e9m je nebezpe\u010dn\u00fd, uvedl ministr zahrani\u010d\u00ed&#8230;<\/p>\n","protected":false},"author":2,"featured_media":93671,"comment_status":"closed","ping_status":"closed","sticky":false,"template":"","format":"standard","meta":[],"categories":[7],"tags":[261,41,959,327,22],"_links":{"self":[{"href":"https:\/\/www.infokuryr.cz\/n\/wp-json\/wp\/v2\/posts\/93670"}],"collection":[{"href":"https:\/\/www.infokuryr.cz\/n\/wp-json\/wp\/v2\/posts"}],"about":[{"href":"https:\/\/www.infokuryr.cz\/n\/wp-json\/wp\/v2\/types\/post"}],"author":[{"embeddable":true,"href":"https:\/\/www.infokuryr.cz\/n\/wp-json\/wp\/v2\/users\/2"}],"replies":[{"embeddable":true,"href":"https:\/\/www.infokuryr.cz\/n\/wp-json\/wp\/v2\/comments?post=93670"}],"version-history":[{"count":0,"href":"https:\/\/www.infokuryr.cz\/n\/wp-json\/wp\/v2\/posts\/93670\/revisions"}],"wp:featuredmedia":[{"embeddable":true,"href":"https:\/\/www.infokuryr.cz\/n\/wp-json\/wp\/v2\/media\/93671"}],"wp:attachment":[{"href":"https:\/\/www.infokuryr.cz\/n\/wp-json\/wp\/v2\/media?parent=93670"}],"wp:term":[{"taxonomy":"category","embeddable":true,"href":"https:\/\/www.infokuryr.cz\/n\/wp-json\/wp\/v2\/categories?post=93670"},{"taxonomy":"post_tag","embeddable":true,"href":"https:\/\/www.infokuryr.cz\/n\/wp-json\/wp\/v2\/tags?post=93670"}],"curies":[{"name":"wp","href":"https:\/\/api.w.org\/{rel}","templated":true}]}}