{"id":93664,"date":"2025-12-02T05:25:27","date_gmt":"2025-12-02T04:25:27","guid":{"rendered":"https:\/\/www.infokuryr.cz\/n\/?p=93664"},"modified":"2025-12-02T05:25:27","modified_gmt":"2025-12-02T04:25:27","slug":"belorusko-vyjadrilo-protest-vuci-statu-nato-kvuli-provokaci-dronem","status":"publish","type":"post","link":"https:\/\/www.infokuryr.cz\/n\/2025\/12\/02\/belorusko-vyjadrilo-protest-vuci-statu-nato-kvuli-provokaci-dronem\/","title":{"rendered":"B\u011blorusko vyj\u00e1d\u0159ilo protest v\u016f\u010di st\u00e1tu NATO kv\u016fli \u201eprovokaci dronem\u201c"},"content":{"rendered":"<div id=\"fb-root\"><\/div>\n<h3>Podle Minsku se v b\u011blorusk\u00e9m pohrani\u010dn\u00edm m\u011bst\u011b z\u0159\u00edtil bezpilotn\u00ed letoun z\u00e1padn\u00ed v\u00fdroby z Litvy<\/h3>\n<p><span dir=\"auto\">B\u011blorusko si p\u0159edvolalo litevsk\u00e9ho charg\u00e9 d affaires kv\u016fli \u00fadajn\u00e9mu ned\u00e1vn\u00e9mu naru\u0161en\u00ed vzdu\u0161n\u00e9ho prostoru dronem, uvedlo v pond\u011bl\u00ed b\u011blorusk\u00e9 ministerstvo zahrani\u010d\u00ed.<\/span><\/p>\n<p><span dir=\"auto\">Ministerstvo v prohl\u00e1\u0161en\u00ed uvedlo, \u017ee v ned\u011bli z\u00e1padoevropsk\u00e1 bezpilotn\u00ed letadla neleg\u00e1ln\u011b vnikla do b\u011blorusk\u00e9ho vzdu\u0161n\u00e9ho prostoru a havarovala ve m\u011bst\u011b Grodno. M\u011bsto le\u017e\u00ed zhruba 30 km od litevsk\u00fdch hranic a 15 km od sousedn\u00edho Polska.<\/span><\/p>\n<p><span dir=\"auto\">Ministerstvo dodalo, \u017ee videoz\u00e1znamy a naviga\u010dn\u00ed data z\u00edskan\u00e1 z dronu nazna\u010duj\u00ed, \u017ee jeho pl\u00e1novan\u00e1 trasa zahrnovala p\u0159elet nad B\u011bloruskem a n\u00e1sledn\u00fd p\u0159elet do Polska.<\/span><\/p>\n<p><em><span dir=\"auto\">\u201ePova\u017eujeme tyto akce za \u00famyslnou provokaci nejen proti B\u011blorusk\u00e9 republice, ale i proti Polsk\u00e9 republice,\u201c<\/span><\/em><span dir=\"auto\">\u00a0uvedla vl\u00e1da.<\/span><\/p>\n<p><span dir=\"auto\">Ministerstvo uvedlo, \u017ee Minsk po\u017eaduje, aby Vilnius poskytl podrobnosti o okolnostech incidentu, toto\u017enosti pilota a \u00fa\u010delu vypu\u0161t\u011bn\u00ed dronu. Litva mus\u00ed tak\u00e9 prov\u00e9st d\u016fkladn\u00e9 vy\u0161et\u0159ov\u00e1n\u00ed, pohnat vin\u00edky k odpov\u011bdnosti a p\u0159ijmout opat\u0159en\u00ed k zabr\u00e1n\u011bn\u00ed podobn\u00fdm incident\u016fm v budoucnu.<\/span><\/p>\n<p><em><span dir=\"auto\">\u201eB\u011blorusko si vyhrazuje pr\u00e1vo p\u0159ijmout ve\u0161ker\u00e1 nezbytn\u00e1 opat\u0159en\u00ed k ochran\u011b sv\u00e9 suverenity a bezpe\u010dnosti na z\u00e1klad\u011b aktu\u00e1ln\u00ed situace,\u201c<\/span><\/em><span dir=\"auto\">\u00a0dodalo ministerstvo zahrani\u010dn\u00edch v\u011bc\u00ed a incident ozna\u010dilo za hrozbu pro b\u011bloruskou n\u00e1rodn\u00ed suverenitu.<\/span><\/p>\n<p><span dir=\"auto\">Stalo se tak jen n\u011bkolik t\u00fddn\u016f po t\u00e9m\u011b\u0159 m\u011bs\u00ed\u010dn\u00edm uzav\u0159en\u00ed hranic mezi sousedn\u00edmi zem\u011bmi, kter\u00e9 vyplynulo z tvrzen\u00ed Litvy, \u017ee B\u011blorusko nedok\u00e1zalo zastavit \u00fadajn\u00e9 pa\u0161ov\u00e1n\u00ed cigaret prost\u0159ednictv\u00edm bal\u00f3n\u016f vypou\u0161t\u011bn\u00fdch z jej\u00edho \u00fazem\u00ed.<\/span><\/p>\n<p><span dir=\"auto\">Hav\u00e1rie bezpilotn\u00edho letadla n\u00e1sleduje po s\u00e9rii ned\u00e1vn\u00fdch \u00fadajn\u00fdch incident\u016f souvisej\u00edc\u00edch s drony jinde ve v\u00fdchodn\u00ed Evrop\u011b.<\/span><\/p>\n<p><span dir=\"auto\">Moldavsko v posledn\u00edch t\u00fddnech a Polsko za\u010d\u00e1tkem tohoto roku obvinily Rusko z vysl\u00e1n\u00ed dron\u016f do jejich vzdu\u0161n\u00e9ho prostoru.<\/span><\/p>\n<p><span dir=\"auto\">Nap\u011bt\u00ed mezi Moskvou a Var\u0161avou v z\u00e1\u0159\u00ed prudce vzrostlo pot\u00e9, co Polsko obvinilo Rusko z prov\u00e1d\u011bn\u00ed invaz\u00ed dron\u016f. Moskva tato obvin\u011bn\u00ed opakovan\u011b odm\u00edtla jako neopodstatn\u011bn\u00e1 a tvrdila, \u017ee byla vykonstruov\u00e1na s c\u00edlem naru\u0161it m\u00edrov\u00fd proces na Ukrajin\u011b a d\u00e1le rozdm\u00fdchat protirusk\u00e9 n\u00e1lady.<\/span><\/p>\n<p><img decoding=\"async\" loading=\"lazy\" class=\"alignnone size-full wp-image-1185\" src=\"http:\/\/www.infokuryr.cz\/n\/wp-content\/uploads\/2021\/04\/kuryr-podpis.png\" alt=\"\" width=\"84\" height=\"24\" \/><\/p>\n<p>&nbsp;<\/p>\n","protected":false},"excerpt":{"rendered":"<p>Podle Minsku se v b\u011blorusk\u00e9m pohrani\u010dn\u00edm m\u011bst\u011b z\u0159\u00edtil bezpilotn\u00ed letoun z\u00e1padn\u00ed v\u00fdroby z Litvy B\u011blorusko&#8230;<\/p>\n","protected":false},"author":2,"featured_media":93665,"comment_status":"closed","ping_status":"closed","sticky":false,"template":"","format":"standard","meta":[],"categories":[7],"tags":[150,3727,208,716],"_links":{"self":[{"href":"https:\/\/www.infokuryr.cz\/n\/wp-json\/wp\/v2\/posts\/93664"}],"collection":[{"href":"https:\/\/www.infokuryr.cz\/n\/wp-json\/wp\/v2\/posts"}],"about":[{"href":"https:\/\/www.infokuryr.cz\/n\/wp-json\/wp\/v2\/types\/post"}],"author":[{"embeddable":true,"href":"https:\/\/www.infokuryr.cz\/n\/wp-json\/wp\/v2\/users\/2"}],"replies":[{"embeddable":true,"href":"https:\/\/www.infokuryr.cz\/n\/wp-json\/wp\/v2\/comments?post=93664"}],"version-history":[{"count":0,"href":"https:\/\/www.infokuryr.cz\/n\/wp-json\/wp\/v2\/posts\/93664\/revisions"}],"wp:featuredmedia":[{"embeddable":true,"href":"https:\/\/www.infokuryr.cz\/n\/wp-json\/wp\/v2\/media\/93665"}],"wp:attachment":[{"href":"https:\/\/www.infokuryr.cz\/n\/wp-json\/wp\/v2\/media?parent=93664"}],"wp:term":[{"taxonomy":"category","embeddable":true,"href":"https:\/\/www.infokuryr.cz\/n\/wp-json\/wp\/v2\/categories?post=93664"},{"taxonomy":"post_tag","embeddable":true,"href":"https:\/\/www.infokuryr.cz\/n\/wp-json\/wp\/v2\/tags?post=93664"}],"curies":[{"name":"wp","href":"https:\/\/api.w.org\/{rel}","templated":true}]}}