{"id":93637,"date":"2025-12-02T00:29:30","date_gmt":"2025-12-01T23:29:30","guid":{"rendered":"https:\/\/www.infokuryr.cz\/n\/?p=93637"},"modified":"2025-12-01T17:09:31","modified_gmt":"2025-12-01T16:09:31","slug":"jiri-vyvadil-pokud-pavel-vse-nevysvetli-neni-vhodnym-kandidatem-na-znovuzvoleni-za-prezidenta","status":"publish","type":"post","link":"https:\/\/www.infokuryr.cz\/n\/2025\/12\/02\/jiri-vyvadil-pokud-pavel-vse-nevysvetli-neni-vhodnym-kandidatem-na-znovuzvoleni-za-prezidenta\/","title":{"rendered":"Ji\u0159\u00ed Vyvadil: Pokud Pavel v\u0161e nevysv\u011btl\u00ed, nen\u00ed vhodn\u00fdm kandid\u00e1tem  na znovuzvolen\u00ed za prezidenta"},"content":{"rendered":"<div id=\"fb-root\"><\/div>\n<p><strong>Petr Pavel znovu a znovu chce odstranit Filipa Turka co by kandid\u00e1ta na ministra. Nejprve zahrani\u010d\u00ed, nov\u011b i \u017eivotn\u00edho prost\u0159ed\u00ed, zkr\u00e1tka \u010dehokoliv\u2026<\/strong><\/p>\n<p>U\u017e n\u011bkolikr\u00e1t jsem se ot\u00e1zky Filipa Turka dotknul a nepochybn\u011b se jej dotknu je\u0161t\u011b n\u011bkolikr\u00e1t. U\u017e od\u00a0 ml\u00e1d\u00ed jsem byl socialista a pokud by mi n\u011bkdo \u0159\u00edkal, \u017ee je pravi\u010d\u00e1k, odtahoval bych se.<\/p>\n<p>Ale z\u00a0dne\u0161n\u00edch\u00a0 evropsk\u00fdch socialist\u016f s\u00a0jejich vz\u00fdv\u00e1n\u00edm\u00a0 transgenderu a man\u017eelstv\u00edm gay\u016f, tup\u00e9ho prosazov\u00e1n\u00ed zelen\u00e9 politiky zp\u016fsobem, kter\u00fd na rozd\u00edl od \u010c\u00edny vede ke kolapsu pr\u016fmyslu, zat\u00edmco z\u00a0n\u00ed se stala celosv\u011btov\u00e1 technologick\u00e1 jedni\u010dka a hlavn\u011b fanatick\u00e9 touze po por\u00e1\u017ece Ruska, kter\u00e1 je podobn\u011b neuskute\u010dniteln\u00e1, jakou ji m\u011bl Hitler pro Drang na Osten, se mi d\u011bl\u00e1 zle.<\/p>\n<p>Mimochodem i proto socialist\u00e9 upadaj\u00ed.<\/p>\n<p>To rozhodn\u011b nosn\u00e9 jsou dnes realisti\u010dt\u00ed populist\u00e9, kte\u0159\u00ed jsou schopni vyhm\u00e1tnout to nosn\u00e9 a racion\u00e1ln\u00ed a cht\u011bj\u00ed konec v\u00e1lky.<\/p>\n<p>Volbou Petra Pavla \u010desk\u00fd n\u00e1rod mor\u00e1ln\u011b sehnal. Ani Emil H\u00e1cha nejednal tak podle.<\/p>\n<p>Zvolit n\u011bkoho, kdo je\u0161t\u011b 17. listopadu nev\u011bd\u011bl, zda nebude nasazen proti kontrarevolu\u010dn\u00edm \u017eivl\u016fm a \u010dekal na p\u0159\u00edkaz, zda p\u0159ijde a teprve, kdy\u017e nep\u0159i\u0161el, tak to zabalil, jel dom\u016f a za\u010dal p\u0159em\u00fd\u0161let jak oto\u010dit kab\u00e1t\u2026<\/p>\n<p>A pot\u00e9 komunistick\u00fd rozv\u011bd\u010d\u00edk se rozhodl zm\u011bnit kab\u00e1t\u2026<\/p>\n<p>Budi\u017e. Zm\u011bnili i jin\u00ed.<\/p>\n<p>Ale aby dnes si osvojoval pr\u00e1vo hodnotit jin\u00e9, to je doslova mrzk\u00e9 a zavr\u017een\u00edhodn\u00e9<\/p>\n<p>A mrzk\u00e1 a zavr\u017een\u00edhodn\u00ed \u00a0je ta \u010d\u00e1st n\u00e1roda, kter\u00e1 mu za to tlesk\u00e1.<\/p>\n<p>A Filip Turek nad n\u00edm \u010dn\u00ed jako Pet\u0159\u00ednsk\u00e1\u00a0 v\u011b\u017e na sv\u00fdmi z\u00e1klady\u2026<\/p>\n<p>Jsem si samoz\u0159ejm\u011b jist, \u017ee Pavel v\u00ed, jak uboh\u00fd je tento n\u00e1rod a jak mu zatlesk\u00e1.<\/p>\n<p>A up\u0159\u00edmn\u011b, Macinka a spol. se m\u00fdl\u00ed, \u017ee se nech\u00e1 Pavel p\u0159emluvit.<\/p>\n<p>Nenech\u00e1. Filip Turek by ve vl\u00e1d\u011b po Babi\u0161ovi bude absolutn\u011b nejv\u00fdrazn\u011bj\u0161\u00ed osobnost\u00ed. A to Pavel nep\u0159ipust\u00ed.<\/p>\n<p>Ur\u010dit\u011b ho nejmenuje. Jako \u00fasp\u011b\u0161n\u00fd voj\u00e1k v\u00ed, koho mus\u00ed porazit.<\/p>\n<p>Babi\u0161e by jist\u011b r\u00e1d, ale to u\u017e by p\u0159\u00edli\u0161 velk\u00e9 kafe. Tak alespo\u0148 toho Turka.<\/p>\n<p>Je pro n\u011bho symbolem \u00fasp\u011b\u0161n\u00e9ho vzdoru a jeho osobn\u00ed por\u00e1\u017eky.<\/p>\n<p>Ta vl\u00e1da samoz\u0159ejm\u011b vzniknout mus\u00ed. A ide\u00e1ln\u00ed tedy bude, kdy\u017e Macinka t\u0159eba na rok bude jak ministrem zahrani\u010d\u00ed i z\u00e1rove\u0148 \u017eivotn\u00edho prost\u0159ed\u00ed.<\/p>\n<p>A nenech\u00e1 si vnutit jin\u00e9ho kandid\u00e1ta<\/p>\n<p>Tomu amor\u00e1ln\u00edmu parchantovi na Hrad\u011b\u00a0 nelze ustupovat.<\/p>\n<p>A u\u017e jenom z\u00a0recese za\u010dn\u011bme uva\u017eovat o tom, navrhnout Filipa Turka jako kandid\u00e1ta na prezidenta. To svou zarytost\u00ed mu Pavel otev\u0159el dve\u0159e.<\/p>\n<p>Sranda mus\u00ed b\u00fdt.<\/p>\n<p><a href=\"https:\/\/vasevec.info\/domaci-politika\/pokud-pavel-vse-nevysvetli-neni-vhodnym\">Ji\u0159\u00ed Vyvadil<\/a><\/p>\n<p><img decoding=\"async\" loading=\"lazy\" class=\"alignnone size-medium wp-image-16474\" src=\"http:\/\/www.infokuryr.cz\/n\/wp-content\/uploads\/2022\/10\/jiri-vyvadil-300x200.jpg\" alt=\"\" width=\"300\" height=\"200\" srcset=\"https:\/\/www.infokuryr.cz\/n\/wp-content\/uploads\/2022\/10\/jiri-vyvadil-300x200.jpg 300w, https:\/\/www.infokuryr.cz\/n\/wp-content\/uploads\/2022\/10\/jiri-vyvadil-768x512.jpg 768w, https:\/\/www.infokuryr.cz\/n\/wp-content\/uploads\/2022\/10\/jiri-vyvadil.jpg 800w\" sizes=\"(max-width: 300px) 100vw, 300px\" \/><\/p>\n<p>&nbsp;<\/p>\n","protected":false},"excerpt":{"rendered":"<p>Petr Pavel znovu a znovu chce odstranit Filipa Turka co by kandid\u00e1ta na ministra. Nejprve&#8230;<\/p>\n","protected":false},"author":2,"featured_media":49351,"comment_status":"closed","ping_status":"closed","sticky":false,"template":"","format":"standard","meta":[],"categories":[6],"tags":[4938,1503,1173,165,1411],"_links":{"self":[{"href":"https:\/\/www.infokuryr.cz\/n\/wp-json\/wp\/v2\/posts\/93637"}],"collection":[{"href":"https:\/\/www.infokuryr.cz\/n\/wp-json\/wp\/v2\/posts"}],"about":[{"href":"https:\/\/www.infokuryr.cz\/n\/wp-json\/wp\/v2\/types\/post"}],"author":[{"embeddable":true,"href":"https:\/\/www.infokuryr.cz\/n\/wp-json\/wp\/v2\/users\/2"}],"replies":[{"embeddable":true,"href":"https:\/\/www.infokuryr.cz\/n\/wp-json\/wp\/v2\/comments?post=93637"}],"version-history":[{"count":0,"href":"https:\/\/www.infokuryr.cz\/n\/wp-json\/wp\/v2\/posts\/93637\/revisions"}],"wp:featuredmedia":[{"embeddable":true,"href":"https:\/\/www.infokuryr.cz\/n\/wp-json\/wp\/v2\/media\/49351"}],"wp:attachment":[{"href":"https:\/\/www.infokuryr.cz\/n\/wp-json\/wp\/v2\/media?parent=93637"}],"wp:term":[{"taxonomy":"category","embeddable":true,"href":"https:\/\/www.infokuryr.cz\/n\/wp-json\/wp\/v2\/categories?post=93637"},{"taxonomy":"post_tag","embeddable":true,"href":"https:\/\/www.infokuryr.cz\/n\/wp-json\/wp\/v2\/tags?post=93637"}],"curies":[{"name":"wp","href":"https:\/\/api.w.org\/{rel}","templated":true}]}}