{"id":93624,"date":"2025-12-02T00:25:14","date_gmt":"2025-12-01T23:25:14","guid":{"rendered":"https:\/\/www.infokuryr.cz\/n\/?p=93624"},"modified":"2025-12-01T12:37:17","modified_gmt":"2025-12-01T11:37:17","slug":"vyjednavat-je-zlo-a-valka-je-dobro","status":"publish","type":"post","link":"https:\/\/www.infokuryr.cz\/n\/2025\/12\/02\/vyjednavat-je-zlo-a-valka-je-dobro\/","title":{"rendered":"Vyjedn\u00e1vat je zlo a v\u00e1lka je dobro"},"content":{"rendered":"<div id=\"fb-root\"><\/div>\n<p><strong>\u010cesk\u00e1 gau\u010dov\u00e1 junta je zd\u011b\u0161ena. Vyjednava\u010d americk\u00e9ho prezidenta Witkoff se bav\u00ed s Putinem, To je zrada, to je nov\u00fd Mnichov, my budeme protestovat, my chceme, aby se vyjedn\u00e1va\u010d Witkoff s Putinem nebavil.<\/strong><\/p>\n<p>M\u00edrov\u00fd pl\u00e1n se n\u00e1m nel\u00edb\u00ed! My nechceme m\u00edrov\u00fd pl\u00e1n, my chceme v\u00e1le\u010dn\u00fd pl\u00e1n! Jak\u00a0<a href=\"https:\/\/www.newstream.cz\/politika\/brusel-utahuje-srouby-rusku-pribydou-sankce-ukrajine-podpora\">\u0159ekla eurosoudru\u017eka Kallasov\u00e1<\/a>, chceme oslabit Rusko a podporovat Ukrajinu. Oni u\u017e se ani netaj\u00ed t\u00edm, \u017ee Ukrajina je strategick\u00fd asset v proxy v\u00e1lce Z\u00e1padu s Ruskem.<\/p>\n<p>Chceme rozdrtit rusk\u00e9ho nep\u0159\u00edtele, kter\u00fd u\u017e je t\u0159i roky na konci s dechem,\u00a0<a href=\"https:\/\/www.youtube.com\/shorts\/WwMLf8c2O5U\">drt\u00ed ho evropsk\u00e9 sankce<\/a>, jeho ekonomika se rozpad\u00e1, pou\u017e\u00edv\u00e1 star\u00e9 tanky, na ty nov\u00e9 montuje provizorn\u00ed konstrukce p\u0159ipom\u00ednaj\u00edc\u00ed kurn\u00edk a\u00a0<a href=\"https:\/\/prazska.drbna.cz\/zpravy\/spolecnost\/8654-prestante-krast-na-ukrajine-lide-pred-ruskou-ambasadu-donesli-spotrebice-i-jizdni-kolo.html\">krade ledni\u010dky<\/a>. Rusov\u00e9\u00a0<a href=\"https:\/\/www.novinky.cz\/clanek\/valka-na-ukrajine-rusove-v-pokrovsku-postupuji-hlemyzdim-tempem-40550896\">postupuj\u00ed hlem\u00fd\u017ed\u00edm tempem<\/a>, pouze 0,12 km za den, ale pozor, p\u0159es tohle v\u0161echno, brzy obsad\u00ed celou Evropu, tak\u017ee pot\u0159ebujeme zbrojit a pot\u0159ebujeme arm\u00e1dy a cenzuru a neziskovky, a to jsme my, tak navalte prachy. Jinak budou Rusov\u00e9 pochodovat po V\u00e1clav\u00e1ku, tak\u017ee Milion Chvilek nebude m\u00edt kde demonstrovat a Arabov\u00e9 prod\u00e1vat drogy.<\/p>\n<p>Hej neziskov\u00ed soudruzi, bud\u00ed\u010dek. P\u0159ich\u00e1z\u00ed zm\u011bna. Nen\u00ed zat\u00edm moc vid\u011bt, ale p\u0159ich\u00e1z\u00ed. Mus\u00edte reagovat, nebo sp\u00ed\u0161 u\u017e je na reakci pozd\u011b.<\/p>\n<p>Ka\u017ed\u00e1 v\u00e1lka m\u00e1 stejn\u00e9 f\u00e1ze: Roztlesk\u00e1vac\u00ed, devasta\u010dn\u00ed a rekonstruk\u010dn\u00ed. Tyto f\u00e1ze jsou vz\u00e1jemn\u011b podm\u00edn\u011bn\u00e9 a ka\u017ed\u00e1 z t\u011bchto f\u00e1z\u00ed p\u0159edstavuje odli\u0161n\u00fd business model.<\/p>\n<p>Roztlesk\u00e1vac\u00ed f\u00e1zi m\u00e1me \u00fasp\u011b\u0161n\u011b za sebou. V\u00e1lku se poda\u0159ilo roztleskat a \u010desk\u00e9 roztlesk\u00e1va\u010dky pat\u0159ily v mezin\u00e1rodn\u00edm srovn\u00e1n\u00ed ke \u0161pi\u010dce. Nenapad\u00e1 m\u011b jin\u00e1 zem\u011b, kde by se roztlesk\u00e1valo v\u00edc, mo\u017en\u00e1 je\u0161t\u011b Rusk\u00e1 federace. Probl\u00e9m \u010desk\u00fdch v\u00e1le\u010dn\u00fdch roztlesk\u00e1va\u010dek je, \u017ee nedovedou p\u0159estat roztlesk\u00e1vat. Je to stejn\u00e9 jako u civiln\u00edch roztlesk\u00e1va\u010dek. Jejich vystoupen\u00ed je sice p\u016fsobiv\u00e9, ale div\u00e1ci p\u0159i\u0161li kv\u016fli n\u011b\u010demu jin\u00e9mu. Je t\u0159eba um\u011bt v\u010das skon\u010dit.<\/p>\n<p>Devasta\u010dn\u00ed f\u00e1ze nyn\u00ed vrchol\u00ed. D\u00e9lka devasta\u010dn\u00ed f\u00e1ze je d\u00e1na t\u00edm, zda je je\u0161t\u011b co ni\u010dit. V\u017edycky n\u011bco n\u011bkomu dojde. Zdroje, c\u00edle, lidi, odhodl\u00e1n\u00ed nebo zbran\u011b. Nicm\u00e9n\u011b byznysov\u00fd potenci\u00e1l hork\u00e9 f\u00e1ze je u\u017e velmi mal\u00fd a pomalu bude nastupovat f\u00e1ze rekonstruk\u010dn\u00ed a odemyk\u00e1n\u00ed jej\u00edho obrovsk\u00e9ho, gigantick\u00e9ho, skoro nekone\u010dn\u00e9ho potenci\u00e1lu, kter\u00fd si USA pojistily smluvn\u011b.<\/p>\n<p>Mo\u017en\u00e9 se Ursule poda\u0159\u00ed ukr\u00e1st rusk\u00e1 aktiva v Evrop\u011b a utratit je v USA za zbran\u011b \u201epro Ukrajinu\u201c, co\u017e by devasta\u010dn\u00ed f\u00e1zi prodlou\u017eilo o p\u00e1r m\u011bs\u00edc\u016f. Cena za tuto finan\u010dn\u00ed injekci bude ka\u017edop\u00e1dn\u011b stra\u0161liv\u00e1. Nen\u00ed v\u016fbec jist\u00e9, \u017ee rusk\u00e1 aktiva v Evrop\u011b jsou aktiva proputinovsk\u00e9ho establishmentu, sp\u00ed\u0161e ne, proto\u017ee ten by nevyv\u00e1d\u011bl zdroje mimo Rusko, tak\u017ee Ursula vlastn\u011b okrade vlastn\u00ed potenci\u00e1ln\u00ed spojence. D\u00e1le t\u00edm znev\u011brohodn\u00ed Evropu jako m\u00edsto, kde je mo\u017en\u00e9 bezpe\u010dn\u011b ukl\u00e1dat pen\u00edze. Tak\u017ee kr\u00e1tkodob\u011b sice pen\u00edze z\u00edsk\u00e1, ale zav\u0159e si cestu k t\u011bm, co v budoucnu p\u0159ij\u00edt mohly. Je to takov\u00fd posledn\u00ed zoufal\u00fd krok. Ursuly ofenz\u00edva v Arden\u00e1ch. I p\u0159es v\u0161echny snahy, za p\u00e1r m\u011bs\u00edc\u016f nastane ten bod, kdy u\u017e nebude kde br\u00e1t.<\/p>\n<p>Schv\u00e1ln\u011b, mysl\u00ed si n\u011bkdo, \u017ee z\u00e1sahy ukrajinsk\u00e9 protikorup\u010dn\u00ed policie v posledn\u00edch t\u00fddnech jsou n\u00e1hoda? Skute\u010dn\u011b si n\u011bkdo mysl\u00ed, \u017ee si a\u017e v listopadu n\u011bkdo v\u0161iml, \u017ee soudruh Mindi\u010d m\u00e1 z\u00e1chody ze zlata? Mindi\u010d byl zn\u00e1m jako \u201eZelenskyho pen\u011b\u017eenka\u201c. V\u010dera to schytal \u0161\u00e9f Zelenskyho kancel\u00e1\u0159e Jermak. Ten byl zase \u201eZelenskyho dve\u0159n\u00edk\u201c. Kdo cht\u011bl mluvit se Zelensk\u00fdm, musel p\u0159es Jermaka, samoz\u0159ejm\u011b to nebylo jen tak. Schv\u00e1ln\u011b kdo bude na \u0159ad\u011b dal\u0161\u00ed. Je jasn\u00e9, kam to v\u0161echno sm\u011b\u0159uje. Zelenskyj jako hlavn\u00ed postava hork\u00e9 f\u00e1ze u\u017e poslou\u017eil a te\u010f bude muset pry\u010d. Pro rekonstruk\u010dn\u00ed f\u00e1zi bude t\u0159eba n\u011bkoho jin\u00e9ho, \u201e\u010dist\u00e9ho\u201c, tedy nakolik situace na Ukrajin\u011b umo\u017e\u0148uje. M\u00e9dia n\u00e1m nen\u00e1padn\u011b p\u0159edkl\u00e1daj\u00ed n\u011bkter\u00e9 kandid\u00e1ty, t\u0159eba boxera a starostu Kli\u010dka.<\/p>\n<p>A \u010desk\u00e9 v\u00e1le\u010dn\u00e9 roztlesk\u00e1va\u010dky tohle v\u0161echno neberou na v\u011bdom\u00ed a po\u0159\u00e1d je\u0161t\u011b roztlesk\u00e1vaj\u00ed. \u00dapln\u011b jim ujel vlak.<\/p>\n<p>Nem\u00e1 cenu demonstrovat. Wifkoff nebo jin\u00fd ud\u011bl\u00e1 to, co se ud\u011blat tak jako tak mus\u00ed. Ka\u017ed\u00e1 v\u00e1lka skon\u010dila n\u011bjakou dohodou.<\/p>\n<p>M\u00e1m jeden osobn\u011b otestovan\u00fd poznatek na t\u00e9ma moci a vlivu. M\u016f\u017eete ho tak\u00e9 vyu\u017e\u00edt k anal\u00fdze va\u0161eho postaven\u00ed nap\u0159\u00edklad v pr\u00e1ci, v partnersk\u00fdch vztaz\u00edch, v politick\u00e9 kari\u00e9\u0159e a podobn\u011b.<\/p>\n<p>Kdy\u017e v\u00e1s neposlouch\u00e1 v\u016fbec nikdo, tak jste loser.<\/p>\n<p>Kdy\u017e v\u00e1s poslouchaj\u00ed ti, kdo v\u00e1s poslouchat mus\u00ed, pak m\u00e1te moc.<\/p>\n<p>Kdy\u017e v\u00e1s poslouchaj\u00ed ti, kdo v\u00e1s poslouchat mus\u00ed a je\u0161t\u011b k tomu ti, kdo v\u00e1s poslouchat nemus\u00ed, pak m\u00e1te vliv.<\/p>\n<p>Vliv je tedy podstatn\u011b v\u00edc ne\u017e moc.<\/p>\n<p>Witkoff m\u00e1 nulovou moc. Nemus\u00ed skl\u00e1dat \u00fa\u010dty voli\u010d\u016fm, sen\u00e1tu ani vl\u00e1d\u011b. Nikdo ho nevolil, nikdo ho neschv\u00e1lil a nikdo ho nejmenoval. Odpov\u00edd\u00e1 se jedin\u00e9mu \u010dlov\u011bku, a to je prezident USA. Shodou okolnost\u00ed ten m\u00e1 obrovoskou moc.<\/p>\n<p>Witkoff m\u00e1 t\u00edm p\u00e1dem obrovsk\u00fd vliv.<\/p>\n<p>Witkoff je vyjednava\u010d. Z podstaty v\u011bci s ob\u011bma stranami jednat mus\u00ed.<\/p>\n<p>B\u011bhem vyjedn\u00e1v\u00e1n\u00ed jde v\u017edy o to, \u017ee ob\u011b strany musej\u00ed d\u011blat \u00fastupky. Pokud n\u011bkter\u00e1 ze stran \u00fastupky d\u011blat nechce nebo nepot\u0159ebuje, pak nemus\u00ed vyjedn\u00e1vat. Zde ob\u011b strany vyjedn\u00e1vat cht\u011bj\u00ed, tak\u017ee tak\u00e9 berou na v\u011bdom\u00ed, \u017ee budou muset n\u011bkd\u011b ustoupit, aby zase n\u011bkde jinde z\u00edskaly v\u00fdhodu.<\/p>\n<p>Jen skute\u010dn\u011b neobratn\u00fd \u010dlov\u011bk tohle\u00a0<a href=\"https:\/\/www.seznamzpravy.cz\/clanek\/zahranicni-komentar-podivuhodny-pan-witkoff-kope-trumpuv-kumpan-za-rusko-292737\">nech\u00e1pe<\/a>. Je to technick\u00e1 v\u011bc, nejde o mor\u00e1lku ani nic podobn\u00e9ho.<\/p>\n<p>Jde tedy o to, jak budou ob\u011b strany hospoda\u0159it s Witkoffov\u00fdm vlivem, tedy kolik z n\u011bho z\u00edskaj\u00ed pro svou pot\u0159ebu tak, aby na konci mohly d\u011blat co nejmen\u0161\u00ed \u00fastupky. Je to n\u011bco jako iterativn\u00ed proces, kter\u00fd se b\u011bhem sv\u00e9ho pr\u016fb\u011bhu bu\u010f bude p\u0159ibli\u017eovat tomu, co je pro ob\u011b strany akceptovateln\u00e9 (pak dojde k dohod\u011b) nebo se bude od toho vzdalovat a pak jedn\u00e1n\u00ed zkrachuj\u00ed. Krach jedn\u00e1n\u00ed ale nen\u00ed ve Witkoffov\u011b z\u00e1jmu a nem\u00e1m za to, \u017ee te\u010f je to really an option.<\/p>\n<p>Ohledn\u011b vyu\u017eit\u00ed Witkoffova vlivu jsou mo\u017en\u00e9 dv\u011b strategie.<\/p>\n<p>D\u011blat p\u00ed\u010du, ignorovat status quo, ml\u00e1tit p\u011bsti\u010dkou do stolu, oh\u00e1n\u011bt se mor\u00e1ln\u00edm kreditem, fr\u00e1zemi a \u201ehodnotovou politikou\u201c a zkusit t\u00edm vlivn\u00e9ho vyjedn\u00e1va\u010de \u201ep\u0159ev\u00e1lcovat\u201c v nad\u011bji, \u017ee se v n\u011bm n\u011bco ohne, za\u010dne b\u00fdt iracion\u00e1ln\u00ed a pod\u011bl\u00ed se s v\u00e1mi o sv\u016fj vliv.<\/p>\n<p>Ne moc pravd\u011bpodobn\u00e9.<\/p>\n<p>Nebo dostat vyjednava\u010de pro kontrolu a pomalu ho integrovat do vlastn\u00ed hry tak, aby jeho vliv na konci pracoval pro v\u00e1s. To ud\u011blali Rus\u00e1ci.<\/p>\n<p>A jak to vypad\u00e1, vy\u0161lo jim to.<\/p>\n<p>Pragmatismus vyhr\u00e1l. Je to sice nen\u00e1padn\u00e1, ale velk\u00e1 prohra Z\u00e1padu.<\/p>\n<p>BTW v dlouh\u00e9 h\u0159e vyhr\u00e1v\u00e1 pragmatismus v\u017edy. Ka\u017ed\u00e1 utopie funguje jen tak dlouho, dokud vydr\u017e\u00ed financovat sv\u016fj m\u00fdtus. N\u00e1klady na financov\u00e1n\u00ed m\u00fdtu exponenci\u00e1ln\u011b rostou s t\u00edm, jak se m\u00fdtus postupn\u011b rozpad\u00e1. Sledujte, jak \u010d\u00edm d\u00e1l n\u00e1kladn\u011bj\u0161\u00ed a nam\u00e1hav\u011bj\u0161\u00ed udr\u017eovat p\u0159\u00edb\u011bh o glob\u00e1ln\u00edm oteplov\u00e1n\u00ed.<\/p>\n<p>Chovejme se jak hovada, podporujme nedosp\u011bl\u00e9 hloup\u00e9 idealistick\u00e9 elity, kter\u00e9 se chovaj\u00ed jak hovada a mal\u00e9 d\u011bti, a dal\u0161\u00ed por\u00e1\u017eky budou n\u00e1sledovat.<\/p>\n<p><span style=\"font-size: 10pt;\"><a href=\"https:\/\/dfens-cz.com\/vyjednavat-je-zlo-a-valka-je-dobro\/\">D-FENS<\/a><\/span><\/p>\n<p>&nbsp;<\/p>\n","protected":false},"excerpt":{"rendered":"<p>\u010cesk\u00e1 gau\u010dov\u00e1 junta je zd\u011b\u0161ena. Vyjednava\u010d americk\u00e9ho prezidenta Witkoff se bav\u00ed s Putinem, To je&#8230;<\/p>\n","protected":false},"author":2,"featured_media":66602,"comment_status":"closed","ping_status":"closed","sticky":false,"template":"","format":"standard","meta":[],"categories":[6],"tags":[670,4139,1503,565,40],"_links":{"self":[{"href":"https:\/\/www.infokuryr.cz\/n\/wp-json\/wp\/v2\/posts\/93624"}],"collection":[{"href":"https:\/\/www.infokuryr.cz\/n\/wp-json\/wp\/v2\/posts"}],"about":[{"href":"https:\/\/www.infokuryr.cz\/n\/wp-json\/wp\/v2\/types\/post"}],"author":[{"embeddable":true,"href":"https:\/\/www.infokuryr.cz\/n\/wp-json\/wp\/v2\/users\/2"}],"replies":[{"embeddable":true,"href":"https:\/\/www.infokuryr.cz\/n\/wp-json\/wp\/v2\/comments?post=93624"}],"version-history":[{"count":0,"href":"https:\/\/www.infokuryr.cz\/n\/wp-json\/wp\/v2\/posts\/93624\/revisions"}],"wp:featuredmedia":[{"embeddable":true,"href":"https:\/\/www.infokuryr.cz\/n\/wp-json\/wp\/v2\/media\/66602"}],"wp:attachment":[{"href":"https:\/\/www.infokuryr.cz\/n\/wp-json\/wp\/v2\/media?parent=93624"}],"wp:term":[{"taxonomy":"category","embeddable":true,"href":"https:\/\/www.infokuryr.cz\/n\/wp-json\/wp\/v2\/categories?post=93624"},{"taxonomy":"post_tag","embeddable":true,"href":"https:\/\/www.infokuryr.cz\/n\/wp-json\/wp\/v2\/tags?post=93624"}],"curies":[{"name":"wp","href":"https:\/\/api.w.org\/{rel}","templated":true}]}}