{"id":93622,"date":"2025-12-02T00:22:39","date_gmt":"2025-12-01T23:22:39","guid":{"rendered":"https:\/\/www.infokuryr.cz\/n\/?p=93622"},"modified":"2025-12-01T12:29:07","modified_gmt":"2025-12-01T11:29:07","slug":"vietnamec-se-schovaval-pred-kumpany-z-drogove-mafie-ceska-media-z-nej-delaji-hrdinneho-cecha-ktery-branil-ukrajinu","status":"publish","type":"post","link":"https:\/\/www.infokuryr.cz\/n\/2025\/12\/02\/vietnamec-se-schovaval-pred-kumpany-z-drogove-mafie-ceska-media-z-nej-delaji-hrdinneho-cecha-ktery-branil-ukrajinu\/","title":{"rendered":"Vietnamec se schov\u00e1val p\u0159ed kump\u00e1ny z drogov\u00e9 mafie. \u201e\u010cesk\u00e1\u201c m\u00e9dia z n\u011bj d\u011blaj\u00ed \u201ehrdinn\u00e9ho \u010cecha\u201c, kter\u00fd br\u00e1nil Ukrajinu"},"content":{"rendered":"<div id=\"fb-root\"><\/div>\n<p>V takzvan\u00e9 mezin\u00e1rodn\u00ed legii bojuje na Ukrajin\u011b n\u011bkolik des\u00edtek tis\u00edc cizinc\u016f. V\u011bt\u0161inou se jedn\u00e1 o \u201eneofici\u00e1ln\u00ed p\u0159\u00edslu\u0161n\u00edky\u201c zahrani\u010dn\u00edch arm\u00e1d, ale\u00a0<strong>nepohrdne se ani r\u016fzn\u00fdmi dobrodruhy, \u010di krimin\u00e1ln\u00edky, kte\u0159\u00ed se skr\u00fdvaj\u00ed p\u0159ed spravedlnost\u00ed, nebo kolegy mafi\u00e1ny. To je p\u0159esn\u011b p\u0159\u00edpad ned\u00e1vno\u00a0<a href=\"https:\/\/www.seznamzpravy.cz\/clanek\/zahranicni-rusove-zajali-ceskeho-obcana-bojujiciho-na-ukrajine-ma-vazna-zraneni-292457\">zajat\u00e9ho Vietnamc<\/a>e, kter\u00fd padl zran\u011bn\u00fd do rukou rusk\u00fdch voj\u00e1k\u016f.<\/strong>\u00a0Na zve\u0159ejn\u011bn\u00e9m videu, o tom tak\u00e9 zajat\u00fd Vietnamec otev\u0159en\u011b mluv\u00ed.<\/p>\n<p><strong>Jen\u017ee m\u00e1 to i \u010deskou stopu. Vietnamec toti\u017e p\u0159ed t\u00edm \u017eil \u201epln\u011b integrov\u00e1n\u201c v \u010cesku, kde a\u010d nevl\u00e1dl \u010desk\u00fdm jazykem, z\u00edskal \u201e\u010desk\u00e9 ob\u010danstv\u00ed\u201c. Tam se \u017eivil po\u010destn\u011b jako p\u0159\u00edslu\u0161n\u00edk drogov\u00e9 mafie, konkr\u00e9tn\u011b jako tzv. do boi, tedy vymaha\u010d, ml\u00e1ti\u010d, \u010di likvid\u00e1tor nepohodln\u00fdch osob<\/strong>. Jen\u017ee se\u00a0<strong>dostal do konkuren\u010dn\u00edho boje o moc a jeliko\u017e \u201e\u010desk\u00e9 vietnamsk\u00e9\u201c mafie operuj\u00ed i ve Vietnamu, tak se rozhodl ukr\u00fdt a zmizet ve v\u00e1lce na Ukrajin\u011b<\/strong>. Jinak by u\u017e byl d\u00e1vno po smrti a m\u011bstsk\u00fd into\u0161 by ho nev\u011bdomky sn\u011bdl v pol\u00e9vce pho v n\u011bjak\u00e9m vietnamsk\u00e9m bistru, kter\u00e9 ovl\u00e1d\u00e1 mafie.<\/p>\n<p>Neuv\u011b\u0159iteln\u00e9 je, jak\u00a0<strong>z n\u011bj nyn\u00ed \u201e\u010desk\u00e1\u201c m\u00e9dia d\u011blaj\u00ed hrdinu, kter\u00fd bojoval za \u201ehodnoty\u201c na Ukrajin\u011b. \u201e\u010cesk\u00e9\u201c ministerstvo zahrani\u010d\u00ed se dokonce pr\u00fd zasazuje za jeho propu\u0161t\u011bn\u00ed.<\/strong>.. ano, \u010dtete dob\u0159e, Lipavsk\u00fd a jeho parta ho cht\u011bj\u00ed dostat zp\u011bt do \u010cR, kde by se p\u0159ece zase mohl pln\u011b integrovat do drogov\u00fdch k\u0161eft\u016f, \u017ee?!<\/p>\n<p>Sou\u010dasn\u011b je tu druh\u00fd rozm\u011br,\u00a0<strong>m\u00e9dia t\u00edm sd\u011bluj\u00ed \u010desk\u00fdm g\u00f3j\u016fm, \u017ee b\u00fdt \u010cech u\u017e p\u0159ece neznamen\u00e1 b\u00fdt b\u00edl\u00fd a m\u00edt rodnou \u0159e\u010d \u010de\u0161tinu\u2026 I pro \u010cechy je p\u0159ipravena multikulturn\u00ed spole\u010dnost a zat\u00edm to dareb\u00e1k\u016fm z nejstar\u0161\u00ed mafie sv\u011bta vych\u00e1z\u00ed.<\/strong><\/p>\n<p><em>P.P. autor \u010dl\u00e1nku pracuje u policie \u010cR<\/em><\/p>\n<p>&nbsp;<\/p>\n","protected":false},"excerpt":{"rendered":"<p>V takzvan\u00e9 mezin\u00e1rodn\u00ed legii bojuje na Ukrajin\u011b n\u011bkolik des\u00edtek tis\u00edc cizinc\u016f. V\u011bt\u0161inou se jedn\u00e1 o&#8230;<\/p>\n","protected":false},"author":2,"featured_media":93623,"comment_status":"closed","ping_status":"closed","sticky":false,"template":"","format":"standard","meta":[],"categories":[6],"tags":[1800,158,26,7903,2969],"_links":{"self":[{"href":"https:\/\/www.infokuryr.cz\/n\/wp-json\/wp\/v2\/posts\/93622"}],"collection":[{"href":"https:\/\/www.infokuryr.cz\/n\/wp-json\/wp\/v2\/posts"}],"about":[{"href":"https:\/\/www.infokuryr.cz\/n\/wp-json\/wp\/v2\/types\/post"}],"author":[{"embeddable":true,"href":"https:\/\/www.infokuryr.cz\/n\/wp-json\/wp\/v2\/users\/2"}],"replies":[{"embeddable":true,"href":"https:\/\/www.infokuryr.cz\/n\/wp-json\/wp\/v2\/comments?post=93622"}],"version-history":[{"count":0,"href":"https:\/\/www.infokuryr.cz\/n\/wp-json\/wp\/v2\/posts\/93622\/revisions"}],"wp:featuredmedia":[{"embeddable":true,"href":"https:\/\/www.infokuryr.cz\/n\/wp-json\/wp\/v2\/media\/93623"}],"wp:attachment":[{"href":"https:\/\/www.infokuryr.cz\/n\/wp-json\/wp\/v2\/media?parent=93622"}],"wp:term":[{"taxonomy":"category","embeddable":true,"href":"https:\/\/www.infokuryr.cz\/n\/wp-json\/wp\/v2\/categories?post=93622"},{"taxonomy":"post_tag","embeddable":true,"href":"https:\/\/www.infokuryr.cz\/n\/wp-json\/wp\/v2\/tags?post=93622"}],"curies":[{"name":"wp","href":"https:\/\/api.w.org\/{rel}","templated":true}]}}