{"id":93615,"date":"2025-12-02T00:24:30","date_gmt":"2025-12-01T23:24:30","guid":{"rendered":"https:\/\/www.infokuryr.cz\/n\/?p=93615"},"modified":"2025-12-01T12:11:01","modified_gmt":"2025-12-01T11:11:01","slug":"alzirsky-ministr-zahranici-je-cas-kriminalizovat-kolonialismus-v-africe","status":"publish","type":"post","link":"https:\/\/www.infokuryr.cz\/n\/2025\/12\/02\/alzirsky-ministr-zahranici-je-cas-kriminalizovat-kolonialismus-v-africe\/","title":{"rendered":"Al\u017e\u00edrsk\u00fd ministr zahrani\u010d\u00ed: \u201eJe \u010das kriminalizovat kolonialismus v Africe\u201c"},"content":{"rendered":"<div id=\"fb-root\"><\/div>\n<p><span dir=\"auto\">Podle Ahmeda Attafa \u201em\u00e1 Afrika tak\u00e9 pr\u00e1vo po\u017eadovat spravedliv\u00e9 od\u0161kodn\u011bn\u00ed a restituci uloupen\u00e9ho majetku.\u201c<\/span><\/p>\n<p><span dir=\"auto\">Al\u017e\u00edrsk\u00fd ministr zahrani\u010d\u00ed Ahmed Attaf vyzval ke \u201ekriminalizaci kolonialismu v Africe\u201c, kter\u00fd vede vyhlazovac\u00ed v\u00e1lku proti domorod\u00e9mu obyvatelstvu a z\u00e1rove\u0148 drancuje jejich zdroje. \u201e\u00a0<\/span><em><span dir=\"auto\">Je na\u010dase kriminalizovat kolonialismus v jeho celistvosti, nam\u00edsto pouh\u00e9ho odsuzov\u00e1n\u00ed n\u011bkter\u00fdch jeho praktik a d\u016fsledk\u016f<\/span><\/em><span dir=\"auto\">\u00a0,\u201c prohl\u00e1sil na zah\u00e1jen\u00ed mezin\u00e1rodn\u00ed konference o koloni\u00e1ln\u00edch zlo\u010dinech v Africe, kter\u00e1 se konala tuto ned\u011bli v Al\u017e\u00edru.<\/span><\/p>\n<p><span dir=\"auto\">Setk\u00e1n\u00ed, o kter\u00e9m bylo rozhodnuto na posledn\u00edm summitu Africk\u00e9 unie, se kon\u00e1 za \u00fa\u010dasti \u00fa\u0159edn\u00edk\u016f a expert\u016f z n\u011bkolika zem\u00ed africk\u00e9ho kontinentu. Podle al\u017e\u00edrsk\u00e9ho ministra zahrani\u010d\u00ed \u201e\u00a0<\/span><em><span dir=\"auto\">m\u00e1 Afrika pr\u00e1vo po\u017eadovat ofici\u00e1ln\u00ed a v\u00fdslovn\u00e9 uzn\u00e1n\u00ed zlo\u010din\u016f sp\u00e1chan\u00fdch na jej\u00edm lidu b\u011bhem koloni\u00e1ln\u00edho obdob\u00ed\u201c a \u201epo\u017eadovat spravedliv\u00e9 od\u0161kodn\u011bn\u00ed a restituci uloupen\u00e9ho majetku<\/span><\/em><span dir=\"auto\">\u00a0\u201c.<\/span><\/p>\n<p><span dir=\"auto\">\u201e\u00a0<\/span><em><span dir=\"auto\">Afrika m\u00e1 pr\u00e1vo po\u017eadovat ofici\u00e1ln\u00ed a explicitn\u00ed uzn\u00e1n\u00ed zlo\u010din\u016f sp\u00e1chan\u00fdch proti jej\u00edmu lidu b\u011bhem koloni\u00e1ln\u00edho obdob\u00ed, co\u017e je z\u00e1sadn\u00ed prvn\u00ed krok k vy\u0159e\u0161en\u00ed n\u00e1sledk\u016f t\u00e9to \u00e9ry, za kterou africk\u00e9 zem\u011b a n\u00e1rody nad\u00e1le plat\u00ed vysokou cenu v podob\u011b vylou\u010den\u00ed, marginalizace a zaostalosti<\/span><\/em><span dir=\"auto\">\u00a0,\u201c tvrd\u00ed.<\/span><\/p>\n<p><span dir=\"auto\">Ahmed Attaf d\u00e1le tvrd\u00ed, \u017ee \u201eAfrika m\u00e1 tak\u00e9 pr\u00e1vo po\u017eadovat kriminalizaci kolonialismu prost\u0159ednictv\u00edm jasn\u00e9ho a jednozna\u010dn\u00e9ho mezin\u00e1rodn\u00edho pr\u00e1vn\u00edho r\u00e1mce.\u201c \u201e\u00a0<\/span><em><span dir=\"auto\">Stejn\u011b jako mezin\u00e1rodn\u00ed spole\u010denstv\u00ed kriminalizovalo otroctv\u00ed, praktiky podobn\u00e9 otroctv\u00ed a apartheid, je nyn\u00ed \u010das kriminalizovat samotn\u00fd kolonialismus<\/span><\/em><span dir=\"auto\">\u00a0,\u201c trv\u00e1 na sv\u00e9m.<\/span><\/p>\n<p><span dir=\"auto\">Podle n\u011bj \u201e\u00a0<\/span><em><span dir=\"auto\">m\u00e1 Afrika tak\u00e9 pr\u00e1vo po\u017eadovat spravedliv\u00e9 od\u0161kodn\u011bn\u00ed a restituci uloupen\u00e9ho majetku, proto\u017ee spravedlnosti nelze dos\u00e1hnout pr\u00e1zdnou r\u00e9torikou, marn\u00fdmi sliby ani dobr\u00fdmi \u00famysly<\/span><\/em><span dir=\"auto\">\u00a0.\u201c Ahmed Attaf uv\u00e1d\u00ed, \u017ee jeho zem\u011b \u201e\u010derp\u00e1 ze sv\u00e9 bolestn\u00e9 zku\u0161enosti s francouzsk\u00fdm kolonialismem a pln\u011b podporuje z\u00e1kladn\u00ed c\u00edle, kter\u00e9 si Africk\u00e1 unie stanovila v r\u00e1mci t\u00e9to iniciativy zam\u011b\u0159en\u00e9 na nastolen\u00ed historick\u00e9 spravedlnosti.\u201c<\/span><\/p>\n<p><span dir=\"auto\">Na stejn\u00e9 akci vysv\u011btlil komisa\u0159 Africk\u00e9 unie (AU) pro politick\u00e9 z\u00e1le\u017eitosti, m\u00edr a bezpe\u010dnost Bankole Adeoye, \u017ee se Afri\u010dan\u00e9 mus\u00ed sjednotit ve sv\u00e9m \u00fasil\u00ed o kriminalizaci kolonialismu.<\/span><\/p>\n<p><span dir=\"auto\">\u201e\u00a0<\/span><em><span dir=\"auto\">Mus\u00edme pos\u00edlit jednotu africk\u00fdch zem\u00ed a zapojit africkou diasporu do kriminalizace kolonialismu<\/span><\/em><span dir=\"auto\">\u00a0,\u201c tvrd\u00ed. P\u0159edstavitel AU se tak\u00e9 zasazuje o \u201e\u00a0<\/span><em><span dir=\"auto\">spole\u010dn\u00fd africk\u00fd postoj k ochran\u011b bohatstv\u00ed kontinentu, ale tak\u00e9 jeho kulturn\u00edho d\u011bdictv\u00ed<\/span><\/em><span dir=\"auto\">\u00a0\u201c.<\/span><\/p>\n<p><span dir=\"auto\">Zdroj:\u00a0<\/span><a title=\"Agentura Anadolu\" href=\"https:\/\/www.aa.com.tr\/fr\/afrique\/ministre-alg%C3%A9rien-des-ae-il-est-temps-de-criminaliser-le-colonialisme-en-afrique-\/3758313\" target=\"_blank\" rel=\"noopener\"><span dir=\"auto\">Agentura Anadolu<\/span><\/a><\/p>\n<p>&nbsp;<\/p>\n","protected":false},"excerpt":{"rendered":"<p>Podle Ahmeda Attafa \u201em\u00e1 Afrika tak\u00e9 pr\u00e1vo po\u017eadovat spravedliv\u00e9 od\u0161kodn\u011bn\u00ed a restituci uloupen\u00e9ho majetku.\u201c Al\u017e\u00edrsk\u00fd&#8230;<\/p>\n","protected":false},"author":2,"featured_media":93616,"comment_status":"closed","ping_status":"closed","sticky":false,"template":"","format":"standard","meta":[],"categories":[7],"tags":[1271,1092,3162],"_links":{"self":[{"href":"https:\/\/www.infokuryr.cz\/n\/wp-json\/wp\/v2\/posts\/93615"}],"collection":[{"href":"https:\/\/www.infokuryr.cz\/n\/wp-json\/wp\/v2\/posts"}],"about":[{"href":"https:\/\/www.infokuryr.cz\/n\/wp-json\/wp\/v2\/types\/post"}],"author":[{"embeddable":true,"href":"https:\/\/www.infokuryr.cz\/n\/wp-json\/wp\/v2\/users\/2"}],"replies":[{"embeddable":true,"href":"https:\/\/www.infokuryr.cz\/n\/wp-json\/wp\/v2\/comments?post=93615"}],"version-history":[{"count":0,"href":"https:\/\/www.infokuryr.cz\/n\/wp-json\/wp\/v2\/posts\/93615\/revisions"}],"wp:featuredmedia":[{"embeddable":true,"href":"https:\/\/www.infokuryr.cz\/n\/wp-json\/wp\/v2\/media\/93616"}],"wp:attachment":[{"href":"https:\/\/www.infokuryr.cz\/n\/wp-json\/wp\/v2\/media?parent=93615"}],"wp:term":[{"taxonomy":"category","embeddable":true,"href":"https:\/\/www.infokuryr.cz\/n\/wp-json\/wp\/v2\/categories?post=93615"},{"taxonomy":"post_tag","embeddable":true,"href":"https:\/\/www.infokuryr.cz\/n\/wp-json\/wp\/v2\/tags?post=93615"}],"curies":[{"name":"wp","href":"https:\/\/api.w.org\/{rel}","templated":true}]}}