{"id":93611,"date":"2025-12-02T00:23:19","date_gmt":"2025-12-01T23:23:19","guid":{"rendered":"https:\/\/www.infokuryr.cz\/n\/?p=93611"},"modified":"2025-12-01T12:05:21","modified_gmt":"2025-12-01T11:05:21","slug":"rakousko-24-muzu-celi-soudu-kvuli-valce-gangu-ve-vidni-pri-niz-bylo-v-pripade-zameny-totoznosti-pobodano-a-malem-zabito-7-afghancu","status":"publish","type":"post","link":"https:\/\/www.infokuryr.cz\/n\/2025\/12\/02\/rakousko-24-muzu-celi-soudu-kvuli-valce-gangu-ve-vidni-pri-niz-bylo-v-pripade-zameny-totoznosti-pobodano-a-malem-zabito-7-afghancu\/","title":{"rendered":"Rakousko: 24 mu\u017e\u016f \u010del\u00ed soudu kv\u016fli v\u00e1lce gang\u016f ve V\u00eddni, p\u0159i n\u00ed\u017e bylo v p\u0159\u00edpad\u011b z\u00e1m\u011bny toto\u017enosti pobod\u00e1no a m\u00e1lem zabito 7 Afgh\u00e1nc\u016f"},"content":{"rendered":"<div id=\"fb-root\"><\/div>\n<h3 class=\"s-tagline fw-tagline\"><span dir=\"auto\">\u201eN\u00e1\u0161 v\u016fdce, \u0159eknu, m\u00e1 p\u00ed\u0161\u0165alku. Budeme ho b\u00edt a bodat, dokud znovu nezap\u00edsk\u00e1, a pak ute\u010deme.\u201c<\/span><\/h3>\n<p><span dir=\"auto\">Brut\u00e1ln\u00ed \u00fatok ve V\u00eddni 7. \u010dervence 2024, p\u0159i kter\u00e9m bylo v\u00e1\u017en\u011b zran\u011bno sedm mlad\u00fdch mu\u017e\u016f z Afgh\u00e1nist\u00e1nu, byl podle n\u00e1sledn\u00e9ho vy\u0161et\u0159ov\u00e1n\u00ed p\u0159\u00edpadem fat\u00e1ln\u00ed z\u00e1m\u011bny identity. Incident, p\u0159i kter\u00e9m byly ob\u011bti pobod\u00e1ny \u2013 jedna \u201ebl\u00edzko srdce\u201c \u2013 a druh\u00e1 utrp\u011bla \u201elehk\u00e9 krv\u00e1cen\u00ed do mozku\u201c, byl vyvrcholen\u00edm eskaluj\u00edc\u00edch pouli\u010dn\u00edch bitek a soupe\u0159en\u00ed gang\u016f ve m\u011bst\u011b v l\u00e9t\u011b.<\/span><\/p>\n<p><span dir=\"auto\">\u00dato\u010dn\u00edci, skupina des\u00edtek mlad\u00edk\u016f, kte\u0159\u00ed si \u201e\u010d\u00e1ste\u010dn\u011b zakryli obli\u010deje\u201c a vyzbrojeni \u201eno\u017ei, kladivy, teleskopick\u00fdmi obu\u0161ky a boxery\u201c, se vydali do bl\u00edzkosti vlakov\u00e9ho n\u00e1dra\u017e\u00ed Meidling.<\/span><\/p>\n<p><span dir=\"auto\">Tam pron\u00e1sledovali a brut\u00e1ln\u011b napadli mlad\u00e9, nic netu\u0161\u00edc\u00ed afgh\u00e1nsk\u00e9 mu\u017ee. Uk\u00e1zalo se v\u0161ak, \u017ee Afgh\u00e1nci nebyli zam\u00fd\u0161len\u00fdm c\u00edlem \u00fatoku. M\u00edsto toho se \u00fadajn\u011b shrom\u00e1\u017edili \u010ce\u010denci, kte\u0159\u00ed se cht\u011bli pomst\u00edt skupin\u011b Sy\u0159an\u016f.<\/span><\/p>\n<p><span dir=\"auto\">B\u011bhem l\u00e9ta se ve V\u00eddni vyost\u0159ily pouli\u010dn\u00ed boje mezi \u010ce\u010deny a Sy\u0159any a mlad\u00ed Sy\u0159an\u00e9, \u010ce\u010denci, se kv\u016fli sv\u00fdm rozs\u00e1hl\u00fdm bitv\u00e1m a odvetn\u00fdm \u00fatok\u016fm ve m\u011bst\u011b dostali na tituln\u00ed str\u00e1nky novin po cel\u00e9 zemi.<\/span><\/p>\n<p><span dir=\"auto\">V t\u00e9 dob\u011b bylo n\u00e1sil\u00ed tak hrozn\u00e9, \u017ee Dominik Nepp, p\u0159edseda Rakousk\u00e9 strany svobody ve V\u00eddni, vyzval k nasazen\u00ed arm\u00e1dy.<\/span><\/p>\n<p><span dir=\"auto\">\u201eJedin\u00fdm zb\u00fdvaj\u00edc\u00edm \u0159e\u0161en\u00edm k obnoven\u00ed po\u0159\u00e1dku je nasazen\u00ed arm\u00e1dy,\u201c \u0159ekl.<\/span><\/p>\n<p><span dir=\"auto\">Mal\u00fd park pobl\u00ed\u017e vlakov\u00e9ho n\u00e1dra\u017e\u00ed Meidling byl zn\u00e1m\u00fd jako m\u00edsto setk\u00e1v\u00e1n\u00ed mlad\u00fdch Sy\u0159an\u016f, a proto se tam objevila ozbrojen\u00e1 skupina, v\u010detn\u011b n\u011bkolika \u010ce\u010denc\u016f.<\/span><\/p>\n<p><span dir=\"auto\">Po m\u011bs\u00edc\u00edch vy\u0161et\u0159ov\u00e1n\u00ed v r\u00e1mci operace \u201ePeacebringer\u201c bude p\u0159ed soudem postaveno celkem 24 mlad\u00fdch mu\u017e\u016f ve v\u011bku 16 a\u017e 25 let. 94str\u00e1nkov\u00e1 ob\u017ealoba, kterou z\u00edskal\u00a0<\/span><a href=\"https:\/\/www.derstandard.at\/story\/3000000298362\/24-angeklagte-nach-blutigem-ueberfall-im-verlauf-der-wiener-bandenkriege?ref=article\"><span dir=\"auto\">Der Standard<\/span><\/a><span dir=\"auto\"> , obsahuje obvin\u011bn\u00ed z \u00famysln\u00e9ho t\u011b\u017ek\u00e9ho ubl\u00ed\u017een\u00ed na zdrav\u00ed a t\u011b\u017ek\u00e9ho napaden\u00ed.<\/span><\/p>\n<p><span dir=\"auto\">Ob\u017ealoba se zam\u011b\u0159uje na 25let\u00e9ho \u010ce\u010dence Abubakara D., kter\u00fd m\u00e1 za sebou n\u011bkolik p\u0159edchoz\u00edch odsouzen\u00ed. Der Standard uv\u00e1d\u00ed, \u017ee je podez\u0159el\u00fd z toho, \u017ee byl \u00fadajn\u00fdm str\u016fjcem masov\u00e9ho pobod\u00e1n\u00ed a napaden\u00ed.<\/span><\/p>\n<p><span dir=\"auto\">Podle ob\u017ealoby si Abubakar D. vyp\u011bstoval nep\u0159\u00e1telsk\u00fd postoj v\u016f\u010di Sy\u0159an\u016fm a jen n\u011bkolik dn\u00ed p\u0159ed \u00fatokem ve\u0159ejn\u011b zval lidi na tzv. \u201ekonferenci\u201c na Instagramu. St\u00e1tn\u00ed z\u00e1stupci tvrd\u00ed, \u017ee pl\u00e1noval \u201elikvidaci\u201c syrsk\u00e9 skupiny a napl\u00e1noval si den \u00fatoku.<\/span><\/p>\n<p><span dir=\"auto\">Na t\u00e9to konferenci Abubakar D. \u00fadajn\u011b p\u0159edlo\u017eil podrobn\u00fd pl\u00e1n, kter\u00fd byl pot\u00e9 \u0161\u00ed\u0159en prost\u0159ednictv\u00edm Telegramu a dal\u0161\u00edch kan\u00e1l\u016f.<\/span><\/p>\n<p><span dir=\"auto\">Na dohodnut\u00e9m m\u00edst\u011b setk\u00e1n\u00ed se podle ob\u017ealoby \u201e\u00fadajn\u011b shrom\u00e1\u017edilo nejm\u00e9n\u011b 30 \u00fato\u010dn\u00edk\u016f\u201c a Abubakar D. dal \u201esign\u00e1l k \u00fatoku\u201c.<\/span><\/p>\n<p><span dir=\"auto\">Abubakar D. p\u0159ipou\u0161t\u00ed, \u017ee se konference konala v r\u00e1mci policejn\u00edch v\u00fdslech\u016f, ale tvrd\u00ed, \u017ee \u201etam nebyly \u017e\u00e1dn\u00e9 v\u00fdzvy k n\u00e1sil\u00ed\u201c, co\u017e st\u00e1tn\u00ed zastupitelstv\u00ed pova\u017euje za \u201e\u010dir\u00fd v\u00fdmysl\u201c.<\/span><\/p>\n<p><span dir=\"auto\">Rozhovory \u00fadajn\u011b vyvracej\u00ed jeho v\u00fdpov\u011b\u010f. V jednom rozhovoru ob\u017ealovan\u00fd ozna\u010dil Abubakara D. za v\u016fdce a prohl\u00e1sil: \u201eN\u00e1\u0161 v\u016fdce, mus\u00edm \u0159\u00edct, m\u00e1 p\u00ed\u0161\u0165alku. Budeme ho b\u00edt a bodat, dokud znovu nezap\u00edsk\u00e1, a pak ute\u010deme.\u201c<\/span><\/p>\n<p><span dir=\"auto\">Abubakar D. m\u00e1 v minulosti n\u011bkolik odsouzen\u00ed za podobn\u00e9 trestn\u00e9 \u010diny, v\u010detn\u011b \u010dlenstv\u00ed ve zlo\u010dineck\u00e9 organizaci a teroristick\u00e9m sdru\u017een\u00ed. Ned\u00e1vno byl nepravomocn\u011b odsouzen k 10 let\u016fm v\u011bzen\u00ed za bankovn\u00ed loupe\u017e a pran\u00ed \u0161pinav\u00fdch pen\u011bz a nyn\u00ed mu v tomto nov\u00e9m p\u0159\u00edpad\u011b hroz\u00ed a\u017e 15 let v\u011bzen\u00ed.<\/span><\/p>\n<p><span dir=\"auto\">Druh\u00fdm hlavn\u00edm pachatelem je osmn\u00e1ctilet\u00fd \u010ce\u010den, kter\u00e9ho je na nahran\u00e9m videu vid\u011bt, jak \u201eopakovan\u011b bije a kope do jedn\u00e9 z ob\u011bt\u00ed\u201c. M\u00e1 ji\u017e d\u0159\u00edve odsouzen\u00ed za loupe\u017e, ale bude s n\u00edm zach\u00e1zeno jako s mladistv\u00fdm, \u010d\u00edm\u017e se jeho potenci\u00e1ln\u00ed maxim\u00e1ln\u00ed trest sn\u00ed\u017e\u00ed na polovinu na p\u011bt let.<\/span><\/p>\n<p><span dir=\"auto\">Zb\u00fdvaj\u00edc\u00edch 22 ob\u017ealovan\u00fdch je pova\u017eov\u00e1no za spolupachatele, p\u0159i\u010dem\u017e 18 z nich \u201enebylo p\u0159edt\u00edm odsouzeno\u201c. Datum soudn\u00edho jedn\u00e1n\u00ed dosud nebylo stanoveno.<\/span><\/p>\n<p><span dir=\"auto\">Konflikt gang\u016f vy\u00fastil v dal\u0161\u00ed v\u00fdznamn\u00e1 odsouzen\u00ed: soudn\u00ed proces souvisej\u00edc\u00ed s takzvan\u00fdmi v\u00edde\u0148sk\u00fdmi \u201ev\u00e1lkami gang\u016f\u201c skon\u010dil letos v kv\u011btnu. T\u0159icetilet\u00fd prvn\u00ed ob\u017ealovan\u00fd, kter\u00fd \u00fadajn\u011b dva dny p\u0159ed \u00fatoky v Meidlingu zast\u0159elil Sy\u0159ana v parku Brigittenau, byl odsouzen ke 14 let\u016fm v\u011bzen\u00ed za pokus o vra\u017edu.<\/span><\/p>\n<p><img decoding=\"async\" loading=\"lazy\" class=\"alignnone size-full wp-image-1185\" src=\"http:\/\/www.infokuryr.cz\/n\/wp-content\/uploads\/2021\/04\/kuryr-podpis.png\" alt=\"\" width=\"84\" height=\"24\" \/><\/p>\n<p>&nbsp;<\/p>\n","protected":false},"excerpt":{"rendered":"<p>\u201eN\u00e1\u0161 v\u016fdce, \u0159eknu, m\u00e1 p\u00ed\u0161\u0165alku. Budeme ho b\u00edt a bodat, dokud znovu nezap\u00edsk\u00e1, a pak&#8230;<\/p>\n","protected":false},"author":2,"featured_media":93612,"comment_status":"closed","ping_status":"closed","sticky":false,"template":"","format":"standard","meta":[],"categories":[7],"tags":[1791,120,324],"_links":{"self":[{"href":"https:\/\/www.infokuryr.cz\/n\/wp-json\/wp\/v2\/posts\/93611"}],"collection":[{"href":"https:\/\/www.infokuryr.cz\/n\/wp-json\/wp\/v2\/posts"}],"about":[{"href":"https:\/\/www.infokuryr.cz\/n\/wp-json\/wp\/v2\/types\/post"}],"author":[{"embeddable":true,"href":"https:\/\/www.infokuryr.cz\/n\/wp-json\/wp\/v2\/users\/2"}],"replies":[{"embeddable":true,"href":"https:\/\/www.infokuryr.cz\/n\/wp-json\/wp\/v2\/comments?post=93611"}],"version-history":[{"count":0,"href":"https:\/\/www.infokuryr.cz\/n\/wp-json\/wp\/v2\/posts\/93611\/revisions"}],"wp:featuredmedia":[{"embeddable":true,"href":"https:\/\/www.infokuryr.cz\/n\/wp-json\/wp\/v2\/media\/93612"}],"wp:attachment":[{"href":"https:\/\/www.infokuryr.cz\/n\/wp-json\/wp\/v2\/media?parent=93611"}],"wp:term":[{"taxonomy":"category","embeddable":true,"href":"https:\/\/www.infokuryr.cz\/n\/wp-json\/wp\/v2\/categories?post=93611"},{"taxonomy":"post_tag","embeddable":true,"href":"https:\/\/www.infokuryr.cz\/n\/wp-json\/wp\/v2\/tags?post=93611"}],"curies":[{"name":"wp","href":"https:\/\/api.w.org\/{rel}","templated":true}]}}