{"id":93609,"date":"2025-12-02T00:21:51","date_gmt":"2025-12-01T23:21:51","guid":{"rendered":"https:\/\/www.infokuryr.cz\/n\/?p=93609"},"modified":"2025-12-01T12:29:26","modified_gmt":"2025-12-01T11:29:26","slug":"padne-po-jermakovi-zelenskyj","status":"publish","type":"post","link":"https:\/\/www.infokuryr.cz\/n\/2025\/12\/02\/padne-po-jermakovi-zelenskyj\/","title":{"rendered":"Padne po Jermakovi Zelenskyj?"},"content":{"rendered":"<div id=\"fb-root\"><\/div>\n<p><strong><span dir=\"auto\">Andrij Jermak, zast\u00e1nce tvrd\u00e9 linie v ukrajinsk\u00e9m veden\u00ed, upadl v nemilost a byl odvol\u00e1n uprost\u0159ed vy\u0161et\u0159ov\u00e1n\u00ed korupce. Prezident Volodymyr Zelenskyj by v\u0161ak mohl b\u00fdt tak\u00e9 sesazen, pokud bude i nad\u00e1le br\u00e1nit Trumpov\u00fdm po\u017eadavk\u016fm ohledn\u011b m\u00edrov\u00fdch jedn\u00e1n\u00ed. U\u017e si sbalil kufry?<\/span><\/strong><\/p>\n<p><span dir=\"auto\">Vzhledem k rozs\u00e1hl\u00e9 korupci na Ukrajin\u011b, a to i v nejbli\u017e\u0161\u00edm okol\u00ed prezidenta, by bylo snadn\u00e9 obvinit Volodymyra Zelensk\u00e9ho z podobn\u00fdch trestn\u00fdch \u010din\u016f. Jeho \u0161\u00e9f kancel\u00e1\u0159e, Andrij Jermak, se ji\u017e stal ob\u011bt\u00ed vy\u0161et\u0159ov\u00e1n\u00ed a \u00fadajn\u011b se nyn\u00ed\u00a0<\/span><a href=\"https:\/\/report24.news\/korruptionsermittlungen-selenskyjs-entlassener-top-berater-flieht-an-die-front\/\"><span dir=\"auto\">skr\u00fdv\u00e1 v prvn\u00ed linii<\/span><\/a><span dir=\"auto\"> .<\/span><\/p>\n<p><span dir=\"auto\">Analytici na V\u00fdchod\u011b i Z\u00e1pad\u011b nyn\u00ed\u00a0<\/span><a href=\"https:\/\/korybko.substack.com\/p\/ukraines-anti-corruption-investigation\"><span dir=\"auto\">spekuluj\u00ed<\/span><\/a><span dir=\"auto\">\u00a0, zda je to zam\u00fd\u0161leno na ochranu Zelensk\u00e9ho, nebo zda by to m\u011blo b\u00fdt interpretov\u00e1no jako varovn\u00fd v\u00fdst\u0159el ukrajinsk\u00e9mu prezidentovi. Jermak, zast\u00e1nce tvrd\u00e9 linie, \u00fadajn\u011b opakovan\u011b nal\u00e9hal na Zelensk\u00e9ho, aby odm\u00edtl jak\u00fdkoli n\u00e1vrh m\u00edrov\u00e9 dohody a trval na maximalistick\u00fdch po\u017eadavc\u00edch. Protikorup\u010dn\u00ed agentury NABU a SAPA, financovan\u00e9 p\u0159ev\u00e1\u017en\u011b Ameri\u010dany, n\u00e1sledn\u011b vyzvaly k Jermakov\u011b rezignaci.<\/span><\/p>\n<p><span dir=\"auto\">Pot\u00e9, co Zelenskyj ztratil vazby na hlavn\u00ed frakce v ukrajinsk\u00e9 vl\u00e1d\u011b, nyn\u00ed stoj\u00ed jako c\u00edsa\u0159 bez \u0161at\u016f. M\u011blo by b\u00fdt v\u0161eobecn\u011b zn\u00e1mo, \u017ee Washington m\u00e1 na Ukrajin\u011b navrch. S ur\u010ditou \u201efinan\u010dn\u00ed pomoc\u00ed\u201c, hrozbami proti zkorumpovan\u00fdm oligarch\u016fm a pokyny ukrajinsk\u00e9 tajn\u00e9 policii existuje n\u011bkolik zp\u016fsob\u016f, jak dos\u00e1hnout Zelensk\u00e9ho p\u00e1du, ani\u017e by se jevil jako jeho p\u0159\u00edm\u00fd str\u016fjce.<\/span><\/p>\n<p><span dir=\"auto\">Pokud se situace pro ukrajinsk\u00e9ho prezidenta p\u0159\u00edli\u0161 zkomplikuje, mohl by b\u00fdt v poku\u0161en\u00ed \u201eud\u011blat n\u011bco jako Adolf\u201c. Mo\u017en\u00e1 ne nutn\u011b tak drasticky sebevra\u017edou v bunkru, ale mo\u017en\u00e1 \u00fat\u011bkem do Izraele (jako jin\u00ed zkorumpovan\u00ed lid\u00e9,\u00a0<\/span><a href=\"https:\/\/www.timesofisrael.com\/zelensky-associate-at-crux-of-ukrainian-corruption-case-said-to-have-fled-to-israel\/\"><span dir=\"auto\">jako nap\u0159\u00edklad Timur Mindich<\/span><\/a><span dir=\"auto\">\u00a0p\u0159ed n\u00edm) a provizorn\u00edm p\u0159ed\u00e1n\u00edm velen\u00ed gener\u00e1lovi, kter\u00fd dosud s politikou nem\u011bl nic spole\u010dn\u00e9ho.<\/span><\/p>\n<p><span dir=\"auto\">Atmosf\u00e9ra v Kyjev\u011b je \u010d\u00edm d\u00e1l napjat\u011bj\u0161\u00ed a Zelenskyj se brzy bude muset rozhodnout, jakou cestou se vyd\u00e1. Nejpravd\u011bpodobn\u011bj\u0161\u00edm sc\u00e9n\u00e1\u0159em se zd\u00e1 b\u00fdt p\u0159\u00edstup \u201epo mn\u011b potopa\u201c, kter\u00fd v historii zvolilo mnoho ne\u00fasp\u011b\u0161n\u00fdch v\u016fdc\u016f. U\u017e si sbalil kufry?<\/span><\/p>\n<p><img decoding=\"async\" loading=\"lazy\" class=\"alignnone size-full wp-image-1185\" src=\"http:\/\/www.infokuryr.cz\/n\/wp-content\/uploads\/2021\/04\/kuryr-podpis.png\" alt=\"\" width=\"84\" height=\"24\" \/><\/p>\n<p>&nbsp;<\/p>\n","protected":false},"excerpt":{"rendered":"<p>Andrij Jermak, zast\u00e1nce tvrd\u00e9 linie v ukrajinsk\u00e9m veden\u00ed, upadl v nemilost a byl odvol\u00e1n uprost\u0159ed&#8230;<\/p>\n","protected":false},"author":2,"featured_media":93610,"comment_status":"closed","ping_status":"closed","sticky":false,"template":"","format":"standard","meta":[],"categories":[7],"tags":[5336,207,1000],"_links":{"self":[{"href":"https:\/\/www.infokuryr.cz\/n\/wp-json\/wp\/v2\/posts\/93609"}],"collection":[{"href":"https:\/\/www.infokuryr.cz\/n\/wp-json\/wp\/v2\/posts"}],"about":[{"href":"https:\/\/www.infokuryr.cz\/n\/wp-json\/wp\/v2\/types\/post"}],"author":[{"embeddable":true,"href":"https:\/\/www.infokuryr.cz\/n\/wp-json\/wp\/v2\/users\/2"}],"replies":[{"embeddable":true,"href":"https:\/\/www.infokuryr.cz\/n\/wp-json\/wp\/v2\/comments?post=93609"}],"version-history":[{"count":0,"href":"https:\/\/www.infokuryr.cz\/n\/wp-json\/wp\/v2\/posts\/93609\/revisions"}],"wp:featuredmedia":[{"embeddable":true,"href":"https:\/\/www.infokuryr.cz\/n\/wp-json\/wp\/v2\/media\/93610"}],"wp:attachment":[{"href":"https:\/\/www.infokuryr.cz\/n\/wp-json\/wp\/v2\/media?parent=93609"}],"wp:term":[{"taxonomy":"category","embeddable":true,"href":"https:\/\/www.infokuryr.cz\/n\/wp-json\/wp\/v2\/categories?post=93609"},{"taxonomy":"post_tag","embeddable":true,"href":"https:\/\/www.infokuryr.cz\/n\/wp-json\/wp\/v2\/tags?post=93609"}],"curies":[{"name":"wp","href":"https:\/\/api.w.org\/{rel}","templated":true}]}}