{"id":93605,"date":"2025-12-02T00:18:58","date_gmt":"2025-12-01T23:18:58","guid":{"rendered":"https:\/\/www.infokuryr.cz\/n\/?p=93605"},"modified":"2025-12-01T12:24:59","modified_gmt":"2025-12-01T11:24:59","slug":"papez-lev-xiv-trva-na-reseni-izraelsko-palestinskeho-konfliktu-zalozenem-na-existenci-dvou-statu","status":"publish","type":"post","link":"https:\/\/www.infokuryr.cz\/n\/2025\/12\/02\/papez-lev-xiv-trva-na-reseni-izraelsko-palestinskeho-konfliktu-zalozenem-na-existenci-dvou-statu\/","title":{"rendered":"Pape\u017e Lev XIV. trv\u00e1 na \u0159e\u0161en\u00ed izraelsko-palestinsk\u00e9ho konfliktu zalo\u017een\u00e9m na existenci dvou st\u00e1t\u016f"},"content":{"rendered":"<div id=\"fb-root\"><\/div>\n<h4><span dir=\"auto\">Pape\u017e se setkal v pond\u011bl\u00ed s libanonsk\u00fdm prezidentem Josephem Aounem a pronesl projev k p\u0159edstavitel\u016fm a diplomat\u016fm<\/span><\/h4>\n<p><span dir=\"auto\">Pape\u017e Lev XIV. zopakoval, \u017ee Vatik\u00e1n trv\u00e1 na dvoust\u00e1tn\u00edm \u0159e\u0161en\u00ed izraelsko-palestinsk\u00e9ho konfliktu a prohl\u00e1sil, \u017ee je to \u201ejedin\u00e9 \u0159e\u0161en\u00ed\u201c, kter\u00e9 m\u016f\u017ee zaru\u010dit\u00a0<\/span><a href=\"https:\/\/www.aljazeera.com\/news\/2025\/11\/29\/minorities-hail-renewed-space-as-pope-leo-visits-turkiye\"><span dir=\"auto\">spravedlnost pro ob\u011b strany.<\/span><\/a><\/p>\n<p><span dir=\"auto\">Lev to pronesl v ned\u011bli, kdy\u017e odlet\u011bl z Turecka do Libanonu na druhou a z\u00e1rove\u0148 posledn\u00ed etapu sv\u00e9 prvn\u00ed mezin\u00e1rodn\u00ed cesty jako pape\u017e.<\/span><\/p>\n<p><span dir=\"auto\">B\u011bhem letu se novin\u00e1\u0159i ptali pape\u017ee na jeho soukrom\u00e9 rozhovory s tureck\u00fdm prezidentem Recepem Tayyipem Erdoganem po p\u0159\u00edletu do Ankary a na to, zda diskutovali o v\u00e1lk\u00e1ch v Gaze a na Ukrajin\u011b.<\/span><\/p>\n<p><span dir=\"auto\">Leo potvrdil, \u017ee ano, a \u0159ekl, \u017ee Turecko m\u00e1 \u201ed\u016fle\u017eitou roli\u201c v ukon\u010den\u00ed obou konflikt\u016f.<\/span><\/p>\n<p><span dir=\"auto\">V ot\u00e1zce Gazy zopakoval dlouhodob\u00fd postoj Svat\u00e9ho stolce, kter\u00fd podporuje \u0159e\u0161en\u00ed dvou st\u00e1t\u016f pro Izrael a Palestince. Vytvo\u0159en\u00ed palestinsk\u00e9ho st\u00e1tu ve v\u00fdchodn\u00edm Jeruzal\u00e9m\u011b, na okupovan\u00e9m Z\u00e1padn\u00edm b\u0159ehu Jord\u00e1nu a v Gaze je mezin\u00e1rodn\u011b ji\u017e dlouho vn\u00edm\u00e1no jako jedin\u00fd zp\u016fsob, jak vy\u0159e\u0161it desetilet\u00ed trvaj\u00edc\u00ed konflikt.<\/span><\/p>\n<p><span dir=\"auto\">\u201eV\u00edme, \u017ee Izrael v tuto chv\u00edli toto \u0159e\u0161en\u00ed nep\u0159ij\u00edm\u00e1, ale vn\u00edm\u00e1me ho jako jedin\u00e9, kter\u00e9 m\u016f\u017ee nab\u00eddnout \u0159e\u0161en\u00ed konfliktu, ve kter\u00e9m \u017eij\u00ed,\u201c \u0159ekl Leo. \u201eJsme tak\u00e9 p\u0159\u00e1teli Izraele a sna\u017e\u00edme se b\u00fdt pro ob\u011b strany zprost\u0159edkovatelsk\u00fdm hlasem, kter\u00fd jim m\u016f\u017ee pomoci p\u0159ibl\u00ed\u017eit se k \u0159e\u0161en\u00ed, kter\u00e9 bude spravedliv\u00e9 pro v\u0161echny.\u201c<\/span><\/p>\n<p><span dir=\"auto\">Pape\u017e se\u00a0b\u011bhem sv\u00e9ho pobytu v Turecku vyh\u00fdbal jak\u00e9koli p\u0159\u00edm\u00e9 zm\u00ednce o\u00a0<\/span><a href=\"https:\/\/www.aljazeera.com\/news\/2024\/12\/6\/who-accuses-israel-of-committing-genocide-in-gaza\"><span dir=\"auto\">genocidn\u00ed v\u00e1lce Izraele v Gaze .<\/span><\/a><\/p>\n<p><span dir=\"auto\">Z \u00fa\u0159adu izraelsk\u00e9ho premi\u00e9ra Benjamina Netanjahua se bezprost\u0159edn\u011b neobjevila \u017e\u00e1dn\u00e1 reakce. Dlouhodob\u011b tvrd\u00ed, \u017ee vytvo\u0159en\u00ed palestinsk\u00e9ho st\u00e1tu by odm\u011bnilo palestinskou skupinu Ham\u00e1s a nakonec by vedlo k je\u0161t\u011b v\u011bt\u0161\u00edmu st\u00e1tu veden\u00e9mu Ham\u00e1sem na hranic\u00edch s Izraelem.<\/span><\/p>\n<p><span dir=\"auto\">Za\u010d\u00e1tkem tohoto m\u011bs\u00edce Netanjahu prohl\u00e1sil, \u017ee izraelsk\u00fd odpor k palestinsk\u00e9mu st\u00e1tu se \u201eani trochu nezm\u011bnil\u201c a nen\u00ed ohro\u017een vn\u011bj\u0161\u00edm ani vnit\u0159n\u00edm tlakem. \u201eNepot\u0159ebuji \u017e\u00e1dn\u00e1 potvrzen\u00ed, tweety ani p\u0159edn\u00e1\u0161ky od nikoho,\u201c \u0159ekl.<\/span><\/p>\n<p><img decoding=\"async\" class=\"aligncenter\" src=\"https:\/\/www.aljazeera.com\/wp-content\/uploads\/2025\/11\/reuters_692c509e-1764511902.jpg?w=770&amp;resize=770%2C513&amp;quality=80&amp;quality=80\" alt=\"Lid\u00e9 m\u00e1vaj\u00ed libanonsk\u00fdmi a vatik\u00e1nsk\u00fdmi vlajkami v den, kdy pape\u017e Lev XIV. p\u0159ij\u00ed\u017ed\u00ed do Libanonu b\u011bhem sv\u00e9 prvn\u00ed apo\u0161tolsk\u00e9 cesty v Baabd\u011b v Libanonu, 30. listopadu 2025. REUTERS\/Louisa Gouliamaki\" \/><\/p>\n<h2 id=\"for-the-sake-of-peace\"><span dir=\"auto\">&#8218;V z\u00e1jmu m\u00edru&#8216;<\/span><\/h2>\n<p><span dir=\"auto\">R\u016fznorod\u00e9 libanonsk\u00e9 komunity tak\u00e9 uv\u00edtaly pape\u017eovu cestu, p\u0159i\u010dem\u017e p\u0159edn\u00ed dr\u00fazsk\u00fd duchovn\u00ed \u0161ejk Sami Abi al-Muna prohl\u00e1sil, \u017ee Libanon \u201epot\u0159ebuje z\u00e1blesk nad\u011bje, kter\u00fd tato n\u00e1v\u0161t\u011bva p\u0159edstavuje\u201c.<\/span><\/p>\n<p><span dir=\"auto\">Je\u0161t\u011b p\u0159ed Leov\u00fdm p\u0159\u00edjezdem byly na leti\u0161t\u011b nasazeny posily libanonsk\u00e9 arm\u00e1dy a vnit\u0159n\u00edch bezpe\u010dnostn\u00edch sil.<\/span><\/p>\n<p><span dir=\"auto\">Jeho konvoj projede ji\u017en\u00edmi p\u0159edm\u011bst\u00edmi Bejr\u00fatu, oblast\u00ed, kde m\u00e1 Hizball\u00e1h vliv a kde byl ter\u00e9n po\u0161kozen p\u0159i lo\u0148sk\u00fdch izraelsk\u00fdch leteck\u00fdch \u00fatoc\u00edch. Skauti Hizball\u00e1hu z \u0159ad im\u00e1ma al-Mahd\u00edho uspo\u0159\u00e1daj\u00ed u silnice p\u0159i pr\u016fjezdu konvoje uv\u00edtac\u00ed ceremoni\u00e1l.<\/span><\/p>\n<p><span dir=\"auto\">Le\u016fv program zahrnuje modlitbu na m\u00edst\u011b exploze v bejr\u00fatsk\u00e9m p\u0159\u00edstavu v roce 2020, kter\u00e1 zabila 200 lid\u00ed a zp\u016fsobila \u0161kody za miliardy dolar\u016f.<\/span><\/p>\n<p><span dir=\"auto\">Tak\u00e9 povede venkovn\u00ed m\u0161i na bejr\u00fatsk\u00e9m n\u00e1b\u0159e\u017e\u00ed a nav\u0161t\u00edv\u00ed psychiatrickou l\u00e9\u010debnu, jedno z m\u00e1la za\u0159\u00edzen\u00ed du\u0161evn\u00edho zdrav\u00ed v Libanonu, kde se na jeho p\u0159\u00edjezd zdravotn\u00edci i obyvatel\u00e9 netrp\u011bliv\u011b t\u011b\u0161\u00ed.<\/span><\/p>\n<p><span dir=\"auto\">Leo nepocestuje na jih, kam jsou izraelsk\u00e9 \u00fatoky ter\u010dem. Navzdory p\u0159\u00edm\u011b\u0159\u00ed zprost\u0159edkovan\u00e9mu Spojen\u00fdmi st\u00e1ty v listopadu 2024 Izrael nad\u00e1le podnik\u00e1 t\u00e9m\u011b\u0159 ka\u017edodenn\u00ed leteck\u00e9 \u00fadery na ji\u017en\u00ed Libanon.<\/span><\/p>\n<p><span dir=\"auto\">\u201ePape\u017e n\u00e1m p\u0159ich\u00e1z\u00ed po\u017eehnat a nastolit m\u00edr,\u201c \u0159ekla obyvatelka Bejr\u00fatu Farah Saadeh. \u201eMus\u00edme po\u010dkat a uvid\u00edme, co se stane po jeho odchodu, a douf\u00e1me, \u017ee se po jeho odchodu nic nestane,\u201c \u0159ekla Saadeh.<\/span><\/p>\n<p><img decoding=\"async\" loading=\"lazy\" class=\"alignnone size-full wp-image-1185\" src=\"http:\/\/www.infokuryr.cz\/n\/wp-content\/uploads\/2021\/04\/kuryr-podpis.png\" alt=\"\" width=\"84\" height=\"24\" \/><\/p>\n<p>&nbsp;<\/p>\n","protected":false},"excerpt":{"rendered":"<p>Pape\u017e se setkal v pond\u011bl\u00ed s libanonsk\u00fdm prezidentem Josephem Aounem a pronesl projev k p\u0159edstavitel\u016fm&#8230;<\/p>\n","protected":false},"author":2,"featured_media":93606,"comment_status":"closed","ping_status":"closed","sticky":false,"template":"","format":"standard","meta":[],"categories":[7],"tags":[348,107,405,312,254],"_links":{"self":[{"href":"https:\/\/www.infokuryr.cz\/n\/wp-json\/wp\/v2\/posts\/93605"}],"collection":[{"href":"https:\/\/www.infokuryr.cz\/n\/wp-json\/wp\/v2\/posts"}],"about":[{"href":"https:\/\/www.infokuryr.cz\/n\/wp-json\/wp\/v2\/types\/post"}],"author":[{"embeddable":true,"href":"https:\/\/www.infokuryr.cz\/n\/wp-json\/wp\/v2\/users\/2"}],"replies":[{"embeddable":true,"href":"https:\/\/www.infokuryr.cz\/n\/wp-json\/wp\/v2\/comments?post=93605"}],"version-history":[{"count":0,"href":"https:\/\/www.infokuryr.cz\/n\/wp-json\/wp\/v2\/posts\/93605\/revisions"}],"wp:featuredmedia":[{"embeddable":true,"href":"https:\/\/www.infokuryr.cz\/n\/wp-json\/wp\/v2\/media\/93606"}],"wp:attachment":[{"href":"https:\/\/www.infokuryr.cz\/n\/wp-json\/wp\/v2\/media?parent=93605"}],"wp:term":[{"taxonomy":"category","embeddable":true,"href":"https:\/\/www.infokuryr.cz\/n\/wp-json\/wp\/v2\/categories?post=93605"},{"taxonomy":"post_tag","embeddable":true,"href":"https:\/\/www.infokuryr.cz\/n\/wp-json\/wp\/v2\/tags?post=93605"}],"curies":[{"name":"wp","href":"https:\/\/api.w.org\/{rel}","templated":true}]}}