{"id":93603,"date":"2025-12-02T00:18:00","date_gmt":"2025-12-01T23:18:00","guid":{"rendered":"https:\/\/www.infokuryr.cz\/n\/?p=93603"},"modified":"2025-12-01T09:30:53","modified_gmt":"2025-12-01T08:30:53","slug":"1-000-obeti-povodni-v-indonesii-na-sri-lance-v-thajsku-a-malajsii","status":"publish","type":"post","link":"https:\/\/www.infokuryr.cz\/n\/2025\/12\/02\/1-000-obeti-povodni-v-indonesii-na-sri-lance-v-thajsku-a-malajsii\/","title":{"rendered":"1 000 ob\u011bt\u00ed povodn\u00ed v Indon\u00e9sii, na Sr\u00ed Lance, v Thajsku a Malajsii"},"content":{"rendered":"<div id=\"fb-root\"><\/div>\n<h2><span dir=\"auto\">Po\u010det ob\u011bt\u00ed na Sr\u00ed Lance roste<\/span><\/h2>\n<div class=\"card-live__content\">\n<div class=\"wysiwyg wysiwyg--all-content\" aria-live=\"polite\" aria-atomic=\"true\">\n<p><span dir=\"auto\">Po\u010det ob\u011bt\u00ed na Sr\u00ed Lance vzrostl na 355, ozn\u00e1milo tamn\u00ed Centrum pro zvl\u00e1d\u00e1n\u00ed katastrof a dodalo, \u017ee dal\u0161\u00edch 366 lid\u00ed se poh\u0159e\u0161uje.<\/span><\/p>\n<h2><span dir=\"auto\">Co zp\u016fsobilo z\u00e1plavy?<\/span><\/h2>\n<div class=\"card-live__content\">\n<div class=\"wysiwyg wysiwyg--all-content\" aria-live=\"polite\" aria-atomic=\"true\">\n<p><span dir=\"auto\">Na Sr\u00ed Lance trv\u00e1 monzunov\u00e9 obdob\u00ed obvykle od \u010dervna do z\u00e1\u0159\u00ed.<\/span><\/p>\n<p><span dir=\"auto\">Letos ji v\u0161ak zhor\u0161ily dva samostatn\u00e9 cyklon\u00e1ln\u00ed bou\u0159kov\u00e9 syst\u00e9my: Ditwah a Senyar. Ditwah se nejprve vytvo\u0159ila jako hlubok\u00e1 prohlube\u0148 nad Beng\u00e1lsk\u00fdm z\u00e1livem. V p\u00e1tek dorazila na pevninu Sr\u00ed Lanky, kde vyvolala masov\u00e9 z\u00e1plavy a sesuvy p\u016fdy, ne\u017e se p\u0159esunula zp\u011bt nad z\u00e1liv.<\/span><\/p>\n<p><span dir=\"auto\">O\u010dek\u00e1v\u00e1 se, \u017ee bou\u0159e s postupem na sever sl\u00e1bne a zaplav\u00ed ji\u017en\u00ed pob\u0159e\u017e\u00ed Indie siln\u00fdmi de\u0161ti.<\/span><\/p>\n<p><span dir=\"auto\">V Indon\u00e9sii a Thajsku se Senyar vytvo\u0159il v Malack\u00e9m pr\u016flivu, co\u017e je vodn\u00ed \u00fasek spojuj\u00edc\u00ed Indick\u00fd oce\u00e1n a Jiho\u010d\u00ednsk\u00e9 mo\u0159e.<\/span><\/p>\n<p><span dir=\"auto\">Senyar p\u0159inesl na indon\u00e9sk\u00fd ostrov Sumatra a nejm\u00e9n\u011b osm ji\u017en\u00edch thajsk\u00fdch provinci\u00ed obrovsk\u00e9 sr\u00e1\u017eky, rychl\u00e9 v\u011btry a vlny. Bou\u0159e zas\u00e1hla i sousedn\u00ed Malajsii a zabila dva lidi.<\/span><\/p>\n<p><img decoding=\"async\" class=\"aligncenter\" src=\"https:\/\/www.aljazeera.com\/wp-content\/uploads\/2025\/12\/afp_692d17c10665-1764562881.jpg?w=770&amp;resize=770%2C513&amp;quality=80&amp;quality=80\" alt=\"Mlad\u00edk nese star\u0161\u00edho mu\u017ee, kdy\u017e se brod\u00ed zatopenou ulic\u00ed po siln\u00fdch de\u0161t\u00edch ve Wellampitiya na okraji Kolomba 30. listopadu 2025.\" \/><\/p>\n<h2><span dir=\"auto\">\u201eM\u016fj d\u016fm je \u00fapln\u011b zatopen\u00fd\u201c: Obyvatel\u00e9 hlavn\u00edho m\u011bsta Sr\u00ed Lanky z\u016fstali bez domova<\/span><\/h2>\n<div class=\"card-live__content\">\n<div class=\"wysiwyg wysiwyg--all-content\" aria-live=\"polite\" aria-atomic=\"true\">\n<p><span dir=\"auto\">P\u0159esto\u017ee d\u00e9\u0161\u0165 na Sr\u00ed Lance ustal, n\u00edzko polo\u017een\u00e9 oblasti hlavn\u00edho m\u011bsta byly zaplaveny a \u00fa\u0159ady se p\u0159ipravuj\u00ed na rozs\u00e1hlou z\u00e1chrannou operaci.<\/span><\/p>\n<p><span dir=\"auto\">\u0160esta\u010dty\u0159icetilet\u00e1 Selvi, obyvatelka Wennawatte v p\u0159edm\u011bst\u00ed Colomba, v ned\u011bli opustila sv\u016fj zatopen\u00fd d\u016fm a nesla si \u010dty\u0159i ta\u0161ky s oble\u010den\u00edm a cennostmi.<\/span><\/p>\n<p><span dir=\"auto\">\u201eM\u016fj d\u016fm je \u00fapln\u011b zaplaven\u00fd. Nev\u00edm, kam j\u00edt, ale douf\u00e1m, \u017ee je tu n\u011bjak\u00fd bezpe\u010dn\u00fd \u00fakryt, kam m\u016f\u017eu vz\u00edt svou rodinu,\u201c \u0159ekla tiskov\u00e9 agentu\u0159e AFP.<\/span><\/p>\n<p><span dir=\"auto\">V Ma Oya, severn\u011b od hlavn\u00edho m\u011bsta, Hasitha Wijewardena uvedl, \u017ee se po povodn\u00edch pot\u00fdk\u00e1 s probl\u00e9my s \u00faklidem.<\/span><\/p>\n<p><span dir=\"auto\">\u201eVoda opadla, ale d\u016fm je te\u010f pln\u00fd bahna,\u201c \u0159ekl.<\/span><\/p>\n<h2><span dir=\"auto\">Cyklon Ditwah se nyn\u00ed bl\u00ed\u017e\u00ed k pob\u0159e\u017e\u00ed Indie.<\/span><\/h2>\n<div class=\"card-live__content\">\n<div class=\"wysiwyg wysiwyg--all-content\" aria-live=\"polite\" aria-atomic=\"true\">\n<p><span dir=\"auto\">Indick\u00fd meteorologick\u00fd \u00fa\u0159ad (IMD) uv\u00e1d\u00ed, \u017ee se o\u010dek\u00e1v\u00e1, \u017ee cyklon Ditwah se p\u0159ibl\u00ed\u017e\u00ed k v\u00fdchodn\u00edmu pob\u0159e\u017e\u00ed zem\u011b a bude m\u00edt nejz\u00e1va\u017en\u011bj\u0161\u00ed dopad na Tamiln\u00e1du.<\/span><\/p>\n<p><span dir=\"auto\">\u00da\u0159ady vydaly varov\u00e1n\u00ed pro Pudu\u010d\u010d\u00e9ri, \u00c1ndhraprad\u00e9\u0161, Karn\u00e1taku, Ur\u00edsu a Z\u00e1padn\u00ed Beng\u00e1lsko, informoval indick\u00fd zpravodajsk\u00fd server The Statesman.<\/span><\/p>\n<p><span dir=\"auto\">V p\u0159\u00edpad\u011b nouzov\u00fdch situac\u00ed byly v zraniteln\u00fdch pob\u0159e\u017en\u00edch oblastech nasazeny tak\u00e9 jednotky pro reakci na katastrofy.<\/span><\/p>\n<h2><span dir=\"auto\">Kde jsou v Asii z\u00e1plavy?<\/span><\/h2>\n<div class=\"card-live__content\">\n<div class=\"wysiwyg wysiwyg--all-content\" aria-live=\"polite\" aria-atomic=\"true\">\n<p><span dir=\"auto\">Jak jsme ji\u017e informovali, v uplynul\u00e9m t\u00fddnu zas\u00e1hly \u010d\u00e1sti Asie smrt\u00edc\u00ed monzunov\u00e9 de\u0161t\u011b:<\/span><\/p>\n<ul>\n<li><strong><span dir=\"auto\">Indon\u00e9sie<\/span><\/strong><span dir=\"auto\">\u00a0\u2013 Zem\u011b jihov\u00fdchodn\u00ed Asie, kter\u00e1 se skl\u00e1d\u00e1 zhruba ze 17 000 ostrov\u016f a m\u00e1 285 milion\u016f obyvatel. Sesuvy p\u016fdy a z\u00e1plavy zas\u00e1hly ostrov Sumatra, na kter\u00e9m \u017eije asi 60 milion\u016f lid\u00ed.<\/span><\/li>\n<li><strong><span dir=\"auto\">Sr\u00ed Lanka<\/span><\/strong><span dir=\"auto\">\u00a0\u2013 Ostrovn\u00ed st\u00e1t v ji\u017en\u00ed Asii s 22 miliony obyvatel. Hlavn\u00ed m\u011bsto Kolombo pat\u0159\u00ed mezi nejh\u016f\u0159e posti\u017een\u00e9 oblasti.<\/span><\/li>\n<li><strong><span dir=\"auto\">Thajsko<\/span><\/strong><span dir=\"auto\">\u00a0\u2013 pevninsk\u00e1 zem\u011b v jihov\u00fdchodn\u00ed Asii v oblasti Mekongu s populac\u00ed 72 milion\u016f. Nejv\u00edce \u00famrt\u00ed hl\u00e1s\u00ed ji\u017en\u00ed provincie Songkhla.<\/span><\/li>\n<\/ul>\n<p><img decoding=\"async\" class=\"aligncenter\" src=\"https:\/\/www.aljazeera.com\/wp-content\/uploads\/2025\/11\/afp_692c3bd9d7bf-1764506585.jpg?w=770&amp;resize=770%2C578&amp;quality=80&amp;quality=80\" alt=\"This aerial picture shows a mosque standing amid mud in a flood affected area\u00a0amid flash floods in Meureudu, Pidie Jaya district Indonesia's Aceh province on November 30, 2025.\" \/><\/p>\n<h2><span dir=\"auto\">Sr\u00ed Lanka a Indon\u00e9sie nasadily arm\u00e1du na pomoc ob\u011btem povodn\u00ed<\/span><\/h2>\n<div class=\"card-live__content\">\n<div class=\"wysiwyg wysiwyg--all-content\" aria-live=\"polite\" aria-atomic=\"true\">\n<p><span dir=\"auto\">Sr\u00ed Lanka a Indon\u00e9sie nasadily vojensk\u00fd person\u00e1l na pomoc ob\u011btem ni\u010div\u00fdch z\u00e1plav.<\/span><\/p>\n<p><span dir=\"auto\">Indon\u00e9sk\u00fd prezident uvedl, \u017ee prioritou vl\u00e1dy je nyn\u00ed, jak okam\u017eit\u011b poslat pot\u0159ebnou pomoc, se zvl\u00e1\u0161tn\u00edm zam\u011b\u0159en\u00edm na n\u011bkolik izolovan\u00fdch vesnic.<\/span><\/p>\n<p><span dir=\"auto\">Vl\u00e1da vyslala dv\u011b nemocni\u010dn\u00ed lod\u011b a t\u0159i v\u00e1le\u010dn\u00e9 lod\u011b s humanit\u00e1rn\u00ed pomoc\u00ed do n\u011bkter\u00fdch z nejh\u016f\u0159e posti\u017een\u00fdch oblast\u00ed, kde je mnoho silnic st\u00e1le nepr\u016fjezdn\u00fdch.<\/span><\/p>\n<p><span dir=\"auto\">Na Sr\u00ed Lance vl\u00e1da vyzvala k mezin\u00e1rodn\u00ed pomoci a pou\u017eila vojensk\u00e9 vrtuln\u00edky k dosa\u017een\u00ed lid\u00ed uv\u011bzn\u011bn\u00fdch v d\u016fsledku z\u00e1plav a sesuv\u016f p\u016fdy zp\u016fsoben\u00fdch cyklonem Ditwah.<\/span><\/p>\n<p><span dir=\"auto\">Prezident Anura Kumara Dissanayake vyhl\u00e1sil kv\u016fli katastrof\u011b stav nouze.<\/span><\/p>\n<h2><span dir=\"auto\">Po\u010det ob\u011bt\u00ed z\u00e1plav v Indon\u00e9sii p\u0159ekro\u010dil 500<\/span><\/h2>\n<div class=\"card-live__content\">\n<div class=\"wysiwyg wysiwyg--all-content\" aria-live=\"polite\" aria-atomic=\"true\">\n<p><span dir=\"auto\">Po\u010det ob\u011bt\u00ed povodn\u00ed a sesuv\u016f p\u016fdy v Indon\u00e9sii vzrostl na 502 a 508 se poh\u0159e\u0161uje, ukazuje statistika zve\u0159ejn\u011bn\u00e1 n\u00e1rodn\u00ed agenturou pro katastrofy.<\/span><\/p>\n<p><span dir=\"auto\">Nejnov\u011bj\u0161\u00ed \u00fadaje zv\u00fd\u0161ily po\u010det ob\u011bt\u00ed z\u00e1plav v Indon\u00e9sii, na Sr\u00ed Lance, v Thajsku a Malajsii na v\u00edce ne\u017e 1 000.<\/span><\/p>\n<h2><span dir=\"auto\">\u201eNic n\u00e1m nezbylo\u201c: Dev\u00edti\u010dlenn\u00e1 rodina ze Sumatry se ukr\u00fdv\u00e1 pod plachtou<\/span><\/h2>\n<div class=\"card-live__content\">\n<div class=\"wysiwyg wysiwyg--all-content\" aria-live=\"polite\" aria-atomic=\"true\">\n<p><span dir=\"auto\">Pot\u00e9, co povod\u0148ov\u00e1 voda smetla \u010dtvr\u0165 Afrianti na indon\u00e9sk\u00e9m ostrov\u011b Sumatra, se jej\u00ed dev\u00edti\u010dlenn\u00e1 rodina ukr\u00fdv\u00e1 pod jedinou plachtou.<\/span><\/p>\n<p class=\"p1\"><span dir=\"auto\">\u201eNic n\u00e1m nezbylo. V\u0161echno je pry\u010d,\u201c \u0159ekl Afrianti televizi Al Jazeera. \u201eM\u00e1me na sob\u011b jen oble\u010den\u00ed. Nic jin\u00e9ho jsme si s sebou vz\u00edt nemohli.\u201c<\/span><\/p>\n<p class=\"p1\"><span dir=\"auto\">\u201eKdy\u017e se to stalo, voda se dostala do domu. B\u00e1li jsme se, a tak jsme utekli. Kdy\u017e jsme se vr\u00e1tili, d\u016fm byl pry\u010d.\u201c<\/span><\/p>\n<p><span dir=\"auto\">Z rodinn\u00e9ho domu zbyla jen jedin\u00e1 ze\u010f, obklopen\u00e1 troskami.<\/span><\/p>\n<p class=\"p1\"><span dir=\"auto\">P\u0159ed z\u00e1plavami byla vesnice \u201eru\u0161n\u00e1\u201c lidmi, auty a ka\u017edodenn\u00edm \u017eivotem, \u0159ekl Afrianti.<\/span><\/p>\n<p class=\"p1\"><span dir=\"auto\">\u201eNedok\u00e1\u017eu popsat, jak\u00e9 to je,\u201c dodala. \u201eDok\u00e1\u017eu si jen p\u0159edstavit \u0159eku, kter\u00e1 te\u010de vedle m\u00e9ho domu.\u201c<\/span><\/p>\n<h2><span dir=\"auto\">Hlavn\u00ed m\u011bsto Sr\u00ed Lanky Colombo se p\u0159ipravuje na dal\u0161\u00ed z\u00e1plavy<\/span><\/h2>\n<div class=\"card-live__content\">\n<div class=\"wysiwyg wysiwyg--all-content\" aria-live=\"polite\" aria-atomic=\"true\">\n<p><span dir=\"auto\">Cykl\u00f3n Ditwah se pohnul, ale p\u0159epln\u011bn\u00e9 n\u00e1dr\u017ee a rozvodn\u011bn\u00e9 \u0159eky zaplavily Kolombo \u2013 a existuj\u00ed hrozn\u00e1 varov\u00e1n\u00ed, \u017ee p\u0159ijde je\u0161t\u011b hor\u0161\u00ed po\u010das\u00ed.<\/span><\/p>\n<p><span dir=\"auto\">V n\u011bkter\u00fdch oblastech se zvy\u0161uje hladina povodn\u00ed, ale n\u011bkte\u0159\u00ed obyvatel\u00e9 ignoruj\u00ed v\u00fdzvy vl\u00e1dy k evakuaci sv\u00fdch domov\u016f.<\/span><\/p>\n<p><span dir=\"auto\">V\u00edce ne\u017e 20 000 dom\u016f bylo zni\u010deno a\u00a0<\/span><a href=\"https:\/\/www.aljazeera.com\/news\/2025\/11\/30\/neighbourhoods-buried-under-mud-sri-lanka-floods-death-toll-rises-to-159\"><span dir=\"auto\">po\u010det ob\u011bt\u00ed dos\u00e1hl 334.<\/span><\/a><span dir=\"auto\">\u00a0Slu\u017eby, jako je elekt\u0159ina a voda, jsou st\u00e1le nedostupn\u00e9 zhruba v t\u0159etin\u011b zem\u011b.<\/span><\/p>\n<p><img decoding=\"async\" class=\"aligncenter\" src=\"https:\/\/www.aljazeera.com\/wp-content\/uploads\/2025\/11\/000_867U8JJ-1764139474.jpg?w=770&amp;resize=770%2C513&amp;quality=80&amp;quality=80\" alt=\"A rescue team evacuates women and children in a rubber boat as floodwaters hit a residential area in Padang, West Sumatra on November 25, 2025. [File: Ade Yuandha\/AFP]\" \/><\/p>\n<h2><span dir=\"auto\">T\u00e9m\u011b\u0159 milion lid\u00ed posti\u017een\u00fdch z\u00e1plavami na Sr\u00ed Lance, uvedla OSN<\/span><\/h2>\n<div class=\"card-live__content\">\n<div class=\"wysiwyg wysiwyg--all-content\" aria-live=\"polite\" aria-atomic=\"true\">\n<p><span dir=\"auto\">T\u00e9m\u011b\u0159 milion lid\u00ed ve v\u0161ech 25 okresech Sr\u00ed Lanky byl zasa\u017een z\u00e1plavami, informoval \u00fa\u0159ad OSN pro koordinaci pomoci a dodal, \u017ee v\u00edce ne\u017e 180 000 lid\u00ed z 51 000 rodin se uch\u00fdlilo do 1094 vl\u00e1dn\u00edch bezpe\u010dnostn\u00edch center.<\/span><\/p>\n<p><span dir=\"auto\">OSN uvedla, \u017ee \u201ecykl\u00f3n Ditwah zas\u00e1hl pevninu 28. listopadu a pot\u00e9 se p\u0159esunul zp\u011bt p\u0159es Beng\u00e1lsk\u00fd z\u00e1liv, co\u017e zp\u016fsobilo jedny z nejhor\u0161\u00edch z\u00e1plav, jak\u00e9 Sr\u00ed Lanka za\u017eila od po\u010d\u00e1tku 21. stolet\u00ed.\u201c Dodala, \u017ee:<\/span><\/p>\n<ul>\n<li><span dir=\"auto\">V\u00edce ne\u017e 15 000 dom\u016f bylo zni\u010deno<\/span><\/li>\n<li><span dir=\"auto\">V\u00edce ne\u017e 200 silnic je st\u00e1le nepr\u016fjezdn\u00fdch<\/span><\/li>\n<li><span dir=\"auto\">Nejm\u00e9n\u011b 10 most\u016f bylo po\u0161kozeno<\/span><\/li>\n<li><span dir=\"auto\">Dot\u010deny jsou \u00faseky \u017eelezni\u010dn\u00ed s\u00edt\u011b a celost\u00e1tn\u00ed elektrick\u00e9 s\u00edt\u011b<\/span><\/li>\n<\/ul>\n<p><img decoding=\"async\" loading=\"lazy\" class=\"alignnone size-full wp-image-1185\" src=\"http:\/\/www.infokuryr.cz\/n\/wp-content\/uploads\/2021\/04\/kuryr-podpis.png\" alt=\"\" width=\"84\" height=\"24\" \/><\/p>\n<p>&nbsp;<\/p>\n<\/div>\n<\/div>\n<\/div>\n<\/div>\n<\/div>\n<\/div>\n<\/div>\n<\/div>\n<\/div>\n<\/div>\n<\/div>\n<\/div>\n<\/div>\n<\/div>\n<\/div>\n<\/div>\n<\/div>\n<\/div>\n<\/div>\n<\/div>\n","protected":false},"excerpt":{"rendered":"<p>Po\u010det ob\u011bt\u00ed na Sr\u00ed Lance roste Po\u010det ob\u011bt\u00ed na Sr\u00ed Lance vzrostl na 355, ozn\u00e1milo&#8230;<\/p>\n","protected":false},"author":2,"featured_media":93604,"comment_status":"closed","ping_status":"closed","sticky":false,"template":"","format":"standard","meta":[],"categories":[7],"tags":[760,3232,871,4772],"_links":{"self":[{"href":"https:\/\/www.infokuryr.cz\/n\/wp-json\/wp\/v2\/posts\/93603"}],"collection":[{"href":"https:\/\/www.infokuryr.cz\/n\/wp-json\/wp\/v2\/posts"}],"about":[{"href":"https:\/\/www.infokuryr.cz\/n\/wp-json\/wp\/v2\/types\/post"}],"author":[{"embeddable":true,"href":"https:\/\/www.infokuryr.cz\/n\/wp-json\/wp\/v2\/users\/2"}],"replies":[{"embeddable":true,"href":"https:\/\/www.infokuryr.cz\/n\/wp-json\/wp\/v2\/comments?post=93603"}],"version-history":[{"count":0,"href":"https:\/\/www.infokuryr.cz\/n\/wp-json\/wp\/v2\/posts\/93603\/revisions"}],"wp:featuredmedia":[{"embeddable":true,"href":"https:\/\/www.infokuryr.cz\/n\/wp-json\/wp\/v2\/media\/93604"}],"wp:attachment":[{"href":"https:\/\/www.infokuryr.cz\/n\/wp-json\/wp\/v2\/media?parent=93603"}],"wp:term":[{"taxonomy":"category","embeddable":true,"href":"https:\/\/www.infokuryr.cz\/n\/wp-json\/wp\/v2\/categories?post=93603"},{"taxonomy":"post_tag","embeddable":true,"href":"https:\/\/www.infokuryr.cz\/n\/wp-json\/wp\/v2\/tags?post=93603"}],"curies":[{"name":"wp","href":"https:\/\/api.w.org\/{rel}","templated":true}]}}