{"id":93578,"date":"2025-12-01T06:38:57","date_gmt":"2025-12-01T05:38:57","guid":{"rendered":"https:\/\/www.infokuryr.cz\/n\/?p=93578"},"modified":"2025-12-01T06:38:57","modified_gmt":"2025-12-01T05:38:57","slug":"trump-oznacil-ukrajinu-za-obtizny-problem","status":"publish","type":"post","link":"https:\/\/www.infokuryr.cz\/n\/2025\/12\/01\/trump-oznacil-ukrajinu-za-obtizny-problem\/","title":{"rendered":"Trump ozna\u010dil Ukrajinu za \u201eobt\u00ed\u017en\u00fd probl\u00e9m\u201c"},"content":{"rendered":"<div id=\"fb-root\"><\/div>\n<h4 data-start=\"101\" data-end=\"312\"><span dir=\"auto\">Korupce z\u016fst\u00e1v\u00e1 jedn\u00edm z hlavn\u00edch probl\u00e9m\u016f Ukrajiny, prohl\u00e1sil americk\u00fd prezident Donald Trump, kdy\u017e komentoval vyhl\u00eddky na zprost\u0159edkov\u00e1n\u00ed m\u00edrov\u00e9ho urovn\u00e1n\u00ed mezi Moskvou a Kyjevem. Prohl\u00e1sil to jen n\u011bkolik hodin pot\u00e9, co ministr zahrani\u010d\u00ed Marco Rubio jednal s ukrajinskou delegac\u00ed na Florid\u011b.<\/span><\/h4>\n<p data-start=\"601\" data-end=\"941\"><span dir=\"auto\">V ned\u011bli Trump v rozhovoru s novin\u00e1\u0159i na palub\u011b Air Force One uvedl, \u017ee Ukrajina m\u00e1\u00a0<\/span><em><span dir=\"auto\">\u201en\u011bkter\u00e9 slo\u017eit\u00e9 probl\u00e9my\u201c.<\/span><\/em><\/p>\n<p data-start=\"601\" data-end=\"941\"><span dir=\"auto\">Na \u017e\u00e1dost o up\u0159esn\u011bn\u00ed prezident pouk\u00e1zal na\u00a0<\/span><em><span dir=\"auto\">\u201eprob\u00edhaj\u00edc\u00ed korup\u010dn\u00ed situaci, kter\u00e1 nen\u00ed u\u017eite\u010dn\u00e1\u201c.<\/span><\/em><\/p>\n<p data-start=\"601\" data-end=\"941\"><span dir=\"auto\">Trump dodal, \u017ee Rusko i Ukrajina by si p\u0159\u00e1ly ukon\u010den\u00ed konfliktu a \u017ee\u00a0<\/span><em><span dir=\"auto\">\u201eexistuje velk\u00e1 \u0161ance, \u017ee se n\u00e1m poda\u0159\u00ed uzav\u0159\u00edt dohodu\u201c.<\/span><\/em><\/p>\n<p data-start=\"943\" data-end=\"1386\"><span dir=\"auto\">Ukrajinu minul\u00fd m\u011bs\u00edc ot\u0159\u00e1sl velk\u00fd korup\u010dn\u00ed skand\u00e1l, do kter\u00e9ho byly zapojeny osoby z nejbli\u017e\u0161\u00edho okol\u00ed Vladimira Zelensk\u00e9ho. Z\u00e1padem podporovan\u00e9 protikorup\u010dn\u00ed agentury Ukrajiny tvrdily, \u017ee Timbur Mindich, b\u00fdval\u00fd dlouholet\u00fd obchodn\u00ed partner ukrajinsk\u00e9ho v\u016fdce, byl v\u016fdcem podvodn\u00e9ho sch\u00e9matu v hodnot\u011b 100 milion\u016f dolar\u016f v energetick\u00e9m sektoru, kter\u00e9 se do zna\u010dn\u00e9 m\u00edry spol\u00e9h\u00e1 na zahrani\u010dn\u00ed pomoc. Mindich uprchl ze zem\u011b, aby se vyhnul zat\u010den\u00ed, z\u0159ejm\u011b pot\u00e9, co byl upozorn\u011bn.<\/span><\/p>\n<p data-start=\"1388\" data-end=\"1828\"><span dir=\"auto\">Skand\u00e1l vedl k obvin\u011bn\u00ed sedmi lid\u00ed a rezignaci dvou vl\u00e1dn\u00edch ministr\u016f, p\u0159i\u010dem\u017e opozi\u010dn\u00ed poslanci tvrdili, \u017ee do n\u011bj mohli b\u00fdt zapojeni i dal\u0161\u00ed vysoce postaven\u00ed \u00fa\u0159edn\u00edci.<\/span><\/p>\n<p data-start=\"1388\" data-end=\"1828\"><span dir=\"auto\">Dal\u0161\u00ed z bl\u00edzk\u00fdch spolupracovn\u00edk\u016f Zelensk\u00e9ho, Andrej Jermak, minul\u00fd t\u00fdden rezignoval na funkci \u0161\u00e9fa jeho kancel\u00e1\u0159e pot\u00e9, co v jeho byt\u011b provedli razii vy\u0161et\u0159ovatel\u00e9 protikorup\u010dn\u00edho odd\u011blen\u00ed. A\u010dkoli Jermak nebyl obvin\u011bn, uvedl, \u017ee odstoupil, aby se vyhnul\u00a0<\/span><em><span dir=\"auto\">\u201eprobl\u00e9m\u016fm\u201c<\/span><\/em><span dir=\"auto\">\u00a0pro Zelensk\u00e9ho.<\/span><\/p>\n<p data-start=\"1830\" data-end=\"2018\" data-is-last-node=\"\" data-is-only-node=\"\"><span dir=\"auto\">Ukrajina v posledn\u00edch letech \u010delila n\u011bkolika velk\u00fdm korup\u010dn\u00edm skand\u00e1l\u016fm. V roce 2023 vedly provize a zpronev\u011bry v obrann\u00fdch zak\u00e1zk\u00e1ch k rezignaci ministra obrany Alexeje Reznikova.<\/span><\/p>\n<p data-start=\"1830\" data-end=\"2018\" data-is-last-node=\"\" data-is-only-node=\"\"><img decoding=\"async\" loading=\"lazy\" class=\"alignnone size-full wp-image-1185\" src=\"http:\/\/www.infokuryr.cz\/n\/wp-content\/uploads\/2021\/04\/kuryr-podpis.png\" alt=\"\" width=\"84\" height=\"24\" \/><\/p>\n<p data-start=\"1830\" data-end=\"2018\" data-is-last-node=\"\" data-is-only-node=\"\">\n","protected":false},"excerpt":{"rendered":"<p>Korupce z\u016fst\u00e1v\u00e1 jedn\u00edm z hlavn\u00edch probl\u00e9m\u016f Ukrajiny, prohl\u00e1sil americk\u00fd prezident Donald Trump, kdy\u017e komentoval vyhl\u00eddky&#8230;<\/p>\n","protected":false},"author":2,"featured_media":93579,"comment_status":"closed","ping_status":"closed","sticky":false,"template":"","format":"standard","meta":[],"categories":[7],"tags":[207,452,26],"_links":{"self":[{"href":"https:\/\/www.infokuryr.cz\/n\/wp-json\/wp\/v2\/posts\/93578"}],"collection":[{"href":"https:\/\/www.infokuryr.cz\/n\/wp-json\/wp\/v2\/posts"}],"about":[{"href":"https:\/\/www.infokuryr.cz\/n\/wp-json\/wp\/v2\/types\/post"}],"author":[{"embeddable":true,"href":"https:\/\/www.infokuryr.cz\/n\/wp-json\/wp\/v2\/users\/2"}],"replies":[{"embeddable":true,"href":"https:\/\/www.infokuryr.cz\/n\/wp-json\/wp\/v2\/comments?post=93578"}],"version-history":[{"count":0,"href":"https:\/\/www.infokuryr.cz\/n\/wp-json\/wp\/v2\/posts\/93578\/revisions"}],"wp:featuredmedia":[{"embeddable":true,"href":"https:\/\/www.infokuryr.cz\/n\/wp-json\/wp\/v2\/media\/93579"}],"wp:attachment":[{"href":"https:\/\/www.infokuryr.cz\/n\/wp-json\/wp\/v2\/media?parent=93578"}],"wp:term":[{"taxonomy":"category","embeddable":true,"href":"https:\/\/www.infokuryr.cz\/n\/wp-json\/wp\/v2\/categories?post=93578"},{"taxonomy":"post_tag","embeddable":true,"href":"https:\/\/www.infokuryr.cz\/n\/wp-json\/wp\/v2\/tags?post=93578"}],"curies":[{"name":"wp","href":"https:\/\/api.w.org\/{rel}","templated":true}]}}