{"id":93566,"date":"2025-12-01T06:22:01","date_gmt":"2025-12-01T05:22:01","guid":{"rendered":"https:\/\/www.infokuryr.cz\/n\/?p=93566"},"modified":"2025-12-01T06:22:01","modified_gmt":"2025-12-01T05:22:01","slug":"kulturni-sebeurceni-muslimske-hrbitovy-jsou-v-japonsku-nezadouci","status":"publish","type":"post","link":"https:\/\/www.infokuryr.cz\/n\/2025\/12\/01\/kulturni-sebeurceni-muslimske-hrbitovy-jsou-v-japonsku-nezadouci\/","title":{"rendered":"Kulturn\u00ed sebeur\u010den\u00ed: Muslimsk\u00e9 h\u0159bitovy jsou v Japonsku ne\u017e\u00e1douc\u00ed"},"content":{"rendered":"<div id=\"fb-root\"><\/div>\n<p><strong><span dir=\"auto\">V Japonsku je kremace b\u011b\u017en\u00fdm poh\u0159ebn\u00edm ritu\u00e1lem. Poh\u0159by v zemi se v Zemi vych\u00e1zej\u00edc\u00edho slunce obecn\u011b nedoporu\u010duj\u00ed. To p\u0159edstavuje probl\u00e9m pro muslimsk\u00e9 imigranty. Japonci v\u0161ak po\u017eaduj\u00ed respekt ke sv\u00e9 n\u00e1rodn\u00ed kultu\u0159e a necht\u011bj\u00ed, aby jim men\u0161iny vnucovaly zm\u011bny.<\/span><\/strong><\/p>\n<p><span dir=\"auto\">Japonsko op\u011bt prok\u00e1zalo sv\u016fj nekompromisn\u00ed postoj ke kulturn\u00ed identit\u011b. N\u00e1vrh na z\u0159\u00edzen\u00ed rozs\u00e1hl\u00e9ho isl\u00e1msk\u00e9ho h\u0159bitova byl v parlamentu r\u00e1zn\u011b odm\u00edtnut. Vzkaz z Tokia je jednozna\u010dn\u00fd: tradice zem\u011b nejsou p\u0159edm\u011btem diskuse jen proto, \u017ee ur\u010dit\u00e9 skupiny po\u017eaduj\u00ed kompromisy.<\/span><\/p>\n<p><span dir=\"auto\">Debata se soust\u0159edila na to, zda by Japonsko m\u011blo zm\u00edrnit svou staletou praxi kremace imigrant\u016f. Poslankyn\u011b Mizuho Umemura\u00a0<\/span><a href=\"https:\/\/middleeast24.org\/controversy-over-muslim-cemetery-expansion-in-japan-raises-debate\/\"><span dir=\"auto\">pouk\u00e1zala na<\/span><\/a><span dir=\"auto\">\u00a0to, \u017ee kremace je nejen hluboce zako\u0159en\u011bna v kultu\u0159e zem\u011b, ale je tak\u00e9 obecn\u00fdm standardem. Dal\u0161\u00ed h\u0159bitovy jsou proto jednodu\u0161e zbyte\u010dn\u00e9. Ve\u0159ejnost nav\u00edc masivn\u011b odm\u00edt\u00e1 h\u0159bitovy s tradi\u010dn\u00edm poh\u0159b\u00edv\u00e1n\u00edm. Mnoho obyvatel se ob\u00e1v\u00e1 kontaminace podzemn\u00ed vody a u\u017eitkov\u00e9 vody, pokud by byly povoleny v\u011bt\u0161\u00ed plochy pro tradi\u010dn\u00ed muslimsk\u00e9 poh\u0159by.<\/span><\/p>\n<figure class=\"wp-block-embed is-type-rich is-provider-twitter wp-block-embed-twitter\">\n<div class=\"wp-block-embed__wrapper\">\n<div class=\"twitter-tweet twitter-tweet-rendered\"><iframe id=\"twitter-widget-0\" class=\"\" title=\"X P\u0159\u00edsp\u011bvek\" src=\"https:\/\/platform.twitter.com\/embed\/Tweet.html?dnt=true&amp;embedId=twitter-widget-0&amp;features=eyJ0ZndfdGltZWxpbmVfbGlzdCI6eyJidWNrZXQiOltdLCJ2ZXJzaW9uIjpudWxsfSwidGZ3X2ZvbGxvd2VyX2NvdW50X3N1bnNldCI6eyJidWNrZXQiOnRydWUsInZlcnNpb24iOm51bGx9LCJ0ZndfdHdlZXRfZWRpdF9iYWNrZW5kIjp7ImJ1Y2tldCI6Im9uIiwidmVyc2lvbiI6bnVsbH0sInRmd19yZWZzcmNfc2Vzc2lvbiI6eyJidWNrZXQiOiJvbiIsInZlcnNpb24iOm51bGx9LCJ0ZndfZm9zbnJfc29mdF9pbnRlcnZlbnRpb25zX2VuYWJsZWQiOnsiYnVja2V0Ijoib24iLCJ2ZXJzaW9uIjpudWxsfSwidGZ3X21peGVkX21lZGlhXzE1ODk3Ijp7ImJ1Y2tldCI6InRyZWF0bWVudCIsInZlcnNpb24iOm51bGx9LCJ0ZndfZXhwZXJpbWVudHNfY29va2llX2V4cGlyYXRpb24iOnsiYnVja2V0IjoxMjA5NjAwLCJ2ZXJzaW9uIjpudWxsfSwidGZ3X3Nob3dfYmlyZHdhdGNoX3Bpdm90c19lbmFibGVkIjp7ImJ1Y2tldCI6Im9uIiwidmVyc2lvbiI6bnVsbH0sInRmd19kdXBsaWNhdGVfc2NyaWJlc190b19zZXR0aW5ncyI6eyJidWNrZXQiOiJvbiIsInZlcnNpb24iOm51bGx9LCJ0ZndfdXNlX3Byb2ZpbGVfaW1hZ2Vfc2hhcGVfZW5hYmxlZCI6eyJidWNrZXQiOiJvbiIsInZlcnNpb24iOm51bGx9LCJ0ZndfdmlkZW9faGxzX2R5bmFtaWNfbWFuaWZlc3RzXzE1MDgyIjp7ImJ1Y2tldCI6InRydWVfYml0cmF0ZSIsInZlcnNpb24iOm51bGx9LCJ0ZndfbGVnYWN5X3RpbWVsaW5lX3N1bnNldCI6eyJidWNrZXQiOnRydWUsInZlcnNpb24iOm51bGx9LCJ0ZndfdHdlZXRfZWRpdF9mcm9udGVuZCI6eyJidWNrZXQiOiJvbiIsInZlcnNpb24iOm51bGx9fQ%3D%3D&amp;frame=false&amp;hideCard=false&amp;hideThread=false&amp;id=1994807117094559762&amp;lang=cs&amp;origin=https%3A%2F%2Freport24.news%2Fkulturelle-selbstbestimmung-moslem-friedhoefe-sind-in-japan-unerwuenscht%2F&amp;sessionId=a2688a5368394cb0183723254e36a66364765e32&amp;theme=light&amp;widgetsVersion=2615f7e52b7e0%3A1702314776716&amp;width=550px\" frameborder=\"0\" scrolling=\"no\" allowfullscreen=\"allowfullscreen\" data-tweet-id=\"1994807117094559762\" data-mce-fragment=\"1\"><\/iframe><\/div>\n<\/div>\n<\/figure>\n<p><span dir=\"auto\">N\u011bkolik \u010dlen\u016f parlamentu vyu\u017eilo p\u0159\u00edle\u017eitosti k nastolen\u00ed z\u00e1sadn\u00edch ot\u00e1zek. Pokud poh\u0159by opakovan\u011b vedou ke konflikt\u016fm, argumentovali, je nutn\u00e9 prozkoumat, zda by bylo vhodn\u00e9 zav\u00e9st celost\u00e1tn\u00ed omezen\u00ed nebo dokonce \u00fapln\u00fd z\u00e1kaz. Sama Umemura sv\u016fj postoj vyj\u00e1d\u0159ila jednozna\u010dn\u011b. Ka\u017ed\u00fd, kdo \u017eije v Japonsku, mus\u00ed respektovat jeho zvyky. Pokud v zemi zem\u0159e muslimsk\u00fd imigrant, existuj\u00ed dv\u011b mo\u017enosti: kremace na m\u00edst\u011b nebo repatriace do zem\u011b p\u016fvodu na vlastn\u00ed n\u00e1klady majitele. P\u0159izp\u016fsoben\u00ed japonsk\u00fdch tradic nep\u0159ich\u00e1z\u00ed v \u00favahu.<\/span><\/p>\n<p><span dir=\"auto\">Konzervativn\u00ed z\u00e1konod\u00e1rkyn\u011b varovala muslimskou men\u0161inu v zemi p\u0159ed vyv\u00edjen\u00edm kulturn\u00edho tlaku na v\u011bt\u0161inovou spole\u010dnost. Ka\u017ed\u00fd, kdo dnes vzn\u00e1\u0161\u00ed bezohledn\u00e9 po\u017eadavky, mus\u00ed podle n\u00ed v budoucnu o\u010dek\u00e1vat zna\u010dn\u00e9 probl\u00e9my. Toto prohl\u00e1\u0161en\u00ed se v Japonsku setkalo s velk\u00fdm souhlasem a\u00a0<\/span><a href=\"https:\/\/apjjf.org\/2023\/11\/kojima\"><span dir=\"auto\">m\u00edstn\u00ed \u00fa\u0159ady<\/span><\/a><span dir=\"auto\">\u00a0jej z velk\u00e9 \u010d\u00e1sti uplat\u0148uj\u00ed . Ka\u017ed\u00fd, kdo p\u0159ij\u00ed\u017ed\u00ed do Japonska, mus\u00ed respektovat m\u00edstn\u00ed zvyky a kulturn\u00ed normy.<\/span><\/p>\n<p><span dir=\"auto\">V Japonsku se v\u0161ak najdou i politici, kte\u0159\u00ed se sna\u017e\u00ed \u0161\u00ed\u0159it multikulturn\u00ed propagandu a vyz\u00fdvaj\u00ed prefektury, aby povolily poh\u0159by muslim\u016f v zemi.<\/span><\/p>\n<figure class=\"wp-block-embed is-type-rich is-provider-twitter wp-block-embed-twitter\">\n<div class=\"wp-block-embed__wrapper\">\n<div class=\"twitter-tweet twitter-tweet-rendered\"><iframe id=\"twitter-widget-1\" class=\"\" title=\"X P\u0159\u00edsp\u011bvek\" src=\"https:\/\/platform.twitter.com\/embed\/Tweet.html?dnt=true&amp;embedId=twitter-widget-1&amp;features=eyJ0ZndfdGltZWxpbmVfbGlzdCI6eyJidWNrZXQiOltdLCJ2ZXJzaW9uIjpudWxsfSwidGZ3X2ZvbGxvd2VyX2NvdW50X3N1bnNldCI6eyJidWNrZXQiOnRydWUsInZlcnNpb24iOm51bGx9LCJ0ZndfdHdlZXRfZWRpdF9iYWNrZW5kIjp7ImJ1Y2tldCI6Im9uIiwidmVyc2lvbiI6bnVsbH0sInRmd19yZWZzcmNfc2Vzc2lvbiI6eyJidWNrZXQiOiJvbiIsInZlcnNpb24iOm51bGx9LCJ0ZndfZm9zbnJfc29mdF9pbnRlcnZlbnRpb25zX2VuYWJsZWQiOnsiYnVja2V0Ijoib24iLCJ2ZXJzaW9uIjpudWxsfSwidGZ3X21peGVkX21lZGlhXzE1ODk3Ijp7ImJ1Y2tldCI6InRyZWF0bWVudCIsInZlcnNpb24iOm51bGx9LCJ0ZndfZXhwZXJpbWVudHNfY29va2llX2V4cGlyYXRpb24iOnsiYnVja2V0IjoxMjA5NjAwLCJ2ZXJzaW9uIjpudWxsfSwidGZ3X3Nob3dfYmlyZHdhdGNoX3Bpdm90c19lbmFibGVkIjp7ImJ1Y2tldCI6Im9uIiwidmVyc2lvbiI6bnVsbH0sInRmd19kdXBsaWNhdGVfc2NyaWJlc190b19zZXR0aW5ncyI6eyJidWNrZXQiOiJvbiIsInZlcnNpb24iOm51bGx9LCJ0ZndfdXNlX3Byb2ZpbGVfaW1hZ2Vfc2hhcGVfZW5hYmxlZCI6eyJidWNrZXQiOiJvbiIsInZlcnNpb24iOm51bGx9LCJ0ZndfdmlkZW9faGxzX2R5bmFtaWNfbWFuaWZlc3RzXzE1MDgyIjp7ImJ1Y2tldCI6InRydWVfYml0cmF0ZSIsInZlcnNpb24iOm51bGx9LCJ0ZndfbGVnYWN5X3RpbWVsaW5lX3N1bnNldCI6eyJidWNrZXQiOnRydWUsInZlcnNpb24iOm51bGx9LCJ0ZndfdHdlZXRfZWRpdF9mcm9udGVuZCI6eyJidWNrZXQiOiJvbiIsInZlcnNpb24iOm51bGx9fQ%3D%3D&amp;frame=false&amp;hideCard=false&amp;hideThread=false&amp;id=1878974372482052274&amp;lang=cs&amp;origin=https%3A%2F%2Freport24.news%2Fkulturelle-selbstbestimmung-moslem-friedhoefe-sind-in-japan-unerwuenscht%2F&amp;sessionId=a2688a5368394cb0183723254e36a66364765e32&amp;theme=light&amp;widgetsVersion=2615f7e52b7e0%3A1702314776716&amp;width=550px\" frameborder=\"0\" scrolling=\"no\" allowfullscreen=\"allowfullscreen\" data-tweet-id=\"1878974372482052274\" data-mce-fragment=\"1\"><\/iframe><\/div>\n<\/div>\n<\/figure>\n<p><span dir=\"auto\">Japonsk\u00e1 politika do zna\u010dn\u00e9 m\u00edry signalizuje, \u017ee zem\u011b m\u00e1 v \u00famyslu zachovat si sv\u016fj vlastn\u00ed odli\u0161n\u00fd kulturn\u00ed \u0159\u00e1d. Pro p\u0159ibli\u017en\u011b 350 000 muslim\u016f (zhruba 0,2 a\u017e 0,3 procenta celkov\u00e9 populace) neexistuj\u00ed \u017e\u00e1dn\u00e1 zvl\u00e1\u0161tn\u00ed pr\u00e1va. V\u011bt\u0161inou se jedn\u00e1 o migruj\u00edc\u00ed pracovn\u00edky z Indon\u00e9sie, P\u00e1kist\u00e1nu, Banglad\u00e9\u0161e a Malajsie.<\/span><\/p>\n<p><img decoding=\"async\" loading=\"lazy\" class=\"alignnone size-full wp-image-1185\" src=\"http:\/\/www.infokuryr.cz\/n\/wp-content\/uploads\/2021\/04\/kuryr-podpis.png\" alt=\"\" width=\"84\" height=\"24\" \/><\/p>\n<p>&nbsp;<\/p>\n","protected":false},"excerpt":{"rendered":"<p>V Japonsku je kremace b\u011b\u017en\u00fdm poh\u0159ebn\u00edm ritu\u00e1lem. Poh\u0159by v zemi se v Zemi vych\u00e1zej\u00edc\u00edho slunce&#8230;<\/p>\n","protected":false},"author":2,"featured_media":93567,"comment_status":"closed","ping_status":"closed","sticky":false,"template":"","format":"standard","meta":[],"categories":[7],"tags":[6064,105,1503,44],"_links":{"self":[{"href":"https:\/\/www.infokuryr.cz\/n\/wp-json\/wp\/v2\/posts\/93566"}],"collection":[{"href":"https:\/\/www.infokuryr.cz\/n\/wp-json\/wp\/v2\/posts"}],"about":[{"href":"https:\/\/www.infokuryr.cz\/n\/wp-json\/wp\/v2\/types\/post"}],"author":[{"embeddable":true,"href":"https:\/\/www.infokuryr.cz\/n\/wp-json\/wp\/v2\/users\/2"}],"replies":[{"embeddable":true,"href":"https:\/\/www.infokuryr.cz\/n\/wp-json\/wp\/v2\/comments?post=93566"}],"version-history":[{"count":0,"href":"https:\/\/www.infokuryr.cz\/n\/wp-json\/wp\/v2\/posts\/93566\/revisions"}],"wp:featuredmedia":[{"embeddable":true,"href":"https:\/\/www.infokuryr.cz\/n\/wp-json\/wp\/v2\/media\/93567"}],"wp:attachment":[{"href":"https:\/\/www.infokuryr.cz\/n\/wp-json\/wp\/v2\/media?parent=93566"}],"wp:term":[{"taxonomy":"category","embeddable":true,"href":"https:\/\/www.infokuryr.cz\/n\/wp-json\/wp\/v2\/categories?post=93566"},{"taxonomy":"post_tag","embeddable":true,"href":"https:\/\/www.infokuryr.cz\/n\/wp-json\/wp\/v2\/tags?post=93566"}],"curies":[{"name":"wp","href":"https:\/\/api.w.org\/{rel}","templated":true}]}}