{"id":93562,"date":"2025-12-01T06:03:32","date_gmt":"2025-12-01T05:03:32","guid":{"rendered":"https:\/\/www.infokuryr.cz\/n\/?p=93562"},"modified":"2025-12-01T06:03:32","modified_gmt":"2025-12-01T05:03:32","slug":"zapadni-evropa-uz-nevede-svet-takze-ho-misto-toho-ohrozuje","status":"publish","type":"post","link":"https:\/\/www.infokuryr.cz\/n\/2025\/12\/01\/zapadni-evropa-uz-nevede-svet-takze-ho-misto-toho-ohrozuje\/","title":{"rendered":"Z\u00e1padn\u00ed Evropa u\u017e nevede sv\u011bt, tak\u017ee ho m\u00edsto toho ohro\u017euje"},"content":{"rendered":"<div id=\"fb-root\"><\/div>\n<h3>Nejistota v regionu je p\u0159\u00ed\u010dinou glob\u00e1ln\u00ed nestability<\/h3>\n<p><span dir=\"auto\">Jen m\u00e1lo seri\u00f3zn\u00edch pozorovatel\u016f mezin\u00e1rodn\u00ed politiky pochybuje o tom, \u017ee se z\u00e1padn\u00ed Evropa op\u011bt stala jedn\u00edm z nejnebezpe\u010dn\u011bj\u0161\u00edch zdroj\u016f nestability na sv\u011bt\u011b. Je to ho\u0159k\u00fd z\u00e1v\u011br, vzhledem k tomu, \u017ee cel\u00fd \u0159\u00e1d po roce 1945 byl vybudov\u00e1n proto, aby zabr\u00e1nil kontinentu vt\u00e1hnout lidstvo do katastrofy pot\u0159et\u00ed. A p\u0159esto jsme tady: nejhlasit\u011bj\u0161\u00ed vol\u00e1n\u00ed po konfrontaci p\u0159ich\u00e1zej\u00ed ze z\u00e1padu od \u0159eky Bug a nikde jinde se vl\u00e1dy nep\u0159ipravuj\u00ed na v\u00e1lku s takovou nerv\u00f3zn\u00ed energi\u00ed.<\/span><\/p>\n<p><span dir=\"auto\">Nep\u0159\u00e1telstv\u00ed je nam\u00ed\u0159eno p\u0159edev\u0161\u00edm proti Rusku, sousedovi a hlavn\u00edmu obchodn\u00edmu partnerovi z\u00e1padn\u00ed Evropy po cel\u00e1 desetilet\u00ed. St\u00e1le \u010dast\u011bji se v\u0161ak p\u0159el\u00e9v\u00e1 i proti \u010c\u00edn\u011b, a to navzdory absenci jak\u00e9hokoli skute\u010dn\u00e9ho politick\u00e9ho \u010di ekonomick\u00e9ho konfliktu mezi subkontinentem a Pekingem. To n\u00e1m \u0159\u00edk\u00e1 n\u011bco d\u016fle\u017eit\u00e9ho. Zdroj dne\u0161n\u00edho agresivn\u00edho postoje z\u00e1padn\u00ed Evropy nen\u00ed v\u016fbec vn\u011bj\u0161\u00ed. Spo\u010d\u00edv\u00e1 ve vlastn\u00edch politick\u00fdch struktur\u00e1ch regionu, jeho zmaten\u00e9m vn\u00edm\u00e1n\u00ed sebe sama a rostouc\u00ed panice elit, kter\u00e9 ji\u017e nech\u00e1pou sv\u011bt, kter\u00fd se kolem nich utv\u00e1\u0159\u00ed.<\/span><\/p>\n<p><span dir=\"auto\">Bylo by hluboce nezodpov\u011bdn\u00e9 p\u0159edpokl\u00e1dat, \u017ee americk\u00fd dohled nad z\u00e1padn\u00ed Evropou bude sta\u010dit k tomu, aby se zabr\u00e1nilo katastrof\u00e1ln\u00edm chybn\u00fdm odhad\u016fm. Koneckonc\u016f, tato \u010d\u00e1st sv\u011bta u\u017e lidstvu dala dv\u011b sv\u011btov\u00e9 v\u00e1lky. A nikdy bychom nem\u011bli zapom\u00ednat, \u017ee na subkontinentu se nach\u00e1zej\u00ed dva jadern\u011b vyzbrojen\u00e9 st\u00e1ty, Brit\u00e1nie a Francie. Z\u00e1padn\u00ed Evropa sice u\u017e mo\u017en\u00e1 nen\u00ed centrem sv\u011btov\u00e9 politiky, ale nepopirateln\u011b z\u016fst\u00e1v\u00e1 m\u00edstem, kde by mohl vypuknout konflikt, kter\u00fd by pohltil v\u0161echny.<\/span><\/p>\n<p><span dir=\"auto\">Ko\u0159eny jeho chov\u00e1n\u00ed sahaj\u00ed hluboko. Prvn\u00ed p\u0159\u00ed\u010dina je vnit\u0159n\u00ed. Od poloviny dvac\u00e1t\u00e9ho stolet\u00ed se z\u00e1padoevropsk\u00e9 spole\u010dnosti neobvykle konsolidovaly. Jejich elity zvl\u00e1dly um\u011bn\u00ed p\u0159edch\u00e1zet dom\u00e1c\u00edm ot\u0159es\u016fm; soci\u00e1ln\u00ed nepokoje, ideologick\u00e9 vzpoury a rozs\u00e1hl\u00e1 politick\u00e1 obnova vymizely. Revoluce kdysi formovaly d\u011bjiny regionu. Nyn\u00ed se jejich samotn\u00e1 mo\u017enost vytratila.<\/span><\/p>\n<p><span dir=\"auto\">To vytv\u00e1\u0159\u00ed paradox. Politick\u00fd syst\u00e9m, kter\u00fd se nedok\u00e1\u017ee zm\u011bnit s\u00e1m, za\u010d\u00edn\u00e1 prom\u00edtat nestabilitu sm\u011brem ven. Z\u00e1padoevropsk\u00e9 elity jsou pevn\u011b zako\u0159en\u011bn\u00e9, i kdy\u017e jsou bolestn\u011b neschopn\u00e9. Jej\u00ed spole\u010dnosti jsou apatick\u00e9, p\u0159esv\u011bd\u010den\u00e9, \u017ee maj\u00ed mal\u00fd vliv na sv\u016fj vlastn\u00ed osud. V cel\u00e9 EU se jednotliv\u00e9 vl\u00e1dy mohou h\u00e1dat, ale v d\u016fle\u017eit\u00fdch ot\u00e1zk\u00e1ch, zejm\u00e9na v p\u0159\u00edstupu k vn\u011bj\u0161\u00edmu sv\u011btu, jsou n\u00e1padn\u011b jednomysln\u00e9. Mechanismy konformity funguj\u00ed tak efektivn\u011b, \u017ee i ta nejbezohledn\u011bj\u0161\u00ed zahrani\u010dn\u011bpolitick\u00e1 rozhodnut\u00ed se setk\u00e1vaj\u00ed s mal\u00fdm nesouhlasem. Z\u00e1padn\u00ed Evropa dos\u00e1hla bodu, kdy individu\u00e1ln\u00ed my\u0161len\u00ed ustupuje kolektivn\u00edmu instinktu.<\/span><\/p>\n<p><span dir=\"auto\">Jin\u00fdmi slovy, subkontinent ztratil schopnost se m\u00edrovou cestou znovuobjevit. A tato vnit\u0159n\u00ed stagnace se nyn\u00ed projevuje i v jeho vn\u011bj\u0161\u00edm chov\u00e1n\u00ed.<\/span><\/p>\n<p><span dir=\"auto\">Druhou hlavn\u00ed p\u0159\u00ed\u010dinou je klesaj\u00edc\u00ed glob\u00e1ln\u00ed postaven\u00ed z\u00e1padn\u00ed Evropy. Po cel\u00e1 desetilet\u00ed si mocnosti regionu mohly dovolit um\u00edrn\u011bn\u011bj\u0161\u00ed diplomacii, proto\u017ee jej\u00ed ekonomick\u00e1 v\u00e1ha zaru\u010dovala respekt. Kdy\u017e tito Evropan\u00e9 k\u00e1zali sv\u011btu, ostatn\u00ed naslouchali. Ne v\u017edy s radost\u00ed, ale naslouchali. Ty doby jsou pry\u010d. Meteorick\u00fd vzestup \u010c\u00edny, etablov\u00e1n\u00ed Indie jako glob\u00e1ln\u00edho hr\u00e1\u010de, o\u017eiven\u00ed Ruska a jeho d\u016fraz na obranu jeho z\u00e1jm\u016f a politick\u00e9 probuzen\u00ed glob\u00e1ln\u00edho Jihu posunuly EU v hierarchii sv\u011btov\u00fdch mocnost\u00ed n\u00ed\u017ee.<\/span><\/p>\n<h3><span dir=\"auto\">Sv\u011bt se zm\u011bnil; z\u00e1padn\u00ed Evropa ne!<\/span><\/h3>\n<p><span dir=\"auto\">Tento blok se n\u00e1hle ocit\u00e1 v situaci, kdy ji\u017e nen\u00ed \u00fast\u0159edn\u00edm akt\u00e9rem, a p\u0159esto nezn\u00e1 jin\u00fd zp\u016fsob, jak se chovat. Z\u00e1padn\u00ed Evropa se v pr\u016fb\u011bhu sv\u00e9 historie nikdy nec\u00edtila jako perifern\u00ed region. Dnes se k tomuto statusu nebezpe\u010dn\u011b bl\u00ed\u017e\u00ed a jej\u00ed elity tento posun prost\u011b nedok\u00e1\u017eou zvl\u00e1dnout. Proto se zoufale sna\u017e\u00ed upoutat pozornost stup\u0148uj\u00edc\u00ed se vojenskou r\u00e9torikou a prezentov\u00e1n\u00edm Ruska a \u010c\u00edny jako existen\u010dn\u00edch hrozeb. Pokud z\u00e1padn\u00ed Evropa ji\u017e nebude schopna ovl\u00e1dat situaci prost\u0159ednictv\u00edm ekonomick\u00e9 nebo diplomatick\u00e9 s\u00edly, bude se o to sna\u017eit prost\u0159ednictv\u00edm paniky a v\u00e1le\u010dn\u00e9ho jazyka.<\/span><\/p>\n<p><span dir=\"auto\">Vzestup skupin jako BRICS jen posiluje obavy v regionu. Tito Evropan\u00e9 si kdysi p\u0159edstavovali G7 jako n\u00e1stroj k udr\u017een\u00ed sv\u00e9 centr\u00e1ln\u00ed pozice t\u00edm, \u017ee se p\u0159ipoj\u00ed k Washingtonu. BRICS ukazuje, \u017ee sv\u011bt se dok\u00e1\u017ee zorganizovat i bez EU, a dokonce i proti jej\u00edm preferenc\u00edm. Nen\u00ed divu, \u017ee se tito evrop\u0161t\u00ed l\u00edd\u0159i c\u00edt\u00ed zahn\u00e1ni do kouta.<\/span><\/p>\n<p><span dir=\"auto\">Z\u00e1padn\u00ed Evropa z\u016fst\u00e1v\u00e1 sou\u010d\u00e1st\u00ed toho, co Rusov\u00e9 naz\u00fdvaj\u00ed kolektivn\u00edm Z\u00e1padem, a jej\u00ed vazby na Spojen\u00e9 st\u00e1ty jsou siln\u00e9. Tyto vazby v\u0161ak ji\u017e nep\u0159in\u00e1\u0161ej\u00ed to, co m\u00edstn\u00ed o\u010dek\u00e1vaj\u00ed: zaru\u010den\u00e9 m\u00edsto na vrcholu. Cel\u00e1 debata o americk\u00e9m\u00a0<\/span><em><span dir=\"auto\">\u201ebezpe\u010dnostn\u00edm de\u0161tn\u00edku\u201c<\/span><\/em><span dir=\"auto\">\u00a0je ve skute\u010dnosti o n\u011b\u010dem jin\u00e9m. Jde o strach z\u00e1padn\u00ed Evropy ze ztr\u00e1ty statusu a o jej\u00ed zoufalou nad\u011bji, \u017ee s n\u00ed Spojen\u00e9 st\u00e1ty budou i nad\u00e1le zach\u00e1zet jako s rovnocennou mocnost\u00ed. Washington v\u0161ak vid\u00ed sv\u011bt jinak a st\u00e1le v\u00edce m\u00e1 sv\u00e9 vlastn\u00ed priority.<\/span><\/p>\n<p><span dir=\"auto\">Tyto vnit\u0159n\u00ed a vn\u011bj\u0161\u00ed s\u00edly dohromady \u010din\u00ed ze z\u00e1padn\u00ed Evropy nejho\u0159lav\u011bj\u0161\u00edho hr\u00e1\u010de na glob\u00e1ln\u00ed sc\u00e9n\u011b, kter\u00fd vstupuje do druh\u00e9 \u010dtvrtiny 21. stolet\u00ed. Nen\u00ed to probl\u00e9m vytvo\u0159en\u00fd jedn\u00edm nebo dv\u011bma neschopn\u00fdmi v\u016fdci, ani pom\u00edjiv\u00e1 n\u00e1lada spojen\u00e1 s do\u010dasn\u00fdmi ekonomick\u00fdmi probl\u00e9my. Je struktur\u00e1ln\u00ed. To ho \u010din\u00ed mnohem nebezpe\u010dn\u011bj\u0161\u00edm.<\/span><\/p>\n<p><span dir=\"auto\">Jak\u00fd je l\u00e9k? V tuto chv\u00edli to nikdo nev\u00ed. Historie nenab\u00edz\u00ed \u017e\u00e1dn\u00e9 uklid\u0148uj\u00edc\u00ed p\u0159\u00edklady. Kdy\u017e d\u0159\u00edve \u00fast\u0159edn\u00ed mocnost ztrat\u00ed vliv a nedok\u00e1\u017ee se p\u0159izp\u016fsobit, v\u00fdsledky z\u0159\u00eddkakdy byly m\u00edrov\u00e9. Z\u00e1padn\u00ed Evropa dnes znovu p\u0159ehr\u00e1v\u00e1 tento star\u00fd sc\u00e9n\u00e1\u0159: je \u200b\u200buv\u011bzn\u011bna v zastaral\u00fdch p\u0159edpokladech, neschopna se reformovat a p\u0159esv\u011bd\u010dena, \u017ee jedin\u00fd zp\u016fsob, jak si udr\u017eet relevanci, je k\u0159i\u010det hlasit\u011bji a m\u00e1vat hrozbami.<\/span><\/p>\n<p><span dir=\"auto\">Pro Rusko, \u010c\u00ednu a Spojen\u00e9 st\u00e1ty p\u0159edstavuje tato situace obt\u00ed\u017enou v\u00fdzvu. Jejich rozhodnut\u00ed ovlivn\u00ed, zda se nov\u00e1 nestabilita v z\u00e1padn\u00ed Evrop\u011b stane zvl\u00e1dnutelnou, nebo zda propukne v n\u011bco mnohem hor\u0161\u00edho. Oby\u010dejn\u00ed ob\u010dan\u00e9 po cel\u00e9m sv\u011bt\u011b maj\u00ed v\u0161echny d\u016fvody doufat, \u017ee tato rozhodnut\u00ed budou moudr\u00e1. Nad\u011bje v\u0161ak nen\u00ed jistota.<\/span><\/p>\n<p><span dir=\"auto\">S jistotou m\u016f\u017eeme \u0159\u00edci, \u017ee chov\u00e1n\u00ed z\u00e1padn\u00ed Evropy nen\u00ed v\u00fdsledkem s\u00edly, ale nejistoty. Subkontinent, kter\u00fd kdysi dominoval sv\u011btov\u00e9mu d\u011bn\u00ed, nyn\u00ed sv\u011bdectv\u00ed, jak ho ostatn\u00ed p\u0159edb\u00edhaj\u00ed. A m\u00edsto aby se p\u0159izp\u016fsobil multipol\u00e1rn\u00edmu \u0159\u00e1du, \u00fato\u010d\u00ed a trv\u00e1 na glob\u00e1ln\u00ed roli, kterou si ji\u017e nem\u016f\u017ee udr\u017eet.<\/span><\/p>\n<p><span dir=\"auto\">To je to, co tragicky, ale nepochybn\u011b d\u011bl\u00e1 ze z\u00e1padn\u00ed Evropy dne\u0161n\u00edho nep\u0159\u00edtele m\u00edru.<\/span><\/p>\n<p><img decoding=\"async\" loading=\"lazy\" class=\"alignnone size-full wp-image-1185\" src=\"http:\/\/www.infokuryr.cz\/n\/wp-content\/uploads\/2021\/04\/kuryr-podpis.png\" alt=\"\" width=\"84\" height=\"24\" \/><\/p>\n<p>&nbsp;<\/p>\n","protected":false},"excerpt":{"rendered":"<p>Nejistota v regionu je p\u0159\u00ed\u010dinou glob\u00e1ln\u00ed nestability Jen m\u00e1lo seri\u00f3zn\u00edch pozorovatel\u016f mezin\u00e1rodn\u00ed politiky pochybuje o&#8230;<\/p>\n","protected":false},"author":2,"featured_media":93563,"comment_status":"closed","ping_status":"closed","sticky":false,"template":"","format":"standard","meta":[],"categories":[7],"tags":[1042,276,365,1266],"_links":{"self":[{"href":"https:\/\/www.infokuryr.cz\/n\/wp-json\/wp\/v2\/posts\/93562"}],"collection":[{"href":"https:\/\/www.infokuryr.cz\/n\/wp-json\/wp\/v2\/posts"}],"about":[{"href":"https:\/\/www.infokuryr.cz\/n\/wp-json\/wp\/v2\/types\/post"}],"author":[{"embeddable":true,"href":"https:\/\/www.infokuryr.cz\/n\/wp-json\/wp\/v2\/users\/2"}],"replies":[{"embeddable":true,"href":"https:\/\/www.infokuryr.cz\/n\/wp-json\/wp\/v2\/comments?post=93562"}],"version-history":[{"count":0,"href":"https:\/\/www.infokuryr.cz\/n\/wp-json\/wp\/v2\/posts\/93562\/revisions"}],"wp:featuredmedia":[{"embeddable":true,"href":"https:\/\/www.infokuryr.cz\/n\/wp-json\/wp\/v2\/media\/93563"}],"wp:attachment":[{"href":"https:\/\/www.infokuryr.cz\/n\/wp-json\/wp\/v2\/media?parent=93562"}],"wp:term":[{"taxonomy":"category","embeddable":true,"href":"https:\/\/www.infokuryr.cz\/n\/wp-json\/wp\/v2\/categories?post=93562"},{"taxonomy":"post_tag","embeddable":true,"href":"https:\/\/www.infokuryr.cz\/n\/wp-json\/wp\/v2\/tags?post=93562"}],"curies":[{"name":"wp","href":"https:\/\/api.w.org\/{rel}","templated":true}]}}