{"id":93558,"date":"2025-12-01T05:59:55","date_gmt":"2025-12-01T04:59:55","guid":{"rendered":"https:\/\/www.infokuryr.cz\/n\/?p=93558"},"modified":"2025-12-01T05:59:55","modified_gmt":"2025-12-01T04:59:55","slug":"americti-senatori-pozaduji-vysetreni-trumpovych-utoku-na-drogove-lode","status":"publish","type":"post","link":"https:\/\/www.infokuryr.cz\/n\/2025\/12\/01\/americti-senatori-pozaduji-vysetreni-trumpovych-utoku-na-drogove-lode\/","title":{"rendered":"Ameri\u010dt\u00ed sen\u00e1to\u0159i po\u017eaduj\u00ed vy\u0161et\u0159en\u00ed Trumpov\u00fdch \u00fatok\u016f na \u201edrogov\u00e9 lod\u011b\u201c"},"content":{"rendered":"<div id=\"fb-root\"><\/div>\n<h3>Dvoustranick\u00e1 skupina chce ov\u011b\u0159it, zda \u00fatoky p\u0159edstavuj\u00ed v\u00e1le\u010dn\u00fd zlo\u010din<\/h3>\n<p data-start=\"144\" data-end=\"397\"><span dir=\"auto\">Skupina americk\u00fdch sen\u00e1tor\u016f vyzvala k pr\u00e1vn\u00edmu p\u0159ezkumu \u00fatok\u016f prezidenta Donalda Trumpa na \u00fadajn\u00e9 lod\u011b kartelu v Karibsk\u00e9m mo\u0159i a v\u00fdchodn\u00edm Tich\u00e9m oce\u00e1nu.<\/span><\/p>\n<p data-start=\"565\" data-end=\"770\"><span dir=\"auto\">Obnoven\u00e9 obavy se objevily pot\u00e9, co den\u00edk\u00a0<\/span><em data-start=\"604\" data-end=\"621\"><span dir=\"auto\">Washington Post<\/span><\/em><span dir=\"auto\">\u00a0v p\u00e1tek informoval, \u017ee ministr v\u00e1lky Pete Hegseth vydal rozkaz k zabit\u00ed p\u0159e\u017eiv\u0161\u00edch z jednoho z plavidel, kter\u00e1 byla zap\u00e1lena p\u0159i p\u0159edchoz\u00edm \u00fatoku.<\/span><\/p>\n<p data-start=\"772\" data-end=\"1324\"><em><span dir=\"auto\">\u201ePokud je tato zpr\u00e1va pravdiv\u00e1, jedn\u00e1 se o jasn\u00e9 poru\u0161en\u00ed v\u00e1le\u010dn\u00fdch z\u00e1kon\u016f samotn\u00e9ho ministerstva obrany i mezin\u00e1rodn\u00edch z\u00e1kon\u016f o zach\u00e1zen\u00ed s lidmi v takov\u00e9 situaci. A tak se to, pokud je to pravda, \u0159ad\u00ed na \u00farove\u0148 v\u00e1le\u010dn\u00e9ho zlo\u010dinu,\u201c<\/span><\/em><span dir=\"auto\">\u00a0\u0159ekl v ned\u011bli televizi CBS News Tim Kaine, demokrat z Virginie.<\/span><\/p>\n<p data-start=\"772\" data-end=\"1324\"><span dir=\"auto\">Kaine dodal, \u017ee on a n\u011bkte\u0159\u00ed jeho kolegov\u00e9 jsou\u00a0<\/span><em><span dir=\"auto\">\u201ehluboce znepokojeni\u201c<\/span><\/em><span dir=\"auto\">\u00a0\u201e\u00a0<\/span><em><span dir=\"auto\">cel\u00fdm pr\u00e1vn\u00edm od\u016fvodn\u011bn\u00edm \u00fader\u016f\u201c.<\/span><\/em><span dir=\"auto\">\u00a0D\u0159\u00edve se ne\u00fasp\u011b\u0161n\u011b pokusil prosadit z\u00e1kon, kter\u00fd by Trumpovi zakazoval \u00fato\u010dit na Venezuelu bez souhlasu Kongresu.<\/span><\/p>\n<p data-start=\"1326\" data-end=\"1559\"><span dir=\"auto\">Republik\u00e1n Mike Turner z Ohia \u0159ekl televizi CBS, \u017ee\u00a0<\/span><em><span dir=\"auto\">\u201ev Kongresu existuj\u00ed velmi v\u00e1\u017en\u00e9 obavy ohledn\u011b \u00fatok\u016f na takzvan\u00e9 drogov\u00e9 lod\u011b v Karibiku a Tichomo\u0159\u00ed a pr\u00e1vn\u00edho od\u016fvodn\u011bn\u00ed, kter\u00e9 k nim bylo poskytnuto\u201c.<\/span><\/em><\/p>\n<p data-start=\"1561\" data-end=\"1780\"><span dir=\"auto\">A\u010dkoli Hegseth zpr\u00e1vu den\u00edku Post ozna\u010dil za\u00a0<\/span><em><span dir=\"auto\">\u201efale\u0161nou zpr\u00e1vu\u201c,<\/span><\/em><span dir=\"auto\">\u00a0zopakoval, \u017ee c\u00edlem \u00fatok\u016f bylo\u00a0<\/span><em><span dir=\"auto\">\u201ezastavit prodej smrt\u00edc\u00edch drog, zni\u010dit narkolod\u011b a zab\u00edt narkoteroristy, kte\u0159\u00ed otravuj\u00ed americk\u00fd lid\u201c.<\/span><\/em><\/p>\n<p data-start=\"1782\" data-end=\"2030\" data-is-last-node=\"\" data-is-only-node=\"\"><span dir=\"auto\">Trump obvinil venezuelskou levicovou vl\u00e1du z napom\u00e1h\u00e1n\u00ed kartel\u016fm a pohrozil \u00fatoky proti zemi. Venezuelsk\u00fd prezident Nicolas Maduro pop\u0159el jak\u00e9koli vazby na organizovan\u00fd zlo\u010din a varoval USA p\u0159ed zah\u00e1jen\u00edm dal\u0161\u00ed\u00a0<\/span><em><span dir=\"auto\">\u201e\u0161\u00edlen\u00e9 v\u00e1lky\u201c.<\/span><\/em><\/p>\n<p data-start=\"1782\" data-end=\"2030\" data-is-last-node=\"\" data-is-only-node=\"\"><img decoding=\"async\" loading=\"lazy\" class=\"alignnone size-full wp-image-1185\" src=\"http:\/\/www.infokuryr.cz\/n\/wp-content\/uploads\/2021\/04\/kuryr-podpis.png\" alt=\"\" width=\"84\" height=\"24\" \/><\/p>\n<p data-start=\"1782\" data-end=\"2030\" data-is-last-node=\"\" data-is-only-node=\"\">\n","protected":false},"excerpt":{"rendered":"<p>Dvoustranick\u00e1 skupina chce ov\u011b\u0159it, zda \u00fatoky p\u0159edstavuj\u00ed v\u00e1le\u010dn\u00fd zlo\u010din Skupina americk\u00fdch sen\u00e1tor\u016f vyzvala k pr\u00e1vn\u00edmu&#8230;<\/p>\n","protected":false},"author":2,"featured_media":93559,"comment_status":"closed","ping_status":"closed","sticky":false,"template":"","format":"standard","meta":[],"categories":[7],"tags":[627,2017,452,37,1398],"_links":{"self":[{"href":"https:\/\/www.infokuryr.cz\/n\/wp-json\/wp\/v2\/posts\/93558"}],"collection":[{"href":"https:\/\/www.infokuryr.cz\/n\/wp-json\/wp\/v2\/posts"}],"about":[{"href":"https:\/\/www.infokuryr.cz\/n\/wp-json\/wp\/v2\/types\/post"}],"author":[{"embeddable":true,"href":"https:\/\/www.infokuryr.cz\/n\/wp-json\/wp\/v2\/users\/2"}],"replies":[{"embeddable":true,"href":"https:\/\/www.infokuryr.cz\/n\/wp-json\/wp\/v2\/comments?post=93558"}],"version-history":[{"count":0,"href":"https:\/\/www.infokuryr.cz\/n\/wp-json\/wp\/v2\/posts\/93558\/revisions"}],"wp:featuredmedia":[{"embeddable":true,"href":"https:\/\/www.infokuryr.cz\/n\/wp-json\/wp\/v2\/media\/93559"}],"wp:attachment":[{"href":"https:\/\/www.infokuryr.cz\/n\/wp-json\/wp\/v2\/media?parent=93558"}],"wp:term":[{"taxonomy":"category","embeddable":true,"href":"https:\/\/www.infokuryr.cz\/n\/wp-json\/wp\/v2\/categories?post=93558"},{"taxonomy":"post_tag","embeddable":true,"href":"https:\/\/www.infokuryr.cz\/n\/wp-json\/wp\/v2\/tags?post=93558"}],"curies":[{"name":"wp","href":"https:\/\/api.w.org\/{rel}","templated":true}]}}