{"id":93544,"date":"2025-12-01T00:35:26","date_gmt":"2025-11-30T23:35:26","guid":{"rendered":"https:\/\/www.infokuryr.cz\/n\/?p=93544"},"modified":"2025-12-01T05:05:44","modified_gmt":"2025-12-01T04:05:44","slug":"trumpuv-plan-pro-gazu-odsouzen-jako-koncentracni-tabory-uvnitr-hromadneho-koncentracniho-tabora","status":"publish","type":"post","link":"https:\/\/www.infokuryr.cz\/n\/2025\/12\/01\/trumpuv-plan-pro-gazu-odsouzen-jako-koncentracni-tabory-uvnitr-hromadneho-koncentracniho-tabora\/","title":{"rendered":"Trump\u016fv pl\u00e1n pro Gazu odsouzen jako \u201ekoncentra\u010dn\u00ed t\u00e1bory uvnit\u0159 hromadn\u00e9ho koncentra\u010dn\u00edho t\u00e1bora\u201c"},"content":{"rendered":"<div id=\"fb-root\"><\/div>\n<p><strong><span dir=\"auto\">V n\u00e1vaznosti na p\u0159edchoz\u00ed izraelsk\u00e9 pl\u00e1ny na masov\u00e9 vyho\u0161t\u011bn\u00ed Palestinc\u016f se pozorovatel\u00e9 ob\u00e1vaj\u00ed, \u017ee n\u00e1vrh na ubytov\u00e1n\u00ed n\u011bkter\u00fdch vys\u00eddlen\u00fdch Palestinc\u016f v \u201ekomplexech\u201c, kter\u00e9 by jim nebylo dovoleno opustit, bude pova\u017eov\u00e1n za ne\u00fasp\u011b\u0161n\u00fd.<\/span><\/strong><\/p>\n<p><span dir=\"auto\">Nov\u00fd pl\u00e1n Trumpovy administrativy na p\u0159em\u00edst\u011bn\u00ed Palestinc\u016f \u017eij\u00edc\u00edch v izraelskem okupovan\u00fdch \u010d\u00e1stech Gazy do \u201eobytn\u00fdch komplex\u016f\u201c vyvol\u00e1v\u00e1 obavy mezin\u00e1rodn\u00edch pozorovatel\u016f, kte\u0159\u00ed se ob\u00e1vaj\u00ed, \u017ee by se mohl sp\u00ed\u0161e podobat syst\u00e9mu \u201e\u00a0<\/span><em><span dir=\"auto\">koncentra\u010dn\u00edch t\u00e1bor\u016f v r\u00e1mci hromadn\u00e9ho koncentra\u010dn\u00edho t\u00e1bora<\/span><\/em><span dir=\"auto\">\u00a0\u201c.<\/span><\/p>\n<p><span dir=\"auto\">Podle sou\u010dasn\u00e9 dohody o \u201ep\u0159\u00edm\u011b\u0159\u00ed\u201c \u2013 kter\u00e1 technicky vzato z\u016fst\u00e1v\u00e1 platn\u00e1 navzdory stovk\u00e1m\u00a0<\/span><a title=\"\" href=\"https:\/\/www.commondreams.org\/news\/gaza-children-killed-ceasefire-israel\" target=\"_blank\" rel=\"noopener\"><span dir=\"auto\">\u00fadajn\u00fdch izraelsk\u00fdch poru\u0161en\u00ed<\/span><\/a><span dir=\"auto\">\u00a0, je\u017e vedla k \u00famrt\u00ed v\u00edce ne\u017e 300 Palestinc\u016f \u2013 Izrael st\u00e1le okupuje v\u00fdchodn\u00ed \u010d\u00e1st Gazy, v\u00edce ne\u017e 50 % p\u00e1sma Gazy. Velk\u00e1 v\u011bt\u0161ina z p\u0159ibli\u017en\u011b 2 milion\u016f obyvatel tohoto \u00fazem\u00ed je nama\u010dk\u00e1na za \u017dlutou lini\u00ed, na plo\u0161e zhruba 155 kilometr\u016f \u010dtvere\u010dn\u00edch \u2013 co\u017e je zhruba velikost St. Louis v Missouri nebo Akronu v Ohiu.<\/span><\/p>\n<p><span dir=\"auto\">Jak v pond\u011bl\u00ed b\u011bhem briefingu s Radou bezpe\u010dnosti OSN vysv\u011btlil Ramiz Alakbarov, z\u00e1stupce zvl\u00e1\u0161tn\u00edho koordin\u00e1tora OSN pro m\u00edrov\u00fd proces na Bl\u00edzk\u00e9m v\u00fdchod\u011b: \u201e\u00a0<\/span><em><span dir=\"auto\">Dva roky boj\u016f po\u0161kodily nebo zni\u010dily t\u00e9m\u011b\u0159 80 % z 250 000 budov v Gaze. V\u00edce ne\u017e 1,7 milionu lid\u00ed je st\u00e1le vys\u00eddleno, z nich\u017e mnoz\u00ed \u017eij\u00ed v p\u0159epln\u011bn\u00fdch p\u0159\u00edst\u0159e\u0161c\u00edch bez dostate\u010dn\u00e9ho p\u0159\u00edstupu k vod\u011b, j\u00eddlu nebo l\u00e9ka\u0159sk\u00e9 p\u00e9\u010di<\/span><\/em><span dir=\"auto\">\u00a0.\u201c<\/span><\/p>\n<p><span dir=\"auto\">List\u00a0<\/span><em><span dir=\"auto\">New York Times\u00a0<\/span><\/em><a title=\"\" href=\"https:\/\/www.nytimes.com\/2025\/11\/25\/world\/middleeast\/us-compounds-palestinians-israel-gaza-strip.html\" target=\"_blank\" rel=\"noopener\"><span dir=\"auto\">v \u00fater\u00fd<\/span><\/a><span dir=\"auto\">\u00a0informoval\u00a0, \u017ee c\u00edlem nov\u00e9ho americk\u00e9ho n\u00e1vrhu je p\u0159es\u00eddlen\u00ed n\u011bkter\u00fdch z t\u011bchto Palestinc\u016f do oblast\u00ed, kter\u00e9 Trumpova administrativa naz\u00fdv\u00e1 \u201e\u00a0<\/span><em><span dir=\"auto\">alternativn\u00edmi bezpe\u010dn\u00fdmi komunitami<\/span><\/em><span dir=\"auto\">\u00a0\u201c, na izraelsk\u00e9 stran\u011b \u017elut\u00e9 linie.<\/span><\/p>\n<p><span dir=\"auto\">Podle informac\u00ed od americk\u00fdch \u00fa\u0159edn\u00edk\u016f a evropsk\u00fdch diplomat\u016f den\u00edk\u00a0<\/span><em><span dir=\"auto\">Times<\/span><\/em><span dir=\"auto\">\u00a0uvedl, \u017ee tyto \u201e\u00a0<\/span><em><span dir=\"auto\">modelov\u00e9 komplexy<\/span><\/em><span dir=\"auto\">\u00a0\u201c jsou zva\u017eov\u00e1ny jako mo\u017enost bydlen\u00ed \u201e\u00a0<\/span><em><span dir=\"auto\">trvalej\u0161\u00ed ne\u017e stanov\u00e9 t\u00e1bory, ale slo\u017een\u00e9 ze staveb ur\u010den\u00fdch k do\u010dasn\u00e9mu vyu\u017eit\u00ed. Ka\u017ed\u00fd by mohl pojmout a\u017e 20 000 nebo 25 000 lid\u00ed, s klinikami a \u0161kolami<\/span><\/em><span dir=\"auto\">\u00a0.\u201c<\/span><\/p>\n<p><span dir=\"auto\">Projekt vede Aryeh Lightstone, b\u00fdval\u00fd Trump\u016fv poradce a jeho prvn\u00ed zvl\u00e1\u0161tn\u00ed vyslanec v Jeruzal\u00e9m\u011b. Podle den\u00edku\u00a0<\/span><em><span dir=\"auto\">Times<\/span><\/em><span dir=\"auto\">\u00a0: \u201e\u00a0<\/span><em><span dir=\"auto\">Jeho t\u00fdm je r\u016fznorod\u00e1 a prom\u011bnliv\u00e1 skupina americk\u00fdch diplomat\u016f, izraelsk\u00fdch magn\u00e1t\u016f a \u00fa\u0159edn\u00edk\u016f z Ministerstva pro efektivitu vl\u00e1dy (DOGE), co\u017e je rozs\u00e1hl\u00fd program na sni\u017eov\u00e1n\u00ed n\u00e1klad\u016f, kter\u00fd ve Washingtonu za\u010d\u00e1tkem tohoto roku spustil Elon Musk<\/span><\/em><span dir=\"auto\">\u00a0.\u201c<\/span><\/p>\n<p><span dir=\"auto\">Financov\u00e1n\u00ed projektu z\u016fst\u00e1v\u00e1 nejasn\u00e9, ale n\u00e1klady na jedin\u00fd komplex se odhaduj\u00ed na des\u00edtky milion\u016f dolar\u016f. Noviny d\u00e1le upozor\u0148uj\u00ed, \u017ee i v\u00fdstavba deseti takov\u00fdch komplex\u016f by p\u0159edstavovala jen nepatrn\u00fd zlomek toho, co je pot\u0159eba k zaji\u0161t\u011bn\u00ed bezpe\u010dnosti a p\u0159\u00edst\u0159e\u0161\u00ed v\u0161ech vys\u00eddlen\u00fdch osob v Gaze. Je nepravd\u011bpodobn\u00e9, \u017ee by prvn\u00ed stavby byly dokon\u010deny b\u011bhem n\u011bkolika m\u011bs\u00edc\u016f.<\/span><\/p>\n<p><span dir=\"auto\">A\u010dkoli\u00a0<\/span><em><span dir=\"auto\">Times<\/span><\/em><span dir=\"auto\">\u00a0uv\u00e1d\u011bj\u00ed, \u017ee \u201e\u00a0<\/span><em><span dir=\"auto\">tento pl\u00e1n by mohl p\u0159in\u00e9st \u00falevu tis\u00edc\u016fm Palestinc\u016f, kte\u0159\u00ed dva roky sn\u00e1\u0161ej\u00ed v\u00e1lku<\/span><\/em><span dir=\"auto\">\u00a0\u201c, z\u00e1rove\u0148 se zab\u00fdvaj\u00ed kritikou, \u017ee by \u201e\u00a0<\/span><em><span dir=\"auto\">mohl upevnit faktick\u00e9 rozd\u011blen\u00ed Gazy na oblasti kontrolovan\u00e9 Izraelem a Ham\u00e1sem<\/span><\/em><span dir=\"auto\">\u00a0\u201c. Jin\u00ed zpochyb\u0148uj\u00ed ochotu obyvatel Gazy opustit sv\u00e9 domovy po letech, ba i desetilet\u00edch, odporu proti izraelsk\u00e9 okupaci.<\/span><\/p>\n<figure class=\"wp-block-embed is-type-rich is-provider-twitter wp-block-embed-twitter\">\n<div class=\"wp-block-embed__wrapper\">\n<div class=\"embed-twitter\">\n<div class=\"twitter-tweet twitter-tweet-rendered\"><iframe id=\"twitter-widget-0\" class=\"\" title=\"X Post\" src=\"https:\/\/platform.twitter.com\/embed\/Tweet.html?dnt=true&amp;embedId=twitter-widget-0&amp;features=eyJ0ZndfdGltZWxpbmVfbGlzdCI6eyJidWNrZXQiOltdLCJ2ZXJzaW9uIjpudWxsfSwidGZ3X2ZvbGxvd2VyX2NvdW50X3N1bnNldCI6eyJidWNrZXQiOnRydWUsInZlcnNpb24iOm51bGx9LCJ0ZndfdHdlZXRfZWRpdF9iYWNrZW5kIjp7ImJ1Y2tldCI6Im9uIiwidmVyc2lvbiI6bnVsbH0sInRmd19yZWZzcmNfc2Vzc2lvbiI6eyJidWNrZXQiOiJvbiIsInZlcnNpb24iOm51bGx9LCJ0ZndfZm9zbnJfc29mdF9pbnRlcnZlbnRpb25zX2VuYWJsZWQiOnsiYnVja2V0Ijoib24iLCJ2ZXJzaW9uIjpudWxsfSwidGZ3X21peGVkX21lZGlhXzE1ODk3Ijp7ImJ1Y2tldCI6InRyZWF0bWVudCIsInZlcnNpb24iOm51bGx9LCJ0ZndfZXhwZXJpbWVudHNfY29va2llX2V4cGlyYXRpb24iOnsiYnVja2V0IjoxMjA5NjAwLCJ2ZXJzaW9uIjpudWxsfSwidGZ3X3Nob3dfYmlyZHdhdGNoX3Bpdm90c19lbmFibGVkIjp7ImJ1Y2tldCI6Im9uIiwidmVyc2lvbiI6bnVsbH0sInRmd19kdXBsaWNhdGVfc2NyaWJlc190b19zZXR0aW5ncyI6eyJidWNrZXQiOiJvbiIsInZlcnNpb24iOm51bGx9LCJ0ZndfdXNlX3Byb2ZpbGVfaW1hZ2Vfc2hhcGVfZW5hYmxlZCI6eyJidWNrZXQiOiJvbiIsInZlcnNpb24iOm51bGx9LCJ0ZndfdmlkZW9faGxzX2R5bmFtaWNfbWFuaWZlc3RzXzE1MDgyIjp7ImJ1Y2tldCI6InRydWVfYml0cmF0ZSIsInZlcnNpb24iOm51bGx9LCJ0ZndfbGVnYWN5X3RpbWVsaW5lX3N1bnNldCI6eyJidWNrZXQiOnRydWUsInZlcnNpb24iOm51bGx9LCJ0ZndfdHdlZXRfZWRpdF9mcm9udGVuZCI6eyJidWNrZXQiOiJvbiIsInZlcnNpb24iOm51bGx9fQ%3D%3D&amp;frame=false&amp;hideCard=false&amp;hideThread=false&amp;id=1993354922151104690&amp;lang=cs&amp;origin=https%3A%2F%2Freseauinternational.net%2Fle-plan-de-trump-pour-gaza-condamne-comme-camps-de-concentration-au-sein-dun-camp-de-concentration-de-masse%2F&amp;sessionId=8e7bdba1e6ead9146ad6c5d65ba25c7ec8c5ef9f&amp;theme=light&amp;widgetsVersion=2615f7e52b7e0%3A1702314776716&amp;width=550px\" frameborder=\"0\" scrolling=\"no\" allowfullscreen=\"allowfullscreen\" data-tweet-id=\"1993354922151104690\" data-mce-fragment=\"1\"><\/iframe><\/div>\n<\/div>\n<\/div>\n<\/figure>\n<p><span dir=\"auto\">P\u0159i bli\u017e\u0161\u00edm zkoum\u00e1n\u00ed zpr\u00e1vy v\u0161ak kritici pouk\u00e1zali na znepokojiv\u00e9 formulace. Na jedn\u00e9 stran\u011b maj\u00ed izraelsk\u00e9 \u00fa\u0159ady kone\u010dn\u00e9 slovo v tom, kte\u0159\u00ed Palestinci budou m\u00edt povolen vstup do \u201ekomplex\u016f\u201c, a budou d\u016fkladn\u011b prov\u011b\u0159ovat minulost \u017eadatel\u016f, co\u017e riskuje, \u017ee mnoho z nich bude za\u0159azeno na \u010dernou listinu.<\/span><\/p>\n<p><span dir=\"auto\">V \u010d\u00e1sti s n\u00e1zvem \u201e\u00a0<\/span><em><span dir=\"auto\">Svoboda pohybu<\/span><\/em><span dir=\"auto\">\u00a0\u201c \u010dl\u00e1nek v\u00a0<\/span><em><span dir=\"auto\">Timesech<\/span><\/em><span dir=\"auto\">\u00a0uv\u00e1d\u00ed, \u017ee \u201e\u00a0<\/span><em><span dir=\"auto\">n\u011bkte\u0159\u00ed izrael\u0161t\u00ed p\u0159edstavitel\u00e9 argumentovali, \u017ee z bezpe\u010dnostn\u00edch d\u016fvod\u016f by Palestinc\u016fm m\u011bl b\u00fdt povolen pouze vstup do nov\u00fdch komplex\u016f, nikoli jejich opu\u0161t\u011bn\u00ed\u00a0<\/span><\/em><span dir=\"auto\"><em>.<\/em>\u00a0\u201c<\/span><\/p>\n<p><span dir=\"auto\">Tento projev odr\u00e1\u017e\u00ed\u00a0<\/span><a title=\"\" href=\"https:\/\/www.commondreams.org\/news\/israel-crimes-against-humanity-gaza\" target=\"_blank\" rel=\"noopener\"><span dir=\"auto\">n\u00e1vrh,<\/span><\/a><span dir=\"auto\">\u00a0kter\u00fd za\u010d\u00e1tkem tohoto roku p\u0159edlo\u017eil izraelsk\u00fd ministr obrany Israel Katz a kter\u00fd se zasazoval o vytvo\u0159en\u00ed rozs\u00e1hl\u00e9ho \u201e\u00a0<\/span><em><span dir=\"auto\">humanit\u00e1rn\u00edho m\u011bsta<\/span><\/em><span dir=\"auto\">\u00a0\u201c na trosk\u00e1ch Raf\u00e1hu. Toto m\u011bsto m\u011blo slou\u017eit jako z\u00e1kladna pro \u201e\u00a0<\/span><em><span dir=\"auto\">emigra\u010dn\u00ed pl\u00e1n<\/span><\/em><span dir=\"auto\">\u00a0\u201c pro statis\u00edce Palestinc\u016f vys\u00eddlen\u00fdch z Gazy.<\/span><\/p>\n<p><span dir=\"auto\">Podle tohoto pl\u00e1nu by Palestinci byli podrobeni \u201e\u00a0<\/span><em><span dir=\"auto\">bezpe\u010dnostn\u00edm kontrol\u00e1m<\/span><\/em><span dir=\"auto\">\u00a0\u201c a jakmile by se dostali uvnit\u0159, nesm\u011bli by odej\u00edt. Humanit\u00e1rn\u00ed organizace, v\u010detn\u011b t\u011bch se s\u00eddlem v Izraeli, pl\u00e1n jednomysln\u011b odsoudily a ozna\u010dily jej za skute\u010dn\u00fd \u201e\u00a0<\/span><em><span dir=\"auto\">koncentra\u010dn\u00ed t\u00e1bor<\/span><\/em><span dir=\"auto\">\u00a0\u201c\u00a0<\/span><em><span dir=\"auto\">.<\/span><\/em><\/p>\n<p><span dir=\"auto\">Trump d\u0159\u00edve vyzval k \u00fapln\u00e9mu vyho\u0161t\u011bn\u00ed v\u0161ech obyvatel Gazy a p\u0159evzet\u00ed P\u00e1sma Gazy Spojen\u00fdmi st\u00e1ty, s demolic\u00ed zb\u00fdvaj\u00edc\u00edch budov a v\u00fdstavbou toho, co popsal jako \u201e\u00a0<\/span><em><span dir=\"auto\">Rivi\u00e9ru Bl\u00edzk\u00e9ho v\u00fdchodu<\/span><\/em><span dir=\"auto\">\u00a0\u201c. Tento projekt byl \u0161iroce odsouzen jako etnick\u00e1 \u010distka.<\/span><\/p>\n<p><span dir=\"auto\">Nov\u00fd pl\u00e1n na p\u0159em\u00edst\u011bn\u00ed Palestinc\u016f do \u201ekomplex\u016f\u201c vyvol\u00e1v\u00e1 podobn\u00e9 obavy.<\/span><\/p>\n<p><span dir=\"auto\">\u201e\u00a0<\/span><em><span dir=\"auto\">Jak naz\u00fdv\u00e1me akt vojensk\u00e9 s\u00edly, kdy se etnick\u00e1 nebo n\u00e1bo\u017eensk\u00e1 skupina soust\u0159ed\u00ed do komplex\u016f bez mo\u017enosti \u00faniku?<\/span><\/em><span dir=\"auto\">\u00a0\u201c zeptal se\u00a0<\/span><a title=\"\" href=\"https:\/\/x.com\/AssalRad\/status\/1993435088466722868\" target=\"_blank\" rel=\"noopener\"><span dir=\"auto\">Assal<\/span><\/a><span dir=\"auto\">\u00a0Rad, doktor historie Bl\u00edzk\u00e9ho v\u00fdchodu a v\u00fdzkumn\u00edk v Arabsk\u00e9m centru ve Washingtonu.<\/span><\/p>\n<p><span dir=\"auto\">Sana Saeed, hlavn\u00ed producentka\u00a0<\/span><em><span dir=\"auto\">AJ+<\/span><\/em><span dir=\"auto\">\u00a0,\u00a0<\/span><a title=\"\" href=\"https:\/\/x.com\/SanaSaeed\/status\/1993409301181063366\" target=\"_blank\" rel=\"noopener\"><span dir=\"auto\">to vyj\u00e1d\u0159ila<\/span><\/a><span dir=\"auto\">\u00a0jasn\u011bji: \u201e\u00a0<\/span><em><span dir=\"auto\">koncentra\u010dn\u00ed t\u00e1bory v r\u00e1mci hromadn\u00e9ho koncentra\u010dn\u00edho t\u00e1bora<\/span><\/em><span dir=\"auto\">\u00a0\u201c\u00a0<\/span><em><span dir=\"auto\">.<\/span><\/em><\/p>\n<p><span dir=\"auto\">List The Times dodal, \u017ee \u201e\u00a0<\/span><em><span dir=\"auto\">zast\u00e1nci projektu trvaj\u00ed na tom, \u017ee by se jednalo o do\u010dasn\u00e9 \u0159e\u0161en\u00ed, dokud nebude Ham\u00e1s odzbrojen a Gaza nebude pod\u0159\u00edzena jednotn\u00e9 vl\u00e1d\u011b<\/span><\/em><span dir=\"auto\">\u00a0.\u201c Lightstone uvedl, \u017ee rekonstrukce dal\u0161\u00edch \u010d\u00e1st\u00ed Gazy, kde st\u00e1le \u017eije drtiv\u00e1 v\u011bt\u0161ina obyvatelstva, nem\u016f\u017ee prob\u011bhnout, dokud bude u moci Ham\u00e1s, militantn\u00ed skupina, kter\u00e1 v sou\u010dasnosti vl\u00e1dne p\u00e1smu Gazy.<\/span><\/p>\n<p><span dir=\"auto\">A\u010dkoli Ham\u00e1s\u00a0<\/span><a href=\"https:\/\/reseauinternational.net\/le-plan-de-trump-pour-gaza-condamne-comme-camps-de-concentration-au-sein-dun-camp-de-concentration-de-masse\/ait%20manifest%C3%A9\"><span dir=\"auto\">vyj\u00e1d\u0159il<\/span><\/a><span dir=\"auto\">\u00a0mo\u017enou ochotu vzd\u00e1t se moci v Gaze, odm\u00edtl n\u00e1vrh na jednostrann\u00e9 odzbrojen\u00ed a z\u0159\u00edzen\u00ed \u201eMezin\u00e1rodn\u00edch stabiliza\u010dn\u00edch sil\u201c pro spr\u00e1vu p\u00e1sma Gazy a trval na tom, \u017ee pov\u00e1le\u010dn\u00e1 spr\u00e1va by m\u011bla z\u016fstat v rukou Palestinc\u016f. Tento pl\u00e1n v\u0161ak minul\u00fd t\u00fdden schv\u00e1lila Rada bezpe\u010dnosti OSN.<\/span><\/p>\n<p><span dir=\"auto\">Krom\u011b sv\u00fdch obav, \u017ee \u201e\u00a0<\/span><em><span dir=\"auto\">ti, kte\u0159\u00ed se usad\u00ed, nikdy nebudou\u00a0<\/span><a title=\"\" href=\"https:\/\/news.un.org\/en\/story\/2025\/11\/1166391\" target=\"_blank\" rel=\"noopener\"><span dir=\"auto\">moci<\/span><\/a><span dir=\"auto\">\u00a0odej\u00edt<\/span><\/em><span dir=\"auto\">\u00a0\u201c, nez\u00e1visl\u00fd novin\u00e1\u0159 S\u00e9amus Malekafzali z Bejr\u00fatu\u00a0<\/span><a title=\"\" href=\"https:\/\/x.com\/Seamus_Malek\/status\/1993355725960020065\" target=\"_blank\" rel=\"noopener\"><span dir=\"auto\">zd\u016fraznil<\/span><\/a><span dir=\"auto\">\u00a0dal\u0161\u00ed my\u0161lenky, kter\u00e9 Lightstone a jeho skupina doufaj\u00ed realizovat. Podle\u00a0<\/span><em><span dir=\"auto\">den\u00edku<\/span><\/em><span dir=\"auto\">\u00a0The Times \u201e\u00a0<\/span><em><span dir=\"auto\">zva\u017eovali n\u00e1pady od nov\u00e9 kryptom\u011bny pro Gazu a\u017e po to, jak obnovit \u00fazem\u00ed bez dopravy\u00a0<\/span><\/em><span dir=\"auto\"><em>.<\/em>\u00a0\u201c<\/span><\/p>\n<p><span dir=\"auto\">Malekafzali prohl\u00e1sil: \u201e\u00a0<\/span><em><span dir=\"auto\">B\u00fdval\u00ed \u010dlenov\u00e9 DOGE se sna\u017e\u00ed prom\u011bnit Gazu v dal\u0161\u00ed bezv\u00fdznamnou technologickou laborato\u0159<\/span><\/em><span dir=\"auto\">\u00a0.\u201c<\/span><\/p>\n<p><span dir=\"auto\">Stejn\u011b jako Katz\u016fv pl\u00e1n p\u0159ed n\u011bkolika m\u011bs\u00edci, i Trump\u016fv nov\u00fd n\u00e1vrh zahrnuje v\u00fdstavbu rozs\u00e1hl\u00e9ho komplexu v Raf\u00e1hu. Egypt\u0161t\u00ed p\u0159edstavitel\u00e9 v rozhovoru pro\u00a0<\/span><em><a title=\"\" href=\"https:\/\/www.wsj.com\/world\/middle-east\/u-s-pushes-a-hamas-free-green-zone-in-gaza-7a55bc19?gaa_at=eafs&amp;gaa_n=AWEtsqffa_ARmAYLHfCamaQRrwXtOx3c1QDK-T-sLyz177vsBX34jsZcSAUBhz1saAs%3D&amp;gaa_ts=69275737&amp;gaa_sig=x4eUGSjKmk0wjXxgeBSoEat3AF94OjlOCc_fLeIge139FmlRPrQJGrCQau7BVl-nJ3vX-p05d78K-yqce6IFfw%3D%3D\" target=\"_blank\" rel=\"noopener\"><span dir=\"auto\">Wall Street Journal<\/span><\/a><\/em><span dir=\"auto\">\u00a0varovali , \u017ee tento projekt by mohl b\u00fdt p\u0159edehrou k nov\u00e9mu pokusu o vytla\u010den\u00ed Palestinc\u016f zp\u011bt na Sinajsk\u00fd poloostrov.<\/span><\/p>\n<p><span dir=\"auto\">Ale i kdyby tomu tak nebylo, Jonathan Whittall, b\u00fdval\u00fd \u0161\u00e9f \u00da\u0159adu OSN pro koordinaci humanit\u00e1rn\u00edch z\u00e1le\u017eitost\u00ed v Palestin\u011b, uvedl, \u017ee tento pl\u00e1n sotva odpov\u00edd\u00e1 humanit\u00e1rn\u00ed roli, kterou si Trumpova administrativa a jej\u00ed izrael\u0161t\u00ed spoluadministrativn\u00ed pracovn\u00edci sna\u017e\u00ed p\u0159isoudit.<\/span><\/p>\n<p><span dir=\"auto\">\u201e\u00a0<\/span><em><span dir=\"auto\">Pokud se pl\u00e1ny na tyto<\/span><\/em><span dir=\"auto\">\u00a0\u201a\u00a0<\/span><em><span dir=\"auto\">bezpe\u010dn\u00e9 komunity<\/span><\/em><span dir=\"auto\">\u00a0\u2018\u00a0<\/span><em><span dir=\"auto\">uskute\u010dn\u00ed, jen zhor\u0161\u00ed smrt\u00edc\u00ed fragmentaci Gazy\u00a0<\/span><\/em><em><span dir=\"auto\">,<\/span><\/em><span dir=\"auto\">\u00a0\u201c\u00a0napsal v\u00a0<\/span><a title=\"\" href=\"https:\/\/www.aljazeera.com\/opinions\/2025\/11\/22\/how-the-us-israeli-peace-plan-will-partition-gaza\" target=\"_blank\" rel=\"noopener\"><em><span dir=\"auto\">Al Jazeera<\/span><\/em><\/a><span dir=\"auto\">\u00a0. \u201e\u00a0<\/span><em><span dir=\"auto\">Vytvo\u0159en\u00ed t\u011bchto t\u00e1bor\u016f nem\u00e1 za c\u00edl poskytovat humanit\u00e1rn\u00ed pomoc, ale vytvo\u0159it z\u00f3ny kontrolovan\u00e9ho vyvlast\u0148ov\u00e1n\u00ed, kde by Palestinci byli vyb\u00edr\u00e1ni a prov\u011b\u0159ov\u00e1ni z hlediska p\u0159\u00edstupu k z\u00e1kladn\u00edm slu\u017eb\u00e1m, p\u0159i\u010dem\u017e by jim byl form\u00e1ln\u011b zak\u00e1z\u00e1n n\u00e1vrat do \u201a\u010derven\u00e9 z\u00f3ny\u2018, zak\u00e1zan\u00e9 a blokovan\u00e9 oblasti<\/span><\/em><span dir=\"auto\">\u00a0.\u201c<\/span><\/p>\n<p><span dir=\"auto\">Zd\u016fraznil do o\u010d\u00ed bij\u00edc\u00ed absenci jak\u00e9hokoli jasn\u00e9ho pl\u00e1nu ohledn\u011b osudu Palestinc\u016f, kte\u0159\u00ed nad\u00e1le \u017eij\u00ed mimo bezpe\u010dn\u00e9 komunity, a varoval, \u017ee izraelsk\u00e9 bezpe\u010dnostn\u00ed prov\u011brky by mohly b\u00fdt zneu\u017eity k jejich ozna\u010den\u00ed za legitimn\u00ed c\u00edle pro je\u0161t\u011b n\u00e1siln\u011bj\u0161\u00ed vojensk\u00e9 \u00fatoky.<\/span><\/p>\n<p><span dir=\"auto\">\u201e\u00a0<\/span><em><span dir=\"auto\">Ti, kdo z\u016fstanou mimo alternativn\u00ed komunity, v \u201a\u010derven\u00e9 z\u00f3n\u011b\u2018\u00a0<\/span><\/em><em><span dir=\"auto\">,<\/span><\/em><span dir=\"auto\">\u00a0\u201c\u00a0\u0159ekl, \u201e\u00a0<\/span><em><span dir=\"auto\">riskuj\u00ed, \u017ee budou ozna\u010deni za \u201astoupence Ham\u00e1su\u2018, a v d\u016fsledku toho nebudou moci t\u011b\u017eit z izraelsk\u00e9 ochrany, a to na z\u00e1klad\u011b jeho zkreslen\u00e9ho v\u00fdkladu mezin\u00e1rodn\u00edho pr\u00e1va, a budou vystaveni pokra\u010duj\u00edc\u00edm vojensk\u00fdm operac\u00edm, jak jsme ji\u017e byli sv\u011bdky v posledn\u00edch dnech<\/span><\/em><span dir=\"auto\">\u00a0.\u201c<\/span><\/p>\n<p><span dir=\"auto\">od\u00a0<\/span><a href=\"https:\/\/www.commondreams.org\/news\/trump-gaza-compounds?utm_source=Common+Dreams&amp;utm_campaign=2f109dd666-Week+in+Review%3A+Sat.+11%2F29%2F25+w%2F+fundraiser&amp;utm_medium=email&amp;utm_term=0_-ac94523b20-601522204\"><strong><span dir=\"auto\">Stephena Pragera<\/span><\/strong><\/a><\/p>\n<p>&nbsp;<\/p>\n","protected":false},"excerpt":{"rendered":"<p>V n\u00e1vaznosti na p\u0159edchoz\u00ed izraelsk\u00e9 pl\u00e1ny na masov\u00e9 vyho\u0161t\u011bn\u00ed Palestinc\u016f se pozorovatel\u00e9 ob\u00e1vaj\u00ed, \u017ee n\u00e1vrh&#8230;<\/p>\n","protected":false},"author":2,"featured_media":93545,"comment_status":"closed","ping_status":"closed","sticky":false,"template":"","format":"standard","meta":[],"categories":[7],"tags":[1042,348,999,1505,452],"_links":{"self":[{"href":"https:\/\/www.infokuryr.cz\/n\/wp-json\/wp\/v2\/posts\/93544"}],"collection":[{"href":"https:\/\/www.infokuryr.cz\/n\/wp-json\/wp\/v2\/posts"}],"about":[{"href":"https:\/\/www.infokuryr.cz\/n\/wp-json\/wp\/v2\/types\/post"}],"author":[{"embeddable":true,"href":"https:\/\/www.infokuryr.cz\/n\/wp-json\/wp\/v2\/users\/2"}],"replies":[{"embeddable":true,"href":"https:\/\/www.infokuryr.cz\/n\/wp-json\/wp\/v2\/comments?post=93544"}],"version-history":[{"count":0,"href":"https:\/\/www.infokuryr.cz\/n\/wp-json\/wp\/v2\/posts\/93544\/revisions"}],"wp:featuredmedia":[{"embeddable":true,"href":"https:\/\/www.infokuryr.cz\/n\/wp-json\/wp\/v2\/media\/93545"}],"wp:attachment":[{"href":"https:\/\/www.infokuryr.cz\/n\/wp-json\/wp\/v2\/media?parent=93544"}],"wp:term":[{"taxonomy":"category","embeddable":true,"href":"https:\/\/www.infokuryr.cz\/n\/wp-json\/wp\/v2\/categories?post=93544"},{"taxonomy":"post_tag","embeddable":true,"href":"https:\/\/www.infokuryr.cz\/n\/wp-json\/wp\/v2\/tags?post=93544"}],"curies":[{"name":"wp","href":"https:\/\/api.w.org\/{rel}","templated":true}]}}