{"id":93540,"date":"2025-12-01T00:32:51","date_gmt":"2025-11-30T23:32:51","guid":{"rendered":"https:\/\/www.infokuryr.cz\/n\/?p=93540"},"modified":"2025-12-01T05:06:25","modified_gmt":"2025-12-01T04:06:25","slug":"rusky-majetek-belgie-torpeduje-plan-eu-na-vyvlastneni","status":"publish","type":"post","link":"https:\/\/www.infokuryr.cz\/n\/2025\/12\/01\/rusky-majetek-belgie-torpeduje-plan-eu-na-vyvlastneni\/","title":{"rendered":"Rusk\u00fd majetek: Belgie torp\u00e9duje pl\u00e1n EU na vyvlastn\u011bn\u00ed"},"content":{"rendered":"<div id=\"fb-root\"><\/div>\n<p><span dir=\"auto\">Belgick\u00fd premi\u00e9r ve \u010dtvrtek 27. listopadu zaujal pevn\u00fd postoj. V ostr\u00e9m dopise Bart De Wever systematicky zpochybnil pl\u00e1n Ursuly von der Leyenov\u00e9 na zabaven\u00ed rusk\u00fdch aktiv zmrazen\u00fdch u Euroclearu za \u00fa\u010delem z\u00e1chrany Ukrajiny.<\/span><\/p>\n<p><span dir=\"auto\">Na \u010dty\u0159str\u00e1nkov\u00e9m rozkladu vl\u00e1msk\u00fd v\u016fdce bez v\u00e1h\u00e1n\u00ed odsuzuje tuto \u201e\u00fav\u011br na opravu\u201c, kterou pova\u017euje pouze za pr\u00e1vn\u00ed z\u00e1minku k zabaven\u00ed st\u00e1tn\u00edch investi\u010dn\u00edch fond\u016f. Vytv\u00e1\u0159\u00ed nebezpe\u010dn\u00fd precedent, kter\u00fd Belgie zjevn\u011b nehodl\u00e1 bez boje podpo\u0159it.<\/span><\/p>\n<p><span dir=\"auto\">Miliardy zmrazen\u00e9 v t\u00e9to belgick\u00e9 spole\u010dnosti jsou od za\u010d\u00e1tku konfliktu p\u0159edm\u011btem intenzivn\u00edho z\u00e1jmu. Dotknout se t\u011bchto finan\u010dn\u00edch prost\u0159edk\u016f se v\u0161ak rovn\u00e1 otev\u0159en\u00ed Pando\u0159iny sk\u0159\u00ed\u0148ky mezin\u00e1rodn\u00edho pr\u00e1va \u2013 hry, kterou jsou brusel\u0161t\u00ed technokrat\u00e9 z\u0159ejm\u011b ochotni hr\u00e1t, ani\u017e by zva\u017eovali d\u016fsledky.<\/span><\/p>\n<figure class=\"wp-block-embed is-type-rich is-provider-twitter wp-block-embed-twitter\">\n<div class=\"wp-block-embed__wrapper\">\n<div class=\"embed-twitter\">\n<div class=\"twitter-tweet twitter-tweet-rendered\"><iframe id=\"twitter-widget-0\" class=\"\" title=\"X Post\" src=\"https:\/\/platform.twitter.com\/embed\/Tweet.html?dnt=true&amp;embedId=twitter-widget-0&amp;features=eyJ0ZndfdGltZWxpbmVfbGlzdCI6eyJidWNrZXQiOltdLCJ2ZXJzaW9uIjpudWxsfSwidGZ3X2ZvbGxvd2VyX2NvdW50X3N1bnNldCI6eyJidWNrZXQiOnRydWUsInZlcnNpb24iOm51bGx9LCJ0ZndfdHdlZXRfZWRpdF9iYWNrZW5kIjp7ImJ1Y2tldCI6Im9uIiwidmVyc2lvbiI6bnVsbH0sInRmd19yZWZzcmNfc2Vzc2lvbiI6eyJidWNrZXQiOiJvbiIsInZlcnNpb24iOm51bGx9LCJ0ZndfZm9zbnJfc29mdF9pbnRlcnZlbnRpb25zX2VuYWJsZWQiOnsiYnVja2V0Ijoib24iLCJ2ZXJzaW9uIjpudWxsfSwidGZ3X21peGVkX21lZGlhXzE1ODk3Ijp7ImJ1Y2tldCI6InRyZWF0bWVudCIsInZlcnNpb24iOm51bGx9LCJ0ZndfZXhwZXJpbWVudHNfY29va2llX2V4cGlyYXRpb24iOnsiYnVja2V0IjoxMjA5NjAwLCJ2ZXJzaW9uIjpudWxsfSwidGZ3X3Nob3dfYmlyZHdhdGNoX3Bpdm90c19lbmFibGVkIjp7ImJ1Y2tldCI6Im9uIiwidmVyc2lvbiI6bnVsbH0sInRmd19kdXBsaWNhdGVfc2NyaWJlc190b19zZXR0aW5ncyI6eyJidWNrZXQiOiJvbiIsInZlcnNpb24iOm51bGx9LCJ0ZndfdXNlX3Byb2ZpbGVfaW1hZ2Vfc2hhcGVfZW5hYmxlZCI6eyJidWNrZXQiOiJvbiIsInZlcnNpb24iOm51bGx9LCJ0ZndfdmlkZW9faGxzX2R5bmFtaWNfbWFuaWZlc3RzXzE1MDgyIjp7ImJ1Y2tldCI6InRydWVfYml0cmF0ZSIsInZlcnNpb24iOm51bGx9LCJ0ZndfbGVnYWN5X3RpbWVsaW5lX3N1bnNldCI6eyJidWNrZXQiOnRydWUsInZlcnNpb24iOm51bGx9LCJ0ZndfdHdlZXRfZWRpdF9mcm9udGVuZCI6eyJidWNrZXQiOiJvbiIsInZlcnNpb24iOm51bGx9fQ%3D%3D&amp;frame=false&amp;hideCard=false&amp;hideThread=false&amp;id=1994234121913004430&amp;lang=cs&amp;origin=https%3A%2F%2Freseauinternational.net%2Favoirs-russes-la-belgique-torpille-le-projet-dexpropriation-de-lue%2F&amp;sessionId=cae366c227a00a6923dd03ef239fc450c2fceb3a&amp;theme=light&amp;widgetsVersion=2615f7e52b7e0%3A1702314776716&amp;width=550px\" frameborder=\"0\" scrolling=\"no\" allowfullscreen=\"allowfullscreen\" data-tweet-id=\"1994234121913004430\" data-mce-fragment=\"1\"><\/iframe><\/div>\n<\/div>\n<\/div>\n<\/figure>\n<h3 class=\"wp-block-heading\"><strong><span dir=\"auto\">De Weverova \u201estuden\u00e1 sprcha\u201c pro Brusel<\/span><\/strong><\/h3>\n<p><span dir=\"auto\">Pr\u00e1v\u011b kdy\u017e se ve \u010dtvrtek o\u010dek\u00e1valo, \u017ee Brusel p\u0159edlo\u017e\u00ed legislativu, kter\u00e1 by Belgii ujistila o pr\u00e1vn\u00edch a finan\u010dn\u00edch rizic\u00edch poskytnut\u00ed pomoci Ukrajin\u011b, n\u00e1sledovalo nep\u0159\u00edjemn\u00e9 probuzen\u00ed. De Wever zvolal \u0161okuj\u00edc\u00ed v\u00fd\u010det nekone\u010dn\u00e9 \u0159ady d\u016fvod\u016f, pro\u010d je tato evropsk\u00e1 p\u016fj\u010dka \u010dasovanou bombou.<\/span><\/p>\n<p><span dir=\"auto\">Belgick\u00fd politik ne\u0161et\u0159\u00ed slovy. Podle n\u011bj by toto nejnov\u011bj\u0161\u00ed finan\u010dn\u00ed fiasko mohlo ironicky sabotovat \u0161ance na p\u0159\u00edm\u011b\u0159\u00ed na Ukrajin\u011b.<\/span><\/p>\n<p><span dir=\"auto\">Vy\u0161kolen\u00fd historik a specialista na starov\u011bk\u00fd \u0158\u00edm, p\u0159edseda vl\u00e1dy tvrd\u00ed svou pravdu:<\/span><\/p>\n<p><span dir=\"auto\">\u201e\u00a0<\/span><em><span dir=\"auto\">Krut\u00e1 pr\u00e1vn\u00ed realita je takov\u00e1, \u017ee v \u017e\u00e1dn\u00e9m okam\u017eiku v historii nebyl suver\u00e9nn\u00ed majetek b\u011bhem prob\u00edhaj\u00edc\u00ed v\u00e1lky \u201ep\u0159eveden\u201c. Tento majetek byl p\u0159edm\u011btem rozhodnut\u00ed v pov\u00e1le\u010dn\u00fdch urovn\u00e1n\u00edch, obvykle jako sou\u010d\u00e1st reparac\u00ed placen\u00fdch prohranou stranou<\/span><\/em><span dir=\"auto\">\u00a0.\u201c<\/span><\/p>\n<p><span dir=\"auto\">Politik opakuje stejnou starou fr\u00e1zi, kterou ECB opakovala l\u00e9ta, ne\u017e ji ned\u00e1vno pozastavila. Domn\u00edv\u00e1 se, \u017ee rizika p\u016fj\u010dky na opravu jsou:<\/span><\/p>\n<p><span dir=\"auto\">\u201e\u00a0<\/span><em><span dir=\"auto\">Zas\u00e9v\u00e1n\u00ed nejistoty a strachu na mezin\u00e1rodn\u00edch finan\u010dn\u00edch trz\u00edch, kde je d\u016fv\u011bra kl\u00ed\u010dov\u00fdm prvkem (\u2026). Pro \u010dlensk\u00e9 st\u00e1ty EU, kter\u00e9 p\u0159ijaly euro jako z\u00e1konn\u00e9 platidlo, by to negativn\u011b ovlivnilo nejen evropsk\u00fd finan\u010dn\u00ed trh, ale tak\u00e9 postaven\u00ed a hodnotu eura jako m\u011bny<\/span><\/em><span dir=\"auto\">\u00a0.\u201c<\/span><\/p>\n<h3 class=\"wp-block-heading\"><strong><span dir=\"auto\">Past hlasov\u00e1n\u00ed kvalifikovanou v\u011bt\u0161inou: sm\u011brem k trval\u00fdm sankc\u00edm<\/span><\/strong><\/h3>\n<p><span dir=\"auto\">Po konzultaci s n\u011bkolika mezin\u00e1rodn\u00edmi pr\u00e1vn\u00edmi experty Bart De Wever pronesl \u0161okuj\u00edc\u00ed zpr\u00e1vu:<\/span><\/p>\n<p><span dir=\"auto\">\u201e\u00a0<\/span><em><span dir=\"auto\">P\u016fj\u010dka na opravy by pravd\u011bpodobn\u011b byla vn\u00edm\u00e1na jako trval\u00e1 a vedla by k nez\u00e1konn\u00e9mu vyvlastn\u011bn\u00ed<\/span><\/em><span dir=\"auto\">\u00a0.\u201c<\/span><\/p>\n<p><span dir=\"auto\">Podle n\u011bj, pokud EU svou reformou hlasov\u00e1n\u00ed kvalifikovanou v\u011bt\u0161inou (nam\u00edsto jednomyslnosti) donut\u00ed \u010dlensk\u00e9 st\u00e1ty k prodlou\u017een\u00ed sankc\u00ed, m\u011bli bychom o\u010dek\u00e1vat to nejhor\u0161\u00ed. Tato z\u00e1ke\u0159n\u00e1 zm\u011bna riskuje \u201e\u00a0<\/span><em><span dir=\"auto\">pos\u00edlen\u00ed praktick\u00e9ho dojmu, \u017ee sankce jsou \u010dasov\u011b neomezen\u00e9, fakticky trval\u00e9, a proto svou povahou vyvlast\u0148uj\u00edc\u00ed<\/span><\/em><span dir=\"auto\">\u00a0\u201c.<\/span><\/p>\n<p><span dir=\"auto\">B\u00fdval\u00fd starosta, kter\u00fd l\u00e9ta vedl Antverpy, je neoblomn\u00fd: jeho zemi hroz\u00ed dluh. Belgie, kter\u00e1 p\u0159ed lety podepsala s Rusy investi\u010dn\u00ed dohodu \u2013 a tato dohoda je st\u00e1le platn\u00e1 \u2013 by se mohla ocitnout sama v mezin\u00e1rodn\u00ed arbitr\u00e1\u017ei.<\/span><\/p>\n<p><span dir=\"auto\">De Wever dokonce pova\u017euje tuto mo\u017enost za \u201e\u00a0<\/span><em><span dir=\"auto\">pravd\u011bpodobnou<\/span><\/em><span dir=\"auto\">\u00a0\u201c, skute\u010dn\u00fd Damokl\u016fv me\u010d vis\u00edc\u00ed nad belgick\u00fdmi da\u0148ov\u00fdmi poplatn\u00edky.<\/span><\/p>\n<figure class=\"wp-block-embed is-type-rich is-provider-twitter wp-block-embed-twitter\">\n<div class=\"wp-block-embed__wrapper\">\n<div class=\"embed-twitter\">\n<div class=\"twitter-tweet twitter-tweet-rendered\"><iframe id=\"twitter-widget-1\" class=\"\" title=\"X Post\" src=\"https:\/\/platform.twitter.com\/embed\/Tweet.html?dnt=true&amp;embedId=twitter-widget-1&amp;features=eyJ0ZndfdGltZWxpbmVfbGlzdCI6eyJidWNrZXQiOltdLCJ2ZXJzaW9uIjpudWxsfSwidGZ3X2ZvbGxvd2VyX2NvdW50X3N1bnNldCI6eyJidWNrZXQiOnRydWUsInZlcnNpb24iOm51bGx9LCJ0ZndfdHdlZXRfZWRpdF9iYWNrZW5kIjp7ImJ1Y2tldCI6Im9uIiwidmVyc2lvbiI6bnVsbH0sInRmd19yZWZzcmNfc2Vzc2lvbiI6eyJidWNrZXQiOiJvbiIsInZlcnNpb24iOm51bGx9LCJ0ZndfZm9zbnJfc29mdF9pbnRlcnZlbnRpb25zX2VuYWJsZWQiOnsiYnVja2V0Ijoib24iLCJ2ZXJzaW9uIjpudWxsfSwidGZ3X21peGVkX21lZGlhXzE1ODk3Ijp7ImJ1Y2tldCI6InRyZWF0bWVudCIsInZlcnNpb24iOm51bGx9LCJ0ZndfZXhwZXJpbWVudHNfY29va2llX2V4cGlyYXRpb24iOnsiYnVja2V0IjoxMjA5NjAwLCJ2ZXJzaW9uIjpudWxsfSwidGZ3X3Nob3dfYmlyZHdhdGNoX3Bpdm90c19lbmFibGVkIjp7ImJ1Y2tldCI6Im9uIiwidmVyc2lvbiI6bnVsbH0sInRmd19kdXBsaWNhdGVfc2NyaWJlc190b19zZXR0aW5ncyI6eyJidWNrZXQiOiJvbiIsInZlcnNpb24iOm51bGx9LCJ0ZndfdXNlX3Byb2ZpbGVfaW1hZ2Vfc2hhcGVfZW5hYmxlZCI6eyJidWNrZXQiOiJvbiIsInZlcnNpb24iOm51bGx9LCJ0ZndfdmlkZW9faGxzX2R5bmFtaWNfbWFuaWZlc3RzXzE1MDgyIjp7ImJ1Y2tldCI6InRydWVfYml0cmF0ZSIsInZlcnNpb24iOm51bGx9LCJ0ZndfbGVnYWN5X3RpbWVsaW5lX3N1bnNldCI6eyJidWNrZXQiOnRydWUsInZlcnNpb24iOm51bGx9LCJ0ZndfdHdlZXRfZWRpdF9mcm9udGVuZCI6eyJidWNrZXQiOiJvbiIsInZlcnNpb24iOm51bGx9fQ%3D%3D&amp;frame=false&amp;hideCard=false&amp;hideThread=false&amp;id=1981378458396586219&amp;lang=cs&amp;origin=https%3A%2F%2Freseauinternational.net%2Favoirs-russes-la-belgique-torpille-le-projet-dexpropriation-de-lue%2F&amp;sessionId=cae366c227a00a6923dd03ef239fc450c2fceb3a&amp;theme=light&amp;widgetsVersion=2615f7e52b7e0%3A1702314776716&amp;width=550px\" frameborder=\"0\" scrolling=\"no\" allowfullscreen=\"allowfullscreen\" data-tweet-id=\"1981378458396586219\" data-mce-fragment=\"1\"><\/iframe><\/div>\n<\/div>\n<\/div>\n<\/figure>\n<h3 class=\"wp-block-heading\"><strong><span dir=\"auto\">EU riskuje \u201ezablokov\u00e1n\u00ed m\u00edru\u201c<\/span><\/strong><\/h3>\n<p><span dir=\"auto\">Vl\u00e1msk\u00fd v\u016fdce odsuzuje past: ukvapen\u00e9 pou\u017eit\u00ed zmrazen\u00fdch rusk\u00fdch aktiv by mohlo ohrozit jakoukoli mo\u017enost m\u00edru. Bez obalu varuje, \u017ee EU riskuje zablokov\u00e1n\u00ed \u017eivotn\u011b d\u016fle\u017eit\u00e9 dohody.<\/span><\/p>\n<p><span dir=\"auto\">To je o to d\u016fle\u017eit\u011bj\u0161\u00ed, \u017ee Trump\u016fv p\u016fvodn\u00ed m\u00edrov\u00fd pl\u00e1n, p\u0159edstaven\u00fd minul\u00fd t\u00fdden, se op\u00edr\u00e1 pr\u00e1v\u011b o tyto zabaven\u00e9 miliardy. Belgick\u00fd premi\u00e9r v\u0161ak pova\u017euje tento majetek za nezbytn\u00fd k rychl\u00e9mu vy\u0159e\u0161en\u00ed konfliktu.<\/span><\/p>\n<p><span dir=\"auto\">Nep\u0159ipad\u00e1 v \u00favahu, \u017ee by se zav\u00e1zali k p\u016fj\u010dk\u00e1m Ukrajin\u011b, co\u017e by zkomplikovalo jedn\u00e1n\u00ed. \u0158e\u0161en\u00edm, kter\u00e9 navrhuje, je n\u00e1vrat k \u201e\u00a0<\/span><em><span dir=\"auto\">osv\u011bd\u010den\u00fdm mechanism\u016fm<\/span><\/em><span dir=\"auto\">\u00a0\u201c, jako je emise spole\u010dn\u00e9ho evropsk\u00e9ho dluhopisu.<\/span><\/p>\n<p><span dir=\"auto\">Mo\u017enost, kterou nevylou\u010dila ani Komise ve sv\u00e9m dokumentu zaslan\u00e9m \u010dlensk\u00fdm st\u00e1t\u016fm 17. listopadu.<\/span><\/p>\n<figure class=\"wp-block-embed is-type-rich is-provider-twitter wp-block-embed-twitter\">\n<div class=\"wp-block-embed__wrapper\">\n<div class=\"embed-twitter\">\n<div class=\"twitter-tweet twitter-tweet-rendered\"><iframe id=\"twitter-widget-2\" class=\"\" title=\"X Post\" src=\"https:\/\/platform.twitter.com\/embed\/Tweet.html?dnt=true&amp;embedId=twitter-widget-2&amp;features=eyJ0ZndfdGltZWxpbmVfbGlzdCI6eyJidWNrZXQiOltdLCJ2ZXJzaW9uIjpudWxsfSwidGZ3X2ZvbGxvd2VyX2NvdW50X3N1bnNldCI6eyJidWNrZXQiOnRydWUsInZlcnNpb24iOm51bGx9LCJ0ZndfdHdlZXRfZWRpdF9iYWNrZW5kIjp7ImJ1Y2tldCI6Im9uIiwidmVyc2lvbiI6bnVsbH0sInRmd19yZWZzcmNfc2Vzc2lvbiI6eyJidWNrZXQiOiJvbiIsInZlcnNpb24iOm51bGx9LCJ0ZndfZm9zbnJfc29mdF9pbnRlcnZlbnRpb25zX2VuYWJsZWQiOnsiYnVja2V0Ijoib24iLCJ2ZXJzaW9uIjpudWxsfSwidGZ3X21peGVkX21lZGlhXzE1ODk3Ijp7ImJ1Y2tldCI6InRyZWF0bWVudCIsInZlcnNpb24iOm51bGx9LCJ0ZndfZXhwZXJpbWVudHNfY29va2llX2V4cGlyYXRpb24iOnsiYnVja2V0IjoxMjA5NjAwLCJ2ZXJzaW9uIjpudWxsfSwidGZ3X3Nob3dfYmlyZHdhdGNoX3Bpdm90c19lbmFibGVkIjp7ImJ1Y2tldCI6Im9uIiwidmVyc2lvbiI6bnVsbH0sInRmd19kdXBsaWNhdGVfc2NyaWJlc190b19zZXR0aW5ncyI6eyJidWNrZXQiOiJvbiIsInZlcnNpb24iOm51bGx9LCJ0ZndfdXNlX3Byb2ZpbGVfaW1hZ2Vfc2hhcGVfZW5hYmxlZCI6eyJidWNrZXQiOiJvbiIsInZlcnNpb24iOm51bGx9LCJ0ZndfdmlkZW9faGxzX2R5bmFtaWNfbWFuaWZlc3RzXzE1MDgyIjp7ImJ1Y2tldCI6InRydWVfYml0cmF0ZSIsInZlcnNpb24iOm51bGx9LCJ0ZndfbGVnYWN5X3RpbWVsaW5lX3N1bnNldCI6eyJidWNrZXQiOnRydWUsInZlcnNpb24iOm51bGx9LCJ0ZndfdHdlZXRfZWRpdF9mcm9udGVuZCI6eyJidWNrZXQiOiJvbiIsInZlcnNpb24iOm51bGx9fQ%3D%3D&amp;frame=false&amp;hideCard=false&amp;hideThread=false&amp;id=1989736901469688112&amp;lang=cs&amp;origin=https%3A%2F%2Freseauinternational.net%2Favoirs-russes-la-belgique-torpille-le-projet-dexpropriation-de-lue%2F&amp;sessionId=cae366c227a00a6923dd03ef239fc450c2fceb3a&amp;theme=light&amp;widgetsVersion=2615f7e52b7e0%3A1702314776716&amp;width=550px\" frameborder=\"0\" scrolling=\"no\" allowfullscreen=\"allowfullscreen\" data-tweet-id=\"1989736901469688112\" data-mce-fragment=\"1\"><\/iframe><\/div>\n<\/div>\n<\/div>\n<\/figure>\n<h3 class=\"wp-block-heading\"><strong><span dir=\"auto\">Nejasn\u00e9 sliby Bruselu<\/span><\/strong><\/h3>\n<p><span dir=\"auto\">V Bruselu se v posledn\u00edch dnech \u0161\u00ed\u0159ily zv\u011bsti. \u0160eptalo se, \u017ee Ursula von der Leyenov\u00e1 si pohr\u00e1v\u00e1 s my\u0161lenkou chytr\u00e9 kombinace repara\u010dn\u00ed p\u016fj\u010dky a spole\u010dn\u00e9ho dluhu. P\u0159edseda Evropsk\u00e9ho parlamentu kone\u010dn\u011b ve st\u0159edu odhalil podrobnosti p\u0159ed poslanci Evropsk\u00e9ho parlamentu:<\/span><\/p>\n<p><span dir=\"auto\">\u201e\u00a0<\/span><em><span dir=\"auto\">Nep\u0159edpokl\u00e1d\u00e1m \u017e\u00e1dn\u00fd sc\u00e9n\u00e1\u0159, v n\u011bm\u017e by \u00fa\u010det museli zaplatit pouze evrop\u0161t\u00ed da\u0148ov\u00ed poplatn\u00edci<\/span><\/em><span dir=\"auto\">\u00a0.\u201c<\/span><\/p>\n<p><span dir=\"auto\">Bart De Wever z\u016fst\u00e1v\u00e1 v ot\u00e1zce p\u016fj\u010dky na opravy ne\u00fastupn\u00fd a klade podm\u00ednky, kter\u00e9 se zdaj\u00ed b\u00fdt t\u00e9m\u011b\u0159 nemo\u017en\u00e9 splnit:<\/span><\/p>\n<p><span dir=\"auto\">\u201e\u00a0<\/span><em><span dir=\"auto\">Pln\u00e1 z\u00e1ruka poskytnut\u00e1 dobrovoln\u00fdmi \u010dlensk\u00fdmi st\u00e1ty umo\u017en\u00ed spole\u010dnosti Euroclear udr\u017eet likviditu aktiv v pln\u00e9 v\u00fd\u0161i<\/span><\/em><span dir=\"auto\">\u00a0.\u201c<\/span><\/p>\n<p><span dir=\"auto\">Tyto tzv. z\u00e1ruky by m\u011bly b\u00fdt \u201e\u00a0<\/span><em><span dir=\"auto\">poskytnuty a podeps\u00e1ny \u010dlensk\u00fdmi st\u00e1ty v dob\u011b rozhodnut\u00ed (&#8230;) a poskytnuty v pln\u00e9m rozsahu<\/span><\/em><span dir=\"auto\">\u00a0\u201c.<\/span><\/p>\n<p><span dir=\"auto\">V praxi to znamen\u00e1, \u017ee pokud n\u011bkter\u00e9 zem\u011b odm\u00edtnou p\u0159isp\u011bt, ostatn\u00ed budou muset kompenzovat na z\u00e1klad\u011b sv\u00e9ho HDP. Jako obvykle, dob\u0159\u00ed studenti zaplat\u00ed za ostatn\u00ed\u2026 Dal\u0161\u00ed mechanismus vynucen\u00e9 solidarity, kter\u00fd je Bruselu tak drah\u00fd.<\/span><\/p>\n<div class=\"video-wrap thumb-wrap\"><iframe loading=\"lazy\" title=\"ROZTR\u017dEN\u00c9 RUSKO: MONSTRU\u00d3ZN\u00cd PL\u00c1N A C\u00cdLE NATO | GPTV\" src=\"https:\/\/www.youtube.com\/embed\/wqCn_6FYJmw\" width=\"688\" height=\"387\" frameborder=\"0\" allowfullscreen=\"allowfullscreen\" data-mce-fragment=\"1\"><\/iframe><\/div>\n<h3 class=\"wp-block-heading\"><strong><span dir=\"auto\">Ambice Bruselu<\/span><\/strong><\/h3>\n<p><span dir=\"auto\">Ursula von der Leyen se nyn\u00ed bude muset vypo\u0159\u00e1dat s t\u00edmto dopisem, kter\u00fd vypad\u00e1 sp\u00ed\u0161e jako ultim\u00e1tum ne\u017e n\u00e1vrh.<\/span><\/p>\n<p><span dir=\"auto\">Nav\u00edc se 27 \u010dlensk\u00fdch st\u00e1t\u016f s jeho legislativn\u00edmi n\u00e1vrhy netrp\u011bliv\u011b setk\u00e1v\u00e1. Mus\u00ed je d\u016fkladn\u011b analyzovat p\u0159ed p\u0159\u00ed\u0161t\u00edm zased\u00e1n\u00edm Evropsk\u00e9 rady 18. prosince, kde o nich budou muset hlasovat.<\/span><\/p>\n<p><span dir=\"auto\">Ve st\u0159edu na str\u00e1nk\u00e1ch den\u00edku Les \u00c9chos Ant\u00f3nio Costa zopakoval velkorys\u00e9 ambice Bruselu. P\u0159edseda Evropsk\u00e9 rady potvrdil, \u017ee \u010dlensk\u00e9 st\u00e1ty \u201e\u00a0na p\u0159\u00ed\u0161t\u00edm summitu\u00a0<\/span><em><span dir=\"auto\">schv\u00e1l\u00ed podm\u00ednky financov\u00e1n\u00ed Ukrajiny na roky 2026 a 2027 \u201c.<\/span><\/em><\/p>\n<p><span dir=\"auto\">Jsou p\u0159esv\u011bd\u010deni, \u017ee Moskva by se nem\u011bla spol\u00e9hat \u201e\u00a0<\/span><em><span dir=\"auto\">ani na jejich \u00fanavu, ani na vy\u010derp\u00e1n\u00ed Ukrajiny<\/span><\/em><span dir=\"auto\">\u00a0\u201c.<\/span><\/p>\n<p><em><span dir=\"auto\">od\u00a0<\/span><a href=\"https:\/\/geopolitique-profonde.com\/actualite\/geopolitique\/avoirs-russes-la-belgique-torpille-le-projet-dexpropriation-de-lue\/\"><strong><span dir=\"auto\">Rapha\u00ebla Besliua<\/span><\/strong><\/a><\/em><\/p>\n<p>&nbsp;<\/p>\n","protected":false},"excerpt":{"rendered":"<p>Belgick\u00fd premi\u00e9r ve \u010dtvrtek 27. listopadu zaujal pevn\u00fd postoj. V ostr\u00e9m dopise Bart De Wever&#8230;<\/p>\n","protected":false},"author":2,"featured_media":93541,"comment_status":"closed","ping_status":"closed","sticky":false,"template":"","format":"standard","meta":[],"categories":[7],"tags":[10179,3729,327,621,22],"_links":{"self":[{"href":"https:\/\/www.infokuryr.cz\/n\/wp-json\/wp\/v2\/posts\/93540"}],"collection":[{"href":"https:\/\/www.infokuryr.cz\/n\/wp-json\/wp\/v2\/posts"}],"about":[{"href":"https:\/\/www.infokuryr.cz\/n\/wp-json\/wp\/v2\/types\/post"}],"author":[{"embeddable":true,"href":"https:\/\/www.infokuryr.cz\/n\/wp-json\/wp\/v2\/users\/2"}],"replies":[{"embeddable":true,"href":"https:\/\/www.infokuryr.cz\/n\/wp-json\/wp\/v2\/comments?post=93540"}],"version-history":[{"count":0,"href":"https:\/\/www.infokuryr.cz\/n\/wp-json\/wp\/v2\/posts\/93540\/revisions"}],"wp:featuredmedia":[{"embeddable":true,"href":"https:\/\/www.infokuryr.cz\/n\/wp-json\/wp\/v2\/media\/93541"}],"wp:attachment":[{"href":"https:\/\/www.infokuryr.cz\/n\/wp-json\/wp\/v2\/media?parent=93540"}],"wp:term":[{"taxonomy":"category","embeddable":true,"href":"https:\/\/www.infokuryr.cz\/n\/wp-json\/wp\/v2\/categories?post=93540"},{"taxonomy":"post_tag","embeddable":true,"href":"https:\/\/www.infokuryr.cz\/n\/wp-json\/wp\/v2\/tags?post=93540"}],"curies":[{"name":"wp","href":"https:\/\/api.w.org\/{rel}","templated":true}]}}