{"id":93527,"date":"2025-12-01T00:27:29","date_gmt":"2025-11-30T23:27:29","guid":{"rendered":"https:\/\/www.infokuryr.cz\/n\/?p=93527"},"modified":"2025-12-01T05:07:25","modified_gmt":"2025-12-01T04:07:25","slug":"venezuela-odsuzuje-trumpovo-rozhodnuti-uzavrit-svuj-vzdusny-prostor-jako-kolonialistickou-hrozbu","status":"publish","type":"post","link":"https:\/\/www.infokuryr.cz\/n\/2025\/12\/01\/venezuela-odsuzuje-trumpovo-rozhodnuti-uzavrit-svuj-vzdusny-prostor-jako-kolonialistickou-hrozbu\/","title":{"rendered":"Venezuela odsuzuje Trumpovo rozhodnut\u00ed uzav\u0159\u00edt sv\u016fj vzdu\u0161n\u00fd prostor jako \u201ekolonialistickou hrozbu\u201c"},"content":{"rendered":"<div id=\"fb-root\"><\/div>\n<p><strong><span dir=\"auto\">Caracas prohl\u00e1sil, \u017ee \u201ekategoricky odm\u00edt\u00e1\u201c Trumpovo ozn\u00e1men\u00ed, kter\u00e9 \u201em\u00e1 za c\u00edl podkopat\u201c jeho vzdu\u0161nou suverenitu a p\u0159edstavuje \u201enez\u00e1konnou\u201c agresi proti venezuelsk\u00e9mu lidu.<\/span><\/strong><\/p>\n<p><span dir=\"auto\">Venezuela v sobotu odsoudila to, co ozna\u010dila za \u201e\u00a0<\/span><em><span dir=\"auto\">kolonialistickou hrozbu<\/span><\/em><span dir=\"auto\">\u00a0\u201c, jen n\u011bkolik hodin pot\u00e9, co americk\u00fd prezident Donald Trump ozn\u00e1mil, \u017ee ve\u0161ker\u00fd vzdu\u0161n\u00fd prostor nad Venezuelou a jej\u00edm okol\u00edm by m\u011bl b\u00fdt pova\u017eov\u00e1n za \u201e\u00a0<\/span><em><span dir=\"auto\">uzav\u0159en\u00fd<\/span><\/em><span dir=\"auto\">\u00a0\u201c.<\/span><\/p>\n<p><span dir=\"auto\">Venezuelsk\u00e1 vl\u00e1da ve sv\u00e9m prohl\u00e1\u0161en\u00ed uvedla, \u017ee \u201e\u00a0<\/span><em><span dir=\"auto\">kategoricky odm\u00edt\u00e1<\/span><\/em><span dir=\"auto\">\u00a0\u201c Trumpovo ozn\u00e1men\u00ed, kter\u00e9 \u201e\u00a0<\/span><em><span dir=\"auto\">m\u00e1 za c\u00edl podkopat<\/span><\/em><span dir=\"auto\">\u00a0\u201c suverenitu zem\u011b nad jej\u00edm vzdu\u0161n\u00fdm prostorem a p\u0159edstavuje \u201e\u00a0<\/span><em><span dir=\"auto\">nez\u00e1konnou<\/span><\/em><span dir=\"auto\">\u00a0\u201c agresi proti venezuelsk\u00e9mu lidu.<\/span><\/p>\n<p><span dir=\"auto\">Venezuela bude i nad\u00e1le \u201e\u00a0<\/span><em><span dir=\"auto\">pln\u011b<\/span><\/em><span dir=\"auto\">\u00a0\u201c br\u00e1nit svou vzdu\u0161nou suverenitu v souladu s mezin\u00e1rodn\u00edm pr\u00e1vem, pokra\u010duje prohl\u00e1\u0161en\u00ed.<\/span><\/p>\n<p><span dir=\"auto\">Trump d\u0159\u00edve prohl\u00e1sil, \u017ee vzdu\u0161n\u00fd prostor nad Venezuelou a kolem n\u00ed by m\u011bl b\u00fdt pova\u017eov\u00e1n za \u201ezcela uzav\u0159en\u00fd\u201c, co\u017e p\u0159edstavuje novou eskalaci nap\u011bt\u00ed mezi Washingtonem a touto jihoamerickou zem\u00ed.<\/span><\/p>\n<p><span dir=\"auto\">\u201e\u00a0<\/span><em><span dir=\"auto\">V\u0161em leteck\u00fdm spole\u010dnostem, pilot\u016fm, obchodn\u00edk\u016fm s drogami a lidmi: pova\u017eujte pros\u00edm VZDU\u0160N\u00dd PROSTOR NAD A OKOL\u00cd VENEZUELY ZA \u00daPLN\u011a UZAV\u0158EN\u00dd<\/span><\/em><span dir=\"auto\">\u00a0,\u201c napsal Trump na sv\u00e9 soci\u00e1ln\u00ed s\u00edti Truth Social.<\/span><\/p>\n<p><em><span dir=\"auto\">Zdroj:\u00a0<\/span><a title=\"\" href=\"https:\/\/www.aa.com.tr\/fr\/monde\/le-venezuela-d%C3%A9nonce-comme-une-menace-colonialiste-la-d%C3%A9cision-de-trump-de-fermer-son-espace-a%C3%A9rien\/3757844\" target=\"_blank\" rel=\"noopener\"><span dir=\"auto\">Agentura Anadolu<\/span><\/a><\/em><\/p>\n<p>&nbsp;<\/p>\n","protected":false},"excerpt":{"rendered":"<p>Caracas prohl\u00e1sil, \u017ee \u201ekategoricky odm\u00edt\u00e1\u201c Trumpovo ozn\u00e1men\u00ed, kter\u00e9 \u201em\u00e1 za c\u00edl podkopat\u201c jeho vzdu\u0161nou suverenitu&#8230;<\/p>\n","protected":false},"author":2,"featured_media":93528,"comment_status":"closed","ping_status":"closed","sticky":false,"template":"","format":"standard","meta":[],"categories":[7],"tags":[37,181,3069],"_links":{"self":[{"href":"https:\/\/www.infokuryr.cz\/n\/wp-json\/wp\/v2\/posts\/93527"}],"collection":[{"href":"https:\/\/www.infokuryr.cz\/n\/wp-json\/wp\/v2\/posts"}],"about":[{"href":"https:\/\/www.infokuryr.cz\/n\/wp-json\/wp\/v2\/types\/post"}],"author":[{"embeddable":true,"href":"https:\/\/www.infokuryr.cz\/n\/wp-json\/wp\/v2\/users\/2"}],"replies":[{"embeddable":true,"href":"https:\/\/www.infokuryr.cz\/n\/wp-json\/wp\/v2\/comments?post=93527"}],"version-history":[{"count":0,"href":"https:\/\/www.infokuryr.cz\/n\/wp-json\/wp\/v2\/posts\/93527\/revisions"}],"wp:featuredmedia":[{"embeddable":true,"href":"https:\/\/www.infokuryr.cz\/n\/wp-json\/wp\/v2\/media\/93528"}],"wp:attachment":[{"href":"https:\/\/www.infokuryr.cz\/n\/wp-json\/wp\/v2\/media?parent=93527"}],"wp:term":[{"taxonomy":"category","embeddable":true,"href":"https:\/\/www.infokuryr.cz\/n\/wp-json\/wp\/v2\/categories?post=93527"},{"taxonomy":"post_tag","embeddable":true,"href":"https:\/\/www.infokuryr.cz\/n\/wp-json\/wp\/v2\/tags?post=93527"}],"curies":[{"name":"wp","href":"https:\/\/api.w.org\/{rel}","templated":true}]}}