{"id":93512,"date":"2025-12-01T00:24:40","date_gmt":"2025-11-30T23:24:40","guid":{"rendered":"https:\/\/www.infokuryr.cz\/n\/?p=93512"},"modified":"2025-12-01T05:08:10","modified_gmt":"2025-12-01T04:08:10","slug":"selhani-softwaru-uzemneni-6-000-letadel-a320-narusuje-globalni-letecky-provoz","status":"publish","type":"post","link":"https:\/\/www.infokuryr.cz\/n\/2025\/12\/01\/selhani-softwaru-uzemneni-6-000-letadel-a320-narusuje-globalni-letecky-provoz\/","title":{"rendered":"Selh\u00e1n\u00ed softwaru: Uzemn\u011bn\u00ed 6 000 letadel A320 naru\u0161uje glob\u00e1ln\u00ed leteck\u00fd provoz"},"content":{"rendered":"<div id=\"fb-root\"><\/div>\n<p><strong><span dir=\"auto\">Airbus na\u0159izuje okam\u017eit\u00e9 uzemn\u011bn\u00ed tis\u00edc\u016f letadel A320 pot\u00e9, co byla zji\u0161t\u011bna z\u00e1vada spojen\u00e1 se softwarem dodan\u00fdm spole\u010dnost\u00ed Thales.<\/span><\/strong><\/p>\n<p><span dir=\"auto\">Uzemn\u011bn\u00ed 6 000 letadel Airbus A320 zp\u016fsobuje z\u00e1va\u017en\u00e9 naru\u0161en\u00ed leteck\u00e9 dopravy pot\u00e9, co byla zji\u0161t\u011bna softwarov\u00e1 z\u00e1vada souvisej\u00edc\u00ed se syst\u00e9mem \u0159\u00edzen\u00ed letu, kter\u00fd dodala spole\u010dnost Thales (francouzsk\u00fd gigant v oblasti obrany a letectv\u00ed specializuj\u00edc\u00ed se na bezpe\u010dnostn\u00ed technologie, letectv\u00ed, vesm\u00edr a obranu). V p\u00e1tek Airbus po\u017e\u00e1dal leteck\u00e9 spole\u010dnosti, aby \u201e\u00a0<\/span><em><span dir=\"auto\">okam\u017eit\u011b zastavily lety<\/span><\/em><span dir=\"auto\">\u00a0\u201c dot\u010den\u00fdch letadel po incidentu s letadlem JetBlue A320, k n\u011bmu\u017e do\u0161lo koncem \u0159\u00edjna ve Spojen\u00fdch st\u00e1tech.<\/span><\/p>\n<p><span dir=\"auto\">Podle\u00a0<\/span><em><span dir=\"auto\">den\u00edku Lib\u00e9ration<\/span><\/em><span dir=\"auto\">\u00a0hraje vadn\u00fd po\u010d\u00edta\u010d, kter\u00fd se nach\u00e1z\u00ed mezi ovl\u00e1dac\u00edmi prvky v kokpitu a v\u00fd\u0161kovkami, kl\u00ed\u010dovou roli v \u0159\u00edzen\u00ed stoup\u00e1n\u00ed a kles\u00e1n\u00ed. \u201e\u00a0<\/span><em><span dir=\"auto\">Pilot nep\u016fsob\u00ed p\u0159\u00edmo na \u0159\u00eddic\u00ed plochy<\/span><\/em><span dir=\"auto\">\u00a0,\u201c p\u0159ipomn\u011bl b\u00fdval\u00fd pilot Michel Polacco\u00a0listu Le\u00a0<\/span><em><span dir=\"auto\">Parisien . \u201e\u00a0<\/span><\/em><em><span dir=\"auto\">P\u0159\u00edkazy se p\u0159en\u00e1\u0161ej\u00ed do po\u010d\u00edta\u010d\u016f, kter\u00e9 analyzuj\u00ed situaci a upravuj\u00ed \u0159\u00eddic\u00ed plochy podle c\u00edle<\/span><\/em><span dir=\"auto\">\u00a0.\u201c<\/span><\/p>\n<p><span dir=\"auto\">Airbus uv\u00e1d\u00ed, \u017ee v\u011bt\u0161inu letadel lze vr\u00e1tit do provozu po jednoduch\u00e9 aktualizaci softwaru, kter\u00e1 trv\u00e1 n\u011bkolik hodin. N\u011bkolik tis\u00edc star\u0161\u00edch letadel v\u0161ak bude vy\u017eadovat v\u00fdm\u011bnu hardwaru, co\u017e by mohlo trvat i n\u011bkolik t\u00fddn\u016f. V\u00fdrobce letadel uzn\u00e1v\u00e1 \u201e\u00a0<\/span><em><span dir=\"auto\">provozn\u00ed naru\u0161en\u00ed<\/span><\/em><span dir=\"auto\">\u00a0\u201c pro cestuj\u00edc\u00ed a omlouv\u00e1 se.<\/span><\/p>\n<p><span dir=\"auto\">D\u016fsledky jsou viditeln\u00e9 v mnoha zem\u00edch. Ve Francii spole\u010dnost Air France zru\u0161ila 35 let\u016f, mezi posti\u017een\u00fdmi leteck\u00fdmi spole\u010dnostmi jsou i EasyJet a American Airlines. Na leti\u0161ti Pa\u0159\u00ed\u017e-Charles de Gaulle bylo zaznamen\u00e1no p\u0159ibli\u017en\u011b dvacet zru\u0161en\u00ed let\u016f, zejm\u00e9na na francouzsk\u00fdch, evropsk\u00fdch a marock\u00fdch tras\u00e1ch.<\/span><\/p>\n<p><span dir=\"auto\">Spole\u010dnost Air France uvedla, \u017ee aktualizace prov\u00e1d\u011bla \u201e\u00a0<\/span><em><span dir=\"auto\">celou noc<\/span><\/em><span dir=\"auto\">\u00a0\u201c a o\u010dek\u00e1v\u00e1 n\u00e1vrat k norm\u00e1lu do ned\u011ble, s v\u00fdjimkou let\u016f v r\u00e1mci Karibiku, kter\u00e9 si vy\u017e\u00e1daj\u00ed v\u00edce \u010dasu.<\/span><\/p>\n<p><span dir=\"auto\">Dopad je glob\u00e1ln\u00ed; indick\u00fd \u00da\u0159ad pro civiln\u00ed letectv\u00ed uv\u00e1d\u00ed, \u017ee v zemi je posti\u017eeno 338 letadel Airbus. American Airlines uv\u00e1d\u00ed p\u0159ibli\u017en\u011b 340 posti\u017een\u00fdch letadel, zat\u00edmco jihokorejsk\u00e1 spole\u010dnost Asiana Airlines hl\u00e1s\u00ed pouze 17.<\/span><\/p>\n<p><span dir=\"auto\">V Japonsku zru\u0161ila p\u0159edn\u00ed leteck\u00e1 spole\u010dnost v zemi 95 let\u016f, co\u017e se dotklo 13 500 cestuj\u00edc\u00edch.<\/span><\/p>\n<p><span dir=\"auto\">Tato z\u00e1vada se t\u00fdk\u00e1 tak\u00e9 letadel A318, A319 a A321, krom\u011b A320, nejprod\u00e1van\u011bj\u0161\u00edho letadla s jednou uli\u010dkou na sv\u011bt\u011b. Z 11 300 letadel t\u00e9to \u0159ady, kter\u00e1 jsou v sou\u010dasn\u00e9 dob\u011b v provozu, by se t\u00edmto opat\u0159en\u00edm, kter\u00e9 je jedn\u00edm z nejv\u00fdznamn\u011bj\u0161\u00edch, jak\u00e9 kdy Airbus vydal 350 dot\u010den\u00fdm provozovatel\u016fm, mohlo dotknout p\u0159ibli\u017en\u011b 6 000.<\/span><\/p>\n<p><em><span dir=\"auto\">od\u00a0<\/span><a href=\"https:\/\/www.aa.com.tr\/fr\/monde\/d%C3%A9faillance-logicielle-l-immobilisation-de-6-000-appareils-a320-d%C3%A9sorganise-le-trafic-a%C3%A9rien-mondial\/3757565\"><strong><span dir=\"auto\">Sanaa Ou Amir Ahamada<\/span><\/strong><\/a><\/em><\/p>\n<p>&nbsp;<\/p>\n","protected":false},"excerpt":{"rendered":"<p>Airbus na\u0159izuje okam\u017eit\u00e9 uzemn\u011bn\u00ed tis\u00edc\u016f letadel A320 pot\u00e9, co byla zji\u0161t\u011bna z\u00e1vada spojen\u00e1 se softwarem&#8230;<\/p>\n","protected":false},"author":2,"featured_media":93513,"comment_status":"closed","ping_status":"closed","sticky":false,"template":"","format":"standard","meta":[],"categories":[7],"tags":[457,1973,2973],"_links":{"self":[{"href":"https:\/\/www.infokuryr.cz\/n\/wp-json\/wp\/v2\/posts\/93512"}],"collection":[{"href":"https:\/\/www.infokuryr.cz\/n\/wp-json\/wp\/v2\/posts"}],"about":[{"href":"https:\/\/www.infokuryr.cz\/n\/wp-json\/wp\/v2\/types\/post"}],"author":[{"embeddable":true,"href":"https:\/\/www.infokuryr.cz\/n\/wp-json\/wp\/v2\/users\/2"}],"replies":[{"embeddable":true,"href":"https:\/\/www.infokuryr.cz\/n\/wp-json\/wp\/v2\/comments?post=93512"}],"version-history":[{"count":0,"href":"https:\/\/www.infokuryr.cz\/n\/wp-json\/wp\/v2\/posts\/93512\/revisions"}],"wp:featuredmedia":[{"embeddable":true,"href":"https:\/\/www.infokuryr.cz\/n\/wp-json\/wp\/v2\/media\/93513"}],"wp:attachment":[{"href":"https:\/\/www.infokuryr.cz\/n\/wp-json\/wp\/v2\/media?parent=93512"}],"wp:term":[{"taxonomy":"category","embeddable":true,"href":"https:\/\/www.infokuryr.cz\/n\/wp-json\/wp\/v2\/categories?post=93512"},{"taxonomy":"post_tag","embeddable":true,"href":"https:\/\/www.infokuryr.cz\/n\/wp-json\/wp\/v2\/tags?post=93512"}],"curies":[{"name":"wp","href":"https:\/\/api.w.org\/{rel}","templated":true}]}}