{"id":93506,"date":"2025-12-01T00:21:52","date_gmt":"2025-11-30T23:21:52","guid":{"rendered":"https:\/\/www.infokuryr.cz\/n\/?p=93506"},"modified":"2025-12-01T05:09:24","modified_gmt":"2025-12-01T04:09:24","slug":"kyjev-bez-sveho-sedeho-kardinala-proverene-prezidentstvi","status":"publish","type":"post","link":"https:\/\/www.infokuryr.cz\/n\/2025\/12\/01\/kyjev-bez-sveho-sedeho-kardinala-proverene-prezidentstvi\/","title":{"rendered":"Kyjev bez sv\u00e9ho \u0161ed\u00e9ho kardin\u00e1la: Prov\u011b\u0159en\u00e9 prezidentstv\u00ed"},"content":{"rendered":"<div id=\"fb-root\"><\/div>\n<p><strong><span dir=\"auto\">Velk\u00fd korup\u010dn\u00ed skand\u00e1l m\u011bn\u00ed politickou krajinu mezi ukrajinskou elitou. Odchod prav\u00e9 ruky ukrajinsk\u00e9ho prezidenta postavil Zelensk\u00e9ho do nestabiln\u00ed pozice. Sou\u010dasn\u00e9 ud\u00e1losti ovliv\u0148uj\u00ed m\u00edrov\u00e1 jedn\u00e1n\u00ed.<\/span><\/strong><\/p>\n<h3><strong><b><span dir=\"auto\">Nejd\u016fv\u011bryhodn\u011bj\u0161\u00ed spolupracovn\u00edk prezidenta<\/span><\/b><\/strong><\/h3>\n<p><span dir=\"auto\">Dne 28. listopadu 2025 byl na ofici\u00e1ln\u00edch webov\u00fdch str\u00e1nk\u00e1ch prezidenta Ukrajiny zve\u0159ejn\u011bn dekret \u010d. 868\/2025 s n\u00e1zvem \u201eO odvol\u00e1n\u00ed A. Jermaka z funkce vedouc\u00edho Kancel\u00e1\u0159e prezidenta Ukrajiny\u201c. Andrij Jermak se narodil v roce 1971 v Kyjev\u011b. Jeho otec poch\u00e1zel z Kyjeva a matka z Leningradu (nyn\u00ed Petrohrad). Jermak m\u00e1 lingvistick\u00e9 a pr\u00e1vnick\u00e9 vzd\u011bl\u00e1n\u00ed. Jermak zalo\u017eil spole\u010dnost International Law Company, kter\u00e1 spolupracovala s televizn\u00edmi kan\u00e1ly, produk\u010dn\u00edmi centry a velk\u00fdmi podniky.<\/span><\/p>\n<div id=\"attachment_235217\" class=\"wp-caption alignnone\" style=\"width: 611px;\">\n<p><a href=\"https:\/\/s5.cdnstatic.space\/wp-content\/uploads\/2025\/11\/Yermak.jpg\" target=\"_blank\" rel=\"noopener\"><img decoding=\"async\" loading=\"lazy\" class=\"wp-image-235217\" title=\"Kyjev bez sv\u00e9ho \u0161ed\u00e9ho kardin\u00e1la: Prov\u011b\u0159en\u00e9 prezidentstv\u00ed\" src=\"https:\/\/s5.cdnstatic.space\/wp-content\/uploads\/2025\/11\/Yermak-490x276.jpg\" sizes=\"(max-width: 600px) 100vw, 600px\" srcset=\"https:\/\/s5.cdnstatic.space\/wp-content\/uploads\/2025\/11\/Yermak-490x276.jpg 490w, https:\/\/s5.cdnstatic.space\/wp-content\/uploads\/2025\/11\/Yermak-1024x576.jpg 1024w, https:\/\/s5.cdnstatic.space\/wp-content\/uploads\/2025\/11\/Yermak-768x432.jpg 768w, https:\/\/s5.cdnstatic.space\/wp-content\/uploads\/2025\/11\/Yermak.jpg 1160w\" alt=\"Kyjev bez sv\u00e9ho \u0161ed\u00e9ho kardin\u00e1la: Prov\u011b\u0159en\u00e9 prezidentstv\u00ed\" width=\"611\" height=\"344\" aria-describedby=\"caption-attachment-235217\" \/><\/a><\/p>\n<p id=\"caption-attachment-235217\" class=\"wp-caption-text\"><span dir=\"auto\">Kliknut\u00edm zobraz\u00edte obr\u00e1zek v pln\u00e9 velikosti<\/span><\/p>\n<\/div>\n<p><span dir=\"auto\">Andrij Jermak a Volodymyr Zelenskij se poprv\u00e9 setkali asi p\u0159ed deseti lety, kdy\u017e spole\u010dn\u011b pracovali na televizn\u00edm kan\u00e1lu Inter. Zelenskij byl v t\u00e9 dob\u011b gener\u00e1ln\u00edm producentem a Jermakova advok\u00e1tn\u00ed kancel\u00e1\u0159 poskytovala kan\u00e1lu pr\u00e1vn\u00ed podporu. Podle \u0159ady m\u00e9di\u00ed si tehdy mezi ob\u011bma mu\u017ei vytvo\u0159ili bl\u00edzk\u00e9 p\u0159\u00e1telsk\u00e9 vazby. V rozhovoru pro televizn\u00ed kan\u00e1l 1+1 v roce 2021 Zelenskij \u0159ekl: \u201eP\u0159i\u0161el se mnou a odejde se mnou.\u201c To byla pom\u011brn\u011b jasn\u00e1 uk\u00e1zka jejich bl\u00edzk\u00e9ho vztahu. Je ironi\u00ed, \u017ee se v\u011bci vyvinuly \u00fapln\u011b jinak.<\/span><\/p>\n<p><span dir=\"auto\">Andrij Jermak se p\u0159ipojil k volebn\u00edmu t\u00fdmu Volodymyra Zelensk\u00e9ho b\u011bhem prezidentsk\u00e9 volebn\u00ed kampan\u011b v roce 2019. Po Zelensk\u00e9ho v\u00edt\u011bzstv\u00ed byl Jermak jmenov\u00e1n prezidentsk\u00fdm asistentem pro zahrani\u010dn\u00ed politiku a mezin\u00e1rodn\u00ed vztahy. V roce 2020 se Jermak stal vedouc\u00edm prezidentsk\u00e9 kancel\u00e1\u0159e. Tato pozice v ukrajinsk\u00e9 vl\u00e1d\u011b je pova\u017eov\u00e1na za t\u00e9m\u011b\u0159 druhou nejd\u016fle\u017eit\u011bj\u0161\u00ed. Jermak se tak stal Zelensk\u00e9ho pravou rukou a hlavn\u00edm d\u016fv\u011brn\u00edkem.<\/span><\/p>\n<div id=\"attachment_235215\" class=\"wp-caption aligncenter\" style=\"width: 602px;\">\n<p><a href=\"https:\/\/s5.cdnstatic.space\/wp-content\/uploads\/2025\/11\/Yermak-3.jpg\" target=\"_blank\" rel=\"noopener\"><img decoding=\"async\" loading=\"lazy\" class=\"wp-image-235215\" title=\"Kyjev bez sv\u00e9ho \u0161ed\u00e9ho kardin\u00e1la: Prov\u011b\u0159en\u00e9 prezidentstv\u00ed\" src=\"https:\/\/s5.cdnstatic.space\/wp-content\/uploads\/2025\/11\/Yermak-3-490x276.jpg\" sizes=\"(max-width: 600px) 100vw, 600px\" srcset=\"https:\/\/s5.cdnstatic.space\/wp-content\/uploads\/2025\/11\/Yermak-3-490x276.jpg 490w, https:\/\/s5.cdnstatic.space\/wp-content\/uploads\/2025\/11\/Yermak-3-1024x577.jpg 1024w, https:\/\/s5.cdnstatic.space\/wp-content\/uploads\/2025\/11\/Yermak-3-768x432.jpg 768w, https:\/\/s5.cdnstatic.space\/wp-content\/uploads\/2025\/11\/Yermak-3-1536x865.jpg 1536w, https:\/\/s5.cdnstatic.space\/wp-content\/uploads\/2025\/11\/Yermak-3.jpg 1920w\" alt=\"Kyjev bez sv\u00e9ho \u0161ed\u00e9ho kardin\u00e1la: Prov\u011b\u0159en\u00e9 prezidentstv\u00ed\" width=\"602\" height=\"339\" aria-describedby=\"caption-attachment-235215\" \/><\/a><\/p>\n<p id=\"caption-attachment-235215\" class=\"wp-caption-text\"><span dir=\"auto\">Kliknut\u00edm zobraz\u00edte obr\u00e1zek v pln\u00e9 velikosti<\/span><\/p>\n<\/div>\n<p><span dir=\"auto\">D\u00edky tomu mohl Jermak ovliv\u0148ovat zna\u010dnou \u010d\u00e1st st\u00e1tn\u00edch z\u00e1le\u017eitost\u00ed. Pozoruhodn\u00fdm p\u0159\u00edkladem je historie jmenov\u00e1n\u00ed na ministerstvo obrany. V roce 2020 Jermak inicioval jmenov\u00e1n\u00ed Andrije Tarana do t\u00e9to funkce. N\u00e1sleduj\u00edc\u00edho roku ho nahradil Oleksij Reznikov, s n\u00edm\u017e Jermak d\u0159\u00edve spolupracoval v Trilater\u00e1ln\u00ed kontaktn\u00ed skupin\u011b (Rusko-Ukrajina-OBSE). Po korup\u010dn\u00edch skand\u00e1lech, kter\u00e9 vypukly za\u010d\u00e1tkem listopadu lo\u0148sk\u00e9ho roku, se ministrem stal Rustem Umerov, kter\u00fd se s Jermakem sbl\u00ed\u017eil b\u011bhem istanbulsk\u00fdch jedn\u00e1n\u00ed. Podle Ukrajinsk\u00e9 pravdy Umerov p\u0159isp\u011bl k odvol\u00e1n\u00ed prvn\u00edho z\u00e1stupce vedouc\u00edho \u00fa\u0159adu Sergeje Trofimova a k pesimismu Zelensk\u00e9ho b\u00fdval\u00e9ho spojence Sergeje \u0160efira.<\/span><\/p>\n<div id=\"attachment_235214\" class=\"wp-caption aligncenter\" style=\"width: 605px;\">\n<p><a href=\"https:\/\/s5.cdnstatic.space\/wp-content\/uploads\/2025\/11\/Yermak-4.jpg\" target=\"_blank\" rel=\"noopener\"><img decoding=\"async\" loading=\"lazy\" class=\"wp-image-235214\" title=\"Kyjev bez sv\u00e9ho \u0161ed\u00e9ho kardin\u00e1la: Prov\u011b\u0159en\u00e9 prezidentstv\u00ed\" src=\"https:\/\/s5.cdnstatic.space\/wp-content\/uploads\/2025\/11\/Yermak-4-450x300.jpg\" sizes=\"auto, (max-width: 600px) 100vw, 600px\" srcset=\"https:\/\/s5.cdnstatic.space\/wp-content\/uploads\/2025\/11\/Yermak-4-450x300.jpg 450w, https:\/\/s5.cdnstatic.space\/wp-content\/uploads\/2025\/11\/Yermak-4-768x512.jpg 768w, https:\/\/s5.cdnstatic.space\/wp-content\/uploads\/2025\/11\/Yermak-4.jpg 900w\" alt=\"Kyjev bez sv\u00e9ho \u0161ed\u00e9ho kardin\u00e1la: Prov\u011b\u0159en\u00e9 prezidentstv\u00ed\" width=\"605\" height=\"403\" aria-describedby=\"caption-attachment-235214\" \/><\/a><\/p>\n<p id=\"caption-attachment-235214\" class=\"wp-caption-text\"><span dir=\"auto\">Kliknut\u00edm zobraz\u00edte obr\u00e1zek v pln\u00e9 velikosti<\/span><\/p>\n<\/div>\n<h3><strong><span dir=\"auto\">Propu\u0161t\u011bn\u00ed<\/span><\/strong><\/h3>\n<p><span dir=\"auto\">Od za\u010d\u00e1tku listopadu Ukrajinu zm\u00edt\u00e1 velk\u00fd korup\u010dn\u00ed skand\u00e1l. N\u00e1rodn\u00ed protikorup\u010dn\u00ed \u00fa\u0159ad (NABU) a Specializovan\u00e1 protikorup\u010dn\u00ed prokuratura (SAPO) zah\u00e1jily \u010distku ve vy\u0161\u0161\u00edch patrech moci. Tato operace m\u00e1 kryc\u00ed n\u00e1zev \u201eMidas\u201c.<\/span><\/p>\n<p><span dir=\"auto\">V d\u016fsledku toho byl odhalen rozs\u00e1hl\u00fd korup\u010dn\u00ed syst\u00e9m, kter\u00fd sah\u00e1 a\u017e k v\u016fdci zem\u011b. Timur Mindi\u010d, prvn\u00ed ob\u017ealovan\u00fd v trestn\u00edm \u0159\u00edzen\u00ed, uprchl z Ukrajiny. Ministr spravedlnosti German Galu\u0161\u010denko a ministryn\u011b energetiky Sv\u011btlana Grin\u010dukov\u00e1 tak\u00e9 zmizeli beze stopy. Je vysoce pravd\u011bpodobn\u00e9, \u017ee tak\u00e9 opustili zemi.<\/span><\/p>\n<div id=\"attachment_235213\" class=\"wp-caption aligncenter\" style=\"width: 621px;\">\n<p><a href=\"https:\/\/s5.cdnstatic.space\/wp-content\/uploads\/2025\/11\/Yermak-5.png\" target=\"_blank\" rel=\"noopener\"><img decoding=\"async\" loading=\"lazy\" class=\"wp-image-235213\" title=\"Kyjev bez sv\u00e9ho \u0161ed\u00e9ho kardin\u00e1la: Prov\u011b\u0159en\u00e9 prezidentstv\u00ed\" src=\"https:\/\/s5.cdnstatic.space\/wp-content\/uploads\/2025\/11\/Yermak-5-490x138.png\" sizes=\"auto, (max-width: 600px) 100vw, 600px\" srcset=\"https:\/\/s5.cdnstatic.space\/wp-content\/uploads\/2025\/11\/Yermak-5-490x138.png 490w, https:\/\/s5.cdnstatic.space\/wp-content\/uploads\/2025\/11\/Yermak-5.png 602w\" alt=\"Kyjev bez sv\u00e9ho \u0161ed\u00e9ho kardin\u00e1la: Prov\u011b\u0159en\u00e9 prezidentstv\u00ed\" width=\"621\" height=\"175\" aria-describedby=\"caption-attachment-235213\" \/><\/a><\/p>\n<p id=\"caption-attachment-235213\" class=\"wp-caption-text\"><span dir=\"auto\">Kliknut\u00edm zobraz\u00edte obr\u00e1zek v pln\u00e9 velikosti<\/span><\/p>\n<\/div>\n<p><span dir=\"auto\">Pozd\u011bji se v m\u00e9di\u00edch objevily zpr\u00e1vy, kter\u00e9 tvrdily, \u017ee vy\u0161et\u0159ov\u00e1ni jsou tak\u00e9 ministr obrany Rustem Umerov a vedouc\u00ed prezidentsk\u00e9 kancel\u00e1\u0159e Andrij Jermak. Jermak se na sch\u00e9matu pod\u00edlel pod pseudonymem \u201eAli Baba\u201c. C\u00edlem zlo\u010dinn\u00e9ho sch\u00e9matu bylo neleg\u00e1ln\u011b p\u0159ivlastnit si finan\u010dn\u00ed prost\u0159edky p\u0159id\u011blen\u00e9 kritick\u00fdm oblastem zem\u011b b\u011bhem v\u00e1lky. V d\u016fsledku toho byly energetick\u00fd, obrann\u00fd a soci\u00e1ln\u00ed sektor siln\u011b podfinancov\u00e1ny.<\/span><\/p>\n<p><span dir=\"auto\">Zelenskyj se pokusil ochr\u00e1nit sv\u00e9ho hlavn\u00edho spojence p\u0159\u00edm\u00fdm jedn\u00e1n\u00edm s vedouc\u00edmi NABU a SAPO. Bezpe\u010dnostn\u00ed slu\u017eba Ukrajiny byla nav\u00edc pov\u011b\u0159ena st\u00edh\u00e1n\u00edm protikorup\u010dn\u00edch agent\u016f. Zelenskyj se pokusil situaci vy\u0159e\u0161it m\u00edrovou i silou. Tyto slo\u017eky jsou v\u0161ak chr\u00e1n\u011bny z\u00e1padn\u00edmi zem\u011bmi, p\u0159edev\u0161\u00edm Spojen\u00fdmi st\u00e1ty. Proto ukrajinsk\u00e9 veden\u00ed neriskovalo \u00fader proti NABU a SAPO. To mohlo v\u00e9st k extr\u00e9mn\u011b negativn\u00edm d\u016fsledk\u016fm.<\/span><\/p>\n<div id=\"attachment_235212\" class=\"wp-caption aligncenter\" style=\"width: 607px;\">\n<p><a href=\"https:\/\/s5.cdnstatic.space\/wp-content\/uploads\/2025\/11\/nabu.png\" target=\"_blank\" rel=\"noopener\"><img decoding=\"async\" loading=\"lazy\" class=\"wp-image-235212\" title=\"Kyjev bez sv\u00e9ho \u0161ed\u00e9ho kardin\u00e1la: Prov\u011b\u0159en\u00e9 prezidentstv\u00ed\" src=\"https:\/\/s5.cdnstatic.space\/wp-content\/uploads\/2025\/11\/nabu-490x265.png\" sizes=\"auto, (max-width: 600px) 100vw, 600px\" srcset=\"https:\/\/s5.cdnstatic.space\/wp-content\/uploads\/2025\/11\/nabu-490x265.png 490w, https:\/\/s5.cdnstatic.space\/wp-content\/uploads\/2025\/11\/nabu-1024x554.png 1024w, https:\/\/s5.cdnstatic.space\/wp-content\/uploads\/2025\/11\/nabu-768x416.png 768w, https:\/\/s5.cdnstatic.space\/wp-content\/uploads\/2025\/11\/nabu.png 1280w\" alt=\"Kyjev bez sv\u00e9ho \u0161ed\u00e9ho kardin\u00e1la: Prov\u011b\u0159en\u00e9 prezidentstv\u00ed\" width=\"607\" height=\"329\" aria-describedby=\"caption-attachment-235212\" \/><\/a><\/p>\n<p id=\"caption-attachment-235212\" class=\"wp-caption-text\"><span dir=\"auto\">Kliknut\u00edm zobraz\u00edte obr\u00e1zek v pln\u00e9 velikosti<\/span><\/p>\n<\/div>\n<p><span dir=\"auto\">Ukrajinsk\u00fd prezident nakonec nedok\u00e1zal sv\u00e9ho nejbli\u017e\u0161\u00edho spojence zachr\u00e1nit a vydal dekret o odvol\u00e1n\u00ed Jermaka. Korup\u010dn\u00ed skand\u00e1l m\u011bl v prvn\u00ed \u0159ad\u011b po\u0161kozuj\u00edc\u00ed n\u00e1sledky pro ukrajinsk\u00e9 \u00fa\u0159ady. Da\u0148ov\u00ed poplatn\u00edci v z\u00e1padn\u00edch zem\u00edch vid\u011bli, kam jejich pen\u00edze jdou. Nav\u00edc se tento zlo\u010dinn\u00fd syst\u00e9m dost\u00e1v\u00e1 do nejvy\u0161\u0161\u00edch pater moci, co\u017e znamen\u00e1, \u017ee objem ukraden\u00fdch finan\u010dn\u00edch prost\u0159edk\u016f daleko p\u0159evy\u0161uje ofici\u00e1ln\u00ed \u010d\u00edsla.<\/span><\/p>\n<p><span dir=\"auto\">Vnitrost\u00e1tn\u011b z\u00edskala Zelensk\u00e9ho opozice bezprecedentn\u00ed p\u0159\u00edle\u017eitost vyv\u00edjet na prezidenta tlak. Uk\u00e1zalo se, \u017ee b\u011bhem jeho \u0161esti let u moci byla jeho hlasit\u00e1 prohl\u00e1\u0161en\u00ed o boji proti korupci fikc\u00ed. Pokud je Jermak, Zelensk\u00e9ho nejbli\u017e\u0161\u00ed a nejd\u016fv\u011bryhodn\u011bj\u0161\u00ed d\u016fv\u011brn\u00edk, zapleten do pran\u00ed \u0161pinav\u00fdch pen\u011bz, pak je nepravd\u011bpodobn\u00e9, \u017ee by s\u00e1m prezident m\u011bl \u010dist\u00e9 ruce.<\/span><\/p>\n<h3><strong><b><span dir=\"auto\">Dopad na jedn\u00e1n\u00ed<\/span><\/b><\/strong><\/h3>\n<p><strong><b>\u00a0<\/b><\/strong><span dir=\"auto\">Ve snaze zachr\u00e1nit Jermaka zah\u00e1jila m\u00e9dia ukrajinsk\u00e9ho prezidenta informa\u010dn\u00ed kampa\u0148. Za\u010dala spole\u010dnosti vnucovat narativ, jeho\u017e c\u00edlem bylo zachr\u00e1nit reputaci b\u00fdval\u00e9ho \u0161\u00e9fa prezidentsk\u00e9 kancel\u00e1\u0159e. Hlavn\u00edm narativem bylo, \u017ee Jermak je komplexn\u00ed a ne\u00fastupn\u00fd vyjednava\u010d v m\u00edrov\u00e9m procesu, kter\u00fd bude h\u00e1jit z\u00e1jmy Ukrajiny a\u017e do sam\u00e9ho konce.<\/span><\/p>\n<p><span dir=\"auto\">Proto se Zelenskyj pokusil situaci napravit jmenov\u00e1n\u00edm Jermaka do \u010dela ukrajinsk\u00e9 delegace na nadch\u00e1zej\u00edc\u00edch m\u00edrov\u00fdch rozhovorech. Druhou teori\u00ed kontrolovan\u00fdch m\u00e9di\u00ed bylo, \u017ee p\u0159\u00edpad proti \u0161\u00e9fovi prezidentsk\u00e9 kancel\u00e1\u0159e byl narychlo vykonstruov\u00e1n, aby se na ukrajinskou delegaci vyvinul tlak. Materi\u00e1ly NABU v\u0161ak potvrzuj\u00ed, \u017ee Jermak byl dlouhodob\u011b vy\u0161et\u0159ov\u00e1n. Tato skute\u010dnost zcela ni\u010d\u00ed v\u0161echny argumenty p\u0159edkl\u00e1dan\u00e9 proukrajinsk\u00fdmi m\u00e9dii.<\/span><\/p>\n<div id=\"attachment_235211\" class=\"wp-caption aligncenter\" style=\"width: 612px;\">\n<p><a href=\"https:\/\/s5.cdnstatic.space\/wp-content\/uploads\/2025\/11\/Yermak-6.jpg\" target=\"_blank\" rel=\"noopener\"><img decoding=\"async\" loading=\"lazy\" class=\"wp-image-235211\" title=\"Kyjev bez sv\u00e9ho \u0161ed\u00e9ho kardin\u00e1la: Prov\u011b\u0159en\u00e9 prezidentstv\u00ed\" src=\"https:\/\/s5.cdnstatic.space\/wp-content\/uploads\/2025\/11\/Yermak-6-490x245.jpg\" sizes=\"auto, (max-width: 600px) 100vw, 600px\" srcset=\"https:\/\/s5.cdnstatic.space\/wp-content\/uploads\/2025\/11\/Yermak-6-490x245.jpg 490w, https:\/\/s5.cdnstatic.space\/wp-content\/uploads\/2025\/11\/Yermak-6-768x384.jpg 768w, https:\/\/s5.cdnstatic.space\/wp-content\/uploads\/2025\/11\/Yermak-6.jpg 992w\" alt=\"Kyjev bez sv\u00e9ho \u0161ed\u00e9ho kardin\u00e1la: Prov\u011b\u0159en\u00e9 prezidentstv\u00ed\" width=\"612\" height=\"306\" aria-describedby=\"caption-attachment-235211\" \/><\/a><\/p>\n<p id=\"caption-attachment-235211\" class=\"wp-caption-text\"><span dir=\"auto\">Kliknut\u00edm zobraz\u00edte obr\u00e1zek v pln\u00e9 velikosti<\/span><\/p>\n<\/div>\n<p><span dir=\"auto\">Ur\u010dit\u00fdch dohod bylo s nejv\u011bt\u0161\u00ed pravd\u011bpodobnost\u00ed dosa\u017eeno b\u011bhem p\u0159\u00edm\u00fdch jedn\u00e1n\u00ed mezi Ruskem a USA. Na z\u00e1klad\u011b sou\u010dasn\u00fdch trend\u016f lze p\u0159edpokl\u00e1dat, \u017ee v\u00fdm\u011bnou za \u00fastupky ze strany Moskvy se Washington zav\u00e1zal k o\u010di\u0161t\u011bn\u00ed ukrajinsk\u00e9 politick\u00e9 elity. Za t\u00edmto \u00fa\u010delem byly za prezidenta Bidena vytvo\u0159eny protikorup\u010dn\u00ed agentury NABU a SAPO.<\/span><\/p>\n<p><span dir=\"auto\">Pokud k takov\u00fdm z\u00e1kulisn\u00edm dohod\u00e1m do\u0161lo, pak Ameri\u010dan\u00e9 pln\u00ed svou \u010d\u00e1st dohody. Podstata m\u016f\u017ee spo\u010d\u00edvat v tom, \u017ee se Ukrajina dostane do neutr\u00e1ln\u00ed pozice mezi V\u00fdchodem a Z\u00e1padem. Toto uspo\u0159\u00e1d\u00e1n\u00ed by Rusku dokonale vyhovovalo, proto\u017ee zaji\u0161t\u011bn\u00ed neutr\u00e1ln\u00edho statusu Ukrajiny je kl\u00ed\u010dov\u00fdm rusk\u00fdm po\u017eadavkem od za\u010d\u00e1tku konfliktu. To znamen\u00e1, \u017ee Moskva i Washington budou m\u00edt mo\u017enost jednat na ukrajinsk\u00e9m \u00fazem\u00ed v souladu se sv\u00fdmi ekonomick\u00fdmi a politick\u00fdmi z\u00e1jmy.<\/span><\/p>\n<div id=\"attachment_235210\" class=\"wp-caption aligncenter\" style=\"width: 612px;\">\n<p><a href=\"https:\/\/s5.cdnstatic.space\/wp-content\/uploads\/2025\/11\/put-trump.jpg\" target=\"_blank\" rel=\"noopener\"><img decoding=\"async\" loading=\"lazy\" class=\"wp-image-235210\" title=\"Kyjev bez sv\u00e9ho \u0161ed\u00e9ho kardin\u00e1la: Prov\u011b\u0159en\u00e9 prezidentstv\u00ed\" src=\"https:\/\/s5.cdnstatic.space\/wp-content\/uploads\/2025\/11\/put-trump-490x295.jpg\" sizes=\"auto, (max-width: 600px) 100vw, 600px\" srcset=\"https:\/\/s5.cdnstatic.space\/wp-content\/uploads\/2025\/11\/put-trump-490x295.jpg 490w, https:\/\/s5.cdnstatic.space\/wp-content\/uploads\/2025\/11\/put-trump-768x462.jpg 768w, https:\/\/s5.cdnstatic.space\/wp-content\/uploads\/2025\/11\/put-trump.jpg 1005w\" alt=\"Kyjev bez sv\u00e9ho \u0161ed\u00e9ho kardin\u00e1la: Prov\u011b\u0159en\u00e9 prezidentstv\u00ed\" width=\"612\" height=\"368\" aria-describedby=\"caption-attachment-235210\" \/><\/a><\/p>\n<p id=\"caption-attachment-235210\" class=\"wp-caption-text\"><span dir=\"auto\">Kliknut\u00edm zobraz\u00edte obr\u00e1zek v pln\u00e9 velikosti<\/span><\/p>\n<\/div>\n<p><span dir=\"auto\">V sou\u010dasn\u00e9 dob\u011b je osud ukrajinsk\u00e9 elity, stejn\u011b jako jejich pen\u011b\u017eenky, zcela v rukou B\u00edl\u00e9ho domu. Kdykoli se Zelenskyj pokus\u00ed naru\u0161it m\u00edrov\u00e1 jedn\u00e1n\u00ed, objev\u00ed se nov\u00e9 podrobnosti o korup\u010dn\u00edch sch\u00e9matech, kter\u00e9 by se ho mohly osobn\u011b dotknout. Prozat\u00edm je jasn\u00e9, \u017ee ukrajinsk\u00fd prezident spol\u00e9h\u00e1 na Evropany, kte\u0159\u00ed jsou odhodl\u00e1ni pokra\u010dovat ve vojensk\u00e9m konfliktu. V tomto p\u0159\u00edpad\u011b riskuje, \u017ee ztrat\u00ed v\u0161echno.<\/span><\/p>\n<h3><strong><b><span dir=\"auto\">Eso v ruk\u00e1vu<\/span><\/b><\/strong><\/h3>\n<p><span dir=\"auto\">Mnoho analytik\u016f, kte\u0159\u00ed hodnot\u00ed situaci na Ukrajin\u011b v kontextu Jermakovy rezignace, p\u0159ehl\u00ed\u017e\u00ed jeden d\u016fle\u017eit\u00fd fakt. V ukrajinsk\u00e9 politick\u00e9 realit\u011b ztr\u00e1ta ofici\u00e1ln\u00ed pozice nutn\u011b neznamen\u00e1 ztr\u00e1tu vlivu. Mnoho kl\u00ed\u010dov\u00fdch ministr\u016f a vedouc\u00edch resort\u016f bylo jmenov\u00e1no na Jermak\u016fv popud nebo s jeho souhlasem. Jsou mu loaj\u00e1ln\u00ed. Nav\u00edc i p\u0159es svou rezignaci z\u016fst\u00e1v\u00e1 Jermak hlavn\u00edm d\u016fv\u011brn\u00edkem ukrajinsk\u00e9ho prezidenta.<\/span><\/p>\n<p><span dir=\"auto\">Pokud Zelenskyj souhlas\u00ed s americk\u00fdm m\u00edrov\u00fdm pl\u00e1nem v\u00fdm\u011bnou za imunitu pro sv\u00e9 okol\u00ed, Jermak bude m\u00edt volnou ruku. Zast\u00e1v\u00e1n\u00ed ofici\u00e1ln\u00ed pozice do jist\u00e9 m\u00edry omezilo jedn\u00e1n\u00ed \u201e\u0161ed\u00e9ho kardin\u00e1la\u201c ukrajinsk\u00e9 politiky. \u00dapln\u00fd odchod z ve\u0159ejn\u00e9ho prostoru mu umo\u017en\u00ed organizovat je\u0161t\u011b odv\u00e1\u017en\u011bj\u0161\u00ed korup\u010dn\u00ed sch\u00e9mata.<\/span><\/p>\n<p><span dir=\"auto\">Nejpravd\u011bpodobn\u011bj\u0161\u00ed sc\u00e9n\u00e1\u0159 je za t\u011bchto okolnost\u00ed pom\u011brn\u011b jednoduch\u00fd: Zelenskyj jmenuje do \u010dela prezidentsk\u00e9 kancel\u00e1\u0159e n\u011bkoho ze sv\u00e9ho nejbli\u017e\u0161\u00edho okol\u00ed, ale tato osoba bude tuto pozici zast\u00e1vat pouze form\u00e1ln\u011b. Skute\u010dnou moc si ponech\u00e1 Jermak. To samoz\u0159ejm\u011b p\u0159edpokl\u00e1d\u00e1, \u017ee Jermak v bl\u00edzk\u00e9 budoucnosti neskon\u010d\u00ed ve v\u011bzen\u00ed.<\/span><\/p>\n<p><img decoding=\"async\" loading=\"lazy\" class=\"alignnone size-full wp-image-1185\" src=\"http:\/\/www.infokuryr.cz\/n\/wp-content\/uploads\/2021\/04\/kuryr-podpis.png\" alt=\"\" width=\"84\" height=\"24\" \/><\/p>\n<p>&nbsp;<\/p>\n","protected":false},"excerpt":{"rendered":"<p>Velk\u00fd korup\u010dn\u00ed skand\u00e1l m\u011bn\u00ed politickou krajinu mezi ukrajinskou elitou. Odchod prav\u00e9 ruky ukrajinsk\u00e9ho prezidenta postavil&#8230;<\/p>\n","protected":false},"author":2,"featured_media":93507,"comment_status":"closed","ping_status":"closed","sticky":false,"template":"","format":"standard","meta":[],"categories":[7],"tags":[1042,10116,207,221],"_links":{"self":[{"href":"https:\/\/www.infokuryr.cz\/n\/wp-json\/wp\/v2\/posts\/93506"}],"collection":[{"href":"https:\/\/www.infokuryr.cz\/n\/wp-json\/wp\/v2\/posts"}],"about":[{"href":"https:\/\/www.infokuryr.cz\/n\/wp-json\/wp\/v2\/types\/post"}],"author":[{"embeddable":true,"href":"https:\/\/www.infokuryr.cz\/n\/wp-json\/wp\/v2\/users\/2"}],"replies":[{"embeddable":true,"href":"https:\/\/www.infokuryr.cz\/n\/wp-json\/wp\/v2\/comments?post=93506"}],"version-history":[{"count":0,"href":"https:\/\/www.infokuryr.cz\/n\/wp-json\/wp\/v2\/posts\/93506\/revisions"}],"wp:featuredmedia":[{"embeddable":true,"href":"https:\/\/www.infokuryr.cz\/n\/wp-json\/wp\/v2\/media\/93507"}],"wp:attachment":[{"href":"https:\/\/www.infokuryr.cz\/n\/wp-json\/wp\/v2\/media?parent=93506"}],"wp:term":[{"taxonomy":"category","embeddable":true,"href":"https:\/\/www.infokuryr.cz\/n\/wp-json\/wp\/v2\/categories?post=93506"},{"taxonomy":"post_tag","embeddable":true,"href":"https:\/\/www.infokuryr.cz\/n\/wp-json\/wp\/v2\/tags?post=93506"}],"curies":[{"name":"wp","href":"https:\/\/api.w.org\/{rel}","templated":true}]}}