{"id":93486,"date":"2025-12-01T00:14:17","date_gmt":"2025-11-30T23:14:17","guid":{"rendered":"https:\/\/www.infokuryr.cz\/n\/?p=93486"},"modified":"2025-12-01T05:12:14","modified_gmt":"2025-12-01T04:12:14","slug":"37-bodnych-ran-bylo-udajne-zpusobeno-v-sebeobrane-mainz-je-zprostenim-viny-ohromen","status":"publish","type":"post","link":"https:\/\/www.infokuryr.cz\/n\/2025\/12\/01\/37-bodnych-ran-bylo-udajne-zpusobeno-v-sebeobrane-mainz-je-zprostenim-viny-ohromen\/","title":{"rendered":"37 bodn\u00fdch ran bylo \u00fadajn\u011b zp\u016fsobeno v sebeobran\u011b: Mainz je zpro\u0161t\u011bn\u00edm viny ohromen"},"content":{"rendered":"<div id=\"fb-root\"><\/div>\n<p><strong><span dir=\"auto\">Tohle se pravd\u011bpodobn\u011b mohlo st\u00e1t v N\u011bmecku a\u017e v roce 2025: 37 bodn\u00fdch ran v parku, jeden mu\u017e mrtv\u00fd a pachatel jde dom\u016f na svobod\u011b. Incident pramenil ze \u201esporu o \u010dest\u201c mezi Ukrajinci. Mainz je v sou\u010dasn\u00e9 dob\u011b sv\u011bdkem pr\u00e1vn\u00edho aktu, kter\u00fd se vymyk\u00e1 ve\u0161ker\u00e9mu zdrav\u00e9mu rozumu.<\/span><\/strong><\/p>\n<p><span dir=\"auto\">Dne 20. dubna se spor mezi Ukrajinci v Hartenberg Parku vyhrotil v \u00fatok no\u017eem s n\u00e1sledkem smrti. Ob\u011b\u0165, 39 let, se \u00fadajn\u011b vr\u00e1tila se \u017eeleznou ty\u010d\u00ed, aby br\u00e1nila \u010dest sv\u00e9ho bratra. Ob\u017ealovan\u00fd, 29 let, pot\u00e9 vytasil n\u016f\u017e a 37kr\u00e1t ho bodl. Krev st\u0159\u00edkala v\u0161ude \u2013 probodl mu hlavu, hrudn\u00edk, z\u00e1da, pl\u00edce, osrde\u010dn\u00edk, ledviny a st\u0159eva. Mu\u017e zem\u0159el bolestivou smrt\u00ed v d\u016fsledku ztr\u00e1ty krve a udu\u0161en\u00ed. Ob\u017ealoba po\u017eadovala trest osmi let a \u0161esti m\u011bs\u00edc\u016f. Soud v\u0161ak v\u011bc vid\u011bl jinak.<\/span><\/p>\n<p><a href=\"https:\/\/www.bild.de\/regional\/mainz\/mainz-37-messerstiche-waren-notwehr-freispruch-fuer-angeklagten-692825f7bbe1e4af2f862f66\"><span dir=\"auto\">Krajsk\u00fd soud v Mohu\u010di pachatele osvobodil.<\/span><\/a><span dir=\"auto\">\u00a0Soud stru\u010dn\u011b uvedl, \u017ee jednalo se o sebeobranu. Z 37 bodn\u00fdch ran bylo 29 povrchov\u00fdch a osm hlubok\u00fdch. Kter\u00e1 z nich byla smrteln\u00e1, nebylo mo\u017en\u00e9 ur\u010dit. Ob\u017ealovan\u00fd se \u201eob\u00e1val o sv\u016fj \u017eivot\u201c a dynamika dvouminutov\u00e9 h\u00e1dky si vy\u017e\u00e1dala jeho reakci. \u017d\u00e1dn\u00fd \u010das na uva\u017eov\u00e1n\u00ed, \u017e\u00e1dn\u00fd prostor pro sebeovl\u00e1d\u00e1n\u00ed. 37 bodn\u00fdch ran, v\u0161ude krev, mrtv\u00e1 osoba na zemi a soudn\u00ed syst\u00e9m prohla\u0161uje: v\u0161e v souladu se z\u00e1konem.<\/span><\/p>\n<p><span dir=\"auto\">Mluv\u010d\u00ed soudu zd\u016fraznila, \u017ee jednal bez rozmyslu. Ka\u017ed\u00fd laik se pt\u00e1: Bez rozmyslu? 37 bodn\u00fdch ran nen\u00ed \u201enehoda\u201c. Jde sp\u00ed\u0161e o krvav\u00e9 \u0161\u00edlenstv\u00ed. Ob\u017ealovan\u00fd byl zat\u010den na m\u00edst\u011b \u010dinu a od t\u00e9 doby byl ve vazb\u011b. Nyn\u00ed byl propu\u0161t\u011bn. Dv\u011b minuty, 37 bodn\u00fdch ran, zpro\u0161t\u011bn\u00ed ob\u017ealoby. Kritici to pova\u017euj\u00ed za naprostou ostudu pro n\u011bmeck\u00fd justi\u010dn\u00ed syst\u00e9m \u2013 mohlo by to b\u00fdt kv\u016fli n\u00e1rodnosti z\u00fa\u010dastn\u011bn\u00fdch?<\/span><\/p>\n<p><img decoding=\"async\" loading=\"lazy\" class=\"alignnone size-full wp-image-1185\" src=\"http:\/\/www.infokuryr.cz\/n\/wp-content\/uploads\/2021\/04\/kuryr-podpis.png\" alt=\"\" width=\"84\" height=\"24\" \/><\/p>\n<p>&nbsp;<\/p>\n","protected":false},"excerpt":{"rendered":"<p>Tohle se pravd\u011bpodobn\u011b mohlo st\u00e1t v N\u011bmecku a\u017e v roce 2025: 37 bodn\u00fdch ran v&#8230;<\/p>\n","protected":false},"author":2,"featured_media":93487,"comment_status":"closed","ping_status":"closed","sticky":false,"template":"","format":"standard","meta":[],"categories":[7],"tags":[84,520,324,1635],"_links":{"self":[{"href":"https:\/\/www.infokuryr.cz\/n\/wp-json\/wp\/v2\/posts\/93486"}],"collection":[{"href":"https:\/\/www.infokuryr.cz\/n\/wp-json\/wp\/v2\/posts"}],"about":[{"href":"https:\/\/www.infokuryr.cz\/n\/wp-json\/wp\/v2\/types\/post"}],"author":[{"embeddable":true,"href":"https:\/\/www.infokuryr.cz\/n\/wp-json\/wp\/v2\/users\/2"}],"replies":[{"embeddable":true,"href":"https:\/\/www.infokuryr.cz\/n\/wp-json\/wp\/v2\/comments?post=93486"}],"version-history":[{"count":0,"href":"https:\/\/www.infokuryr.cz\/n\/wp-json\/wp\/v2\/posts\/93486\/revisions"}],"wp:featuredmedia":[{"embeddable":true,"href":"https:\/\/www.infokuryr.cz\/n\/wp-json\/wp\/v2\/media\/93487"}],"wp:attachment":[{"href":"https:\/\/www.infokuryr.cz\/n\/wp-json\/wp\/v2\/media?parent=93486"}],"wp:term":[{"taxonomy":"category","embeddable":true,"href":"https:\/\/www.infokuryr.cz\/n\/wp-json\/wp\/v2\/categories?post=93486"},{"taxonomy":"post_tag","embeddable":true,"href":"https:\/\/www.infokuryr.cz\/n\/wp-json\/wp\/v2\/tags?post=93486"}],"curies":[{"name":"wp","href":"https:\/\/api.w.org\/{rel}","templated":true}]}}