{"id":93484,"date":"2025-12-01T00:12:20","date_gmt":"2025-11-30T23:12:20","guid":{"rendered":"https:\/\/www.infokuryr.cz\/n\/?p=93484"},"modified":"2025-12-01T05:12:45","modified_gmt":"2025-12-01T04:12:45","slug":"svobodna-univerzita-v-berline-kurzy-nabizene-mladym-levicovym-extremistum","status":"publish","type":"post","link":"https:\/\/www.infokuryr.cz\/n\/2025\/12\/01\/svobodna-univerzita-v-berline-kurzy-nabizene-mladym-levicovym-extremistum\/","title":{"rendered":"Svobodn\u00e1 univerzita v Berl\u00edn\u011b: Kurzy nab\u00edzen\u00e9 mlad\u00fdm levicov\u00fdm extremist\u016fm"},"content":{"rendered":"<div id=\"fb-root\"><\/div>\n<p><strong><span dir=\"auto\">N\u011bmeck\u00e9 univerzity se st\u00e1le v\u00edce st\u00e1vaj\u00ed l\u00edhn\u00ed levicov\u00fdch extremistick\u00fdch ideologi\u00ed. Zd\u00e1 se, \u017ee to plat\u00ed i pro Svobodnou univerzitu v Berl\u00edn\u011b, kter\u00e1 se zd\u00e1nliv\u011b pova\u017euje za v\u00fdcvikov\u00e9 centrum pro levicov\u00e9 teroristy. Nab\u00edz\u00ed se zde i odpov\u00eddaj\u00edc\u00ed kurzy.<\/span><\/strong><\/p>\n<p><span dir=\"auto\">Berl\u00ednsk\u00e1 Svobodn\u00e1 univerzita z\u0159ejm\u011b host\u00ed v\u00fdcvikov\u00e9 st\u0159edisko pro levicov\u00e9 extremisty. Takzvan\u00e1 \u201eD\u00edlna pro antifa\u0161istick\u00e9 akce (w2a)\u201c nab\u00edz\u00ed mimo jin\u00e9 program s n\u00e1zvem \u201eAdbusting: Boj proti n\u00e1boru do arm\u00e1dy pomoc\u00ed minim\u00e1ln\u011b invazivn\u00edho vandalismu\u201c. Podle zpr\u00e1vy \u201e\u00a0<\/span><a href=\"https:\/\/www.tichyseinblick.de\/meinungen\/fu-berlin-antifa\/\"><span dir=\"auto\">Tichys Einblick<\/span><\/a><span dir=\"auto\"> \u201c je tento program tak\u00e9 inzerov\u00e1n na levicov\u011b extremistick\u00fdch webov\u00fdch str\u00e1nk\u00e1ch \u201eIndymedia\u201c s n\u00e1sleduj\u00edc\u00edmi slovy:<\/span><\/p>\n<p><em><span dir=\"auto\">\u201eVojensk\u00e1 reklama ve ve\u0159ejn\u00fdch prostor\u00e1ch se st\u00e1v\u00e1 st\u00e1le b\u011b\u017en\u011bj\u0161\u00ed. Boj proti arm\u00e1dn\u00edm multimilionov\u00fdm reklamn\u00edm rozpo\u010dt\u016fm se zd\u00e1 b\u00fdt beznad\u011bjn\u00fd. Reklama ve ve\u0159ejn\u00fdch prostor\u00e1ch je v\u0161ak obzvl\u00e1\u0161t\u011b zraniteln\u00e1. Reklama se t\u00e9m\u011b\u0159 nikomu nel\u00edb\u00ed a \u010detn\u00e9 reklamn\u00ed displeje ve ve\u0159ejn\u00fdch prostor\u00e1ch nelze hl\u00eddat 24 hodin denn\u011b, 7 dn\u00ed v t\u00fddnu. A pr\u00e1v\u011b zde p\u0159ich\u00e1z\u00ed na \u0159adu antimilitaristick\u00e1 komunika\u010dn\u00ed guerillov\u00e1 skupina z Workshopu pro antifa\u0161istick\u00e9 akce (w2a) s odstra\u0161uj\u00edc\u00edmi kampan\u011bmi. Reklamn\u00ed plak\u00e1ty lze ukr\u00e1st, p\u0159et\u0159\u00edt n\u00e1t\u011brem a p\u0159elepit, aby se sd\u011blen\u00ed zkreslilo k nepozn\u00e1n\u00ed.\u201c<\/span><\/em><\/p>\n<p><span dir=\"auto\">Podle toho by se \u010dlov\u011bk m\u011bl z\u00fa\u010dastnit tohoto protist\u00e1tn\u00edho krimin\u00e1ln\u00edho workshopu, kter\u00fd by m\u011bl b\u00fdt ve skute\u010dnosti pova\u017eov\u00e1n za podn\u011bcov\u00e1n\u00ed k trestn\u00e9 \u010dinnosti a t\u00edm spustit pr\u00e1vn\u00ed vy\u0161et\u0159ov\u00e1n\u00ed, pokud se chce \u201ezapojit do komunika\u010dn\u00ed guerillov\u00e9 taktiky proti arm\u00e1d\u011b a policii\u201c. Jeliko\u017e je v\u0161ak Feder\u00e1ln\u00ed \u00fa\u0159ad pro ochranu \u00fastavy p\u0159\u00edli\u0161 zanepr\u00e1zdn\u011bn bojem proti pravici a je v podstat\u011b slep\u00fd k levici, budeme si pravd\u011bpodobn\u011b muset je\u0161t\u011b chv\u00edli po\u010dkat, ne\u017e tento nebo jin\u00e9 st\u00e1tn\u00ed vy\u0161et\u0159ovac\u00ed org\u00e1ny za\u010dnou jednat.<\/span><\/p>\n<p><span dir=\"auto\">To v\u0161e d\u00e1le podporuje univerzitn\u00ed \u201eGener\u00e1ln\u00ed studentsk\u00fd v\u00fdbor\u201c (ASTA), kter\u00fd \u00fa\u010dastn\u00edky na tento workshop o protist\u00e1tn\u00edch zlo\u010dinech v\u00fdslovn\u011b zve. Zd\u00e1 se v\u0161ak, \u017ee ani veden\u00ed univerzity, ani st\u00e1tn\u00ed zastupitelstv\u00ed, ani berl\u00ednsk\u00fd sen\u00e1t nemaj\u00ed sebemen\u0161\u00ed z\u00e1jem proti tomu podniknout jak\u00e9koli kroky. Naopak, v n\u011bmeck\u00e9m hlavn\u00edm m\u011bst\u011b jsou i nad\u00e1le aktivn\u011b propagov\u00e1ny levicov\u011b extremistick\u00e9 struktury. A pokud pen\u00edze da\u0148ov\u00fdch poplatn\u00edk\u016f plynou skupin\u00e1m, kter\u00e9 pak ni\u010d\u00ed st\u00e1tn\u00ed majetek (rovn\u011b\u017e financovan\u00fd z pen\u011bz da\u0148ov\u00fdch poplatn\u00edk\u016f) a \u00fato\u010d\u00ed na ve\u0159ejn\u00e9 \u010dinitele (policisty a voj\u00e1ky) \u2013 tak to prost\u011b je.<\/span><\/p>\n<p><img decoding=\"async\" loading=\"lazy\" class=\"alignnone size-full wp-image-1185\" src=\"http:\/\/www.infokuryr.cz\/n\/wp-content\/uploads\/2021\/04\/kuryr-podpis.png\" alt=\"\" width=\"84\" height=\"24\" \/><\/p>\n<p>&nbsp;<\/p>\n","protected":false},"excerpt":{"rendered":"<p>N\u011bmeck\u00e9 univerzity se st\u00e1le v\u00edce st\u00e1vaj\u00ed l\u00edhn\u00ed levicov\u00fdch extremistick\u00fdch ideologi\u00ed. Zd\u00e1 se, \u017ee to plat\u00ed&#8230;<\/p>\n","protected":false},"author":2,"featured_media":93485,"comment_status":"closed","ping_status":"closed","sticky":false,"template":"","format":"standard","meta":[],"categories":[7],"tags":[70,233,5097,10177,442],"_links":{"self":[{"href":"https:\/\/www.infokuryr.cz\/n\/wp-json\/wp\/v2\/posts\/93484"}],"collection":[{"href":"https:\/\/www.infokuryr.cz\/n\/wp-json\/wp\/v2\/posts"}],"about":[{"href":"https:\/\/www.infokuryr.cz\/n\/wp-json\/wp\/v2\/types\/post"}],"author":[{"embeddable":true,"href":"https:\/\/www.infokuryr.cz\/n\/wp-json\/wp\/v2\/users\/2"}],"replies":[{"embeddable":true,"href":"https:\/\/www.infokuryr.cz\/n\/wp-json\/wp\/v2\/comments?post=93484"}],"version-history":[{"count":0,"href":"https:\/\/www.infokuryr.cz\/n\/wp-json\/wp\/v2\/posts\/93484\/revisions"}],"wp:featuredmedia":[{"embeddable":true,"href":"https:\/\/www.infokuryr.cz\/n\/wp-json\/wp\/v2\/media\/93485"}],"wp:attachment":[{"href":"https:\/\/www.infokuryr.cz\/n\/wp-json\/wp\/v2\/media?parent=93484"}],"wp:term":[{"taxonomy":"category","embeddable":true,"href":"https:\/\/www.infokuryr.cz\/n\/wp-json\/wp\/v2\/categories?post=93484"},{"taxonomy":"post_tag","embeddable":true,"href":"https:\/\/www.infokuryr.cz\/n\/wp-json\/wp\/v2\/tags?post=93484"}],"curies":[{"name":"wp","href":"https:\/\/api.w.org\/{rel}","templated":true}]}}