{"id":93423,"date":"2025-11-30T00:15:51","date_gmt":"2025-11-29T23:15:51","guid":{"rendered":"https:\/\/www.infokuryr.cz\/n\/?p=93423"},"modified":"2025-11-29T11:24:45","modified_gmt":"2025-11-29T10:24:45","slug":"eu-na-ceste-k-uplnemu-dohledu-zcela-dobrovolnemu","status":"publish","type":"post","link":"https:\/\/www.infokuryr.cz\/n\/2025\/11\/30\/eu-na-ceste-k-uplnemu-dohledu-zcela-dobrovolnemu\/","title":{"rendered":"EU na cest\u011b k \u00fapln\u00e9mu dohledu \u2013 \u201ezcela dobrovoln\u00e9mu\u201c"},"content":{"rendered":"<div id=\"fb-root\"><\/div>\n<p><strong><span dir=\"auto\">\u00dast\u0159edn\u00ed v\u00fdbor EU pod veden\u00edm Ursuly von der Leyen zah\u00e1jil hromadn\u00e9 sledov\u00e1n\u00ed v\u0161ech 450 milion\u016f ob\u010dan\u016f pomoc\u00ed tzv. monitorov\u00e1n\u00ed chatu. Prozat\u00edm je to st\u00e1le \u201edobrovoln\u00e9\u201c. Stejn\u011b dobrovoln\u00e9 jako injekce mRNA, \u00faspora energie a boj proti dezinformac\u00edm. Tento krok \u00dast\u0159edn\u00edho v\u00fdboru EU ohro\u017euje samotn\u00e9 j\u00e1dro demokracie: d\u016fv\u011brnost soukrom\u00e9 komunikace.<\/span><\/strong><\/p>\n<p><span dir=\"auto\">Na\u0159\u00edzen\u00ed EU o boji proti zneu\u017e\u00edv\u00e1n\u00ed d\u011bt\u00ed, hovorov\u011b zn\u00e1m\u00e9 jako \u201emonitorov\u00e1n\u00ed chatu\u201c, stanov\u00ed, \u017ee v\u0161echny slu\u017eby pro zas\u00edl\u00e1n\u00ed zpr\u00e1v, jako je WhatsApp a Signal, mus\u00ed skenovat obsah a hl\u00e1sit podez\u0159el\u00e9 zpr\u00e1vy. Ofici\u00e1ln\u011b se jedn\u00e1 o ochranu p\u0159ed materi\u00e1lem obsahuj\u00edc\u00edm zneu\u017e\u00edv\u00e1n\u00ed d\u011bt\u00ed (CSAM). Ve skute\u010dnosti se v\u0161ak jedn\u00e1 o rozs\u00e1hl\u00fd dohled nad soukrom\u00fdmi chaty, e-maily a soubory na z\u00e1klad\u011b skenov\u00e1n\u00ed s vyu\u017eit\u00edm um\u011bl\u00e9 inteligence.<\/span><\/p>\n<p><span dir=\"auto\">Komise veden\u00e1 Ursulou von der Leyenovou navrhla toto opat\u0159en\u00ed v roce 2024 a prosadila ho i p\u0159es masivn\u00ed kritiku. Na podzim roku 2025 se \u010dlensk\u00e9 st\u00e1ty dohodly na verzi,\u00a0<\/span><a href=\"https:\/\/data.consilium.europa.eu\/doc\/document\/ST-15318-2025-INIT\/en\/pdf\" target=\"_blank\" rel=\"noreferrer noopener\"><span dir=\"auto\">kter\u00e1 je zpo\u010d\u00e1tku dobrovoln\u00e1<\/span><\/a><span dir=\"auto\">\u00a0. Ale kdo v\u011b\u0159\u00ed, \u017ee to tak z\u016fstane? EU ji\u017e ozn\u00e1mila, \u017ee pokud nebude spolupr\u00e1ce v oblasti hromadn\u00e9ho sledov\u00e1n\u00ed dostate\u010dn\u00e1, mohou n\u00e1sledovat donucovac\u00ed opat\u0159en\u00ed, podobn\u011b jako v p\u0159edchoz\u00edch na\u0159\u00edzen\u00edch zam\u011b\u0159en\u00fdch na boj proti \u201edezinformac\u00edm\u201c a \u201enen\u00e1vistn\u00fdm projev\u016fm\u201c.<\/span><\/p>\n<h3 id=\"h-totale-bespitzelung-wieder-einmal-alternativlos\" class=\"wp-block-heading\"><span dir=\"auto\">Tot\u00e1ln\u00ed dohled je op\u011bt bez alternativy.<\/span><\/h3>\n<p><span dir=\"auto\">Pro\u010d chce \u00dast\u0159edn\u00ed v\u00fdbor EU hromadn\u00fd dohled za ka\u017edou cenu? Ofici\u00e1ln\u00edm od\u016fvodn\u011bn\u00edm je samoz\u0159ejm\u011b ochrana d\u011bt\u00ed. Vzne\u0161en\u00fd motiv pou\u017e\u00edvan\u00fd jako z\u00e1minka k tot\u00e1ln\u00ed kontrole. V dob\u011b, kdy je nesouhlas s ot\u00e1zkami klimatu, migrace nebo v\u00e1lky ozna\u010dov\u00e1n za \u201edezinformace\u201c, tato technologie umo\u017e\u0148uje pron\u00e1sledov\u00e1n\u00ed disident\u016f. Samozvan\u00e9 elity EU ji\u017e ned\u016fv\u011b\u0159uj\u00ed lidem, kter\u00fdm vl\u00e1dnou. Prost\u0159ednictv\u00edm automatizovan\u00fdch sken\u016f, kter\u00e9 zkoumaj\u00ed obsah soukrom\u00fdch zpr\u00e1v \u2013 co\u017e je poru\u0161en\u00ed soukrom\u00ed korespondence, kter\u00e9 je v demokraci\u00edch posv\u00e1tn\u00e9 \u2013 maj\u00ed b\u00fdt lid\u00e9 zbaveni mo\u017enosti vzbou\u0159it se proti politice t\u011bch, kte\u0159\u00ed jsou u moci.<\/span><\/p>\n<p><span dir=\"auto\">Z\u00e1kladn\u00ed pr\u00e1vo na soukrom\u00ed komunikace je pro demokracii nezbytn\u00e9. Br\u00e1n\u00ed st\u00e1tu v naru\u0161ov\u00e1n\u00ed soukrom\u00ed a potla\u010dov\u00e1n\u00ed opozice. Je to tedy kl\u00ed\u010dov\u00e9 pr\u00e1vo na obranu ob\u010dan\u016f proti vnucov\u00e1n\u00ed se st\u00e1tu. Historicky bylo v N\u011bmecku a Rakousku toto pr\u00e1vo poru\u0161ov\u00e1no pouze v nejtemn\u011bj\u0161\u00edch obdob\u00edch: b\u011bhem prvn\u00ed sv\u011btov\u00e9 v\u00e1lky vojenskou cenzurou, za nacist\u016f od roku 1933 v austrofa\u0161istick\u00e9m korporativistick\u00e9m st\u00e1t\u011b a ve v\u00fdchodn\u00edm N\u011bmecku Stasi, kter\u00e1 otev\u00edrala miliony dopis\u016f. Nyn\u00ed se re\u017eim von der Leyenov\u00e9 v EU p\u0159ipojuje k slavn\u00e9mu kruhu antidemokrat\u016f.<\/span><\/p>\n<h3 id=\"h-die-macht-und-geld-eliten-nehmen-sich-aus\" class=\"wp-block-heading\"><span dir=\"auto\">Mocensk\u00e9 a pen\u011b\u017en\u00ed elity se vylu\u010duj\u00ed<\/span><\/h3>\n<p><span dir=\"auto\">V\u00fdznamn\u00fdm aspektem c\u00edle hromadn\u00e9ho sledov\u00e1n\u00ed je v\u00fdjimka pro mocn\u00e9. \u010cl\u00e1nek 12a na\u0159\u00edzen\u00ed vylu\u010duje \u201e\u00fa\u0159ady\u201c, co\u017e znamen\u00e1 osoby s moc\u00ed a pen\u011bzi\u00a0<\/span><strong><span dir=\"auto\">(\u201eToto na\u0159\u00edzen\u00ed by se proto nem\u011blo vztahovat na interperson\u00e1ln\u00ed komunika\u010dn\u00ed slu\u017eby, kter\u00e9 nejsou dostupn\u00e9 \u0161irok\u00e9 ve\u0159ejnosti a jejich\u017e pou\u017e\u00edv\u00e1n\u00ed je omezeno na osoby zapojen\u00e9 do \u010dinnosti konkr\u00e9tn\u00ed spole\u010dnosti, organizace, org\u00e1nu nebo \u00fa\u0159adu\u201c).<\/span><\/strong><span dir=\"auto\"> Vl\u00e1dn\u00ed \u00fa\u0159edn\u00edci, vedouc\u00ed pracovn\u00edci spole\u010dnost\u00ed, spr\u00e1vci hedgeov\u00fdch fond\u016f a vl\u00e1dn\u00ed agentury z\u016fst\u00e1vaj\u00ed nesledov\u00e1ni. Nikdy se nedozv\u00edme, co von der Leyenov\u00e1 vyjedn\u00e1vala ve sv\u00fdch textov\u00fdch zpr\u00e1v\u00e1ch s gener\u00e1ln\u00edm \u0159editelem spole\u010dnosti Pfizer Bourlou. Stejn\u011b tak zbrojn\u00ed obchody z\u016fst\u00e1vaj\u00ed zahaleny tajemstv\u00edm, zat\u00edmco politici v Evrop\u011b prosazuj\u00ed v\u00e1lku na Ukrajin\u011b. To je zcela opr\u00e1vn\u011bn\u00e9, proto\u017ee p\u0159inejmen\u0161\u00edm od p\u0159\u00edpadu Jeffreyho Epsteina v\u00edme, \u017ee mocn\u00ed lid\u00e9 se nikdy nedopou\u0161t\u011bj\u00ed zneu\u017e\u00edv\u00e1n\u00ed d\u011bt\u00ed.<\/span><\/p>\n<p><span dir=\"auto\">V demokracii maj\u00ed ob\u010dan\u00e9 soukrom\u00ed a vl\u00e1da je transparentn\u00ed. V diktatur\u00e1ch jsou lid\u00e9 sledov\u00e1ni a \u010diny t\u011bch, kte\u0159\u00ed jsou u moci, jsou st\u00e1tn\u00edm tajemstv\u00edm. \u00dast\u0159edn\u00ed v\u00fdbor EU bude moci \u010d\u00edst v\u0161echny e-maily a chaty. Dopln\u011bno digit\u00e1ln\u00edm eurem Evropsk\u00e9 centr\u00e1ln\u00ed banky, kter\u00e9 monitoruje ka\u017edou platbu, to vytv\u00e1\u0159\u00ed \u00farove\u0148 kontroly, o kter\u00e9 si i KGB b\u011bhem studen\u00e9 v\u00e1lky mohla jen nechat zd\u00e1t. Dokonal\u00e1 digit\u00e1ln\u00ed diktatura. Stejn\u011b dobrovoln\u00e1 jako lockdowny a povinn\u00e9 injekce. Mimochodem, diktatury maj\u00ed tendenci zintenziv\u0148ovat dohled v r\u00e1mci p\u0159\u00edprav na pl\u00e1novan\u00e9 v\u00e1lky. Monitorov\u00e1n\u00ed chat\u016f proto nev\u011bst\u00ed nic dobr\u00e9ho pro m\u00edr v Evrop\u011b.<\/span><\/p>\n<p><em><span dir=\"auto\">Od <a href=\"https:\/\/report24.news\/die-eu-auf-der-zielgeraden-zur-totalen-ueberwachung-total-freiwillig\/\">Chrise Vebera<\/a><\/span><\/em><\/p>\n<p>&nbsp;<\/p>\n","protected":false},"excerpt":{"rendered":"<p>\u00dast\u0159edn\u00ed v\u00fdbor EU pod veden\u00edm Ursuly von der Leyen zah\u00e1jil hromadn\u00e9 sledov\u00e1n\u00ed v\u0161ech 450 milion\u016f&#8230;<\/p>\n","protected":false},"author":2,"featured_media":93424,"comment_status":"closed","ping_status":"closed","sticky":false,"template":"","format":"standard","meta":[],"categories":[7],"tags":[41,1503,2320,48],"_links":{"self":[{"href":"https:\/\/www.infokuryr.cz\/n\/wp-json\/wp\/v2\/posts\/93423"}],"collection":[{"href":"https:\/\/www.infokuryr.cz\/n\/wp-json\/wp\/v2\/posts"}],"about":[{"href":"https:\/\/www.infokuryr.cz\/n\/wp-json\/wp\/v2\/types\/post"}],"author":[{"embeddable":true,"href":"https:\/\/www.infokuryr.cz\/n\/wp-json\/wp\/v2\/users\/2"}],"replies":[{"embeddable":true,"href":"https:\/\/www.infokuryr.cz\/n\/wp-json\/wp\/v2\/comments?post=93423"}],"version-history":[{"count":0,"href":"https:\/\/www.infokuryr.cz\/n\/wp-json\/wp\/v2\/posts\/93423\/revisions"}],"wp:featuredmedia":[{"embeddable":true,"href":"https:\/\/www.infokuryr.cz\/n\/wp-json\/wp\/v2\/media\/93424"}],"wp:attachment":[{"href":"https:\/\/www.infokuryr.cz\/n\/wp-json\/wp\/v2\/media?parent=93423"}],"wp:term":[{"taxonomy":"category","embeddable":true,"href":"https:\/\/www.infokuryr.cz\/n\/wp-json\/wp\/v2\/categories?post=93423"},{"taxonomy":"post_tag","embeddable":true,"href":"https:\/\/www.infokuryr.cz\/n\/wp-json\/wp\/v2\/tags?post=93423"}],"curies":[{"name":"wp","href":"https:\/\/api.w.org\/{rel}","templated":true}]}}