{"id":93349,"date":"2025-11-29T00:19:06","date_gmt":"2025-11-28T23:19:06","guid":{"rendered":"https:\/\/www.infokuryr.cz\/n\/?p=93349"},"modified":"2025-11-28T12:58:21","modified_gmt":"2025-11-28T11:58:21","slug":"nemecky-vanocni-trh-instaluje-protitankove-bariery-ktere-maji-zastavit-invazni-armady-verejnopravni-media-chvali-kreativni-reseni","status":"publish","type":"post","link":"https:\/\/www.infokuryr.cz\/n\/2025\/11\/29\/nemecky-vanocni-trh-instaluje-protitankove-bariery-ktere-maji-zastavit-invazni-armady-verejnopravni-media-chvali-kreativni-reseni\/","title":{"rendered":"N\u011bmeck\u00fd v\u00e1no\u010dn\u00ed trh instaluje \u201eprotitankov\u00e9\u201c bari\u00e9ry, kter\u00e9 maj\u00ed zastavit invazn\u00ed arm\u00e1dy, ve\u0159ejnopr\u00e1vn\u00ed m\u00e9dia chv\u00e1l\u00ed \u201ekreativn\u00ed\u201c \u0159e\u0161en\u00ed"},"content":{"rendered":"<div id=\"fb-root\"><\/div>\n<h3 class=\"s-tagline fw-tagline\"><span dir=\"auto\">Nic nep\u0159ipom\u00edn\u00e1 V\u00e1noce tak jako recyklovan\u00e9 protitankov\u00e9 bari\u00e9ry<\/span><\/h3>\n<p><span dir=\"auto\">N\u011bmeck\u00e9 m\u011bsto K\u00fclsheim se vypo\u0159\u00e1d\u00e1v\u00e1 s rostouc\u00edmi n\u00e1klady na ochranu n\u011bmeck\u00fdch v\u00e1no\u010dn\u00edch trh\u016f p\u0159ed terorismem velmi slavnostn\u00edm \u0159e\u0161en\u00edm: protitankov\u00fdmi bari\u00e9rami.<\/span><\/p>\n<p><span dir=\"auto\">N\u011bmeck\u00e1 ve\u0159ejnopr\u00e1vn\u00ed m\u00e9dia, kter\u00e1 tuto zpr\u00e1vu informuj\u00ed, ani nemrknou nad t\u00edm, jak absurdn\u00ed se situace stala,\u00a0<\/span><a href=\"https:\/\/www.swr.de\/swraktuell\/baden-wuerttemberg\/heilbronn\/sicherheitskonzepte-auf-den-weihnachtsmaerkten-der-region-100.html\"><span dir=\"auto\">ale m\u00edsto toho ve skute\u010dnosti chv\u00e1l\u00ed \u201ekreativn\u00ed \u0159e\u0161en\u00ed\u201c<\/span><\/a><span dir=\"auto\">\u00a0protitankov\u00fdch bari\u00e9r. Pro skeptiky mohou protitankov\u00e9 bari\u00e9ry slou\u017eit jako komick\u00e1 nebo tragick\u00e1 ilustrace toho, jak se n\u011bmeck\u00e9 v\u00e1no\u010dn\u00ed trhy p\u0159esouvaj\u00ed z pouh\u00e9ho policejn\u00edho st\u00e1tu do n\u011b\u010deho, co p\u0159ipom\u00edn\u00e1 militarizovanou z\u00f3nu.<\/span><\/p>\n<p><span dir=\"auto\">V\u00e1no\u010dn\u00ed trh v K\u00fclsheimu, kter\u00fd m\u00e1 p\u0159ibli\u017en\u011b 5 000 obyvatel a nach\u00e1z\u00ed se v ji\u017en\u00ed spolkov\u00e9 zemi B\u00e1densko-W\u00fcrttembersko, ozn\u00e1mil, \u017ee pro sv\u016fj v\u00e1no\u010dn\u00ed trh \u0161et\u0159\u00ed pen\u00edze recyklac\u00ed protitankov\u00fdch z\u00e1taras\u016f.<\/span><\/p>\n<p><span dir=\"auto\">Tageschau, kter\u00e1 se nach\u00e1z\u00ed v okrese Main-Tauber, uv\u00e1d\u00ed, \u017ee \u201e\u010dty\u0159i nepou\u017e\u00edvan\u00e9 betonov\u00e9 protitankov\u00e9 bari\u00e9ry o pr\u016fm\u011bru 1,4 metru byly upraveny pro v\u00e1no\u010dn\u00ed trhy.\u201c<\/span><\/p>\n<p><span dir=\"auto\">Bari\u00e9ry byly nat\u0159eny b\u00edlou a \u010dervenou barvou a jejich v\u00fdroba st\u00e1la 1 000 eur za kus, pokud se zapo\u010d\u00edt\u00e1 barva a doba v\u00fdroby.<\/span><\/p>\n<p><span dir=\"auto\">M\u011bsto uv\u00e1d\u00ed, \u017ee nov\u00fdm vyu\u017eit\u00edm protitankov\u00fdch bari\u00e9r pro v\u00e1no\u010dn\u00ed trh u\u0161et\u0159ilo 30 000 eur.<\/span><\/p>\n<p><span dir=\"auto\">Je pozoruhodn\u00e9, \u017ee po cel\u00e9m N\u011bmecku m\u011bsta utr\u00e1cej\u00ed miliony za sloupky, pohybliv\u00e9 z\u00e1brany a dal\u0161\u00ed bezpe\u010dnostn\u00ed opat\u0159en\u00ed pro v\u00e1no\u010dn\u00ed trhy, a proto jsou v\u00e1no\u010dn\u00ed trhy st\u00e1le dra\u017e\u0161\u00ed.<\/span><\/p>\n<p><span dir=\"auto\">Podle Simone Hickl-Seitz, starostky m\u011bsta K\u00fclsheim, st\u00e1ly ochrann\u00e9 sloupky d\u0159\u00edve jen 800 eur, ale v\u00fdrobci si nyn\u00ed \u00fa\u010dtuj\u00ed desetkr\u00e1t v\u00edce.<\/span><\/p>\n<p><span dir=\"auto\">\u201eP\u0159esn\u011b v\u011bd\u00ed, \u017ee tohle v\u0161echna m\u011bsta pot\u0159ebuj\u00ed. Ale pokladna je pr\u00e1zdn\u00e1,\u201c \u0159ekl Hickl-Seitz. \u010cty\u0159i protitankov\u00e9 bari\u00e9ry byly z\u00edsk\u00e1ny z b\u00fdval\u00fdch kas\u00e1ren Bundeswehru a ka\u017ed\u00e1 v\u00e1\u017e\u00ed n\u011bkolik tun. Jejich p\u016fvodn\u00edm \u00fa\u010delem bylo zabr\u00e1nit pohybu tank\u016f, pravd\u011bpodobn\u011b z invaze na \u00fazem\u00ed N\u011bmecka.<\/span><\/p>\n<p><span dir=\"auto\">N\u011bmeck\u00e1 ve\u0159ejnopr\u00e1vn\u00ed m\u00e9dia\u00a0<\/span><a href=\"https:\/\/www.swr.de\/swraktuell\/baden-wuerttemberg\/heilbronn\/sicherheitskonzepte-auf-den-weihnachtsmaerkten-der-region-100.html\"><span dir=\"auto\">SWR<\/span><\/a><span dir=\"auto\">\u00a0tak\u00e9 zahrnula opat\u0159en\u00ed z K\u00fclsheimu jako \u201en\u00e1kladov\u011b efektivn\u00ed\u201c a \u201ekreativn\u00ed\u201c \u0159e\u0161en\u00ed.<\/span><\/p>\n<p><span dir=\"auto\">Teprve loni \u00fadajn\u011b sa\u00fadskoarabsk\u00fd ob\u010dan Taleb al-Abdulmohsen vjel vozidlem vysokou rychlost\u00ed na magdebursk\u00fd v\u00e1no\u010dn\u00ed trh, p\u0159i\u010dem\u017e zabil \u0161est lid\u00ed a stovky zranil. B\u00fdval\u00fd l\u00e9ka\u0159,\u00a0<\/span><a href=\"https:\/\/rmx.news\/article\/taleb-al-abdulmohsen-saudi-doctor-who-killed-6-at-a-german-christmas-market-is-one-of-many-foreign-doctors-who-shouldve-never-received-a-medical-license\/\"><span dir=\"auto\">kter\u00fd se stal l\u00e9ka\u0159em navzdory let\u016fm podvod\u016f, zneu\u017e\u00edv\u00e1n\u00ed a v\u00fdhr\u016f\u017eek zabit\u00edm N\u011bmc\u016f<\/span><\/a><span dir=\"auto\">\u00a0, je za sv\u00e9 zlo\u010diny souzen. Jeho \u010diny a dal\u0161\u00ed \u00fatoky na v\u00e1no\u010dn\u00edch trz\u00edch v\u0161ak vedly ke krizi a po cel\u00e9 zemi se roz\u0161\u00ed\u0159ily nar\u016fstaj\u00edc\u00ed bezpe\u010dnostn\u00ed obavy.<\/span><\/p>\n<p><span dir=\"auto\">V Magdeburgu panovaly obavy, \u017ee cel\u00fd trh bude zru\u0161en kv\u016fli p\u0159\u00edsn\u00fdm a n\u00e1kladn\u00fdm bezpe\u010dnostn\u00edm opat\u0159en\u00edm, kter\u00e1 jsou od organiz\u00e1tor\u016f vy\u017eadov\u00e1na.<\/span><\/p>\n<p><span dir=\"auto\">V reakci na to nav\u0161t\u00edvil trh politik strany Alternativa pro N\u011bmecko (AfD) Ulrich Siegmund, p\u0159edseda parlamentn\u00ed skupiny AfD v Sasku-Anhaltsku, a posteskl si, \u017ee zem\u011b jako Polsko a \u010cesk\u00e1 republika, kter\u00fdm se dosud poda\u0159ilo vyhnout se masov\u00e9 imigraci, tyto probl\u00e9my nemaj\u00ed.<\/span><\/p>\n<p><span dir=\"auto\">\u201eP\u0159ed rokem se tu odehr\u00e1l hrozn\u00fd \u00fatok. Bylo to p\u0159\u00edmo tady, kde te\u010f stoj\u00edm. Samoz\u0159ejm\u011b se z t\u011bchto zku\u0161enost\u00ed mus\u00edte pou\u010dit a d\u011blat v\u011bci l\u00e9pe. Ot\u00e1zkou ale nesm\u00ed b\u00fdt, jak chr\u00e1nit v\u00e1no\u010dn\u00ed trhy? Pro\u010d je pot\u0159eba chr\u00e1nit?\u201c zeptal se. \u201eJe\u010fte do \u010cesk\u00e9 republiky, je\u010fte do Polska, je\u010fte do dal\u0161\u00edch zem\u00ed, kter\u00e9 neotev\u0159ely sv\u00e9 hranice, kter\u00e9 za nic neprodaly svou vlastn\u00ed bezpe\u010dnost. Ne, politika CDU na st\u00e1tn\u00ed a feder\u00e1ln\u00ed \u00farovni n\u00e1s dovedla p\u0159esn\u011b do tohoto bodu. Ztr\u00e1c\u00edme svobodu kousek po kousku. Vzd\u00e1v\u00e1me se sv\u00e9ho zp\u016fsobu \u017eivota. A za co? To je ot\u00e1zka.\u201c<\/span><\/p>\n<p><span dir=\"auto\">Zat\u00edmco levice se bude N\u011bmc\u016fm posm\u00edvat za to, \u017ee \u0159\u00edkaj\u00ed, \u017ee cht\u011bj\u00ed zp\u011bt svou \u201estarou\u201c zemi, realita policejn\u00edho st\u00e1tu na koupali\u0161t\u00edch v l\u00e9t\u011b a policejn\u00edho st\u00e1tu na v\u00e1no\u010dn\u00edch trz\u00edch v zim\u011b, nebo dokonce protitankov\u00fdch bari\u00e9r, zanech\u00e1v\u00e1 mnoho N\u011bmc\u016f stesk po minul\u00e9 \u00e9\u0159e.<\/span><\/p>\n<p><span dir=\"auto\">Siegmund ukazuje na star\u00fd obr\u00e1zek trhu a \u0159\u00edk\u00e1: \u201ePod\u00edvejte se na tohle, pr\u00e1v\u011b jsem to tady objevil. B\u00fdval to dokonal\u00fd sv\u011bt, p\u0159esn\u011b takhle jsem ho znal. P\u0159esn\u011b takhle ho chci zp\u00e1tky\u2026 Chci zp\u00e1tky na\u0161i starou zemi. Chci, aby se ka\u017ed\u00fd z v\u00e1s tady mohl pokojn\u011b proj\u00edt v\u00e1no\u010dn\u00edm trhem, jako je tento, a u\u017e\u00edvat si \u017eivota. Tohle si nezaslou\u017e\u00edme, na\u0161e zem\u011b si to nezaslou\u017e\u00ed. Na\u0161e d\u011bti si to nezaslou\u017e\u00ed.\u201c<\/span><\/p>\n<p><span dir=\"auto\">P\u0159esto\u017ee v\u00e1no\u010dn\u00ed trhy v Magdeburgu od t\u00e9 doby ozn\u00e1mily, \u017ee se otev\u0159e, n\u00e1klady na bezpe\u010dnost z\u016fst\u00e1vaj\u00ed z\u00e1vratn\u00e9 a p\u0159etrv\u00e1vaj\u00ed obavy z dal\u0161\u00edho smrt\u00edc\u00edho teroristick\u00e9ho \u00fatoku.<\/span><\/p>\n<p><span dir=\"auto\">Minul\u00fd t\u00fdden Gerold Leppa, p\u0159edseda N\u011bmeck\u00e9 feder\u00e1ln\u00ed asociace pro marketing m\u011bst (BCSD), uvedl, \u017ee n\u00e1klady\u00a0<\/span><a href=\"https:\/\/www.bild.de\/news\/inland\/kosten-fuer-weihnachtsmaerkte-stark-gestiegen-veranstaltern-droht-das-aus-691dc3ff74ad4b5ab154ccba\"><span dir=\"auto\">pro organiz\u00e1tory prudce rostou<\/span><\/a><span dir=\"auto\">\u00a0a za posledn\u00ed t\u0159i roky vzrostly o ohromuj\u00edc\u00edch 44 procent. Samoz\u0159ejm\u011b se nejedn\u00e1 jen o bezpe\u010dnost, ale tak\u00e9 o person\u00e1l a dokonce i o hudebn\u00ed licence, ale jak v\u010dera poznamenal Remix News, m\u011bsta vynakl\u00e1daj\u00ed\u00a0<\/span><a href=\"https:\/\/rmx.news\/article\/germanys-famed-christmas-markets-face-surging-costs-as-security-is-beefed-up-due-to-ongoing-terror-risks\/\"><span dir=\"auto\">o miliony v\u00edce na zaji\u0161t\u011bn\u00ed \u0159\u00e1dn\u00e9 bezpe\u010dnosti<\/span><\/a><span dir=\"auto\">\u00a0.<\/span><\/p>\n<p><span dir=\"auto\">I kdy\u017e je pravda, \u017ee kv\u016fli n\u00e1klad\u016fm na bezpe\u010dnost byla zru\u0161ena jen hrstka v\u00e1no\u010dn\u00edch trh\u016f, nap\u0159\u00edklad v Overathu, nelze pop\u0159\u00edt, \u017ee n\u011bmeck\u00e1 m\u011bsta \u2013\u00a0<\/span><a href=\"https:\/\/rmx.news\/article\/almost-every-german-city-is-now-on-the-verge-of-bankruptcy\/\"><span dir=\"auto\">kter\u00e1 ji\u017e tak \u010del\u00ed velk\u00e9 dluhov\u00e9 krizi z velk\u00e9 \u010d\u00e1sti v d\u016fsledku masov\u00e9 imigrace<\/span><\/a><span dir=\"auto\">\u00a0\u2013 si mus\u00ed na sv\u00fdch vlastn\u00edch v\u00e1no\u010dn\u00edch trz\u00edch vynalo\u017eit extr\u00e9mn\u011b drah\u00e1 bezpe\u010dnostn\u00ed \u0159e\u0161en\u00ed.<\/span><\/p>\n<p><img decoding=\"async\" loading=\"lazy\" class=\"alignnone size-full wp-image-1185\" src=\"http:\/\/www.infokuryr.cz\/n\/wp-content\/uploads\/2021\/04\/kuryr-podpis.png\" alt=\"\" width=\"84\" height=\"24\" \/><\/p>\n<p>&nbsp;<\/p>\n","protected":false},"excerpt":{"rendered":"<p>Nic nep\u0159ipom\u00edn\u00e1 V\u00e1noce tak jako recyklovan\u00e9 protitankov\u00e9 bari\u00e9ry N\u011bmeck\u00e9 m\u011bsto K\u00fclsheim se vypo\u0159\u00e1d\u00e1v\u00e1 s rostouc\u00edmi&#8230;<\/p>\n","protected":false},"author":2,"featured_media":93350,"comment_status":"closed","ping_status":"closed","sticky":false,"template":"","format":"standard","meta":[],"categories":[7],"tags":[84,8345,10166],"_links":{"self":[{"href":"https:\/\/www.infokuryr.cz\/n\/wp-json\/wp\/v2\/posts\/93349"}],"collection":[{"href":"https:\/\/www.infokuryr.cz\/n\/wp-json\/wp\/v2\/posts"}],"about":[{"href":"https:\/\/www.infokuryr.cz\/n\/wp-json\/wp\/v2\/types\/post"}],"author":[{"embeddable":true,"href":"https:\/\/www.infokuryr.cz\/n\/wp-json\/wp\/v2\/users\/2"}],"replies":[{"embeddable":true,"href":"https:\/\/www.infokuryr.cz\/n\/wp-json\/wp\/v2\/comments?post=93349"}],"version-history":[{"count":0,"href":"https:\/\/www.infokuryr.cz\/n\/wp-json\/wp\/v2\/posts\/93349\/revisions"}],"wp:featuredmedia":[{"embeddable":true,"href":"https:\/\/www.infokuryr.cz\/n\/wp-json\/wp\/v2\/media\/93350"}],"wp:attachment":[{"href":"https:\/\/www.infokuryr.cz\/n\/wp-json\/wp\/v2\/media?parent=93349"}],"wp:term":[{"taxonomy":"category","embeddable":true,"href":"https:\/\/www.infokuryr.cz\/n\/wp-json\/wp\/v2\/categories?post=93349"},{"taxonomy":"post_tag","embeddable":true,"href":"https:\/\/www.infokuryr.cz\/n\/wp-json\/wp\/v2\/tags?post=93349"}],"curies":[{"name":"wp","href":"https:\/\/api.w.org\/{rel}","templated":true}]}}