{"id":93339,"date":"2025-11-29T00:14:17","date_gmt":"2025-11-28T23:14:17","guid":{"rendered":"https:\/\/www.infokuryr.cz\/n\/?p=93339"},"modified":"2025-11-28T12:40:59","modified_gmt":"2025-11-28T11:40:59","slug":"ostre-varovani-nemecka-vlada-zene-miliony-majitelu-domu-k-bankrotu","status":"publish","type":"post","link":"https:\/\/www.infokuryr.cz\/n\/2025\/11\/29\/ostre-varovani-nemecka-vlada-zene-miliony-majitelu-domu-k-bankrotu\/","title":{"rendered":"Ostr\u00e9 varov\u00e1n\u00ed: N\u011bmeck\u00e1 vl\u00e1da \u201e\u017eene miliony majitel\u016f dom\u016f k bankrotu\u201c"},"content":{"rendered":"<div id=\"fb-root\"><\/div>\n<p><strong><span dir=\"auto\">N\u011bmecko m\u00e1 ve srovn\u00e1n\u00ed s ostatn\u00edmi zem\u011bmi EU velmi n\u00edzkou m\u00edru vlastnictv\u00ed dom\u016f \u2013 a zd\u00e1 se, \u017ee politici d\u011blaj\u00ed v\u0161e pro to, aby si st\u00e1le m\u00e9n\u011b lid\u00ed mohlo dovolit koupit vlastn\u00ed bydlen\u00ed. Marc Bernhard, mluv\u010d\u00ed parlamentn\u00ed skupiny AfD pro bytovou politiku v n\u011bmeck\u00e9m Bundestagu, v sou\u010dasn\u00e9 dob\u011b kritizuje faktickou diktaturu vyt\u00e1p\u011bn\u00ed, kter\u00e1 (na rozd\u00edl od velkolep\u00fdch prohl\u00e1\u0161en\u00ed CDU\/CSU) nebyla zru\u0161ena: \u201eFeder\u00e1ln\u00ed vl\u00e1da \u017eene miliony majitel\u016f dom\u016f do n\u00e1kladov\u00fdch past\u00ed, kter\u00e9 si u\u017e nemohou dovolit,\u201c odsuzuje Bernhard.<\/span><\/strong><\/p>\n<p><a href=\"https:\/\/afdbundestag.de\/heizungszwang-treibt-millionen-wohneigentuemer-in-die-insolvenz\/\" target=\"_blank\" rel=\"noreferrer noopener\"><span dir=\"auto\">Ve sv\u00e9m posledn\u00edm prohl\u00e1\u0161en\u00ed<\/span><\/a><span dir=\"auto\">\u00a0Marc Bernhard odkazuje\u00a0na varov\u00e1n\u00ed sdru\u017een\u00ed vlastn\u00edk\u016f dom\u016f, kter\u00e9 upozor\u0148uje, \u017ee majitel\u00e9 dom\u016f ji\u017e nemohou sn\u00e1\u0161et v\u011bt\u0161\u00ed investice a dodate\u010dnou, pr\u016fb\u011b\u017enou finan\u010dn\u00ed z\u00e1t\u011b\u017e. Bernhard dod\u00e1v\u00e1: \u201eFeder\u00e1ln\u00ed vl\u00e1da \u017eene miliony majitel\u016f dom\u016f do n\u00e1kladov\u00fdch past\u00ed, kter\u00e9 si ji\u017e nezvl\u00e1daj\u00ed. Z\u00e1kon o vyt\u00e1p\u011bn\u00ed nen\u00ed nic jin\u00e9ho ne\u017e pl\u00ed\u017eiv\u00e9 vyvlast\u0148ov\u00e1n\u00ed \u2013 maskovan\u00e9 jako ochrana klimatu.\u201c<\/span><\/p>\n<p><span dir=\"auto\">N\u011bmeck\u00fd svaz vlastn\u00edk\u016f dom\u016f\u00a0<\/span><a href=\"https:\/\/www.ehvd.de\/aktuelles\/brief-von-praesident-kuhn\/\" target=\"_blank\" rel=\"noreferrer noopener\"><span dir=\"auto\">od sam\u00e9ho za\u010d\u00e1tku kritizoval z\u00e1kon o energetick\u00e9 n\u00e1ro\u010dnosti budov<\/span><\/a><span dir=\"auto\">\u00a0. V\u017edy se zam\u011b\u0159oval na obrovskou finan\u010dn\u00ed z\u00e1t\u011b\u017e, kterou de facto diktatura vyt\u00e1p\u011bn\u00ed klade na majitele dom\u016f kv\u016fli nutn\u00fdm dodate\u010dn\u00fdm \u00faprav\u00e1m. Svaz obecn\u011b kritizuje n\u00edzkou m\u00edru vlastnictv\u00ed dom\u016f v N\u011bmecku a ned\u00e1vno i\u00a0<\/span><a href=\"https:\/\/www.ehvd.de\/aktuelles\/Bundesbauministerium-schwenkt-endlich-auf-Realpolitik-ein\/\" target=\"_blank\" rel=\"noreferrer noopener\"><span dir=\"auto\">jinde jasn\u011b<\/span><\/a><span dir=\"auto\">\u00a0uvedl , \u017ee politici k t\u00e9to situaci aktivn\u011b p\u0159isp\u00edvaj\u00ed: St\u011b\u017eovali si, \u017ee \u010detn\u00e9 \u201ev\u00fdb\u011brov\u00e9 n\u00e1stroje\u201c ve form\u011b dan\u00ed nebo not\u00e1\u0159sk\u00fdch poplatk\u016f, kter\u00e9 st\u00e1t pou\u017e\u00edv\u00e1 pro vlastnictv\u00ed dom\u016f, jsou pro majitele i ty, kte\u0159\u00ed se jimi cht\u011bj\u00ed st\u00e1t, obt\u00ed\u017en\u011b pochopiteln\u00e9. Vlastnictv\u00ed dom\u016f je koneckonc\u016f d\u016fle\u017eitou cestou ven ze spir\u00e1ly n\u00e1jemn\u00e9ho, \u200b\u200bale pro mnoh\u00e9 se stalo iluz\u00ed.<\/span><\/p>\n<p><span dir=\"auto\">Z\u00e1kon o energetick\u00e9 \u00fa\u010dinnosti budov (GEG) k tomuto v\u00fdvoji v\u00fdznamn\u011b p\u0159isp\u00edv\u00e1. Marc Bernhard, mluv\u010d\u00ed parlamentn\u00ed skupiny AfD pro stavebn\u00ed politiku, vysv\u011btluje: \u201eZ\u00e1kon o energetick\u00e9 \u00fa\u010dinnosti budov (GEG) je ve skute\u010dnosti de facto z\u00e1kazem topn\u00fdch syst\u00e9m\u016f na olej a plyn. Jde o masivn\u00ed politick\u00fd z\u00e1sah do ekonomick\u00e9 svobody a vlastnick\u00fdch pr\u00e1v. Navzdory miliardov\u00fdm dotac\u00edm se situace s vyt\u00e1p\u011bn\u00edm t\u00e9m\u011b\u0159 nezm\u011bnila: Po\u010det topn\u00fdch syst\u00e9m\u016f na olej se za 13 let sn\u00ed\u017eil pouze o 1,6 milionu \u2013 p\u0159edev\u0161\u00edm kv\u016fli st\u00e1\u0159\u00ed; po\u010det plynov\u00fdch topn\u00fdch syst\u00e9m\u016f se dokonce zv\u00fd\u0161il; zat\u00edmco tepeln\u00e1 \u010derpadla, navzdory rekordn\u00edm dotac\u00edm, dosahuj\u00ed pouze 4,4 procenta dom\u00e1cnost\u00ed. To ukazuje, \u017ee politick\u00fd n\u00e1tlak nefunguje.\u201c Pouh\u00e1 instalace tepeln\u00e9ho \u010derpadla nesta\u010d\u00ed: V mnoha budov\u00e1ch to bez odpov\u00eddaj\u00edc\u00edch rekonstrukc\u00ed vede k p\u0159emr\u0161t\u011bn\u00fdm n\u00e1klad\u016fm na elekt\u0159inu \u2013 a st\u00e1le k chladn\u00fdm obytn\u00fdm prostor\u016fm.<\/span><\/p>\n<p><span dir=\"auto\">Bernhard se domn\u00edv\u00e1, \u017ee z\u00e1kon je odsouzen k ne\u00fasp\u011bchu a CDU mus\u00ed jednat tak, jak ozn\u00e1mila p\u0159ed volbami: z\u00e1kon mus\u00ed b\u00fdt zru\u0161en. \u201eJako parlamentn\u00ed skupina AfD budeme i nad\u00e1le vehementn\u011b bojovat za svobodu vlastnick\u00e9ho bydlen\u00ed a obecn\u011b se stav\u00edme proti st\u00e1tn\u00edmu n\u00e1tlaku, a zejm\u00e9na proti tyranii energetick\u00e9 diktatury,\u201c \u0159ekl Bernhard.<\/span><\/p>\n<p><span dir=\"auto\">\u017de energetick\u00e1 diktatura, jak ji naz\u00fdv\u00e1, vede do slep\u00e9 uli\u010dky, se ji\u017e za\u010d\u00edn\u00e1 projevovat. Podle pr\u016fzkumu\u00a0<\/span><a href=\"https:\/\/www.topagrar.com\/energie\/news\/stadtwerke-in-sorge-um-bezahlbares-heizen-politik-soll-handeln-20019930.html\" target=\"_blank\" rel=\"noreferrer noopener\"><span dir=\"auto\">Asociace m\u011bstsk\u00fdch podnik\u016f<\/span><\/a><span dir=\"auto\">\u00a0v\u00edce ne\u017e polovina dot\u00e1zan\u00fdch m\u011bstsk\u00fdch podnik\u016f (51 procent) p\u0159edpokl\u00e1d\u00e1, \u017ee cenov\u011b dostupn\u00e9 dod\u00e1vky tepla pro podniky a ob\u010dany nejsou za sou\u010dasn\u00fdch podm\u00ednek dlouhodob\u011b zaru\u010deny. Pouze 31 procent se toho zat\u00edm neob\u00e1v\u00e1. Kde to skon\u010d\u00ed?<\/span><\/p>\n<p><img decoding=\"async\" loading=\"lazy\" class=\"alignnone size-full wp-image-1185\" src=\"http:\/\/www.infokuryr.cz\/n\/wp-content\/uploads\/2021\/04\/kuryr-podpis.png\" alt=\"\" width=\"84\" height=\"24\" \/><\/p>\n<p>&nbsp;<\/p>\n","protected":false},"excerpt":{"rendered":"<p>N\u011bmecko m\u00e1 ve srovn\u00e1n\u00ed s ostatn\u00edmi zem\u011bmi EU velmi n\u00edzkou m\u00edru vlastnictv\u00ed dom\u016f \u2013 a&#8230;<\/p>\n","protected":false},"author":2,"featured_media":93340,"comment_status":"closed","ping_status":"closed","sticky":false,"template":"","format":"standard","meta":[],"categories":[7],"tags":[935,4099,84,1975],"_links":{"self":[{"href":"https:\/\/www.infokuryr.cz\/n\/wp-json\/wp\/v2\/posts\/93339"}],"collection":[{"href":"https:\/\/www.infokuryr.cz\/n\/wp-json\/wp\/v2\/posts"}],"about":[{"href":"https:\/\/www.infokuryr.cz\/n\/wp-json\/wp\/v2\/types\/post"}],"author":[{"embeddable":true,"href":"https:\/\/www.infokuryr.cz\/n\/wp-json\/wp\/v2\/users\/2"}],"replies":[{"embeddable":true,"href":"https:\/\/www.infokuryr.cz\/n\/wp-json\/wp\/v2\/comments?post=93339"}],"version-history":[{"count":0,"href":"https:\/\/www.infokuryr.cz\/n\/wp-json\/wp\/v2\/posts\/93339\/revisions"}],"wp:featuredmedia":[{"embeddable":true,"href":"https:\/\/www.infokuryr.cz\/n\/wp-json\/wp\/v2\/media\/93340"}],"wp:attachment":[{"href":"https:\/\/www.infokuryr.cz\/n\/wp-json\/wp\/v2\/media?parent=93339"}],"wp:term":[{"taxonomy":"category","embeddable":true,"href":"https:\/\/www.infokuryr.cz\/n\/wp-json\/wp\/v2\/categories?post=93339"},{"taxonomy":"post_tag","embeddable":true,"href":"https:\/\/www.infokuryr.cz\/n\/wp-json\/wp\/v2\/tags?post=93339"}],"curies":[{"name":"wp","href":"https:\/\/api.w.org\/{rel}","templated":true}]}}