{"id":9333,"date":"2022-04-06T02:03:42","date_gmt":"2022-04-06T00:03:42","guid":{"rendered":"http:\/\/www.infokuryr.cz\/n\/?p=9333"},"modified":"2022-04-05T19:13:17","modified_gmt":"2022-04-05T17:13:17","slug":"satelitni-snimky-buci-pentagon-o-udajnem-masakru-nic-nevi","status":"publish","type":"post","link":"https:\/\/www.infokuryr.cz\/n\/2022\/04\/06\/satelitni-snimky-buci-pentagon-o-udajnem-masakru-nic-nevi\/","title":{"rendered":"Satelitn\u00ed sn\u00edmky Bu\u010di: Pentagon o \u00fadajn\u00e9m masakru nic nev\u00ed"},"content":{"rendered":"<div id=\"fb-root\"><\/div>\n<div><strong><span>Satelitn\u00ed sn\u00edmky jsou uv\u00e1d\u011bny jako kone\u010dn\u00fd d\u016fkaz \u00fadajn\u00e9ho masakru rusk\u00e9 arm\u00e1dy v Bu\u010di, ale jsou v\u00edce ne\u017e pochybn\u00e9.<\/span><\/strong><\/div>\n<p><img decoding=\"async\" loading=\"lazy\" class=\"attachment-full  wp-post-image\" src=\"https:\/\/www.anti-spiegel.ru\/wp-content\/uploads\/2022\/04\/Bild_2022-04-05_151222887.png\" sizes=\"(max-width: 1366px) 100vw, 1366px\" srcset=\"https:\/\/www.anti-spiegel.ru\/wp-content\/uploads\/2022\/04\/Bild_2022-04-05_151222887.png 1366w, https:\/\/www.anti-spiegel.ru\/wp-content\/uploads\/2022\/04\/Bild_2022-04-05_151222887-768x432.png 768w\" alt=\"\" width=\"628\" height=\"353\" \/><\/p>\n<div class=\"article__content\">\n<p><span>Nen\u00ed neobvykl\u00e9, \u017ee m\u00e9dia uv\u00e1d\u011bj\u00ed satelitn\u00ed sn\u00edmky jako \u00fadajn\u00fd d\u016fkaz n\u011bjak\u00e9ho zv\u011brstva.\u00a0Stejn\u011b je tomu i tentokr\u00e1t v p\u0159\u00edpad\u011b \u00fadajn\u00e9ho masakru v Bucha, ale Pentagon \u017e\u00e1dnou vlastn\u00ed zdrojovou informaci nem\u00e1.<\/span><\/p>\n<h3><span style=\"font-size: 18pt;\">Satelitn\u00ed sn\u00edmky<\/span><\/h3>\n<p><span>Podle z\u00e1padn\u00edho vypr\u00e1v\u011bn\u00ed provedli ru\u0161t\u00ed voj\u00e1ci masakr v Bu\u010di v polovin\u011b b\u0159ezna a t\u011bla byla ve\u0159ejnosti p\u0159edstavena 3. dubna, st\u00e1le le\u017eela na ulici.\u00a0Bu\u010da je m\u011bste\u010dko se zhruba 30 000 obyvateli a mluv\u00ed se o zhruba o 300 mrtv\u00fdch, z nich\u017e mnoz\u00ed pr\u00fd le\u017e\u00ed na ulici u\u017e t\u00fddny.<\/span><\/p>\n<p><span>Proto\u017ee to je zvl\u00e1\u0161tn\u00ed a vyvol\u00e1v\u00e1 to ot\u00e1zku, pro\u010d jejich p\u0159\u00edbuzn\u00ed nezachr\u00e1nili t\u011bla a proto\u017ee rusk\u00e1 arm\u00e1da by t\u011bla odstranila ve vlastn\u00edm z\u00e1jmu (vezm\u011bte v \u00favahu riziko onemocn\u011bn\u00ed, kter\u00e9 p\u0159edstavuj\u00ed rozkl\u00e1daj\u00edc\u00ed se t\u011bla), byly pot\u00e9 prezentov\u00e1ny satelitn\u00ed sn\u00edmky, \u017ee \u00fadajn\u011b\u00a0<\/span><a href=\"https:\/\/www.zdf.de\/nachrichten\/politik\/butscha-satellitenbilder-ukraine-krieg-russland-100.html\" target=\"_blank\" rel=\"noreferrer noopener\" data-type=\"URL\" data-id=\"https:\/\/www.zdf.de\/nachrichten\/politik\/butscha-satellitenbilder-ukraine-krieg-russland-100.html\"><span>jsou z 19. a 21. b\u0159ezna<\/span><\/a><span>\u00a0a maj\u00ed ukazovat mrtvoly v ulic\u00edch.\u00a0Obr\u00e1zky nejsou z Pentagonu, ale od Maxar Technologies.\u00a0Ale pokud je v\u011bc tak z\u0159ejm\u00e1 a byla tak z\u0159ejm\u00e1 i v polovin\u011b b\u0159ezna, \u010dlov\u011bk se div\u00ed, pro\u010d nebyl masakr hl\u00e1\u0161en d\u0159\u00edve.<\/span><\/p>\n<h3><span style=\"font-size: 18pt;\">Pentagon nic nev\u00ed<\/span><\/h3>\n<p><span>Na pravideln\u00e9\u00a0<\/span><a href=\"https:\/\/www.defense.gov\/News\/Transcripts\/Transcript\/Article\/2988886\/pentagon-press-secretary-john-f-kirby-holds-a-press-briefing\/\" target=\"_blank\" rel=\"noreferrer noopener\"><span>tiskov\u00e9 konferenci po\u0159\u00e1dan\u00e9 mluv\u010d\u00edm Pentagonu Johnem Kirbym<\/span><\/a><span> 4. dubna byly ud\u00e1losti Bu\u010da jedn\u00edm z dominantn\u00edch t\u00e9mat a bylo polo\u017eeno mnoho ot\u00e1zek. Zaj\u00edmav\u00e9 je, \u017ee mluv\u010d\u00ed Pentagonu odpov\u011bd\u011bl velmi vyh\u00fdbav\u011b, a\u010dkoliv by bylo snadn\u00e9 potvrdit, \u017ee Pentagon m\u00e1 tak\u00e9 sv\u00e9 informace a p\u0159edev\u0161\u00edm sv\u00e9 satelitn\u00ed sn\u00edmky, kter\u00e9 potvrzuj\u00ed obvin\u011bn\u00ed Ukrajiny v\u016f\u010di Rusku.\u00a0Ale Kirby to neud\u011blal.\u00a0To vyvrcholilo n\u00e1sleduj\u00edc\u00ed ot\u00e1zkou a Kirbyho odpov\u011bd\u00ed na konci tiskov\u00e9 konference:<\/span><\/p>\n<p><em>\u201eOt\u00e1zka: D\u011bkuji.\u00a0The New York Times uv\u00e1d\u00ed, \u017ee satelitn\u00ed sn\u00edmky zachycuj\u00ed vra\u017ed\u011bn\u00ed lid\u00ed v Buchu u\u017e t\u00fddny.\u00a0Zaj\u00edmalo by m\u011b, m\u016f\u017ee MO \u0159\u00edci, zda tak\u00e9 vid\u011bli d\u016fkazy, kdy\u017e byli Rusov\u00e9 je\u0161t\u011b v Bu\u010di &#8211; z t\u011bl, masov\u00fdch hrob\u016f, dokazuj\u00edc\u00edch, \u017ee Rusov\u00e9 tyto popravy prov\u00e1d\u011bli?<br \/>\n<\/em><br \/>\n<em>PAN.\u00a0KIRBY: Jeffe, mysl\u00edm, \u017ee jsem o tom dnes mluvil.\u00a0Chci \u0159\u00edct, ur\u010dit\u011b jsme vid\u011bli spoustu stejn\u00fdch obr\u00e1zk\u016f, jak\u00e9 jste vid\u011bli vy.\u00a0S na\u0161imi ukrajinsk\u00fdmi partnery jsme samoz\u0159ejm\u011b v kontaktu.\u00a0Rozhodn\u011b nejsme v pozici, abychom vyvr\u00e1tili, \u017ee se tato zv\u011brstva odehr\u00e1la, \u017ee se stala v rozsahu, o kter\u00e9m Ukrajinci tvrdili, \u017ee ano, a \u017ee za to mohou Rusov\u00e9.\u00a0A mysl\u00edm, \u017ee to tak nech\u00e1m.&#8220;<\/em><\/p>\n<p><span>B\u011bhem tiskov\u00e9 konference Kirby odkazoval na obr\u00e1zky zobrazen\u00e9 v m\u00e9di\u00edch a na obvin\u011bn\u00ed z Kyjeva.\u00a0Ale ani jednou ne\u0159ekl, <strong>\u017ee Pentagon m\u00e1 sv\u00e9 vlastn\u00ed d\u016fkazy nebo zpravodajsk\u00e9 informace.<\/strong><\/span><\/p>\n<h3><span style=\"font-size: 18pt;\">Chronologie<\/span><\/h3>\n<p><span>Rusk\u00e1 arm\u00e1da evakuovala Bu\u010du 30. b\u0159ezna a <\/span><a href=\"https:\/\/www.anti-spiegel.ru\/2022\/warum-die-meldungen-ueber-angebliche-russische-kriegsverbrechen-in-butscha-eine-luege-sind\/\" target=\"_blank\" rel=\"noreferrer noopener\"><span>31. b\u0159ezna<\/span><\/a><span>\u00a0starosta Buchy s radost\u00ed ozn\u00e1mil osvobozen\u00ed m\u011bsta, ani\u017e by se zm\u00ednil o t\u011blech nebo \u00fadajn\u00e9m masakru.\u00a02. dubna se ukrajinsk\u00e1 policie p\u0159esunula do Bu\u010di a zdokumentovala zk\u00e1zu na <\/span><a href=\"https:\/\/www.anti-spiegel.ru\/2022\/ein-video-der-ukrainischen-polizei-bestaetigt-dass-es-in-butscha-kein-massaker-der-russischen-armee-gegeben-hat\/\" target=\"_blank\" rel=\"noreferrer noopener\"><span>osmiminutov\u00e9m videu<\/span><\/a><span>\u00a0a hovo\u0159ila s civilisty.\u00a0Znovu, t\u011bla nebyla uk\u00e1z\u00e1na na ulic\u00edch, ani se o nich nikdo z civilist\u016f nezm\u00ednil.\u00a0Rusk\u00e1 televize 4. dubna\u00a0<\/span><a href=\"https:\/\/www.anti-spiegel.ru\/2022\/wie-in-russland-ueber-die-ereignisse-in-butscha-berichtet-wird\/\" target=\"_blank\" rel=\"noreferrer noopener\"><span>odvys\u00edlala chaty z m\u011bsta<\/span><\/a><span> , kter\u00e9 si ka\u017ed\u00fd z\u00e1jemce s pot\u0159ebnou znalost\u00ed jazyka najde, a ani tam se po cel\u00e9 ty dny nemluvilo o masakru nebo mrtvol\u00e1ch v ulic\u00edch, \u0161lo o docela ban\u00e1ln\u00ed ot\u00e1zky v\u0161edn\u00edho dne.<\/span><\/p>\n<p><strong>Jak to, \u017ee des\u00edtky nebo v\u00edce t\u011bl le\u017eelo dva t\u00fddny v ulic\u00edch m\u011bsta, ani\u017e by to n\u011bkdo uk\u00e1zal nebo nahl\u00e1sil?\u00a0M\u00edsto toho byly n\u00e1sledn\u011b zve\u0159ejn\u011bny satelitn\u00ed sn\u00edmky, kter\u00e9 pr\u00fd byly po\u0159\u00edzeny v polovin\u011b b\u0159ezna a \u00fadajn\u011b ukazuj\u00ed mrtvoly p\u0159esn\u011b v m\u00edstech, kde je nyn\u00ed Ukrajina p\u0159edkl\u00e1d\u00e1 sv\u011btov\u00e9mu tisku.\u00a0Ale takov\u00e9 obr\u00e1zky lze snadno zfal\u0161ovat.<\/strong><\/p>\n<p><span>A ot\u00e1zkou z\u016fst\u00e1v\u00e1: jak moc je v\u011brohodn\u00e9, \u017ee lid\u00e9 nechali sv\u00e9 mrtv\u00e9 p\u0159\u00edbuzn\u00e9 dva t\u00fddny hn\u00edt na ulici, i kdy\u017e zl\u00ed Rusov\u00e9 u\u017e d\u00e1vno ode\u0161li?<\/span><\/p>\n<h3><span style=\"font-size: 18pt;\">Kdo st\u0159\u00edlel<\/span><\/h3>\n<p><span>P\u0159ipom\u00edn\u00e1m, \u017ee prvo\u0159ad\u00fdm c\u00edlem Ruska je odstranit Ukrajinu jako \u201eprotiruskou\u201c, jak to \u0159ekl Putin.\u00a0Aby toho bylo dosa\u017eeno, Rusko nesm\u00ed rozhn\u011bvat lid zem\u011b v\u00edce, ne\u017e je nevyhnuteln\u00e9 ve vojensk\u00e9 operaci.<\/span><\/p>\n<p><a href=\"https:\/\/www.anti-spiegel.ru\/2022\/melitopol-meine-zweite-reise-in-das-konfliktgebiet-in-der-ost-ukraine\/\" target=\"_blank\" rel=\"noreferrer noopener\"><span>S\u00e1m jsem nav\u0161t\u00edvil oblasti<\/span><\/a><span>\u00a0pod ruskou kontrolou a vid\u011bl jsem, jak se rusk\u00e1 humanit\u00e1rn\u00ed pomoc distribuuje v\u0161ude.\u00a0Pro novin\u00e1\u0159e to nebyla show rusk\u00e9 arm\u00e1dy, konvoje jsou vid\u011bt po cel\u00e9m Rusku a Ruskem kontrolovan\u00fdch ukrajinsk\u00fdch oblastech a lid\u00e9 \u0159\u00edkali, \u017ee konvoje p\u0159ij\u00ed\u017ed\u011bj\u00ed ka\u017ed\u00fd den a rozd\u00e1vaj\u00ed to nejnutn\u011bj\u0161\u00ed.<\/span><\/p>\n<p><span>Nesed\u00ed to s t\u00edm, \u017ee Rusko naopak na soudn\u00ed p\u0159\u00edkaz lidi prost\u011b st\u0159\u00edl\u00ed a mrtvoly nech\u00e1v\u00e1 cel\u00e9 t\u00fddny bezstarostn\u011b hn\u00edt na ulic\u00edch.\u00a0Nav\u00edc, jak m\u016f\u017eete vid\u011bt z fotografi\u00ed, mnoho z t\u011bchto lid\u00ed nos\u00ed b\u00edl\u00e9 p\u00e1sky.<\/span><\/p>\n<p><span>Ru\u0161t\u00ed voj\u00e1ci nos\u00ed b\u00edl\u00e9 p\u00e1sky jako identifikaci, zat\u00edmco ukrajin\u0161t\u00ed voj\u00e1ci nos\u00ed modr\u00e9 p\u00e1sky.\u00a0Mrtv\u00ed jsou tedy s nejv\u011bt\u0161\u00ed pravd\u011bpodobnost\u00ed ru\u0161t\u00ed p\u0159\u00edznivci.\u00a0Pro\u010d by ru\u0161t\u00ed voj\u00e1ci st\u0159\u00edleli do lid\u00ed, kte\u0159\u00ed se identifikuj\u00ed jako p\u0159\u00edznivci Ruska?<\/span><\/p>\n<p><span>Objevilo se tak\u00e9 video, kter\u00e9 ukazuje, jak se do Bu\u010di st\u011bhuje skupina z nacistick\u00e9ho odd\u011blen\u00ed. Tam je jasn\u011b sly\u0161et voj\u00e1ka, kter\u00fd se pt\u00e1 sv\u00fdch nad\u0159\u00edzen\u00fdch, jestli m\u016f\u017ee st\u0159\u00edlet lidi bez ukrajinsk\u00fdch p\u00e1sek, co\u017e m\u00e1 n\u00e1sledn\u011b povoleno.<\/span><\/p>\n<p><span>Radik\u00e1ln\u00ed s\u00edly na Ukrajin\u011b nesn\u00e1\u0161\u00ed v\u0161echny mu\u017ee ve vojensk\u00e9m v\u011bku za to, \u017ee se nep\u0159ihl\u00e1sili dobrovoln\u011b do takzvan\u00fdch organizac\u00ed pro obranu \u00fazem\u00ed.\u00a0Tyto jednotky jsou v\u0161eobecnou mobilizac\u00ed, kterou lze p\u0159irovnat k Volkssturmu v z\u00e1v\u011bre\u010dn\u00e9 f\u00e1zi T\u0159et\u00ed \u0159\u00ed\u0161e.<\/span><\/p>\n<p><span>Podle v\u0161eho, co se v\u00ed, za mrtv\u00e9 v Bu\u010du mohou nacistick\u00e1 vojska, kter\u00e1 \u0161\u00ed\u0159\u00ed strach na Ukrajin\u011b. S\u00e1m jsem tento strach za\u017eil p\u0159i sv\u00fdch n\u00e1v\u0161t\u011bv\u00e1ch ji\u017en\u00ed Ukrajiny, kdy mnoho lid\u00ed prosilo rusk\u00e9 voj\u00e1ky, aby neodch\u00e1zeli v obav\u011b z pomsty nacistick\u00fdch prapor\u016f.\u00a0<\/span><a href=\"https:\/\/www.anti-spiegel.ru\/2022\/meine-erste-reise-in-das-konfliktgebiet-in-der-ost-ukraine\/\" target=\"_blank\" rel=\"noreferrer noopener\"><span>Nespo\u010det lid\u00ed<\/span><\/a><span> mi to samo \u0159eklo .<\/span><\/p>\n<\/div>\n<p><strong>Thomas R\u00f6per<\/strong><\/p>\n<p>&nbsp;<\/p>\n<p>&nbsp;<\/p>\n","protected":false},"excerpt":{"rendered":"<p>Satelitn\u00ed sn\u00edmky jsou uv\u00e1d\u011bny jako kone\u010dn\u00fd d\u016fkaz \u00fadajn\u00e9ho masakru rusk\u00e9 arm\u00e1dy v Bu\u010di, ale jsou&#8230;<\/p>\n","protected":false},"author":2,"featured_media":2010,"comment_status":"closed","ping_status":"closed","sticky":false,"template":"","format":"standard","meta":[],"categories":[7],"tags":[2102,397,380,26],"_links":{"self":[{"href":"https:\/\/www.infokuryr.cz\/n\/wp-json\/wp\/v2\/posts\/9333"}],"collection":[{"href":"https:\/\/www.infokuryr.cz\/n\/wp-json\/wp\/v2\/posts"}],"about":[{"href":"https:\/\/www.infokuryr.cz\/n\/wp-json\/wp\/v2\/types\/post"}],"author":[{"embeddable":true,"href":"https:\/\/www.infokuryr.cz\/n\/wp-json\/wp\/v2\/users\/2"}],"replies":[{"embeddable":true,"href":"https:\/\/www.infokuryr.cz\/n\/wp-json\/wp\/v2\/comments?post=9333"}],"version-history":[{"count":0,"href":"https:\/\/www.infokuryr.cz\/n\/wp-json\/wp\/v2\/posts\/9333\/revisions"}],"wp:featuredmedia":[{"embeddable":true,"href":"https:\/\/www.infokuryr.cz\/n\/wp-json\/wp\/v2\/media\/2010"}],"wp:attachment":[{"href":"https:\/\/www.infokuryr.cz\/n\/wp-json\/wp\/v2\/media?parent=9333"}],"wp:term":[{"taxonomy":"category","embeddable":true,"href":"https:\/\/www.infokuryr.cz\/n\/wp-json\/wp\/v2\/categories?post=9333"},{"taxonomy":"post_tag","embeddable":true,"href":"https:\/\/www.infokuryr.cz\/n\/wp-json\/wp\/v2\/tags?post=9333"}],"curies":[{"name":"wp","href":"https:\/\/api.w.org\/{rel}","templated":true}]}}