{"id":93326,"date":"2025-11-28T07:23:54","date_gmt":"2025-11-28T06:23:54","guid":{"rendered":"https:\/\/www.infokuryr.cz\/n\/?p=93326"},"modified":"2025-11-28T07:51:30","modified_gmt":"2025-11-28T06:51:30","slug":"marek-adam-kdyz-demokracie-nedostacuje-aneb-politicti-vezni-dneska","status":"publish","type":"post","link":"https:\/\/www.infokuryr.cz\/n\/2025\/11\/28\/marek-adam-kdyz-demokracie-nedostacuje-aneb-politicti-vezni-dneska\/","title":{"rendered":"Marek Adam: Kdy\u017e demokracie &#8222;nedosta\u010duje&#8220; aneb Politi\u010dt\u00ed v\u011bzni dne\u0161ka"},"content":{"rendered":"<div id=\"fb-root\"><\/div>\n<p><strong>Sou\u010dasn\u00fd re\u017eim se ve sv\u00e9 zvr\u00e1cenosti a \u201ekrimin\u00e1ln\u00ed praxi\u201c a\u017e doned\u00e1vna ohrazoval jedin\u00fdm alibi, a t\u00edm byla tzv. svoboda slova. Tou m\u011blo b\u00fdt v polistopadov\u00e9 historii na\u0161\u00ed zem\u011b omlouv\u00e1no v\u0161e, co se &#8222;nepovedlo&#8220; ve v\u0161em ostatn\u00edm.\u00a0<\/strong><\/p>\n<p>Tzv. demokracie (za n\u00ed\u017e se v\u0161ak skr\u00fdval jen dickensovsk\u00fd &#8222;liber\u00e1ln\u00ed&#8220; kapitalismus) n\u00e1s dennodenn\u011b po dlouh\u00e1 l\u00e9ta utvrzovala v tom, \u017ee &#8222;kr\u00e1st se sm\u00ed, ale tato v\u00fdsada pat\u0159\u00ed jen n\u011bkomu vybran\u00e9mu&#8220;&#8230;<\/p>\n<p>Jak kdysi ve sv\u00e9 eseji\u00a0<em>Lumpenbur\u017eoazie a vy\u0161\u0161\u00ed duchovn\u00ed pravda<\/em>\u00a0z devades\u00e1t\u00fdch let 20. stolet\u00ed napsal filosof Karel Kos\u00edk:\u00a0<em>&#8222;Rozd\u00edl mor\u00e1ln\u00edho a nemor\u00e1ln\u00edho miz\u00ed, pova\u017euje se za sm\u011b\u0161n\u00fd p\u0159e\u017eitek minulosti. M\u016f\u017ee\u0161 b\u00fdt kari\u00e9rista, lump, pedofil, k\u0159iv\u00e1k, zbab\u011blec, ale voz\u00ed\u0161-li se v mercedesu, uctiv\u011b p\u0159ed tebou smekaj\u00ed a dve\u0159e m\u00e1\u0161 otev\u0159en\u00e9.&#8220;\u00a0<\/em><\/p>\n<p>Jejich posledn\u00ed &#8222;alibi&#8220;, za kter\u00e9 se kapitalist\u00e9 p\u0159i sv\u00e9m obludn\u00e9m pokrytectv\u00ed schov\u00e1vali, zn\u011blo v tom smyslu, \u017ee &#8222;p\u0159eci tu ale m\u00e1te svobodu slova&#8220;!<\/p>\n<p>Ov\u0161em u\u017e ani to dnes neplat\u00ed! Svobodu slova tu prost\u011b nem\u00e1me. Stejn\u011b jako nem\u00e1me svobodu ekonomickou.<\/p>\n<p>Jak svobodn\u00fd m\u016f\u017ee b\u00fdt nap\u0159\u00edklad otrok, jen\u017e je spout\u00e1n hrozbou ztr\u00e1ty zam\u011bstn\u00e1n\u00ed a okovy hypot\u00e9k?<\/p>\n<h3><strong>Politi\u010dt\u00ed v\u011bzni se st\u00e1vaj\u00ed \u201enovou normalitou\u201c\u00a0 <\/strong><\/h3>\n<p>Ale poj\u010fme k aktu\u00e1ln\u00edmu stavu svobody (\u010di sp\u00ed\u0161e nesvobody) slova. K dne\u0161n\u00edmu datu monitorujeme v \u010cesk\u00e9 republice minim\u00e1ln\u011b 150 dolo\u017een\u00fdch p\u0159\u00edpad\u016f, kdy je n\u011bkdo postihov\u00e1n, odsouzen \u010di p\u0159\u00edmo v\u011bzn\u011bn za projeven\u00ed sv\u00e9ho politick\u00e9ho n\u00e1zoru. Nehled\u011b na skute\u010dnost, \u017ee ob\u011bti novodob\u00fdch politick\u00fdch proces\u016f jsou vyhazov\u00e1ny z pr\u00e1ce, a tud\u00ed\u017e jsou likvidov\u00e1ny i\u00a0ekonomicky.<\/p>\n<p>D\u011bje se tak v prost\u0159ed\u00ed, v n\u011bm\u017e jedni (sd\u00edlej\u00edc\u00ed &#8222;spr\u00e1vn\u00fd&#8220; ofici\u00e1ln\u00ed provl\u00e1dn\u00ed n\u00e1zor) mohou sv\u00e9voln\u011b dehonestovat a n\u00e1lepkovat sv\u00e9 spoluob\u010dany, naru\u0161ovat jejich povolen\u00e9 a \u0159\u00e1dn\u011b ohl\u00e1\u0161en\u00e9 akce, pou\u017e\u00edvat kryptofa\u0161istick\u00e9 symboly, av\u0161ak policie \u010cR nekon\u00e1 a d\u011bl\u00e1, \u017ee &#8222;p\u0159inejmen\u0161\u00edm nevid\u00ed a nesly\u0161\u00ed&#8220;.<\/p>\n<p>A pak tu m\u00e1me druhou skupinu \u2013 ob\u010dany nesd\u00edlej\u00edc\u00ed ofici\u00e1ln\u00ed v\u011bt\u0161inov\u00fd pohled spole\u010dnosti &#8211; a tato skupina lid\u00ed je protipr\u00e1vn\u011b kriminalizov\u00e1na, ostrakizov\u00e1na, diskriminov\u00e1na a souzena, a to t\u0159eba jen za projeven\u00ed nez\u00e1visl\u00e9ho kritick\u00e9ho my\u0161len\u00ed \u010di v\u011bdeck\u00e9 metodick\u00e9 skepse. Tito lid\u00e9 jsou odsuzov\u00e1ni \u010desk\u00fdmi soudy jako &#8222;novodob\u00ed zlo\u010dinci&#8220;. Velmi \u010dasto se tak d\u011bje bez p\u0159ihl\u00e9dnut\u00ed k d\u016fkazn\u00edm materi\u00e1l\u016fm, je\u017e \u010desk\u00fd soud zkr\u00e1tka &#8222;nebere v potaz&#8220;.<\/p>\n<p><strong>\u017dijeme tedy v dvoj\u00edm pr\u00e1vn\u00edm prost\u0159ed\u00ed &#8222;zpolitizovan\u00e9&#8220; justice, kdy v \u010cR existuj\u00ed dv\u011b kasty ob\u010dan\u016f, na n\u011b\u017e je uplat\u0148ov\u00e1n odporn\u00fd dvoj\u00ed metr.\u00a0<\/strong><\/p>\n<p><strong>Je v\u0161ak takov\u00e1 situace pr\u00e1vn\u011b, mor\u00e1ln\u011b a lidsky v\u016fbec akceptovateln\u00e1? Pro\u010d dnes nezn\u011bj\u00ed hlasy tzv. ochr\u00e1nc\u016f lidsk\u00fdch pr\u00e1v? Jejich zbab\u011bl\u00e9 ml\u010den\u00ed v t\u00e9to v\u011bci pova\u017euji za akt jejich odporn\u00e9ho pokrytectv\u00ed.\u00a0<\/strong><\/p>\n<h3><strong>Odsouzenci Martina Bedn\u00e1\u0159ov\u00e1 a Zden\u011bk Milata \u2013 Co maj\u00ed spole\u010dn\u00e9ho? Jsou antifa\u0161ist\u00e9 a nejsou protiru\u0161t\u00ed! <\/strong><\/h3>\n<p>Ve\u0159ejn\u00fdm medi\u00e1ln\u00edm prost\u0159ed\u00edm ji\u017e del\u0161\u00ed dobu rezonuj\u00ed 2 \u201eexempl\u00e1rn\u00ed\u201c kauzy. V podstat\u011b se jedn\u00e1 o politick\u00e9 procesy proti nepohodln\u00fdm lidem, kte\u0159\u00ed dali najevo sv\u016fj nesouhlas s fa\u0161istick\u00fdm \u201ekyjevsk\u00fdm\u201c re\u017eimem na Ukrajin\u011b.<\/p>\n<p>P\u0159\u00edpad pan\u00ed u\u010ditelky Martiny Bedn\u00e1\u0159ov\u00e9 se zd\u00e1 b\u00fdt lidem v \u010cR ji\u017e notoricky zn\u00e1m\u00fd. D\u016fkazy pan\u00ed u\u010ditelky (zcela nepochopiteln\u011b) soud odm\u00edtl vz\u00edt na v\u011bdom\u00ed. Co je v\u0161ak na kauze Martiny Bedn\u00e1\u0159ov\u00e9 aktu\u00e1ln\u011b nejv\u00edce zar\u00e1\u017eej\u00edc\u00ed? Skute\u010dnost, s jak\u00fdm od\u016fvodn\u011bn\u00edm byl formulov\u00e1n jej\u00ed rozsudek. Soud odsouzen\u00ed M. Bedn\u00e1\u0159ov\u00e9 zd\u016fvodnil t\u00edm, \u017ee se jej\u00ed (tehdej\u0161\u00ed) interpretace d\u011bn\u00ed na Ukrajin\u011b vlastn\u011b li\u0161ila od (tehdej\u0161\u00edho) v\u011bt\u0161inov\u00e9ho n\u00e1zoru. Znamen\u00e1 to snad, \u017ee o tom, co je spole\u010densky p\u0159ijateln\u00e1 definice pravdy, rozhoduje moment\u00e1ln\u00ed \u201est\u00e1dn\u00ed\u201c n\u00e1zor davu?<\/p>\n<p>Dal\u0161\u00ed ob\u011bt\u00ed honu na antifa\u0161isty se stal komunista Zden\u011bk Milata. Ten byl souzen za to, \u017ee byl \u201enevhodn\u011b oble\u010den\u201c, kdy\u017e demonstroval proti neonacistick\u00e9mu pluku AZOV s transparentem, na n\u011bm\u017e byl p\u0159e\u0161krtnut\u00fd znak AZOVU &#8211; jako symbol odporu v\u016f\u010di tomuto neonacistick\u00e9mu pluku. Jak\u00e9 oble\u010den\u00ed m\u011bl p\u0159i demonstraci Zden\u011bk Milata na sob\u011b? A \u010deho v\u0161eho se m\u011bl Z. Milata \u00fadajn\u011b dopustit, mimo jin\u00e9 nap\u0159. i svou n\u00e1v\u0161t\u011bvou Rusk\u00e9 federace?<\/p>\n<p><em>\u201eJsem vinen t\u00edm, \u017ee jsem na demonstraci dne 31.\u00a0\u010dervence\u00a02024 proti nacist\u016fm pluku Azov m\u011bl na sob\u011b tri\u010dko s b\u00e1bu\u0161kou Annou dr\u017e\u00edc\u00ed Sov\u011btskou vlajku, za n\u00ed\u017e byl plamen ve tvaru p\u00edsmene \u00bbZ\u00ab, d\u00e1le \u017ee jsem fotku ze shrom\u00e1\u017ed\u011bn\u00ed dal na internet a pak \u017ee jsem na politick\u00e9 str\u00e1nce na Facebooku ve\u0159ejn\u011b prezentoval p\u0159\u00edsp\u011bvek \u00bbPozdrav do Fialova fa\u0161istick\u00e9ho protektor\u00e1tu pro Raku\u0161anovu politickou policii\u00ab s fotkou u zdi na Krymu v Jalt\u011b, kde za mnou byla zobrazena samotn\u00e1 postava b\u00e1bu\u0161ky Anny dr\u017e\u00edc\u00ed v rukou Sov\u011btsk\u00fd prapor. Podot\u00fdk\u00e1m, \u017ee jsem odpov\u011bdn\u00fd za to, \u017ee jsem to nesmazal, proto\u017ee jsem to tam nenahr\u00e1l, v Rusk\u00e9 federaci je z rozhodnut\u00ed soudu Facebook blokovan\u00fd.\u201c<\/em><\/p>\n<p><em>&#8230;<\/em><\/p>\n<h4><em>\u201eDostal jsem p\u0159\u00edsn\u011bj\u0161\u00ed trest, ne\u017e se u n\u00e1s d\u00e1v\u00e1 za zn\u00e1siln\u011bn\u00ed.\u201c <\/em><\/h4>\n<p><strong>(Zden\u011bk Milata \u2013 z rozhovoru pro web IportaL24.cz)<\/strong><\/p>\n<p><img decoding=\"async\" loading=\"lazy\" class=\"wp-image-93327 aligncenter\" src=\"http:\/\/www.infokuryr.cz\/n\/wp-content\/uploads\/2025\/11\/Milata-Z..jpg\" alt=\"\" width=\"419\" height=\"419\" srcset=\"https:\/\/www.infokuryr.cz\/n\/wp-content\/uploads\/2025\/11\/Milata-Z..jpg 225w, https:\/\/www.infokuryr.cz\/n\/wp-content\/uploads\/2025\/11\/Milata-Z.-150x150.jpg 150w\" sizes=\"(max-width: 419px) 100vw, 419px\" \/><\/p>\n<p>ZDROJ: <a href=\"https:\/\/iportal24.cz\/featured\/zdenek-milata-odsouzeny-v-politickem-procesu-dostal-jsem-prisnejsi-trest-nez-se-u-nas-dava-za-znasilneni\/\">https:\/\/iportal24.cz\/featured\/zdenek-milata-odsouzeny-v-politickem-procesu-dostal-jsem-prisnejsi-trest-nez-se-u-nas-dava-za-znasilneni\/<\/a><\/p>\n<h3><strong>Sign\u00e1l pro \u010deskou spole\u010dnost: Evropa se nebezpe\u010dn\u011b fa\u0161izuje! <\/strong><\/h3>\n<p>Jak\u00fd tato kauza vys\u00edl\u00e1 sign\u00e1l sm\u011brem k \u010desk\u00e9mu pr\u00e1vn\u00edmu v\u011bdom\u00ed? \u017de sou\u010dasn\u00fd vl\u00e1dnouc\u00ed re\u017eim v \u010cesk\u00e9 republice nepostihuje nap\u0159. ukrofa\u0161istick\u00e9 symboly, ale naopak trestn\u011b postihuje projevy antifa\u0161ismu, v\u010detn\u011b kriminalizov\u00e1n\u00ed jak\u00e9hokoli vyj\u00e1d\u0159en\u00ed podpory Rusk\u00e9 federaci, je\u017e na \u00fazem\u00ed b\u00fdval\u00e9 sov\u011btsk\u00e9 Ukrajiny dnes usiluje o \u201edenacifikaci\u201c a \u201edemilitarizaci\u201c.<\/p>\n<p>Posledn\u00ed \u201ekapkou\u201c je pak snaha o z\u00e1kaz propagace komunismu a komunistick\u00fdch my\u0161lenek. Zde bych cht\u011bl d\u016frazn\u011b p\u0159ipomenout, \u017ee komunisty v minulosti zakazovaly pr\u00e1v\u011b fa\u0161istick\u00e9 re\u017eimy.<\/p>\n<p>Znamen\u00e1 to snad, \u017ee \u010desk\u00e1 justice bude benevolentn\u011b tolerovat fa\u0161ismus, ale sou\u010dasn\u011b bude tvrd\u011b kriminalizovat komunismus? Opakuj\u00ed se n\u00e1m tu evropsk\u00e9 d\u011bjiny t\u0159ic\u00e1t\u00fdch let 20. stolet\u00ed? \u010cek\u00e1 n\u00e1s to, co potkalo komunisty a antifa\u0161isty v Evrop\u011b po n\u00e1stupu Hitlera? Lipsk\u00fd proces 2.0? Drang nach Osten 2.0? Evropsk\u00e1 unie coby \u010ctvrt\u00e1 \u0159\u00ed\u0161e?<\/p>\n<p>Ob\u00e1v\u00e1m se, \u017ee n\u00e1m ta na\u0161e milovan\u00e1 Evropa n\u011bjak nebezpe\u010dn\u011b \u201ehn\u011bdne\u201c&#8230;<\/p>\n<p><strong><em>\u201eJedin\u00e1 v\u011bc je nezbytn\u00e1 pro triumf zla. Aby dob\u0159\u00ed lid\u00e9 nic ned\u011blali.\u201c<\/em><\/strong><\/p>\n<p><strong><em>Kdo se nepou\u010d\u00ed z historie, je nucen ji pro\u017e\u00edt znovu.<\/em><\/strong><\/p>\n<p><em>Marek Adam<\/em><\/p>\n<p><img decoding=\"async\" loading=\"lazy\" class=\"alignnone size-full wp-image-62771\" src=\"http:\/\/www.infokuryr.cz\/n\/wp-content\/uploads\/2024\/09\/marek-adam.jpg\" alt=\"\" width=\"184\" height=\"224\" \/><\/p>\n","protected":false},"excerpt":{"rendered":"<p>Sou\u010dasn\u00fd re\u017eim se ve sv\u00e9 zvr\u00e1cenosti a \u201ekrimin\u00e1ln\u00ed praxi\u201c a\u017e doned\u00e1vna ohrazoval jedin\u00fdm alibi, a&#8230;<\/p>\n","protected":false},"author":2,"featured_media":93329,"comment_status":"closed","ping_status":"closed","sticky":false,"template":"","format":"standard","meta":[],"categories":[6],"tags":[5160,33,1503,10164,5205],"_links":{"self":[{"href":"https:\/\/www.infokuryr.cz\/n\/wp-json\/wp\/v2\/posts\/93326"}],"collection":[{"href":"https:\/\/www.infokuryr.cz\/n\/wp-json\/wp\/v2\/posts"}],"about":[{"href":"https:\/\/www.infokuryr.cz\/n\/wp-json\/wp\/v2\/types\/post"}],"author":[{"embeddable":true,"href":"https:\/\/www.infokuryr.cz\/n\/wp-json\/wp\/v2\/users\/2"}],"replies":[{"embeddable":true,"href":"https:\/\/www.infokuryr.cz\/n\/wp-json\/wp\/v2\/comments?post=93326"}],"version-history":[{"count":0,"href":"https:\/\/www.infokuryr.cz\/n\/wp-json\/wp\/v2\/posts\/93326\/revisions"}],"wp:featuredmedia":[{"embeddable":true,"href":"https:\/\/www.infokuryr.cz\/n\/wp-json\/wp\/v2\/media\/93329"}],"wp:attachment":[{"href":"https:\/\/www.infokuryr.cz\/n\/wp-json\/wp\/v2\/media?parent=93326"}],"wp:term":[{"taxonomy":"category","embeddable":true,"href":"https:\/\/www.infokuryr.cz\/n\/wp-json\/wp\/v2\/categories?post=93326"},{"taxonomy":"post_tag","embeddable":true,"href":"https:\/\/www.infokuryr.cz\/n\/wp-json\/wp\/v2\/tags?post=93326"}],"curies":[{"name":"wp","href":"https:\/\/api.w.org\/{rel}","templated":true}]}}