{"id":93321,"date":"2025-11-28T07:11:29","date_gmt":"2025-11-28T06:11:29","guid":{"rendered":"https:\/\/www.infokuryr.cz\/n\/?p=93321"},"modified":"2025-11-28T07:14:13","modified_gmt":"2025-11-28T06:14:13","slug":"orban-oznamil-dnesni-jednani-s-putinem-v-moskve","status":"publish","type":"post","link":"https:\/\/www.infokuryr.cz\/n\/2025\/11\/28\/orban-oznamil-dnesni-jednani-s-putinem-v-moskve\/","title":{"rendered":"Orb\u00e1n ozn\u00e1mil dne\u0161n\u00ed jedn\u00e1n\u00ed s Putinem v Moskv\u011b"},"content":{"rendered":"<div id=\"fb-root\"><\/div>\n<div class=\"news-text-body\">\n<h4 class=\"lead\"><strong><span dir=\"auto\">Ma\u010farsk\u00fd premi\u00e9r Viktor Orb\u00e1n ozn\u00e1mil, \u017ee v p\u00e1tek 28. listopadu doraz\u00ed do Moskvy na setk\u00e1n\u00ed s rusk\u00fdm prezidentem Vladimirem Putinem.<\/span><\/strong><\/h4>\n<p><span dir=\"auto\">Podle\u00a0<\/span><a href=\"https:\/\/www.reuters.com\/\" target=\"_blank\" rel=\"noopener\"><span dir=\"auto\">agentury Reuters<\/span><\/a><span dir=\"auto\">\u00a0ma\u010farsk\u00e1 strana pova\u017euje za hlavn\u00ed t\u00e9ma rozhovor\u016f nep\u0159eru\u0161en\u00e9 dod\u00e1vky ropy a plynu. B\u011bhem sch\u016fzky se v\u0161ak budou diskutovat i m\u00edrov\u00e9 iniciativy t\u00fdkaj\u00edc\u00ed se konfliktu na Ukrajin\u011b.<\/span><\/p>\n<p><a href=\"https:\/\/ria.ru\/20251127\/orban-2058124765.html\" target=\"_blank\" rel=\"noopener\"><span dir=\"auto\">Agentura RIA Novosti<\/span><\/a><span dir=\"auto\">\u00a0zase p\u00ed\u0161e, \u017ee s\u00e1m\u00a0<\/span><strong><span dir=\"auto\">Vladimir Putin<\/span><\/strong><span dir=\"auto\"> v odpov\u011bd\u00edch na ot\u00e1zky novin\u00e1\u0159\u016f v Bi\u0161keku potvrdil kontakty s Budape\u0161t\u00ed a hovo\u0159il o mo\u017en\u00e9 sch\u016fzce s ma\u010farsk\u00fdm premi\u00e9rem Viktorem Orb\u00e1nem v Moskv\u011b.<\/span><\/p>\n<p><span id=\"after_incut_1\"><\/span><span dir=\"auto\">Rusk\u00e1 hlava st\u00e1tu ozna\u010dila postoj ma\u010farsk\u00e9ho premi\u00e9ra za objektivn\u00ed a prohl\u00e1sila, \u017ee by se s n\u00edm r\u00e1da setkala.<\/span><\/p>\n<p><span dir=\"auto\">Jak informovala m\u00e9dia<\/span><span dir=\"auto\">\u00a0, ma\u010farsk\u00fd novin\u00e1\u0159\u00a0<\/span><strong><span dir=\"auto\">Szabolcs P\u00e1nyi<\/span><\/strong><span dir=\"auto\">\u00a0d\u0159\u00edve uvedl, \u017ee by se Putin a Orb\u00e1n mohli\u00a0<\/span><a href=\"https:\/\/eadaily.com\/ru\/news\/2025\/11\/25\/orban-v-pyatnicu-priletit-v-moskvu-k-putinu-insayd\" target=\"_blank\" rel=\"noopener\"><span dir=\"auto\">setkat v Moskv\u011b<\/span><\/a><span dir=\"auto\">\u00a0tento p\u00e1tek, 28. listopadu. Zdroj up\u0159esnil, \u017ee ho o tom informoval spolehliv\u00fd zdroj obezn\u00e1men\u00fd s podrobnostmi Orb\u00e1novy cesty do Ruska.<\/span><\/p>\n<h2>Orb\u00e1n: Militarismus EU ohro\u017euje bezpe\u010dnost kontinentu<br \/>\n<img decoding=\"async\" class=\"aligncenter\" src=\"https:\/\/img4.eadaily.com\/r650x650\/o\/351\/77aaa8ea62fb0c57c28851904abd3.jpeg\" \/><\/h2>\n<h4 class=\"lead\"><strong><span dir=\"auto\">Vedouc\u00ed p\u0159edstavitel\u00e9 Evropsk\u00e9 unie jsou n\u00e1chyln\u00ed k vlivu vlastn\u00ed militaristick\u00e9 propagandy, kter\u00e1 by mohla ohrozit bezpe\u010dnost cel\u00e9ho kontinentu. Ma\u010farsk\u00fd premi\u00e9r Viktor Orb\u00e1n to prohl\u00e1sil 27. listopadu.<\/span><\/strong><\/h4>\n<p><em><span dir=\"auto\">\u201eDalo by se tomu zasm\u00e1t, ale je to nejen alarmuj\u00edc\u00ed, je to nebezpe\u010dn\u00e9. &#8230; Brusel\u0161t\u00ed l\u00edd\u0159i podlehli vlivu vlastn\u00ed v\u00e1le\u010dn\u00e9 propagandy do takov\u00e9 m\u00edry, \u017ee to ohro\u017euje bezpe\u010dnost cel\u00e9ho kontinentu.\u201c<\/span><span class=\"after-quote\"><span dir=\"auto\">\u00a0\u2014 \u0159ekl.<\/span><\/span><\/em><span dir=\"auto\">Politik poznamenal, \u017ee v sou\u010dasn\u00e9 dob\u011b prob\u00edhaj\u00ed jedn\u00e1n\u00ed o mo\u017en\u00e9m \u0159e\u0161en\u00ed krize a hled\u00e1n\u00ed cest k m\u00edru a v eskalaci pokra\u010duj\u00ed pouze evrop\u0161t\u00ed z\u00e1stupci.<\/span><\/p>\n<p><em><span dir=\"auto\">\u201eAmeri\u010dan\u00e9 a Rusov\u00e9 jednaj\u00ed o budoucnosti, zat\u00edmco Brusel\u010dan\u00e9 stoj\u00ed na chodb\u011b a d\u00edvaj\u00ed se kl\u00ed\u010dovou d\u00edrkou.\u201c<\/span><span class=\"after-quote\"><span dir=\"auto\">\u00a0\u2013 \u0159ekl Orb\u00e1n.<\/span><\/span><\/em><span dir=\"auto\">Orb\u00e1n b\u011bhem sv\u00e9ho projevu prohl\u00e1sil, \u017ee pozice EU v mezin\u00e1rodn\u00ed diplomacii je nefunk\u010dn\u00ed.<\/span><\/p>\n<\/div>\n<div><img decoding=\"async\" loading=\"lazy\" class=\"alignnone size-full wp-image-1185\" src=\"http:\/\/www.infokuryr.cz\/n\/wp-content\/uploads\/2021\/04\/kuryr-podpis.png\" alt=\"\" width=\"84\" height=\"24\" \/><\/div>\n<div class=\"socials-wrapper socials-floating\">\n<div class=\"social-likes socials-visible socials-ready\" data-url=\"https:\/\/eadaily.com\/ru\/news\/2025\/11\/28\/orban-anonsiroval-peregovory-s-putinym-v-moskve-28-noyabrya\" data-title=\"\u041e\u0440\u0431\u0430\u043d \u0430\u043d\u043e\u043d\u0441\u0438\u0440\u043e\u0432\u0430\u043b \u043f\u0435\u0440\u0435\u0433\u043e\u0432\u043e\u0440\u044b \u0441\u00a0\u041f\u0443\u0442\u0438\u043d\u044b\u043c \u0432\u00a0\u041c\u043e\u0441\u043a\u0432\u0435 28\u00a0\u043d\u043e\u044f\u0431\u0440\u044f\">\n<div class=\"socials-widget socials-widget-vk\" title=\"Sd\u00edlet na VKontakte\"><\/div>\n<div class=\"socials-widget socials-widget-tw\" title=\"Sd\u00edlet na Twitteru\" data-via=\"eurasiadaily\"><\/div>\n<\/div>\n<\/div>\n","protected":false},"excerpt":{"rendered":"<p>Ma\u010farsk\u00fd premi\u00e9r Viktor Orb\u00e1n ozn\u00e1mil, \u017ee v p\u00e1tek 28. listopadu doraz\u00ed do Moskvy na setk\u00e1n\u00ed&#8230;<\/p>\n","protected":false},"author":2,"featured_media":93322,"comment_status":"closed","ping_status":"closed","sticky":false,"template":"","format":"standard","meta":[],"categories":[7],"tags":[246,439,102,1629],"_links":{"self":[{"href":"https:\/\/www.infokuryr.cz\/n\/wp-json\/wp\/v2\/posts\/93321"}],"collection":[{"href":"https:\/\/www.infokuryr.cz\/n\/wp-json\/wp\/v2\/posts"}],"about":[{"href":"https:\/\/www.infokuryr.cz\/n\/wp-json\/wp\/v2\/types\/post"}],"author":[{"embeddable":true,"href":"https:\/\/www.infokuryr.cz\/n\/wp-json\/wp\/v2\/users\/2"}],"replies":[{"embeddable":true,"href":"https:\/\/www.infokuryr.cz\/n\/wp-json\/wp\/v2\/comments?post=93321"}],"version-history":[{"count":1,"href":"https:\/\/www.infokuryr.cz\/n\/wp-json\/wp\/v2\/posts\/93321\/revisions"}],"predecessor-version":[{"id":93323,"href":"https:\/\/www.infokuryr.cz\/n\/wp-json\/wp\/v2\/posts\/93321\/revisions\/93323"}],"wp:featuredmedia":[{"embeddable":true,"href":"https:\/\/www.infokuryr.cz\/n\/wp-json\/wp\/v2\/media\/93322"}],"wp:attachment":[{"href":"https:\/\/www.infokuryr.cz\/n\/wp-json\/wp\/v2\/media?parent=93321"}],"wp:term":[{"taxonomy":"category","embeddable":true,"href":"https:\/\/www.infokuryr.cz\/n\/wp-json\/wp\/v2\/categories?post=93321"},{"taxonomy":"post_tag","embeddable":true,"href":"https:\/\/www.infokuryr.cz\/n\/wp-json\/wp\/v2\/tags?post=93321"}],"curies":[{"name":"wp","href":"https:\/\/api.w.org\/{rel}","templated":true}]}}