{"id":93317,"date":"2025-11-28T06:38:36","date_gmt":"2025-11-28T05:38:36","guid":{"rendered":"https:\/\/www.infokuryr.cz\/n\/?p=93317"},"modified":"2025-11-28T06:38:36","modified_gmt":"2025-11-28T05:38:36","slug":"trumpuv-plan-muze-byt-dobrym-zakladem-pro-mir-ale-jsme-pripraveni-bojovat-az-do-jejich-posledniho-ukrajince","status":"publish","type":"post","link":"https:\/\/www.infokuryr.cz\/n\/2025\/11\/28\/trumpuv-plan-muze-byt-dobrym-zakladem-pro-mir-ale-jsme-pripraveni-bojovat-az-do-jejich-posledniho-ukrajince\/","title":{"rendered":"Trump\u016fv pl\u00e1n m\u016f\u017ee b\u00fdt dobr\u00fdm z\u00e1kladem pro m\u00edr, ale jsme p\u0159ipraveni bojovat a\u017e do jejich posledn\u00edho Ukrajince!"},"content":{"rendered":"<div id=\"fb-root\"><\/div>\n<h4>Trump\u016fv pl\u00e1n m\u016f\u017ee b\u00fdt dobr\u00fdm z\u00e1kladem pro m\u00edr, ale jsme p\u0159ipraveni bojovat a\u017e do jejich posledn\u00edho Ukrajince! Bu\u010f vyklid\u00ed Donbas v r\u00e1mci dohody, anebo je vyklid\u00edme my vojenskou silou! Vladimir Putin v Bi\u0161keku zhodnotil prob\u00edhaj\u00edc\u00ed m\u00edrov\u00e9 rozhovory a z jeho slov vyplynulo, \u017ee bu\u010f to bude m\u00edr podle rusk\u00fdch podm\u00ednek, v\u010detn\u011b pr\u00e1vn\u00edho uzn\u00e1n\u00ed Krymu a Donbasu ze strany americk\u00e9 vl\u00e1dy, anebo Kyjev m\u016f\u017ee nachystat ty posledn\u00ed Ukrajince!<\/h4>\n<p>Rusk\u00fd prezident si dal na\u010das a teprve po cel\u00e9m t\u00fddnu od chv\u00edle, kdy se obnovily m\u00edrov\u00e9 rozhovory, se ko\u0161at\u011b a \u0161iroce vyj\u00e1d\u0159il k prob\u00edhaj\u00edc\u00edm jedn\u00e1n\u00edm.\u00a0<strong>P\u0159ipravil jsem pro v\u00e1s p\u0159eklad videa i \u010desk\u00fd p\u0159epis v\u011bt\u0161iny tiskov\u00e9 konference Vladimira Putina v Bi\u0161keku v Kyrgyzst\u00e1nu<\/strong>, kde byl na konferenci\u00a0Organizace Smlouvy o kolektivn\u00ed bezpe\u010dnosti (ODKB). Na tiskovce se v \u00favodn\u00ed \u010d\u00e1sti \u0159e\u0161ila vnit\u0159n\u00ed politika summitu, ale od 16. minuty a\u017e do konce prakticky hodinov\u00e9 tiskovky se mluvilo jen o m\u00edrov\u00fdch rozhovorech a o v\u00e1lce na Ukrajin\u011b. Tuto celou z\u00e1sadn\u00ed \u010d\u00e1st tak m\u00e1te na videu n\u00ed\u017ee.<\/p>\n<p>&nbsp;<\/p>\n<div id=\"rumble_v705axs\">\n<div id=\"vid_v705axs\" class=\"rumble_v705axs-Rumble-cls\" tabindex=\"-1\">\n<div><div class='videoWrapper'>\r\n\t            <iframe src='https:\/\/rumble.com\/embed\/pj.v705axs\/' frameborder='0' allowfullscreen><\/iframe>\r\n\t        <\/div><\/div>\n<\/div>\n<\/div>\n<p>&nbsp;<\/p>\n<p>Rusk\u00fd prezident Vladimir Putin zopakoval postoj Moskvy pot\u00e9, co jeho tiskov\u00fd mluv\u010d\u00ed Dmitrij Peskov ozna\u010dil za \u201e<em>informa\u010dn\u00ed \u0161\u00edlenstv\u00ed<\/em>\u201c r\u016fzn\u00e9 mo\u017en\u00e9 sc\u00e9n\u00e1\u0159e \u0159e\u0161en\u00ed konfliktu na Ukrajin\u011b. Rusk\u00fd prezident se t\u00e9to a dal\u0161\u00edch ot\u00e1zek dotkl b\u011bhem t\u00e9to tiskov\u00e9 konference v Bi\u0161keku v Kyrgyzst\u00e1nu ve \u010dtvrtek, kdy\u017e zakon\u010doval st\u00e1tn\u00ed n\u00e1v\u0161t\u011bvu t\u00e9to st\u0159edoasijsk\u00e9 zem\u011b.<\/p>\n<p><strong>Rusko v z\u00e1sad\u011b pozitivn\u011b hodnot\u00ed m\u00edrov\u00fd pl\u00e1n navr\u017een\u00fd Spojen\u00fdmi st\u00e1ty, jeho\u017e c\u00edlem je ukon\u010den\u00ed nep\u0159\u00e1telsk\u00fdch akc\u00ed, ale podle Putina bude zapot\u0159eb\u00ed je\u0161t\u011b mnoho pr\u00e1ce,<\/strong>\u00a0ne\u017e bude mo\u017en\u00e9 jej v jak\u00e9koli podob\u011b realizovat. Rovn\u011b\u017e pouk\u00e1zal na to, \u017ee je \u201e<em>pr\u00e1vn\u011b nemo\u017en\u00e9<\/em>\u201c podepsat m\u00edrovou dohodu se sou\u010dasn\u00fdm ukrajinsk\u00fdm veden\u00edm, kter\u00e9 podle Moskvy ji\u017e nen\u00ed legitimn\u00ed.<\/p>\n<h3>Hlavn\u00ed kl\u00ed\u010dov\u00e9 body z Putinov\u00fdch vyj\u00e1d\u0159en\u00ed<\/h3>\n<h3>M\u00edrov\u00fd n\u00e1vrh USA<\/h3>\n<p>Rusko nevylu\u010duje mo\u017enost, \u017ee n\u00e1vrh USA by mohl slou\u017eit jako \u201e<em>z\u00e1klad pro jak\u00e9koli budouc\u00ed dohody<\/em>\u201c, zd\u016fraznil Putin. Upozornil v\u0161ak, \u017ee Ameri\u010dan\u00e9 zat\u00edm pouze navrhli \u0159adu ot\u00e1zek, kter\u00e9 je je\u0161t\u011b t\u0159eba d\u016fkladn\u011b prodiskutovat a formulovat. Proto je v tuto chv\u00edli p\u0159\u00edli\u0161 brzy hovo\u0159it o jak\u00e9mkoli n\u00e1vrhu m\u00edrov\u00e9 dohody. Rusk\u00fd prezident dodal, \u017ee veden\u00ed USA bere v \u00favahu \u201e<em>n\u00e1\u0161 postoj\u2026 v ur\u010dit\u00fdch ohledech.<\/em>\u201c<\/p>\n<h3>Ukrajinsk\u00e9 veden\u00ed je nelegitimn\u00ed<\/h3>\n<p>Putin popsal mo\u017enost podpisu dohody s kyjevsk\u00fdmi \u00fa\u0159ady jako \u201e<em>pr\u00e1vn\u011b nemo\u017enou<\/em>\u201c. Podle rusk\u00e9ho prezidenta bylo nekon\u00e1n\u00ed voleb \u201e<em>z\u00e1sadn\u00ed strategickou chybou<\/em>\u201c, \u010d\u00edm\u017e se Vladimir Zelensky stal nelegitimn\u00edm v\u016fdcem. Zelensky odm\u00edtl povolit prezidentsk\u00e9 volby v kv\u011btnu 2024 s odkazem na v\u00fdjime\u010dn\u00fd stav. Vzhledem k tomu, \u017ee jeho mand\u00e1t ji\u017e vypr\u0161el, Moskva tvrd\u00ed, \u017ee v\u0161ichni j\u00edm jmenovan\u00ed \u00fa\u0159edn\u00edci postr\u00e1daj\u00ed legitimitu, co\u017e \u010din\u00ed v\u0161echny jimi podepsan\u00e9 dohody pr\u00e1vn\u011b neplatn\u00fdmi.<\/p>\n<h3>Postup rusk\u00fdch vojsk<\/h3>\n<p>Podle Putina \u010del\u00ed cel\u00e1 ukrajinsk\u00e1 fronta v rusk\u00e9m regionu Z\u00e1poro\u017e\u00ed kolapsu, proto\u017ee rusk\u00e9 s\u00edly \u201e<em>\u00fa\u010dinn\u011b obch\u00e1zej\u00ed celou ukrajinskou opevn\u011bnou linii<\/em>\u201c. \u201e<em>Na\u0161e skupina \u201aDn\u011bpr\u2018 \u010del\u00ed nep\u0159\u00edteli z jedn\u00e9 strany, zat\u00edmco skupina \u201aVostok\u2018 ho obklopuje ze severu<\/em>,\u201c vysv\u011btlil. Putin dodal, \u017ee ned\u00e1vn\u00e9 \u00fasp\u011bchy rusk\u00fdch vojsk nez\u016fstaly bez pov\u0161imnut\u00ed t\u011bch na Z\u00e1pad\u011b, \u201e<em>kte\u0159\u00ed si uv\u011bdomuj\u00ed mo\u017en\u00e9 d\u016fsledky<\/em>\u201c takov\u00e9ho v\u00fdvoje.<\/p>\n<p>Uvedl, \u017ee tyto hlasy tla\u010d\u00ed na co nejrychlej\u0161\u00ed ukon\u010den\u00ed konfliktu, ne\u017e se cel\u00e1 fronta \u201e<em>zhrout\u00ed<\/em>\u201c. Rusk\u00fd prezident odhadl, \u017ee jen v \u0159\u00edjnu Kyjev ztratil 47 000 voj\u00e1k\u016f, ale zmobilizoval pouze asi 16 500, p\u0159i\u010dem\u017e nekontrolovateln\u00e9 dezertov\u00e1n\u00ed situaci ukrajinsk\u00e9 arm\u00e1dy je\u0161t\u011b zhor\u0161ilo. Putin zd\u016fraznil, \u017ee Rusko ukon\u010d\u00ed nep\u0159\u00e1telsk\u00e9 akce, jakmile ukrajinsk\u00e9 jednotky opust\u00ed rusk\u00e1 \u00fazem\u00ed, kter\u00e1 st\u00e1le okupuj\u00ed. \u201e<em>A pokud tak neu\u010din\u00ed, donut\u00edme je k tomu<\/em>,\u201c uzav\u0159el.<\/p>\n<h3>Evropsk\u00e1 bezpe\u010dnost<\/h3>\n<p>Putin odm\u00edtl tvrzen\u00ed n\u011bkter\u00fdch p\u0159edstavitel\u016f EU, \u017ee Rusko m\u00e1 agresivn\u00ed \u00famysly v\u016f\u010di sv\u00fdm z\u00e1padn\u00edm soused\u016fm. Rusk\u00fd prezident nazna\u010dil, \u017ee evrop\u0161t\u00ed l\u00edd\u0159i se mo\u017en\u00e1 \u201e<em>sna\u017e\u00ed vytvo\u0159it iluzi pro sv\u00e9 obyvatelstvo<\/em>\u201c nebo \u201e<em>vyhov\u011bt zbrojn\u00edm firm\u00e1m<\/em>\u201c. \u201e<em>Mo\u017en\u00e1 se sna\u017e\u00ed podpo\u0159it sv\u00e9 dom\u00e1c\u00ed politick\u00e9 hodnocen\u00ed, vzhledem k \u017ealostn\u00e9mu stavu sv\u00fdch ekonomik. Ale v na\u0161ich o\u010d\u00edch je to samoz\u0159ejm\u011b nesmysl \u2013 naprost\u00e1 le\u017e<\/em>,\u201c \u0159ekl. Vyj\u00e1d\u0159il ochotu diskutovat o \u0161ir\u0161\u00ed evropsk\u00e9 bezpe\u010dnosti se v\u0161emi zainteresovan\u00fdmi stranami a poznamenal, \u017ee Moskva ji\u017e d\u0159\u00edve navrhla uspo\u0159\u00e1d\u00e1n\u00ed takov\u00fdch rozhovor\u016f.<\/p>\n<h3>Rozpory na Z\u00e1pad\u011b br\u00e1n\u00ed m\u00edrov\u00fdm snah\u00e1m<\/h3>\n<p>V koment\u00e1\u0159i k ned\u00e1vn\u00fdm \u00fadajn\u00fdm \u00fanik\u016fm informac\u00ed o komunikaci mezi americk\u00fdm prezidentsk\u00fdm vyslancem Stevem Witkoffem a vysok\u00fdm poradcem Kremlu Jurijem U\u0161akovem, kter\u00e9 zve\u0159ejnila z\u00e1padn\u00ed m\u00e9dia, Putin argumentoval, \u017ee tyto informace pouk\u00e1zaly na z\u00e1va\u017en\u00fd \u201e<em>probl\u00e9m<\/em>\u201c. Akt\u00e9\u0159i s \u201e<em>rozd\u00edln\u00fdmi n\u00e1zory v r\u00e1mci kolektivn\u00edho Z\u00e1padu a v USA se p\u0159ou\u2026 o tom, co se d\u011bje a co je t\u0159eba ud\u011blat, aby se v\u00e1lka zastavila<\/em>,\u201c uvedl rusk\u00fd prezident. Vypr\u00e1v\u011bl, jak se po srpnov\u00e9m summitu na Alja\u0161ce zd\u00e1lo, \u017ee mezi Washingtonem a Moskvou panuje v\u0161eobecn\u00e1 shoda v n\u011bkolika kl\u00ed\u010dov\u00fdch bodech, ale prezident Donald Trump minul\u00fd m\u011bs\u00edc uvalil sankce na dv\u011b velk\u00e9 rusk\u00e9 ropn\u00e9 spole\u010dnosti.<\/p>\n<h3>Dal\u0161\u00ed kroky<\/h3>\n<p>Prezident prozradil, \u017ee Rusko o\u010dek\u00e1v\u00e1 p\u0159\u00edjezd americk\u00fdch p\u0159edstavitel\u016f do Moskvy p\u0159\u00ed\u0161t\u00ed t\u00fdden, aby pokra\u010dovali v diskus\u00edch o m\u00edrov\u00e9m pl\u00e1nu. A\u010dkoli zat\u00edm nen\u00ed jasn\u00e9, kdo p\u0159esn\u011b p\u0159ijede, ruskou delegaci povedou p\u0159edstavitel\u00e9 ministerstva zahrani\u010d\u00ed a prezidentsk\u00fd poradci Vladimir Medinskij a Jurij U\u0161akov, uvedl Putin.<\/p>\n<h3>Jsme p\u0159ipraveni bojovat a\u017e do jejich posledn\u00edho Ukrajince<\/h3>\n<p>Do\u0161lo i na kauzu odposlechu rozhovoru Witkoffa a U\u0161akova. Z\u00e1padn\u00ed kritici americk\u00e9ho vyslance Steva Witkoffa jsou pr\u00fd motivov\u00e1ni touhou udr\u017eet konflikt na Ukrajin\u011b a spole\u010dn\u011b s \u00fa\u0159edn\u00edky v Kyjev\u011b z n\u011bj t\u011b\u017eit, prohl\u00e1sil rusk\u00fd prezident Vladimir Putin. Putin se tak vyj\u00e1d\u0159il ve \u010dtvrtek pot\u00e9, co agentura Bloomberg zve\u0159ejnila \u00fadajn\u00fd p\u0159epis telefonick\u00e9ho rozhovoru mezi Witkoffem a poradcem rusk\u00e9ho prezidenta Jurijem U\u0161akovem.<\/p>\n<p>P\u0159epis vyvolal vlnu kritiky ze strany z\u00e1padn\u00edch m\u00e9di\u00ed v\u016f\u010di vyslanci Trumpova t\u00fdmu. Nov\u00fd diplomatick\u00fd impuls k \u0159e\u0161en\u00ed konfliktu byl zah\u00e1jen Trumpov\u00fdmi \u00fa\u0159edn\u00edky pot\u00e9, co se okruh nejbli\u017e\u0161\u00edch spolupracovn\u00edk\u016f Vladimira Zelensk\u00e9ho zapletl do vyd\u00edr\u00e1n\u00ed ve v\u00fd\u0161i 100 milion\u016f dolar\u016f.<\/p>\n<figure id=\"attachment_65513\" class=\"wp-caption aligncenter\" style=\"width: 709px;\"><a href=\"https:\/\/aeronet.news\/wp-content\/uploads\/PutinBishkekFeature.jpg\"><img decoding=\"async\" loading=\"lazy\" class=\"wp-image-65513 \" src=\"https:\/\/aeronet.news\/wp-content\/uploads\/PutinBishkekFeature-1024x578.jpg\" sizes=\"(max-width: 700px) 100vw, 700px\" srcset=\"https:\/\/aeronet.news\/wp-content\/uploads\/PutinBishkekFeature-1024x578.jpg 1024w, https:\/\/aeronet.news\/wp-content\/uploads\/PutinBishkekFeature-300x169.jpg 300w, https:\/\/aeronet.news\/wp-content\/uploads\/PutinBishkekFeature-768x434.jpg 768w, https:\/\/aeronet.news\/wp-content\/uploads\/PutinBishkekFeature-700x395.jpg 700w, https:\/\/aeronet.news\/wp-content\/uploads\/PutinBishkekFeature-632x357.jpg 632w, https:\/\/aeronet.news\/wp-content\/uploads\/PutinBishkekFeature-855x483.jpg 855w, https:\/\/aeronet.news\/wp-content\/uploads\/PutinBishkekFeature.jpg 1280w\" alt=\"\" width=\"709\" height=\"400\" \/><\/a><figcaption class=\"wp-caption-text\">Vladimir Putin v Bi\u0161keku<\/figcaption><\/figure>\n<p>Dlouholet\u00fd Zelensk\u00e9ho d\u016fv\u011brn\u00edk Timur Mindi\u010d \u00fadajn\u011b uprchl z Ukrajiny kr\u00e1tce p\u0159edt\u00edm, ne\u017e protikorup\u010dn\u00ed vy\u0161et\u0159ovatel\u00e9 prohledali jeho byt. Podle Putina Witkoff jako americk\u00fd ob\u010dan h\u00e1j\u00ed z\u00e1jmy USA, zat\u00edmco ti, kte\u0159\u00ed ho \u201e<em>napadaj\u00ed<\/em>\u201c, \u201e<em>cht\u011bj\u00ed kr\u00e1st pen\u00edze spole\u010dn\u011b s ukrajinsk\u00fdm establishmentem a pokra\u010dovat v nep\u0159\u00e1telsk\u00fdch akc\u00edch a\u017e do posledn\u00edho Ukrajince.<\/em>\u201c<\/p>\n<p>Putin nazna\u010dil, \u017ee \u00fadajn\u00e1 nahr\u00e1vka m\u016f\u017ee b\u00fdt fale\u0161n\u00e1 nebo m\u016f\u017ee skute\u010dn\u011b poch\u00e1zet z odposlechu, p\u0159i\u010dem\u017e poznamenal, \u017ee takov\u00e9 odposlouch\u00e1v\u00e1n\u00ed je trestn\u00fdm \u010dinem. Witkoff a dal\u0161\u00ed ameri\u010dt\u00ed p\u0159edstavitel\u00e9 se p\u0159\u00ed\u0161t\u00ed t\u00fdden chystaj\u00ed do Moskvy, aby projednali nov\u00fd m\u00edrov\u00fd pl\u00e1n, kter\u00fd p\u016fvodn\u011b vypracoval Washington. Pokud nem\u00e1te \u010das na video naho\u0159e, tak tady je p\u0159epis cel\u00e9ho dlouh\u00e9ho videa:<\/p>\n<h3>Tiskov\u00e1 konference Vladimira Putina v Bi\u0161keku<\/h3>\n<p>-Ano, pros\u00edm.<\/p>\n<p><em><strong>-Dobr\u00fd ve\u010der, Pavel Zarubin, televizn\u00ed kan\u00e1l Rusko. Hlavn\u00edm sv\u011btov\u00fdm t\u00e9matem v\u0161ech posledn\u00edch dn\u00ed je Trump\u016fv m\u00edrov\u00fd pl\u00e1n, a my pro v\u00e1s m\u00e1me samoz\u0159ejm\u011b spoustu ot\u00e1zek. Do jak\u00e9 m\u00edry n\u00e1vrh, kter\u00fd byl p\u016fvodn\u011b zve\u0159ejn\u011bn, neofici\u00e1ln\u011b zohled\u0148uje na\u0161e stanovisko? Obdr\u017eeli jsme ji\u017e upravenou verzi dokumentu po jedn\u00e1n\u00ed mezi USA a Ukrajinou? Kdy tedy za\u010dnou rusko-americk\u00e1 jedn\u00e1n\u00ed, kter\u00e1, jak jsme sly\u0161eli, ohledn\u011b tohoto dokumentu neprob\u00edhala a neprob\u00edhaj\u00ed? Kdy k v\u00e1m p\u0159ijde Steve Witkoff? A co te\u010f si mysl\u00edte o vyhl\u00eddk\u00e1ch na m\u00edrovou dohodu?<\/strong><\/em><\/p>\n<p>O n\u00e1vrhu smlouvy. Ale \u017e\u00e1dn\u00fd n\u00e1vrh smlouvy neexistoval. Existoval soubor ot\u00e1zek, kter\u00e9 byly navr\u017eeny k projedn\u00e1n\u00ed a dokon\u010den\u00ed. Obecn\u011b, u\u017e jsem to \u0159\u00edkal mnohokr\u00e1t, diskutovali jsme o tom s americk\u00fdmi vyjednava\u010di p\u0159ed mou n\u00e1v\u0161t\u011bvou Spojen\u00fdch st\u00e1t\u016f, p\u0159ed mou n\u00e1v\u0161t\u011bvou Alja\u0161ky. A pot\u00e9 existoval tento seznam mo\u017en\u00fdch 28-bodov\u00fdch dohod. A jak jsem ji\u017e ve\u0159ejn\u011b ozn\u00e1mil, byl n\u00e1m p\u0159ed\u00e1n ur\u010dit\u00fdmi kan\u00e1ly. Sezn\u00e1mili jsme se s n\u00edm. Pot\u00e9 prob\u011bhla jedn\u00e1n\u00ed v \u017denev\u011b mezi americkou delegac\u00ed a ukrajinskou delegac\u00ed.<\/p>\n<p>A rozhodli se, jak jsem pochopil, \u017ee v\u0161ech t\u011bchto 28 bod\u016f by m\u011blo b\u00fdt rozd\u011bleno do \u010dty\u0159 samostatn\u00fdch \u010d\u00e1st\u00ed. Obecn\u011b souhlas\u00edme s t\u00edm, \u017ee to m\u016f\u017ee b\u00fdt z\u00e1kladem pro budouc\u00ed dohody. Ale bylo by ode mne nezdvo\u0159il\u00e9, abych te\u010f mluvil o n\u011bjak\u00fdch kone\u010dn\u00fdch, ale proto\u017ee \u017e\u00e1dn\u00e9 nejsou, n\u011bkter\u00e9 v\u011bci jsou principi\u00e1ln\u00ed povahy a obecn\u011b vid\u00edme, \u017ee americk\u00e1 strana v n\u011bkter\u00fdch ohledech bere v \u00favahu na\u0161i pozici, o kter\u00e9 se mluvilo p\u0159ed Anchorage a po Alja\u0161ce. N\u011bkde si ur\u010dit\u011b nutn\u011b mus\u00edme sednout a v\u00e1\u017en\u011b projednat n\u011bkter\u00e9 konkr\u00e9tn\u00ed v\u011bci. Mus\u00edme v\u0161e uv\u00e9st na pravou m\u00edru diplomatick\u00fdm jazykem. Proto\u017ee jedna v\u011bc je \u0159\u00edkat obecn\u011b, \u017ee Rusko se nechyst\u00e1 za\u00fato\u010dit na Evropu. To n\u00e1m zn\u00ed sm\u011b\u0161n\u011b, \u017ee?<\/p>\n<p>Nikdy jsme se nechystali, ale pokud to cht\u011bj\u00ed sly\u0161et, tak \u0159\u00edk\u00e1me: No tak to zasmluvn\u00edme! O tom nen\u00ed pochyb. Jde o to, \u017ee jsou tam lid\u00e9, kte\u0159\u00ed si mysl\u00edm, \u017ee jsou tro\u0161ku mimo, kdy\u017e ve\u0159ejn\u011b \u0159\u00edkaj\u00ed, nebo n\u011bjakou lump\u00e1rnu, n\u011bco, co za to cht\u011bj\u00ed dostat, ve\u0159ejn\u011b tvrd\u00ed sv\u00e9mu obyvatelstvu, sv\u00fdm ob\u010dan\u016fm, \u017ee Rusko se chyst\u00e1 za\u00fato\u010dit na Evropu, a my mus\u00edme okam\u017eit\u011b pos\u00edlit n\u00e1\u0161 obrann\u00fd potenci\u00e1l. Bu\u010f slou\u017e\u00ed z\u00e1jm\u016fm obrann\u00e9ho pr\u016fmyslu, soukrom\u00fdch firem, anebo se na tomto pozad\u00ed sna\u017e\u00ed n\u011bjak\u00fdm zp\u016fsobem zv\u00fd\u0161it sv\u016fj vnitropolitick\u00fd rating s ohledem na \u017ealostn\u00fd stav ekonomiky a soci\u00e1ln\u00ed sf\u00e9ry.<\/p>\n<p>T\u011b\u017eko \u0159\u00edci, \u010d\u00edm se \u0159\u00edd\u00ed, ale z na\u0161eho pohledu je to naprost\u00fd nesmysl, je to le\u017e. P\u0159\u00edm\u00e1 le\u017e. Ale p\u0159esto, pokud je to prosazov\u00e1no ve ve\u0159ejn\u00e9m pov\u011bdom\u00ed, pokud vystra\u0161ili sv\u00e9 ob\u010dany a cht\u011bj\u00ed sly\u0161et, \u017ee se nechyst\u00e1me, a \u017ee nem\u00e1me \u017e\u00e1dn\u00e9 agresivn\u00ed pl\u00e1ny v\u016f\u010di Evrop\u011b, pros\u00edm, jsme p\u0159ipraveni to jakkoli zasmluvnit. Mo\u017en\u00e1, \u017ee to m\u00e1 smysl, to znamen\u00e1, pokud chceme spolu mluvit a diskutovat a stanovit n\u011bkter\u00e9 body v ot\u00e1zk\u00e1ch celoevropsk\u00e9 bezpe\u010dnosti. Pravd\u011bpodobn\u011b ano, sami jsme to v jednu chv\u00edli navrhovali. Pokud to na\u0161i z\u00e1padn\u00ed, \u0159\u00edkejme jim znovu partne\u0159i, cht\u011bj\u00ed ud\u011blat te\u010f, pros\u00edm, jsme p\u0159ipraveni. Vy i j\u00e1 si uv\u011bdomujeme, \u017ee si mus\u00edme sednout a v\u00e1\u017en\u011b o tom diskutovat.<\/p>\n<p>Tam z\u00e1le\u017e\u00ed na ka\u017ed\u00e9m slovu. Nebo nap\u0159\u00edklad v jednom z dokument\u016f je zm\u00edn\u011bno, \u017ee mus\u00edme vy\u0159e\u0161it ot\u00e1zku strategick\u00e9 stability spole\u010dn\u011b s na\u0161imi americk\u00fdmi partnery. No, proboha, my nejsme proti. To jsme p\u0159ece navrhovali. Navrhovali jsme tak\u00e9, aby Obamova administrativa o n\u011bkter\u00fdch ot\u00e1zk\u00e1ch jednala. Sly\u0161eli jsme ano, ano, a pak, pouh\u00fd m\u011bs\u00edc p\u0159ed odchodem Obamovy administrativy z B\u00edl\u00e9ho domu, se v\u0161e zaseklo. Nyn\u00ed n\u00e1m kon\u010d\u00ed platnost dal\u0161\u00ed smlouvy START-3. Jej\u00ed platnost vypr\u0161\u00ed v \u00fanoru. Ale oni necht\u011bj\u00ed nic d\u011blat, nemus\u00ed. Ale z t\u011bchto dokument\u016f jsme vid\u011bli, \u017ee obecn\u011b existuje touha se k t\u011bmto ot\u00e1zk\u00e1m vr\u00e1tit. Je to ka\u017ed\u00e1 z t\u011bchto ot\u00e1zek, je to samostatn\u00e1 oblast, velmi z\u00e1va\u017en\u00e1. Ur\u010dit\u011b jsme na tuto v\u00e1\u017enou diskusi p\u0159ipraveni. A p\u0159\u00ed\u0161t\u00ed t\u00fdden m\u00e1 do Moskvy p\u0159ijet americk\u00e1 delegace.<\/p>\n<p><em><strong>-Olga Matvejeva, rozhlasov\u00e1 stanice Majak a Vesti FM. V n\u00e1vaznosti na ot\u00e1zku va\u0161ich koleg\u016f mi, pros\u00edm, \u0159ekn\u011bte, kdo bude hlavn\u00edm vyjednava\u010dem na rusk\u00e9 stran\u011b? A tak\u00e9 se objevily zpr\u00e1vy o jedn\u00e1n\u00edch v Ab\u00fa Dhab\u00ed. Co se tam d\u011bje, prob\u00edh\u00e1 paraleln\u00ed proces? A m\u016f\u017eete n\u00e1m \u0159\u00edci, kdo tam s k\u00fdm jedn\u00e1 a co se tam obecn\u011b d\u011bje? D\u011bkuji.<\/strong><\/em><\/p>\n<p>Kdo je vyjednava\u010dem za ruskou stranu, to je jasn\u00e9. Ministerstvo zahrani\u010dn\u00edch v\u011bc\u00ed. Kdy\u017e si sedneme k jednac\u00edmu stolu a vedeme v\u011bcnou seri\u00f3zn\u00ed diskusi o ka\u017ed\u00e9m z navr\u017een\u00fdch bod\u016f k projedn\u00e1n\u00ed. Ministerstvo zahrani\u010dn\u00edch v\u011bc\u00ed, na stran\u011b administrativy je Vladimir Rostislavovi\u010d Medinskij, asistent prezidenta. Ten se na tom pod\u00edl\u00ed od sam\u00e9ho po\u010d\u00e1tku. No a na b\u011b\u017en\u00fdch z\u00e1le\u017eitostech, aby se cel\u00e1 tato pr\u00e1ce zorganizovala, se pod\u00edl\u00ed tak\u00e9 m\u016fj asistent Jurij Viktorovi\u010d U\u0161akov. Je v kontaktu se sv\u00fdmi americk\u00fdmi kolegy, ale s\u00e1m to v\u0161echno ud\u011blat nem\u016f\u017ee.<\/p>\n<p>Mus\u00ed to d\u011blat ministerstvo zahrani\u010d\u00ed a \u010d\u00e1ste\u010dn\u011b i prezidentsk\u00e1 administrativa. Je to velk\u00fd, velmi velk\u00fd komplex ot\u00e1zek, kter\u00e9 je t\u0159eba projednat a zafixovat a kompetentn\u011b p\u0159edepsat body, je t\u0159eba to nastavit, proto je to tak, jak si mysl\u00edm, \u017ee si nemysl\u00edm nic jin\u00e9ho a nikdy se to ned\u011bl\u00e1 jako v p\u0159\u00edpad\u011b Ab\u00fa Dhab\u00ed. Ano, sly\u0161el jsem n\u011bjak\u00fd \u0161um, takov\u00e9 informace o t\u00e9to z\u00e1le\u017eitosti, ale nic tak neobvykl\u00e9ho, nic tajn\u00e9ho se tak\u00e9 nestalo. Na\u0161e zpravodajsk\u00e9 slu\u017eby, rusk\u00e1 a ukrajinsk\u00e1, byly v\u017edy ve vz\u00e1jemn\u00e9m kontaktu, a to i v t\u011bch nejhor\u0161\u00edch dob\u00e1ch. A nyn\u00ed tomu tak je. Co d\u011blaj\u00ed?<\/p>\n<p>\u0158e\u0161\u00ed \u0159adu humanit\u00e1rn\u00edch ot\u00e1zek, p\u0159edev\u0161\u00edm je to spojeno s v\u00fdm\u011bnou v\u00e1le\u010dn\u00fdch zajatc\u016f. A k tomu je aktivn\u011b vyu\u017e\u00edv\u00e1na lokalita v Ab\u00fa Dhab\u00ed. Jsme velmi vd\u011b\u010dni prezidentovi Spojen\u00fdch arabsk\u00fdch emir\u00e1t\u016f za mo\u017enosti, kter\u00e9 n\u00e1m byly poskytnuty. D\u00edky jeho \u00fasil\u00ed se dom\u016f vr\u00e1tilo mnoho stovek na\u0161ich kluk\u016f, na\u0161ich hrdin\u016f. Z iniciativy ukrajinsk\u00e9 strany bylo napl\u00e1nov\u00e1no takov\u00e9 pravideln\u00e9 setk\u00e1n\u00ed, kter\u00e9 se konalo v Ab\u00fa Dhab\u00ed. Z na\u0161\u00ed strany se ho z\u00fa\u010dastnil jeden z \u0161\u00e9f\u016f rusk\u00e9 Feder\u00e1ln\u00ed bezpe\u010dnostn\u00ed slu\u017eby.<\/p>\n<p>Na toto setk\u00e1n\u00ed p\u0159ijel i z\u00e1stupce americk\u00e9 administrativy, pro n\u00e1s to bylo pon\u011bkud ne\u010dekan\u00e9, ale nikdy neodm\u00edt\u00e1me kontakty. Vstoupil do kontaktu s rusk\u00fdm p\u0159edstavitelem a uva\u017eoval jsem, \u017ee bychom mo\u017en\u00e1 nem\u011bli s pokra\u010dov\u00e1n\u00edm kontakt\u016f \u010dekat do p\u0159\u00ed\u0161t\u00edho t\u00fddne, ale uspo\u0159\u00e1dat sch\u016fzku v Moskv\u011b ji\u017e tento t\u00fdden. Dozv\u011bd\u011bl jsem se o tom, a\u017e kdy\u017e letadlo p\u0159ist\u00e1lo v Bi\u0161keku. Ale p\u0159esto, nicm\u00e9n\u011b, \u0159ekl, \u017ee jsme p\u0159ipraveni, pros\u00edm, kdykoli.<\/p>\n<p>Ta z\u00e1le\u017eitost je tak d\u016fle\u017eit\u00e1 pro v\u0161echny i pro n\u00e1s, \u017ee p\u0159ilet\u00edme v kteroukoli denn\u00ed i no\u010dn\u00ed dobu, vr\u00e1t\u00edme se dnes ve\u010der, hned ve \u010dtvrtek m\u016f\u017eeme, v p\u00e1tek, v sobotu, v ned\u011bli, kdykoli budou cht\u00edt. Ale dohodli jsme se, \u017ee my rozhodneme, a americk\u00e1 prezidentsk\u00e1 administrativa rozhodne, kdo a kdy m\u00e1 p\u0159ijet. Tady jsou posledn\u00ed informace. V\u010dera jsem byl upozorn\u011bn, \u017ee prezident Trump se rozhodl, \u017ee st\u00e1le, jak bylo dohodnuto d\u0159\u00edve, d\u0159\u00edve byla takov\u00e1 dohoda, sch\u016fzka je navr\u017eena americkou stranou v Moskv\u011b p\u0159\u00ed\u0161t\u00ed t\u00fdden. Pros\u00edm, my jsme v\u017edycky otev\u0159en\u00ed. A kdo bude zastupovat Spojen\u00e9 st\u00e1ty na americk\u00e9 stran\u011b? To je samoz\u0159ejm\u011b na rozhodnut\u00ed prezidenta Spojen\u00fdch st\u00e1t\u016f. Tak\u017ee je o\u010dek\u00e1v\u00e1me v prvn\u00ed polovin\u011b p\u0159\u00ed\u0161t\u00edho t\u00fddne.<\/p>\n<p><em><strong>-Andrej Kolesnikov, den\u00edk Kommersant. Vladim\u00edre Vladimirovi\u010di, budete si st\u00e1t za t\u00edm, \u017ee \u00fazemn\u00ed ot\u00e1zka, p\u0159edev\u0161\u00edm v Donbasu, mus\u00ed b\u00fdt vy\u0159e\u0161ena tady a te\u010f a nav\u017edy, nebo byste souhlasil s jej\u00edm odlo\u017een\u00edm, abych tak \u0159ekl, na lep\u0161\u00ed \u010dasy? A pokud mohu, je\u0161t\u011b jedna ot\u00e1zka. Souhlasil byste s n\u00e1vratem do G7, do G8, jak p\u0159edpokl\u00e1d\u00e1 jedna z variant m\u00edrov\u00e9ho pl\u00e1nu, tedy ke v\u0161em t\u011bmto lidem?<\/strong><\/em><\/p>\n<p>Tak co se t\u00fd\u010de G7 nebo G8, my jsme tam o vstup ne\u017e\u00e1dali, byli jsme tam kdysi pozv\u00e1ni a pracovali jsme tam. Je to takov\u00e1 platforma pro harmonizaci ur\u010dit\u00fdch postoj\u016f. Mus\u00edm \u0159\u00edct, \u017ee, v\u00edte, pozor, je\u0161t\u011b p\u0159ed tragick\u00fdmi ud\u00e1lostmi ve vztahu k Ukrajin\u011b jsem tam p\u0159estal jezdit. To jste si nev\u0161iml? Ano, no. Tak\u017ee kdy\u017e za\u010daly ty ud\u00e1losti na Ukrajin\u011b, tak \u0159ekli: \u201cNo, my v\u00e1s tam d\u00edkybohu ne\u010dek\u00e1me.\u201d Tak jsme tam jeli a\u2026 U\u017e si nepamatuji, kdo tam jel, mysl\u00edm, \u017ee p\u0159edseda vl\u00e1dy tam jel jednou. Poprv\u00e9 jsem to odm\u00edtl, proto\u017ee to opravdu, nic si nevym\u00fd\u0161l\u00edm, prost\u011b to bylo v dob\u011b sestavov\u00e1n\u00ed vl\u00e1dy po zvolen\u00ed prezidenta, mysl\u00edm, v roce 2019. Ale nikdy jsme kontakt neodm\u00edtli.<\/p>\n<p>Jsme v\u017edycky otev\u0159en\u00ed interakci. Za prv\u00e9 n\u00e1s tam nikdo nezve. Nesly\u0161el jsem \u017e\u00e1dn\u00e9 ofici\u00e1ln\u00ed nab\u00eddky. A za druh\u00e9, v\u00edme, jak drtiv\u00fd po\u010det \u00fa\u010dastn\u00edk\u016f tohoto sdru\u017een\u00ed, takzvan\u00e1 Velk\u00e1 sedma, u\u017e jsem to jednou \u0159\u00edkal, moc nech\u00e1pu, pro\u010d se jim \u0159\u00edk\u00e1 Velk\u00e1 sedma. Z hlediska po\u010dtu, \u00fazem\u00ed, po\u010dtu obyvatel a pod\u00edlu na sv\u011btov\u00e9m HDP jsou st\u00e1le men\u0161\u00ed a men\u0161\u00ed, ale to nevad\u00ed, st\u00e1le jsou to na\u0161i d\u016fle\u017eit\u00ed partne\u0159i. V dne\u0161n\u00ed situaci si opravdu neum\u00edm p\u0159edstavit, jak s nimi budeme takto p\u0159\u00edmo komunikovat.<\/p>\n<p>Sta\u010d\u00ed si p\u0159edstavit, no, p\u0159ijeli jsme, ahoj, a co, budeme se mra\u010dit na silnici a d\u00edvat se na n\u011b? Tak\u017ee j\u00e1 si mysl\u00edm, \u017ee by to m\u011blo v\u00e9st k n\u011bjak\u00e9 normalizaci. Mo\u017en\u00e1, \u017ee kdy\u017e budeme realizovat v\u0161echny ty n\u00e1vrhy, kter\u00e9 jsme dostali v r\u00e1mci toho seznamu, kter\u00fd n\u00e1m p\u0159edala americk\u00e1 administrativa, tak se mo\u017en\u00e1 vytvo\u0159\u00ed n\u011bjak\u00e9 podm\u00ednky pro bilater\u00e1ln\u00ed nebo multilater\u00e1ln\u00ed kontakty. Ale je p\u0159\u00edli\u0161 brzy o tom mluvit. \u0158eknu v\u00e1m to te\u010f velmi stru\u010dn\u011b, mysl\u00edm, \u017ee bude hned jasn\u00e9, o \u010dem mluv\u00edme. St\u00e1le dost\u00e1v\u00e1me v\u00fdzvy k zastaven\u00ed nep\u0159\u00e1telsk\u00fdch akc\u00ed tam, tam, tam. Ukrajinsk\u00e1 vojska se st\u00e1hnou z \u00fazem\u00ed, kter\u00e1 okupuj\u00ed. Pak budou nep\u0159\u00e1telsk\u00e9 akce ukon\u010deny. Pokud tak neu\u010din\u00ed, dos\u00e1hneme toho ozbrojen\u00fdmi prost\u0159edky.<\/p>\n<p><em><strong>-Vladim\u00edre Vladimirovi\u010di, pokra\u010duje nyn\u00ed pozitivn\u00ed dynamika na front\u00e1ch? Pokud ano, ve kter\u00fdch oblastech je nyn\u00ed nejaktivn\u011bj\u0161\u00ed postup?<\/strong><\/em><\/p>\n<p>Pozitivn\u00ed dynamika pokra\u010duje ve v\u0161ech sm\u011brech. Nav\u00edc se zvy\u0161uje tempo pohybu na\u0161ich vojsk na v\u0161ech t\u011bchto sm\u011brech, znateln\u011b se zvy\u0161uje. Ale te\u010f prost\u011b nechci ud\u011blat \u017e\u00e1dnou takovou chybu, co do po\u010dtu kilometr\u016f, ale m\u011bs\u00edc od m\u011bs\u00edce se zvy\u0161uje po\u010det \u00fazem\u00ed vr\u00e1cen\u00fdch na\u0161imi vojsky na v\u0161ech hlavn\u00edch sm\u011brech. To znamen\u00e1, \u017ee tempo p\u0159esun\u016f vojsk se zvy\u0161uje. Ale nejz\u00e1va\u017en\u011bj\u0161\u00edm, podle m\u00e9ho n\u00e1zoru, probl\u00e9mem pro nep\u0159\u00edtele je to, \u017ee se zv\u011bt\u0161uje rozd\u00edl mezi jeho ztr\u00e1tami a po\u010dtem voj\u00e1k\u016f, kter\u00e9 je schopen vyslat na linii dotyku.<\/p>\n<p>Mysl\u00edm, \u017ee v \u0159\u00edjnu to bylo v\u00edce ne\u017e 47 000 ztr\u00e1t. Nebo 47 500. Rekrutovali prost\u0159ednictv\u00edm nucen\u00e9 mobilizace n\u011bkde kolem 16,5 tis\u00edce a n\u011bkde kolem 14,5 nebo 15 se vr\u00e1tili z nemocnic. Ale kdy\u017e to v\u0161echno spo\u010d\u00edt\u00e1te, p\u0159esn\u011b na desetinu, dostanete m\u00ednus 15 tis\u00edc. A v p\u0159edchoz\u00edm m\u011bs\u00edci bylo m\u00ednus 10 tis\u00edc. To znamen\u00e1, \u017ee rozd\u00edl se neust\u00e1le zvy\u0161uje. A k tomu mus\u00edme p\u0159ipo\u010d\u00edtat je\u0161t\u011b dezert\u00e9ry. Dezerce je velmi velk\u00e1. To je patrn\u00e9 nejen z na\u0161ich m\u00e9di\u00ed, ze zpr\u00e1v ministerstva obrany. Je to vid\u011bt i ze z\u00e1padn\u00edch m\u00e9di\u00ed. Je prakticky nemo\u017en\u00e9 ji zvl\u00e1dnout. Proto se s t\u00edm ned\u00e1 t\u00e9m\u011b\u0159 nic d\u011blat. Dynamika je pozitivn\u00ed ve v\u0161ech sm\u011brech.<\/p>\n<p><em><strong>-Jegor Peskunov, televizn\u00ed kan\u00e1l RT. D\u011bkuji v\u00e1m za pozornost. Vladim\u00edre Vladimirovi\u010di, sly\u0161el jste, v\u00edte o \u00faniku telefonn\u00edch rozhovor\u016f mezi Jurijem U\u0161akovem, Stevem Witkoffem a Kirillem Dmitrijevem? Co si o tom mysl\u00edte? Na Z\u00e1pad\u011b je to te\u010f velmi velk\u00fd skand\u00e1l, zejm\u00e9na v mnoha z\u00e1padn\u00edch m\u00e9di\u00edch. A na Witkoffa se te\u010f opravdu \u00fato\u010d\u00ed. Co si o tom mysl\u00edte? D\u011bkuji v\u00e1m.<\/strong><\/em><\/p>\n<p>V\u00edte, co se t\u00fd\u010de t\u011bch \u00fanik\u016f, tak to mohou b\u00fdt n\u011bjak\u00e9 podvrhy, mohou to b\u00fdt opravdu odposlechnut\u00e9 rozhovory. Odposlouch\u00e1v\u00e1n\u00ed je vlastn\u011b ve v\u0161ech na\u0161ich p\u0159\u00edpadech trestn\u00fd \u010din. Nem\u016f\u017eete odposlouch\u00e1vat. Pak n\u011bkter\u00e9 z nich, mo\u017en\u00e1 jako m\u00e1me, v\u00edte, vtipy. Nasad\u00edte na n\u011b \u0161m\u00edr\u00e1ky a oni odposlouch\u00e1vaj\u00ed. A\u0165 si hled\u00ed sv\u00e9ho. Ale mus\u00ed\u0161 um\u011bt \u0161m\u00edrovat. \u0158eknu v\u00e1m, co t\u00edm mysl\u00edm. Tady nezn\u00e1m podstatu t\u011bch odposlech\u016f, podstatu t\u011bch \u00fanik\u016f, ale ch\u00e1pete, ano, vst\u00e1v\u00e1me tady r\u00e1no, dopoledne, ano, ve\u010der, hned po skon\u010den\u00ed t\u011bch akc\u00ed jsem p\u0159i\u0161el k v\u00e1m. V \u010dem je podle m\u00e9ho n\u00e1zoru v podstat\u011b probl\u00e9m?<\/p>\n<p>Nen\u00ed to o n\u00e1s. Je to o boji r\u016fzn\u00fdch n\u00e1zor\u016f v kolektivu z\u00e1padu a v samotn\u00fdch Spojen\u00fdch st\u00e1tech, o tom, co se d\u011bje a co je t\u0159eba ud\u011blat, aby se zastavila v\u00e1lka, aby se zastavily boje. Zde jsme se p\u0159ed Anchorage setkali s panem Witkoffem. A pak jsem nav\u0161t\u00edvil Alja\u0161ku a prob\u011bhla ur\u010dit\u00e1 jedn\u00e1n\u00ed. Celkov\u011b chci zd\u016fraznit, celkov\u011b jsem m\u011bl p\u0159inejmen\u0161\u00edm n\u00e1zor, m\u011bli jsme pochopen\u00ed pro to, kde se nach\u00e1z\u00edme a co bude t\u0159eba ud\u011blat, aby se tyto boje zastavily. Pak jsme se rozd\u011blili, jak m\u016fj kolega, prezident Trump, a j\u00e1, \u0159ekli jsme si, \u017ee se mus\u00edme vr\u00e1tit do na\u0161ich hlavn\u00edch m\u011bst, p\u0159em\u00fd\u0161let, konzultovat s na\u0161imi apar\u00e1ty, na\u0161imi ministerstvy, na\u0161imi spojenci.<\/p>\n<p>A pot\u00e9 jsme se dohodli, \u017ee budeme pokra\u010dovat d\u00e1l. Lavrov a Rubio se setkali v New Yorku na okraj Valn\u00e9ho shrom\u00e1\u017ed\u011bn\u00ed OSN. V z\u00e1sad\u011b spolu hovo\u0159ili, ale k \u017e\u00e1dn\u00e9mu konfliktu mezi Ruskem a Spojen\u00fdmi st\u00e1ty v t\u011bchto ot\u00e1zk\u00e1ch nedo\u0161lo. To znamen\u00e1, \u017ee jsme z\u016fstali na platform\u011b Anchorage. A najednou Spojen\u00e9 st\u00e1ty ozn\u00e1m\u00ed zaveden\u00ed sankc\u00ed proti dv\u011bma na\u0161im z\u00e1sadn\u00edm spole\u010dnostem. A to v souvislosti s \u010d\u00edm? Up\u0159\u00edmn\u011b v\u00e1m \u0159\u00edk\u00e1m, \u017ee jsem si ani neuv\u011bdomil, co se d\u011bje. Tak\u017ee nen\u00ed co vy\u010d\u00edtat panu Witkoffovi, \u017ee je ke sv\u00fdm rusk\u00fdm koleg\u016fm p\u0159\u00edli\u0161 laskav\u00fd.<\/p>\n<p>No, mluvili jsme s n\u00edm, setkali jsme se s n\u00edm. Setkali jsme se, opakuji, na Alja\u0161ce, a pak bum! V pln\u00e9m zdrav\u00ed rod\u00edc\u00ed se nov\u00e9 vztahy, najednou sankce, kter\u00e9 ni\u010d\u00ed na\u0161e vztahy, jist\u011b, \u017ee? A ve skute\u010dnosti, opakuji, n\u00e1m nen\u00ed jasn\u00e9, co je to za znamen\u00ed. To je prvn\u00ed v\u011bc. Druh\u00e1 v\u011bc. Pan Witkoff z\u0159ejm\u011b p\u0159icestuje do Moskvy jm\u00e9nem prezidenta Trumpa, aby s n\u00e1mi jednal. Ale bylo by asi p\u0159ekvapiv\u00e9, kdyby n\u00e1m v rozhovorech s U\u0161akovem nad\u00e1val, \u0159\u00edkal n\u011bco velmi nep\u011bkn\u00e9ho, a pak p\u0159ijel a sna\u017eil se s n\u00e1mi nav\u00e1zat vztahy, aby si zlep\u0161il vyjedn\u00e1vac\u00ed pozici. Ale to je nesmysl. Ale ne\u0159\u00edk\u00e1m, \u017ee pan Witkoff, podle v\u0161eho je to inteligentn\u00ed \u010dlov\u011bk, by m\u011bl vytvo\u0159it n\u011bjak\u00e9 podm\u00ednky pro mezilidskou komunikaci, to je pochopiteln\u00e9.<\/p>\n<p>A nakonec to nejd\u016fle\u017eit\u011bj\u0161\u00ed. Koneckonc\u016f pana Witkoffa zn\u00e1m u\u017e n\u011bkolik m\u011bs\u00edc\u016f. A jeho p\u0159\u00e1telstv\u00ed s prezidentem Trumpem trv\u00e1 u\u017e mnoho, mnoho let, mo\u017en\u00e1 desetilet\u00ed. Je to americk\u00fd ob\u010dan, h\u00e1j\u00ed pozici sv\u00e9ho prezidenta a sv\u00e9 zem\u011b. Ano, vedeme dialog, nen\u00ed to jednoduch\u00e9. Ano, vedeme tento dialog, ani\u017e bychom si nad\u00e1vali nebo na sebe plivali, jako inteligentn\u00ed lid\u00e9. Ale ka\u017ed\u00fd h\u00e1j\u00ed sv\u016fj postoj. A pan Witkoff h\u00e1j\u00ed pozici, opakuji, Spojen\u00fdch st\u00e1t\u016f a z\u00e1jmy Spojen\u00fdch st\u00e1t\u016f, jak je vid\u00ed on. A jak je vid\u00ed lid\u00e9, kte\u0159\u00ed ho deleguj\u00ed k jedn\u00e1n\u00ed s Ruskem. To jsou lid\u00e9, to nen\u00ed jenom prezident Trump. Mysl\u00edm, \u017ee jsou to tak\u00e9 lid\u00e9 z arm\u00e1dy, z diplomatick\u00e9 komunity, z americk\u00e9 administrativy, obecn\u011b \u0159e\u010deno. Ano, pros\u00edm.<\/p>\n<p><em><strong>-Gazeta Vedomosti. Te\u010f se v Evrop\u011b op\u011bt zintenzivnily \u0159e\u010di o konfiskaci rusk\u00e9ho majetku. Cht\u011bla jsem se zeptat, jak\u00e1 bude reakce Ruska na tuto skute\u010dnost? A souhlas\u00edte se slovy Viktora Orb\u00e1na, ma\u010farsk\u00e9ho premi\u00e9ra, kter\u00fd \u0159ekl, \u017ee konfiskace by mohla v\u00e9st k pr\u00e1vn\u00edm bitv\u00e1m, spoust\u011b soudn\u00edch spor\u016f a ke krachu eura?<\/strong><\/em><\/p>\n<p>No, Ma\u010farsko je \u010dlenem EU, a tak premi\u00e9r jedn\u00e9 ze zem\u00ed EU v\u00ed l\u00e9pe, jak by to mohlo ovlivnit evropskou m\u011bnu, je jasn\u00e9, \u017ee to bude m\u00edt negativn\u00ed d\u016fsledky pro glob\u00e1ln\u00ed finan\u010dn\u00ed syst\u00e9m, proto\u017ee d\u016fv\u011bra v euroz\u00f3nu prudce klesne. Klesne. A na pozad\u00ed obt\u00ed\u017en\u00e9 ekonomick\u00e9 situace, kdy lokomotiva evropsk\u00e9 ekonomiky, n\u011bmeck\u00e1 ekonomika, je ji\u017e t\u0159et\u00edm rokem v recesi, to bude jist\u011b, mysl\u00edm, obt\u00ed\u017en\u00e1 v\u00fdzva. Vl\u00e1da Rusk\u00e9 federace na z\u00e1klad\u011b m\u00fdch pokyn\u016f p\u0159ipravuje bal\u00ed\u010dek reak\u010dn\u00edch opat\u0159en\u00ed pro p\u0159\u00edpad, \u017ee by k tomu do\u0161lo.<\/p>\n<p>Ka\u017ed\u00e9mu je jasn\u00e9, ka\u017ed\u00fd o tom p\u0159\u00edmo mluv\u00ed, \u017ee by to byla kr\u00e1de\u017e ciz\u00edho majetku. To samoz\u0159ejm\u011b vyvol\u00e1v\u00e1 ot\u00e1zku, kdo koho pou\u010duje? Jsou to zlod\u011bjsk\u00e9 \u0161pi\u010dky Ukrajiny, kter\u00e9 kradou pen\u00edze sv\u00fdch da\u0148ov\u00fdch poplatn\u00edk\u016f a da\u0148ov\u00fdch poplatn\u00edk\u016f z\u00e1padn\u00edch sponzor\u016f? Jde jen o to, \u017ee nyn\u00ed dob\u0159e v\u00edme o korup\u010dn\u00edm skand\u00e1lu v Kyjev\u011b. Bu\u010f se to u\u010d\u00ed od Evropan\u016f, nebo se Evropan\u00e9 u\u010d\u00ed od ukrajinsk\u00fdch \u0161pi\u010dek. V ka\u017ed\u00e9m p\u0159\u00edpad\u011b kradou oba. My to tak st\u00e1le bereme a p\u0159ipravujeme odvetn\u00e1 opat\u0159en\u00ed. No a co ty vl\u00e1dy pozd\u011bji zve\u0159ejn\u00ed, kdy\u017e se to stane?<\/p>\n<p><strong><em>-Anton Vernitskij, Prvn\u00ed kan\u00e1l. Pot\u00e9, co Donald Trump povolil Spojen\u00fdm st\u00e1t\u016fm testovat jadern\u00e9 zbran\u011b, jste v Rad\u011b bezpe\u010dnosti RF pov\u011b\u0159ili agentury a speci\u00e1ln\u00ed slu\u017eby, aby pracovaly na mo\u017enosti rusk\u00e9ho testu jadern\u00fdch zbran\u00ed. Existuje ji\u017e n\u011bjak\u00e9 kone\u010dn\u00e9 rozhodnut\u00ed? Pokud ano, jak\u00e9 je? Pokud \u017e\u00e1dn\u00e9 nen\u00ed, kdy by mohlo b\u00fdt p\u0159ijato?<\/em><\/strong><\/p>\n<p>Pov\u011b\u0159il jsem n\u00e1s, abychom shrom\u00e1\u017edili dal\u0161\u00ed informace o jedn\u00e1n\u00ed americk\u00e9 strany, analyzovali je a p\u0159edlo\u017eili mi n\u00e1vrh, co bychom m\u011bli v t\u00e9to situaci d\u011blat. Ale jeden z n\u00e1vrh\u016f, kter\u00fd k n\u00e1m p\u0159i\u0161el, je pr\u00e1v\u011b spolupracovat na tomto t\u00e9matu. Tak se n\u00e1m to jev\u00ed z toho, co vid\u00edme. A jsme p\u0159ipraveni spole\u010dn\u011b s americkou administrativou p\u0159em\u00fd\u0161let o v\u0161ech ot\u00e1zk\u00e1ch souvisej\u00edc\u00edch se strategickou stabilitou.<\/p>\n<p><em><strong>-A m\u016f\u017ee se o tom jednat b\u011bhem nadch\u00e1zej\u00edc\u00edch rozhovor\u016f v Moskv\u011b?<\/strong><\/em><\/p>\n<p>Ano, pokud to vyvstane, a vlastn\u011b i kdyby to nevyvstalo, tak ur\u010dit\u011b tuto ot\u00e1zku otev\u0159eme, proto\u017ee samoz\u0159ejm\u011b ve Spojen\u00fdch st\u00e1tech je to jasn\u00e9 a je to jasn\u00e9 i n\u00e1m. P\u0159\u00edprava na skute\u010dn\u00e9 testy jadern\u00fdch zbran\u00ed vy\u017eaduje \u010das, a my se samoz\u0159ejm\u011b nem\u016f\u017eeme ocitnout v situaci, kdy Spojen\u00e9 st\u00e1ty budou testovat a my se na to budeme p\u0159ipravovat dal\u0161\u00ed rok a p\u016fl. Samoz\u0159ejm\u011b bychom o tom m\u011bli p\u0159em\u00fd\u0161let ji\u017e nyn\u00ed. Nejsme to my, kdo to \u0159ekl, ale m\u011bli bychom b\u00fdt p\u0159ipraveni na jak\u00fdkoli v\u00fdvoj. A j\u00e1 v\u00e1s uji\u0161\u0165uji, \u017ee p\u0159ipraveni budeme. Navrhuji, abychom to ji\u017e uzav\u0159eli. Poj\u010fme uzav\u0159\u00edt ot\u00e1zku. Ano, ano, pros\u00edm.<\/p>\n<p><em><strong>-Dobr\u00fd den, Vladim\u00edre Vladimirovi\u010di, Alexander Janu\u0161ev, LIVE. Te\u010f s v\u00e1mi na t\u00e9to cest\u011b nen\u00ed ministr, vlastn\u011b Sergej Lavrov.<\/strong><\/em><\/p>\n<p>Chyb\u00ed v\u00e1m?<\/p>\n<p><em><strong>-Trochu. I kdy\u017e nen\u00ed na dovolen\u00e9. U\u017e \u010dtrn\u00e1ct dn\u00ed se neobjevil na va\u0161ich mezin\u00e1rodn\u00edch n\u00e1v\u0161t\u011bv\u00e1ch. Podle m\u00e9di\u00ed je v nemilosti kv\u016fli \u00fadajn\u011b ne\u0161\u0165astn\u00e9mu rozhovoru s Rubiem. Co si o tom mysl\u00edte vy?<\/strong><\/em><\/p>\n<p>Ano, to je nesmysl. Nen\u00ed v nemilosti. M\u00e1 sv\u016fj vlastn\u00ed program. Hl\u00e1sil se mi, \u0159ekl mi, co d\u011bl\u00e1, v kolik hodin to d\u011bl\u00e1. P\u0159ipravuje se na setk\u00e1n\u00ed s americk\u00fdmi partnery.<\/p>\n<p><em><strong>-Vladimire Vladimirovi\u010di, agentura TASS. Dovolte mi vr\u00e1tit se k m\u00edrov\u00e9mu pl\u00e1nu. Zd\u00e1 se, \u017ee z\u00e1padn\u00ed strana, t\u00edm, \u017ee navrhuje takov\u00e1 rychl\u00e1, rychl\u00e1 setk\u00e1n\u00ed, t\u00edm, \u017ee na nich trv\u00e1, jako by vyv\u00edjela n\u011bjak\u00fd n\u00e1tlak na Rusko, konkr\u00e9tn\u011b na v\u00e1s. Je pochopiteln\u00e9, \u017ee ka\u017ed\u00fd chce dos\u00e1hnout m\u00edru co nejrychleji, ale zd\u00e1 se, \u017ee takov\u00e9 z\u00e1le\u017eitosti nesn\u00e1\u0161ej\u00ed rozruch. Nehroz\u00ed podle v\u00e1s, \u017ee kdy\u017e je smlouva seps\u00e1na na kolen\u011b, se\u0161it\u00e1 b\u00edl\u00fdmi nit\u011bmi, bude v budoucnu poku\u0161en\u00ed vykl\u00e1dat ji pon\u011bkud voln\u011b, nebo tak n\u011bjak voln\u011b interpretovat? Pr\u00e1v\u011b jste \u0159ekl, \u017ee ka\u017ed\u00e9 slovo tam vy\u017eaduje diskusi. Jak dlouho to bude trvat?<\/strong><\/em><\/p>\n<p>V\u00fdslovn\u011b jsem v\u00e1s na to upozornil, na to, \u017ee ka\u017ed\u00e1 z t\u011bch ot\u00e1zek, kter\u00e9 jsou uvedeny v seznamech ot\u00e1zek, kter\u00e9 n\u00e1m byly p\u0159ed\u00e1ny, je velmi d\u016fle\u017eit\u00e1, ne-li kl\u00ed\u010dov\u00e1, ka\u017ed\u00e1 z nich je kl\u00ed\u010dov\u00fdm t\u00e9matem, rozum\u00edte? Tak\u017ee to vy\u017eaduje v\u00e1\u017en\u00e9 zamy\u0161len\u00ed. A mysl\u00edm, \u017ee n\u011bkte\u0159\u00ed z na\u0161ich partner\u016f tou\u017e\u00ed tyto ot\u00e1zky \u0159e\u0161it co nejrychleji. Pro\u010d? U\u017e jsme se tady koleg\u016f ptali na to, co se d\u011bje na kontaktn\u00ed linii. Ptal jsem se na postoj americk\u00fdch vyjednava\u010d\u016f. Co se tedy d\u011bje? V\u00edte, \u0159ekn\u011bme, \u017ee se te\u010f vr\u00e1t\u00edm do Kupjanska, ale za\u010dn\u011bme oblast\u00ed odpov\u011bdnosti na\u0161\u00ed skupiny St\u0159ed.<\/p>\n<p>Kde se tam odehr\u00e1vaj\u00ed hlavn\u00ed ud\u00e1losti? V Krasnoarmejsku a v okol\u00ed m\u011bsta Dimitrov. Krasnoarmejsk a Dimitrov jsou zcela obkl\u00ed\u010deny. Stejn\u011b jako kdysi Kupjansk. V rukou rusk\u00fdch ozbrojen\u00fdch sil je 70% \u00fazem\u00ed Krasnoarmejska. Na jihu m\u011bsta Dimitrova je nep\u0159\u00e1telsk\u00e9 uskupen\u00ed od\u0159\u00edznuto, je rozd\u011bleno p\u0159ed m\u011bstem a na\u0161e vojska p\u0159istupuj\u00ed k jeho systematick\u00e9mu ni\u010den\u00ed. A co potom? Kdy\u017e se pod\u00edv\u00e1te na mapu, kdy\u017e se pod\u00edv\u00e1te na mapu, kdy\u017e se pod\u00edv\u00e1te na mapu v\u00fdchodn\u011b, severov\u00fdchodn\u011b, tam je d\u00e1le Komsomolsk, a na severu Komsomolsk, Kupjansk, Slavjansk, trochu v\u00edce na severov\u00fdchod Seversk. V Komsomolsku, uvnit\u0159 m\u011bsta, prob\u00edhaj\u00ed boje.<\/p>\n<p>A ji\u017e zna\u010dn\u00fd po\u010det budov byl osvobozen na\u0161imi jednotkami. A postupuje se d\u00e1l. Pokud jde o Seversk, kter\u00fd se nach\u00e1z\u00ed na severov\u00fdchod\u011b, na\u0161e jednotky se k tomuto m\u011bstu p\u0159ibl\u00ed\u017eily z v\u00fdchodu, z jihu a ze severu. Ve m\u011bst\u011b prob\u00edhaj\u00ed aktivn\u00ed boje. Mysl\u00edm, \u017ee z 8 000 budov je 1 700 v na\u0161ich rukou. A v\u00edte, jestli p\u0159ich\u00e1zej\u00ed ze severu, z jihu nebo z v\u00fdchodu, no a kam to sm\u011b\u0159uje? To je velmi t\u011b\u017ek\u00e1 ot\u00e1zka pro ukrajinskou stranu, pro ukrajinsk\u00e9 ozbrojen\u00e9 s\u00edly. Tak\u017ee, kdy\u017e se pod\u00edv\u00e1te na sever, m\u011bsto Seversk osm tis\u00edc budov, osm tis\u00edc, mysl\u00edm, ano, \u0159ekl jsem Seversk, osm tis\u00edc sedm set. A d\u00e1le na sever, kdy\u017e se pod\u00edv\u00e1te, m\u00e1me tam skupinu Sever, kter\u00e1 pracuje ve Vol\u010dansku. Je t\u00e9m\u011b\u0159 cel\u00fd v na\u0161ich rukou. To je na charkovsk\u00e9m sm\u011bru. A te\u010f se pod\u00edvejte, co se d\u011bje v Z\u00e1poro\u017esk\u00e9 oblasti.<\/p>\n<p>Z\u00e1poro\u017esk\u00e1 oblast byla 10 let budov\u00e1na nep\u0159\u00edtelem, od roku 2014 se o ni je\u0161t\u011b za\u010dali starat, a pak byla opevn\u011bna, opevn\u011bn\u00e1 oblast. Opevn\u011bn\u00e1 oblast, proti kter\u00e9 stoj\u00ed na\u0161e uskupen\u00ed Dn\u011bpr. No, opevn\u011bn\u00e1 oblast je v\u00e1\u017en\u00e1, tam p\u016fsob\u00ed na\u0161e uskupen\u00ed Dn\u011bpr. V n\u011bkter\u00fdch oblastech, d\u00edky hrdinstv\u00ed na\u0161ich chlapc\u016f, prolamuj\u00ed obranu v d\u016fle\u017eit\u00fdch oblastech. Ale o to ani nejde, jde o to, \u017ee na\u0161e dal\u0161\u00ed uskupen\u00ed, Vostok, prolomilo nep\u0159\u00e1telskou obranu a rychl\u00fdm tempem postupuje na severu Z\u00e1poro\u017esk\u00e9 oblasti na hranici se Z\u00e1poro\u017eskou a Dn\u011bpropetrovskou oblast\u00ed. Postupuje, opakuji, velmi rychl\u00fdm tempem. U\u017e se p\u0159ibl\u00ed\u017eili k m\u011bstu Guljaj-Pole. To je d\u016fle\u017eit\u00fd logistick\u00fd bod. U\u017e se p\u0159ibl\u00ed\u017eili ke Guljaj-Pole na jeden a p\u016fl nebo dva kilometry. A\u0165 u\u017e to te\u010f vezmou, nebo ne, ur\u010dit\u011b p\u016fjdou d\u00e1l.<\/p>\n<p>Co to znamen\u00e1? To znamen\u00e1, \u017ee vojska skupiny Vostok, cel\u00fd ukro-raj\u00f3n AFU prakticky obch\u00e1zej\u00ed ze severu. Na\u0161e skupina \u201cDn\u011bpr\u201d stoj\u00ed proti nim z jedn\u00e9 strany, zat\u00edmco skupina \u201cV\u00fdchod\u201d je obch\u00e1z\u00ed ze severu. A to by mohlo v\u00e9st ke zhroucen\u00ed fronty na tomto \u00faseku. A v tom spo\u010d\u00edv\u00e1 rozd\u00edl mezi t\u011bmi na z\u00e1pad\u011b, kte\u0159\u00ed cht\u011bj\u00ed co nejrychleji dos\u00e1hnout m\u00edru, i za cenu n\u011bkter\u00fdch vz\u00e1jemn\u00fdch \u00fastupk\u016f, a to i na ukrajinsk\u00e9 stran\u011b. Proto\u017ee pokud se v t\u011bch oblastech, kter\u00e9 jsem pr\u00e1v\u011b zm\u00ednil, bude i nad\u00e1le d\u00edt to, co se stalo v Kupjansku, pak bude zhroucen\u00ed fronty nevyhnuteln\u00e9. N\u011bkdo by r\u00e1d v\u011b\u0159il, \u017ee ten sam\u00fd Kupjansk, 4. listopadu, p\u0159ipom\u00edn\u00e1m, \u0161\u00e9f kyjevsk\u00e9ho re\u017eimu \u0159ekl, \u017ee do 5-7 dn\u016f bude v rukou AFU.<\/p>\n<p>Nyn\u00ed, jak v\u00edte, je tam nep\u0159\u00e1telsk\u00e1 skupina zcela zlikvidov\u00e1na, m\u011bsto je zcela v na\u0161ich rukou a na lev\u00e9m b\u0159ehu \u0159eky Oskol je zablokov\u00e1no dal\u0161\u00edch 15 prapor\u016f AFU, co\u017e je t\u0159i a p\u016fl tis\u00edce lid\u00ed a n\u011bkte\u0159\u00ed na\u0161i velitel\u00e9 \u0159\u00edkaj\u00ed, \u017ee n\u011bkte\u0159\u00ed voj\u00e1ci AFU v t\u00e9to oblasti u\u017e vypadaj\u00ed jako bezdomovci. To nen\u00ed vtip. No tam, no p\u0159edstavte si, \u017ee tam hod\u00edte t\u0159i a p\u016fl tis\u00edce lid\u00ed, h\u00e1z\u00edte tam j\u00eddlo z helikopt\u00e9r, to znamen\u00e1, \u017ee my jsme jim \u00fastup zaminovali. Jak\u00e9 dod\u00e1vky munice? No, to nen\u00ed mo\u017en\u00e9. Oni tam byli v tom stavu, j\u00e1 nev\u00edm, v\u00edc ne\u017e t\u00fdden. To jsou ti, kte\u0159\u00ed jsou te\u010fka do zna\u010dn\u00e9 m\u00edry obkl\u00ed\u010deni.<\/p>\n<p>No, ti na z\u00e1pad\u011b, kte\u0159\u00ed ch\u00e1pou, k \u010demu to m\u016f\u017ee v\u00e9st, trvaj\u00ed na co nejrychlej\u0161\u00edm zastaven\u00ed boj\u016f. A to i kdyby to vy\u017eadovalo n\u011bjak\u00e9 \u00fastupky ze strany kyjevsk\u00e9ho re\u017eimu. Proto\u017ee si uv\u011bdomuj\u00ed, \u017ee fronta se v ur\u010dit\u00fdch oblastech za\u010dne stahovat. A pak ozbrojen\u00e9 s\u00edly na Ukrajin\u011b ztrat\u00ed bojeschopnost \u00fapln\u011b. P\u0159ijdou o nejv\u00edce bojeschopn\u00e9 jednotky. Jako se to d\u011bje nyn\u00ed v Krasnoarmejsk\u00e9 oblasti. A oni \u0159eknou: dost, zachra\u0148te p\u00e1te\u0159 ozbrojen\u00fdch sil a svou st\u00e1tnost.<\/p>\n<p>O tom je t\u0159eba p\u0159em\u00fd\u0161let, \u0159\u00edkaj\u00ed p\u0159edstavitel\u00e9 tohoto pohledu. A jin\u00ed, kte\u0159\u00ed se domn\u00edvaj\u00ed, \u017ee Kupjansk se ji\u017e vr\u00e1til pod kontrolu ukrajinsk\u00fdch ozbrojen\u00fdch sil, trvaj\u00ed na\u00a0<strong>pokra\u010dov\u00e1n\u00ed boj\u016f do posledn\u00edho Ukrajince.<\/strong>\u00a0V tom spo\u010d\u00edv\u00e1 rozd\u00edl v p\u0159\u00edstupu. A kdo tam \u00fato\u010d\u00ed na pana Witkoffa, to jsou p\u0159edstavitel\u00e9 toho druh\u00e9ho pohledu, kte\u0159\u00ed cht\u011bj\u00ed kr\u00e1st pen\u00edze spole\u010dn\u011b s ukrajinsk\u00fdm establishmentem a pokra\u010dovat v boj\u00edch do posledn\u00edho Ukrajince. Ale j\u00e1 u\u017e jsem ve\u0159ejn\u011b \u0159ekl:\u00a0<strong>\u201cV z\u00e1sad\u011b jsme na to p\u0159ipraveni.\u201d<\/strong><\/p>\n<p><em><strong>-Dobr\u00fd den, Vladim\u00edre Vladimirovi\u010di, Jekat\u011brina Lazareva, agentura URA.RU. M\u00e1m dotaz od kolegy. Pokud se vr\u00e1t\u00edme op\u011bt k m\u00edrov\u00fdm pl\u00e1n\u016fm, existuje Trump\u016fv m\u00edrov\u00fd pl\u00e1n, existuje alternativn\u00ed pl\u00e1n pro Evropu. A existuje n\u011bjak\u00e1 dohoda, s k\u00fdm jednat, s k\u00fdm vyjedn\u00e1vat a s k\u00fdm podepsat z\u00e1v\u011bre\u010dn\u00e9 dokumenty ze strany politick\u00e9ho veden\u00ed Ukrajiny nebo, mo\u017en\u00e1, u\u017e vojensk\u00e9ho veden\u00ed?<\/strong><\/em><\/p>\n<p>V\u00edte, nem\u00e1 smysl podepisovat dokumenty s ukrajinsk\u00fdm veden\u00edm. Na toto t\u00e9ma jsem ji\u017e mnohokr\u00e1t hovo\u0159il. Domn\u00edv\u00e1m se, \u017ee ukrajinsk\u00e9 veden\u00ed vypustilo z\u00e1sadn\u00ed strategickou chybu, kdy\u017e se b\u00e1lo j\u00edt do prezidentsk\u00fdch voleb. Pot\u00e9 prezident ztratil sv\u00e9 legitimn\u00ed postaven\u00ed. Rusko je tak\u00e9 ve stavu ozbrojen\u00e9ho konfliktu se stejnou Ukrajinou. Ale volby jsme uspo\u0159\u00e1dali. A uspo\u0159\u00e1dali jsme prezidentsk\u00e9 volby, a ned\u00e1vno jsme uspo\u0159\u00e1dali volby do obecn\u00edch a region\u00e1ln\u00edch org\u00e1n\u016f. To v\u0161echno d\u011bl\u00e1me. A oni z n\u011bjak\u00e9ho d\u016fvodu ne. V\u017edy\u0165 jakmile budou uzav\u0159eny m\u00edrov\u00e9 dohody jak\u00e9hokoli charakteru, nep\u0159\u00e1telsk\u00e9 akce budou ukon\u010deny, zaveden\u00e9 stann\u00e9 pr\u00e1vo by m\u011blo b\u00fdt okam\u017eit\u011b ukon\u010deno.<\/p>\n<p>A pokud bude stann\u00e9 pr\u00e1vo zru\u0161eno, m\u011bli bychom okam\u017eit\u011b vyhl\u00e1sit volby. Ale za dne\u0161n\u00edch podm\u00ednek m\u016f\u017ee sou\u010dasn\u00e9 politick\u00e9 veden\u00ed Ukrajiny t\u011b\u017eko o\u010dek\u00e1vat v\u00edt\u011bzstv\u00ed bez podvod\u016f. Tedy t\u00e9m\u011b\u0159 nemo\u017en\u00e9, mysl\u00edm si to. I kdy\u017e samoz\u0159ejm\u011b, jak \u0159\u00edkal Stalin, nez\u00e1le\u017e\u00ed na tom, kdo vol\u00ed, d\u016fle\u017eit\u00e9 je, kdo s\u010d\u00edt\u00e1 hlasy. A administrativn\u00ed zdroje nikdo nezru\u0161\u00ed. Ale i tak je to pro n\u011b t\u011b\u017ek\u00fd p\u0159\u00edb\u011bh. Ale potom mus\u00edte uspo\u0159\u00e1dat referendum o v\u0161ech \u00fazemn\u00edch ot\u00e1zk\u00e1ch. Tak to stoj\u00ed v \u00fastav\u011b. A pak to referendum mus\u00ed potvrdit \u00dastavn\u00ed soud. A co se stalo s \u00dastavn\u00edm soudem? O tom jsem u\u017e tak\u00e9 mluvil. P\u0159ipomenu, kdy\u017e politick\u00e9 veden\u00ed po \u00dastavn\u00edm soudu po\u017eadovalo, aby byly potvrzeny pravomoci prezidenta. \u00dastavn\u00ed soud s t\u00edm nesouhlasil. Rozum\u00edte, vyhnul se ot\u00e1zce. Jen proto, \u017ee v \u00dastav\u011b je pouze jedno funk\u010dn\u00ed obdob\u00ed, pouze 5 let. Nen\u00ed tam \u017e\u00e1dn\u00e9 prodlou\u017een\u00ed, a to ani v podm\u00ednk\u00e1ch vyhl\u00e1\u0161en\u00ed v\u00e1le\u010dn\u00e9ho stavu. Pouze Rada m\u00e1 pr\u00e1vo prodlou\u017eit sv\u00e9 pravomoci v podm\u00ednk\u00e1ch v\u00e1le\u010dn\u00e9ho stavu. Prezident nikoliv.<\/p>\n<p>S\u00e1m tedy jako \u00fa\u0159edn\u00edk (Zelensk\u00fd) nem\u016f\u017ee nic podepsat. Pak je ale t\u0159eba potvrzen\u00ed \u00dastavn\u00edho soudu. Ale kdy\u017e byl \u00dastavn\u00ed soud po\u017e\u00e1d\u00e1n, aby potvrdil pravomoci, a soud to odm\u00edtl, v\u00edte, co ud\u011blali? A\u0165 u\u017e jsem to \u0159ekl, nebo ne, je to sm\u011b\u0161n\u00e9. Ochranka p\u0159estala p\u0159edsedu soudu pou\u0161t\u011bt na pracovi\u0161t\u011b. P\u0159i\u0161el do pr\u00e1ce, na dve\u0159e \u0165uk-\u0165uk-\u0165uk, a oni mu \u0159ekli co? A on nakonec utekl do zahrani\u010d\u00ed. \u00dastavn\u00ed soud nefunguje. A p\u0159edseda Nejvy\u0161\u0161\u00edho soudu je pro zm\u011bnu ve v\u011bzen\u00ed za korupci. Ti, kte\u0159\u00ed se pod\u00edlej\u00ed na korupci, ti nejd\u016fle\u017eit\u011bj\u0161\u00ed korup\u010dn\u00edci, p\u0159edseda Nejvy\u0161\u0161\u00edho soudu je ve v\u011bzen\u00ed za korupci. B\u011bhem t\u00e9to doby vypr\u0161ely pravomoci \u010dlen\u016f \u00dastavn\u00edho soudu. Je nutn\u00e9 zvolit nov\u00e9 \u010dleny \u00dastavn\u00edho soudu. Je to cel\u00e1 procedura, rozum\u00edte?<\/p>\n<p>Tak\u017ee jakmile bude v\u00e1le\u010dn\u00fd stav zru\u0161en, mus\u00ed se konat prezidentsk\u00e9 volby, mus\u00ed se konat referendum, mus\u00ed se vytvo\u0159it nov\u00fd \u00dastavn\u00ed soud. To nikdy neskon\u010d\u00ed, to nikdy neskon\u010d\u00ed. Proto se samoz\u0159ejm\u011b chceme s Ukrajinou nakonec dohodnout, ale to je te\u010f prost\u011b prakticky nemo\u017en\u00e9. Je to nemo\u017en\u00e9 i z pr\u00e1vn\u00edho hlediska. Od nich, kdo m\u016f\u017ee, kdo chce, a\u0165 jedn\u00e1. Pot\u0159ebujeme, aby na\u0161e rozhodnut\u00ed byla mezin\u00e1rodn\u011b uzn\u00e1na hlavn\u00edmi mezin\u00e1rodn\u00edmi hr\u00e1\u010di. To je v\u0161echno. A na tom z\u00e1le\u017e\u00ed, proto\u017ee jedna v\u011bc je, aby rozhodnut\u00ed byla uzn\u00e1na.<\/p>\n<p>\u0158ekn\u011bme, \u017ee ur\u010dit\u00e1 \u00fazem\u00ed jsou pod ruskou svrchovanost\u00ed, a pokud bude dohoda poru\u0161ena, bude to \u00fatok na Ruskou federaci se v\u0161emi rusk\u00fdmi odvetn\u00fdmi opat\u0159en\u00edmi, kter\u00e1 z toho vypl\u00fdvaj\u00ed? Nebo to bude vn\u00edm\u00e1no jako pokus o navr\u00e1cen\u00ed leg\u00e1ln\u011b vlastn\u011bn\u00e9ho \u00fazem\u00ed Ukrajin\u011b? To jsou r\u016fzn\u00e9 v\u011bci, tak\u017ee samoz\u0159ejm\u011b pot\u0159ebujeme uzn\u00e1n\u00ed. Ale ne ze strany dne\u0161n\u00ed Ukrajiny. Douf\u00e1m, \u017ee v budoucnu budeme schopni se s Ukrajinou dohodnout. Je tam pom\u011brn\u011b hodn\u011b zdrav\u00fdch lid\u00ed, kte\u0159\u00ed cht\u011bj\u00ed budovat vztahy s Ruskem z dlouhodob\u00e9 historick\u00e9 perspektivy. Tak ale mus\u00edme to uzav\u0159\u00edt.<\/p>\n<p><em><strong>-Dobr\u00fd den, jmenuji se Kira Latuchina, Rossijskaja gazeta. \u0158ekn\u011bte mi, pros\u00edm, ma\u010farsk\u00e1 m\u00e9dia napsala, \u017ee z\u00edtra p\u0159ilet\u00ed do Moskvy ma\u010farsk\u00fd premi\u00e9r Viktor Urban na jedn\u00e1n\u00ed s v\u00e1mi. Mohl byste potvrdit, \u017ee se takov\u00e9 setk\u00e1n\u00ed uskute\u010dn\u00ed a jak\u00fd je \u00fa\u010del jeho n\u00e1v\u0161t\u011bvy? D\u011bkuji.<\/strong><\/em><\/p>\n<p>M\u00e1me kontakty s ma\u010farskou stranou ohledn\u011b na\u0161eho mo\u017en\u00e9ho setk\u00e1n\u00ed, a v\u017edy r\u00e1di uvid\u00edme kter\u00e9hokoli z na\u0161ich partner\u016f v Rusku, v\u010detn\u011b navzdory jejich agresivn\u00edmu chov\u00e1n\u00ed, na\u0161ich evropsk\u00fdch koleg\u016f. Zejm\u00e9na Viktora Orb\u00e1na. Zn\u00e1me jeho postoje. Podle m\u00e9ho n\u00e1zoru je zcela objektivn\u00ed. Je jedn\u00edm z lid\u00ed, kte\u0159\u00ed vid\u00ed realitu na m\u00edst\u011b a na z\u00e1klad\u011b t\u00e9to reality formuluje sv\u016fj politick\u00fd postoj. M\u00e1me tak\u00e9 bilater\u00e1ln\u00ed ot\u00e1zky. V oblasti energetiky prob\u00edh\u00e1 rozs\u00e1hl\u00e1 spolupr\u00e1ce. Je\u0161t\u011b jsem nezm\u00ednil jadernou elektr\u00e1rnu PAKS.<\/p>\n<p>A tam jsou ot\u00e1zky, kter\u00e9 vy\u017eaduj\u00ed dal\u0161\u00ed diskusi. T\u00fdk\u00e1 se to paliva pro elektr\u00e1rnu. Proto\u017ee na Ukrajin\u011b pou\u017e\u00edvali americk\u00e9 palivo. Ale my nejsme proti n\u011bmu, ale pr\u00e1v\u011b tam ode\u0161ly palivov\u00e9 ty\u010de, trubky se za\u010daly oh\u00fdbat, co\u017e vedlo k havarijn\u00ed situaci. Tak\u017ee tady se mus\u00ed v\u0161echno \u0159\u00e1dn\u011b propo\u010d\u00edtat. Je to v\u00e1\u017en\u00fd probl\u00e9m. Ale je tu mnoho dal\u0161\u00edch ot\u00e1zek bilater\u00e1ln\u00edho charakteru. A pokud premi\u00e9r Orb\u00e1n pova\u017euje za mo\u017en\u00e9 p\u0159ijmout na\u0161e pozv\u00e1n\u00ed, je v\u017edy v\u00edt\u00e1n. D\u011bkuji v\u00e1m mnohokr\u00e1t.<\/p>\n<p><em><strong>-S ohledem na\u2026<\/strong><\/em><\/p>\n<p>Mysl\u00edm, \u017ee jste ji\u017e polo\u017eil ot\u00e1zku. Ano. Hanba v\u00e1m.<\/p>\n<p><em><strong>-Mohu, Vladim\u00edre Vladimirovi\u010di? Valentin Alfimov, Komsomolsk\u00e1 pravda. Na tuto ot\u00e1zku jste ji\u017e \u010d\u00e1ste\u010dn\u011b odpov\u011bd\u011bl. Pr\u00e1vn\u00ed ot\u00e1zka.<\/strong><\/em><\/p>\n<p>Tak pro\u010d se k n\u00ed vracet?<\/p>\n<p><em><strong>-O Krymu a Donbasu. Pokud to nen\u00ed\u2026 Trump\u016fv pl\u00e1n \u0159\u00edk\u00e1, \u017ee to de facto uznaj\u00ed, \u017ee je n\u00e1\u0161. Ale ne de jure. Co to je? Pt\u00e1m se v\u00e1s jako pr\u00e1vn\u00edk. Jak to, \u017ee de facto ano, ale de jure ne?<\/strong><\/em><\/p>\n<p>To by m\u011blo b\u00fdt p\u0159edm\u011btem na\u0161ich jedn\u00e1n\u00ed s americkou stranou. Moc d\u011bkuji, \u017ee jste m\u011b na to upozornil. M\u00e1te pravdu, tohle je jeden z kl\u00ed\u010dov\u00fdch bod\u016f.<\/p>\n<p>\u2013<em>Putin<\/em>\u2013<\/p>\n<h3>V\u00e1lka bu\u010f skon\u010d\u00ed m\u00edrem za rusk\u00fdch podm\u00ednek, nebo bude pokra\u010dovat v\u00e1lka za rusk\u00fdch podm\u00ednek. Kyjev, Lond\u00fdn i Washington si mohou vybrat<\/h3>\n<p>Z pozice Putina bylo vid\u011bt, \u017ee m\u00e1 p\u0159ed\u010dasn\u00e9 V\u00e1noce. P\u0159i popisov\u00e1n\u00ed toho, jak rusk\u00e1 vojska obkli\u010duj\u00ed zbytky ukrajinsk\u00fdch \u201c<em>bezdomovc\u016f<\/em>\u201d v Mirnogradu (Dimitrov), a p\u0159i popisu situace v Z\u00e1poro\u017e\u00ed bylo vid\u011bt, \u017ee je nad\u0161en\u00fd. Nen\u00ed divu, proto\u017ee n\u011bmeck\u00e9 opevn\u011bn\u00e9 linie, kter\u00e9 na Donbasu a v \u010d\u00e1sti Z\u00e1poro\u017e\u00ed budovaly n\u011bmeck\u00e9 firmy cel\u00fdch 8 let od roku 2014, byly pro rusk\u00e9 voj\u00e1ky nejv\u011bt\u0161\u00ed v\u00fdzvou.<\/p>\n<p>A to v\u00fdzvou vybudovanou za pen\u00edze USA a Evropsk\u00e9 unie, proto\u017ee bunkry a opevn\u011bn\u00ed p\u0159edstavuj\u00ed nejsiln\u011bj\u0161\u00ed strukturu \u017eelezobetonov\u00fdch a anti-balistick\u00fdch pevnost\u00ed vybudovan\u00fdch na \u00fazem\u00ed Evropy v\u016fbec poprv\u00e9 od konce II. sv. v\u00e1lky. Celkem 3 p\u00e1sma pevnostn\u00edch lini\u00ed od Slavjansku a\u017e dol\u016f k Pokrovsku a k oblasti jihov\u00fdchodu Z\u00e1poro\u017esk\u00e9 oblasti jsou prakticky dobyta a posledn\u00ed 3. a posledn\u00ed linie pr\u00e1v\u011b te\u010f je rozb\u00edjena u Seversku.<\/p>\n<p><a href=\"https:\/\/aeronet.news\/wp-content\/uploads\/PutinBishkekStage.jpg\"><img decoding=\"async\" loading=\"lazy\" class=\"wp-image-65512 aligncenter\" src=\"https:\/\/aeronet.news\/wp-content\/uploads\/PutinBishkekStage.jpg\" sizes=\"(max-width: 1280px) 100vw, 1280px\" srcset=\"https:\/\/aeronet.news\/wp-content\/uploads\/PutinBishkekStage.jpg 1280w, https:\/\/aeronet.news\/wp-content\/uploads\/PutinBishkekStage-300x169.jpg 300w, https:\/\/aeronet.news\/wp-content\/uploads\/PutinBishkekStage-768x434.jpg 768w, https:\/\/aeronet.news\/wp-content\/uploads\/PutinBishkekStage-1024x578.jpg 1024w, https:\/\/aeronet.news\/wp-content\/uploads\/PutinBishkekStage-700x395.jpg 700w, https:\/\/aeronet.news\/wp-content\/uploads\/PutinBishkekStage-632x357.jpg 632w, https:\/\/aeronet.news\/wp-content\/uploads\/PutinBishkekStage-855x483.jpg 855w\" alt=\"\" width=\"951\" height=\"537\" \/><\/a><\/p>\n<p>Jakmile tohle Rusov\u00e9 prolom\u00ed, u\u017e je nic nezastav\u00ed v postupu k v\u00fdchodn\u00edmu b\u0159ehu Dn\u011bpru a Rusko vezme polovinu Ukrajiny, pod\u00e9l Dn\u011bpru, od \u010cernobylu a\u017e k \u00fast\u00ed delty Dn\u011bpru v Chersonu. A co je hlavn\u00ed, \u017ee tohle u\u017e v\u00ed nejen Putin, nejen rusk\u00fd ukrajinsk\u00fd gener\u00e1ln\u00ed \u0161t\u00e1b, ale v\u00ed to i Pentagon, co hroz\u00ed Ukrajin\u011b. Ne, \u017ee p\u0159ijde o Donbas. O to se u\u017e nehraje. Ukrajina m\u016f\u017ee p\u0159ij\u00edt o polovinu sv\u00e9ho \u00fazem\u00ed a nebude tomu moci jak zabr\u00e1nit.<\/p>\n<p><strong>Proto za\u010dal ten tlak ze strany USA na okam\u017eit\u00e9 obnoven\u00ed m\u00edrov\u00fdch rozhovor\u016f, proto\u017ee tentokr\u00e1t u\u017e jde o v\u0161echno.<\/strong>\u00a0Zejm\u00e9na o ztr\u00e1tu pozemk\u016f a t\u011b\u017eebn\u00edch zdroj\u016f na v\u00fdchod od Dn\u011bpru, kter\u00e9 m\u011bly pat\u0159it americk\u00fdm a britsk\u00fdm investor\u016fm na z\u00e1klad\u011b ji\u017e podepsan\u00fdch surovinov\u00fdch smluv se Zelensk\u00fdm. A te\u010f hroz\u00ed, \u017ee Rusov\u00e9 to vezmou. Proto Vladimir Putin v\u00ed, \u017ee dr\u017e\u00ed v\u0161echny karty. M\u00edr tedy m\u016f\u017ee b\u00fdt, ale podle rusk\u00fdch not. A kdy\u017e se rusk\u00e9 noty nebudou Kyjevu a Z\u00e1padu l\u00edbit, bude z toho \u010dern\u00e1 no\u010dn\u00ed m\u016fra pro Brusel, Lond\u00fdn i Washington. A takov\u00e1 je realita.<\/p>\n<p><a href=\"https:\/\/aeronet.news\/trumpuv-plan-muze-byt-dobrym-zakladem-pro-mir-ale-jsme-pripraveni-bojovat-az-do-jejich-posledniho-ukrajince-bud-vyklidi-donbas-v-ramci-dohody-anebo-je-vyklidime-my-vojenskou-silou\/\">VK<\/a><\/p>\n<p>&nbsp;<\/p>\n","protected":false},"excerpt":{"rendered":"<p>Trump\u016fv pl\u00e1n m\u016f\u017ee b\u00fdt dobr\u00fdm z\u00e1kladem pro m\u00edr, ale jsme p\u0159ipraveni bojovat a\u017e do jejich&#8230;<\/p>\n","protected":false},"author":2,"featured_media":93318,"comment_status":"closed","ping_status":"closed","sticky":false,"template":"","format":"standard","meta":[],"categories":[6],"tags":[1042,4030,710,102],"_links":{"self":[{"href":"https:\/\/www.infokuryr.cz\/n\/wp-json\/wp\/v2\/posts\/93317"}],"collection":[{"href":"https:\/\/www.infokuryr.cz\/n\/wp-json\/wp\/v2\/posts"}],"about":[{"href":"https:\/\/www.infokuryr.cz\/n\/wp-json\/wp\/v2\/types\/post"}],"author":[{"embeddable":true,"href":"https:\/\/www.infokuryr.cz\/n\/wp-json\/wp\/v2\/users\/2"}],"replies":[{"embeddable":true,"href":"https:\/\/www.infokuryr.cz\/n\/wp-json\/wp\/v2\/comments?post=93317"}],"version-history":[{"count":0,"href":"https:\/\/www.infokuryr.cz\/n\/wp-json\/wp\/v2\/posts\/93317\/revisions"}],"wp:featuredmedia":[{"embeddable":true,"href":"https:\/\/www.infokuryr.cz\/n\/wp-json\/wp\/v2\/media\/93318"}],"wp:attachment":[{"href":"https:\/\/www.infokuryr.cz\/n\/wp-json\/wp\/v2\/media?parent=93317"}],"wp:term":[{"taxonomy":"category","embeddable":true,"href":"https:\/\/www.infokuryr.cz\/n\/wp-json\/wp\/v2\/categories?post=93317"},{"taxonomy":"post_tag","embeddable":true,"href":"https:\/\/www.infokuryr.cz\/n\/wp-json\/wp\/v2\/tags?post=93317"}],"curies":[{"name":"wp","href":"https:\/\/api.w.org\/{rel}","templated":true}]}}