{"id":93305,"date":"2025-11-28T06:15:59","date_gmt":"2025-11-28T05:15:59","guid":{"rendered":"https:\/\/www.infokuryr.cz\/n\/?p=93305"},"modified":"2025-11-28T06:15:59","modified_gmt":"2025-11-28T05:15:59","slug":"staty-nato-zvazuji-utocnou-kybernetickou-operaci-proti-rusku","status":"publish","type":"post","link":"https:\/\/www.infokuryr.cz\/n\/2025\/11\/28\/staty-nato-zvazuji-utocnou-kybernetickou-operaci-proti-rusku\/","title":{"rendered":"St\u00e1ty NATO zva\u017euj\u00ed \u201e\u00fato\u010dnou kybernetickou operaci\u201c proti Rusku"},"content":{"rendered":"<div id=\"fb-root\"><\/div>\n<h3>Loty\u0161sk\u00fd nejvy\u0161\u0161\u00ed diplomat prohl\u00e1sil, \u017ee evrop\u0161t\u00ed \u010dlenov\u00e9 aliance mus\u00ed vyslat Moskv\u011b \u201esign\u00e1l\u201c<\/h3>\n<p data-start=\"152\" data-end=\"446\"><span dir=\"auto\">Evropsk\u00e9 \u010dlensk\u00e9 zem\u011b NATO \u00fadajn\u011b zva\u017euj\u00ed spole\u010dn\u00e9 \u00fato\u010dn\u00e9 kybernetick\u00e9 operace proti Rusku, informoval ve \u010dtvrtek server Politico Europe s odvol\u00e1n\u00edm na dva vysok\u00e9 vl\u00e1dn\u00ed \u00fa\u0159edn\u00edky EU a t\u0159i diplomaty.<\/span><\/p>\n<p data-start=\"652\" data-end=\"792\"><span dir=\"auto\">Z\u00e1padn\u00ed vl\u00e1dy podle publikace\u00a0zva\u017euj\u00ed kybernetick\u00e9 a dal\u0161\u00ed mo\u017enosti v reakci na \u00fadajn\u00e9\u00a0<\/span><em><span dir=\"auto\">\u201ehybridn\u00ed \u00fatoky\u201c ze strany Moskvy.<\/span><\/em><\/p>\n<p data-start=\"794\" data-end=\"1022\"><span dir=\"auto\">Loty\u0161sk\u00e1 ministryn\u011b zahrani\u010d\u00ed Baiba Brazeov\u00e1 v rozhovoru pro Politico uvedla, \u017ee NATO mus\u00ed\u00a0<\/span><em><span dir=\"auto\">\u201eb\u00fdt v kybernetick\u00e9 ofenz\u00edv\u011b proaktivn\u011bj\u0161\u00ed\u201c<\/span><\/em><span dir=\"auto\">\u00a0a l\u00e9pe koordinovat sv\u00e9 zpravodajsk\u00e9 slu\u017eby.\u00a0<\/span><em><span dir=\"auto\">\u201eA sign\u00e1l nevys\u00edl\u00e1 mluven\u00ed \u2013 sign\u00e1ly se vys\u00edlaj\u00ed,\u201c<\/span><\/em><span dir=\"auto\">\u00a0dodala.<\/span><\/p>\n<p data-start=\"1024\" data-end=\"1391\"><span dir=\"auto\">Koncem roku 2024 NATO p\u0159edstavilo pl\u00e1ny na z\u0159\u00edzen\u00ed nov\u00e9ho integrovan\u00e9ho centra kybernetick\u00e9 obrany ve sv\u00e9m \u00fast\u0159ed\u00ed v Belgii, kter\u00e9 by m\u011blo b\u00fdt spu\u0161t\u011bno do provozu do roku 2028. Stefano Piermarocchi, vedouc\u00ed odd\u011blen\u00ed \u0159\u00edzen\u00ed kybernetick\u00fdch rizik v hlavn\u00ed informa\u010dn\u00ed kancel\u00e1\u0159i NATO, \u0159ekl serveru Breaking Defense, \u017ee nov\u00e9 centrum zlep\u0161\u00ed situa\u010dn\u00ed pov\u011bdom\u00ed a pom\u016f\u017ee koordinovat reakce na hrozby.<\/span><\/p>\n<p data-start=\"1393\" data-end=\"1668\"><span dir=\"auto\">\u010clensk\u00e9 st\u00e1ty NATO d\u0159\u00edve obvinily Rusko z nabour\u00e1v\u00e1n\u00ed vl\u00e1dn\u00edch server\u016f, ru\u0161en\u00ed GPS sign\u00e1l\u016f letadel a pou\u0161t\u011bn\u00ed dron\u016f do jejich vzdu\u0161n\u00e9ho prostoru. Moskva tato obvin\u011bn\u00ed pop\u0159ela jako v\u00e1le\u010dn\u00e9 \u0161tv\u00e1\u010de a sankce a pomoc Z\u00e1padu Ukrajin\u011b ozna\u010dila za\u00a0<\/span><em><span dir=\"auto\">\u201ehybridn\u00ed agresi\u201c.<\/span><\/em><\/p>\n<p data-start=\"1670\" data-end=\"1908\"><span dir=\"auto\">Kybernetick\u00e9 \u00fatoky na Rusko letos podle spole\u010dnosti RED Security vzrostly o 46 %. Mezi nejzn\u00e1m\u011bj\u0161\u00ed incidenty pat\u0159il \u010dervencov\u00fd \u00fatok na datab\u00e1zi nejv\u011bt\u0161\u00ed rusk\u00e9 leteck\u00e9 spole\u010dnosti Aeroflot, k n\u011bmu\u017e se p\u0159ihl\u00e1sily dv\u011b proukrajinsk\u00e9 skupiny.<\/span><\/p>\n<p data-start=\"1670\" data-end=\"1908\"><img decoding=\"async\" loading=\"lazy\" class=\"alignnone size-full wp-image-1185\" src=\"http:\/\/www.infokuryr.cz\/n\/wp-content\/uploads\/2021\/04\/kuryr-podpis.png\" alt=\"\" width=\"84\" height=\"24\" \/><\/p>\n<p data-start=\"1670\" data-end=\"1908\">\n<p data-start=\"1670\" data-end=\"1908\">\n","protected":false},"excerpt":{"rendered":"<p>Loty\u0161sk\u00fd nejvy\u0161\u0161\u00ed diplomat prohl\u00e1sil, \u017ee evrop\u0161t\u00ed \u010dlenov\u00e9 aliance mus\u00ed vyslat Moskv\u011b \u201esign\u00e1l\u201c Evropsk\u00e9 \u010dlensk\u00e9 zem\u011b&#8230;<\/p>\n","protected":false},"author":2,"featured_media":62323,"comment_status":"closed","ping_status":"closed","sticky":false,"template":"","format":"standard","meta":[],"categories":[7],"tags":[210,39,22,40],"_links":{"self":[{"href":"https:\/\/www.infokuryr.cz\/n\/wp-json\/wp\/v2\/posts\/93305"}],"collection":[{"href":"https:\/\/www.infokuryr.cz\/n\/wp-json\/wp\/v2\/posts"}],"about":[{"href":"https:\/\/www.infokuryr.cz\/n\/wp-json\/wp\/v2\/types\/post"}],"author":[{"embeddable":true,"href":"https:\/\/www.infokuryr.cz\/n\/wp-json\/wp\/v2\/users\/2"}],"replies":[{"embeddable":true,"href":"https:\/\/www.infokuryr.cz\/n\/wp-json\/wp\/v2\/comments?post=93305"}],"version-history":[{"count":0,"href":"https:\/\/www.infokuryr.cz\/n\/wp-json\/wp\/v2\/posts\/93305\/revisions"}],"wp:featuredmedia":[{"embeddable":true,"href":"https:\/\/www.infokuryr.cz\/n\/wp-json\/wp\/v2\/media\/62323"}],"wp:attachment":[{"href":"https:\/\/www.infokuryr.cz\/n\/wp-json\/wp\/v2\/media?parent=93305"}],"wp:term":[{"taxonomy":"category","embeddable":true,"href":"https:\/\/www.infokuryr.cz\/n\/wp-json\/wp\/v2\/categories?post=93305"},{"taxonomy":"post_tag","embeddable":true,"href":"https:\/\/www.infokuryr.cz\/n\/wp-json\/wp\/v2\/tags?post=93305"}],"curies":[{"name":"wp","href":"https:\/\/api.w.org\/{rel}","templated":true}]}}