{"id":9330,"date":"2022-04-06T01:59:49","date_gmt":"2022-04-05T23:59:49","guid":{"rendered":"http:\/\/www.infokuryr.cz\/n\/?p=9330"},"modified":"2022-04-05T18:52:57","modified_gmt":"2022-04-05T16:52:57","slug":"jiri-jaros-nickelli-ideologie-sudetismu-jako-politicky-podvod","status":"publish","type":"post","link":"https:\/\/www.infokuryr.cz\/n\/2022\/04\/06\/jiri-jaros-nickelli-ideologie-sudetismu-jako-politicky-podvod\/","title":{"rendered":"Ji\u0159\u00ed Jaro\u0161 Nickelli: Ideologie sudetismu jako politick\u00fd podvod"},"content":{"rendered":"<div id=\"fb-root\"><\/div>\n<p>Sou\u010dasn\u00ed p\u0159ed\u00e1ci odsunut\u00fdch N\u011bmc\u016f z \u010ceskoslovenska nevystupuj\u00ed s agresivn\u00edmi po\u017eadavky v\u016f\u010di \u010cesk\u00e9 republice pouze\u00a0 z hlediska jednor\u00e1zov\u00fdch argument\u016f. B\u011bhem mnoha desetilet\u00ed, a to nikoli jen od osvobozen\u00ed \u010cSR roku 1945, ale od sam\u00e9ho jej\u00edho vzniku v roce 1918, vystupuj\u00ed s nem\u011bnnou, velice \u00fato\u010dnou ideologi\u00ed proti \u010desk\u00e9mu n\u00e1rodu.<\/p>\n<p>Ba prehistorie sudetismu jako ideologie n\u011bmeck\u00fdch ostrovn\u00edch men\u0161in v \u010desk\u00fdch zem\u00edch b\u00fdval\u00e9 Koruny \u010cesk\u00e9 m\u00e1 sv\u00e9 ko\u0159eny ji\u017e nejm\u00e9n\u011b ve druh\u00e9 polovin\u011b 19.stolet\u00ed. Ji\u017e tehdy se N\u011bmci v \u010desk\u00fdch zem\u00edch organizovali ve v\u00fdbojn\u00fdch svazech, jako byl nap\u0159\u00edklad \u201eDeutsche B\u00f6hmerwaldbund\u201c (Svaz po\u0161umavsk\u00fdch N\u011bmc\u016f) s 32 tis\u00edci \u010dleny, nebo \u201eBund der Deutscher Nordm\u00e4hrens\u201c(Svaz N\u011bmc\u016f severn\u00ed Moravy) s 32 tis\u00edci \u010dleny. V rakousk\u00e9m Slezsku pak p\u016fsobil svaz \u201eNordmark\u201c se s\u00eddlem v Opav\u011b, kde vych\u00e1zel i list s typick\u00fdm n\u00e1zvem \u201eDeutsche wehr\u201c. N\u011bmeck\u00e9 \u0161ovinisty moravsk\u00e9ho jihu sdru\u017eoval \u201eS\u00fcdm\u00e4hrensbund\u201c ve Znojm\u011b, kter\u00fd m\u011bl nejm\u00e9n\u011b \u010dlen\u016f \u2013 jen 5000. Ve v\u00fdchodn\u00edch \u010cech\u00e1ch p\u016fsobil \u201eBund der Deutschen in Ostb\u00f6hmen\u201c se 7434 \u010dleny, v z\u00e1padn\u00edch \u201eBund der Deutschen i Westb\u00f6hmen\u201c v Plzni, \u201eBund der Deutschen in Nordwestb\u00f6hmen\u201c v Teplic\u00edch. Ji\u017e zde m\u016f\u017eeme konstatovat z\u00e1sadn\u00ed fenomen t\u00e9to germanisace \u2013 nikde se nehovo\u0159\u00ed o \u201eSudetech\u201c (\u201eSudetenlandu\u201c) o\u00a0 n\u011bjak\u00fdch \u201eSudeton\u011bmc\u00edch\u201c!<\/p>\n<p>Tyto spolky N\u011bmc\u016f pod rou\u0161kou osv\u011bty germanizovaly n\u00e1siln\u011b pohrani\u010dn\u00ed oblasti i n\u011bkter\u00e9 vnitrozemsk\u00e9 ostrovy \u2013 d\u011blo se to\u00a0 tak, \u017ee \u010desk\u00e9 d\u011bti \u010desk\u00fdch d\u011bln\u00edk\u016f byly n\u00e1siln\u011b zapisov\u00e1ny do n\u011bmeck\u00fdch \u0161kol pod hrozbou vyhazovu otc\u016f z pr\u00e1ce! D\u00e1le spolky vykupovaly p\u016fdu \u010desk\u00fdch roln\u00edk\u016f!\u00a0<strong>V\u0161echny tyto spolky se slou\u010dily v jedin\u00fd\u00a0 v\u0161en\u011bmeck\u00fd svaz se s\u00eddlem v Praze (!) \u2013 Bund der Deutschen in B\u00f6hmen\u201c s 50 tis\u00edci \u010dleny. C\u00edl stejn\u00fd \u2013 germanisace \u010desk\u00fdch zem\u00ed a v\u00fdrazn\u00fd antisemitismus<\/strong>. Toto v\u0161e m\u011blo podporu rakousk\u00e9 monarchie do stupn\u011b vy\u017eadovan\u00e9 austroloajality. Habsbursk\u00e1 \u0159\u00ed\u0161e sice podporovala nadvl\u00e1du n\u011bmecky hovo\u0159\u00edc\u00ed men\u0161iny v tzv. p\u0159edlitavsk\u00e9 polovin\u011b \u0159\u00ed\u0161e, ale ob\u00e1vala se sou\u010dasn\u011b \u0159\u00ed\u0161sk\u00e9ho \u0161ovinismu, propagovan\u00e9mu extr\u00e9mn\u00edmi nacion\u00e1ly typu Georga von Sch\u00f6nerera, jeho\u017e v\u00fdk\u0159ik\u00fd ve v\u00edde\u0148sk\u00e9 pansk\u00e9 sn\u011bmovn\u011b\u00a0 jako \u201eK\u00e9\u017e bychom u\u017e nav\u017edy pat\u0159ili k n\u011bmeck\u00e9 \u0159\u00ed\u0161i!\u201c byly no\u010dn\u00ed m\u016frou austrijsk\u00fdch monarchist\u016f. ( Amort, 1971, 41\u201342.)<\/p>\n<p>Vznik ozna\u010den\u00ed \u201eSudeton\u011bmci\u201c a \u201eSudety\u201c m\u00e1 ko\u0159eny v rakousk\u00e9 monarchii ji\u017e p\u0159ed novin\u00e1\u0159em Jesserem, jen\u017e je pova\u017eov\u00e1n za \u00fadajn\u00e9ho otce t\u011bchto term\u00edn\u016f. Podhoub\u00edm pro toto v\u0161e byl pangermanismus zam\u011b\u0159en\u00fd na \u010desk\u00e9 zem\u011b odm\u00edtaj\u00edc\u00ed n\u00e1zvy \u201e\u010cechy, \u010cechie, Koruna \u010cesk\u00e1\u201c, atd. Tito pangerm\u00e1ni tvrdili, \u017ee daleko p\u0159esn\u011bj\u0161\u00ed je\u00a0 latinsk\u00fd n\u00e1zev \u201eBohemia\u201c\u00a0 \u010dile zn\u011bm\u010den\u011b \u201eB\u00f6hmen\u201c. P\u0159itom star\u00fd latinsk\u00fd n\u00e1zev v z\u00e1padn\u00ed Evrop\u011b byl p\u0159edm\u011btem nepochopen\u00ed etnicity v \u010desk\u00fdch zem\u00edch. Tak nap\u0159\u00edklad ve Francii i It\u00e1lii byl n\u00e1zev \u201eBohemia\u201c ztoto\u017e\u0148ov\u00e1n asi od 16. stolet\u00ed (snad i d\u0159\u00edve) s migruj\u00edc\u00edmi Romy (Cik\u00e1ny) pro n\u011b\u017e nakonec zdom\u00e1cn\u011bl n\u00e1zev \u201eBoemov\u00e9\u201c. I dnes takzvan\u00ed sudeton\u011bme\u010dt\u00ed badatel\u00e9 tvrd\u00ed, \u017ee n\u00e1zev \u201eB\u00f6hmen\u201c vyjad\u0159uje p\u0159esn\u011bji, nebo\u0165 pr\u00fd postihuje osudy dvou n\u00e1rod\u016f v jedin\u00e9m st\u00e1t\u011b (Hru\u0161ka 2008,6\u20137.)<\/p>\n<p>P\u0159itom tito badatel\u00e9 omezili etnicitu v \u010desk\u00fdch zem\u00edch pouze na dva n\u00e1rody, respektive na jeden n\u00e1rod a jednu ostrovn\u00ed men\u0161inu, p\u0159i\u010dem\u017e tot\u00e1ln\u011b vyt\u011bsnili men\u0161iny dal\u0161\u00ed \u2013 rakouskou, polskou, slovenskou, chorvatskou, a\u00a0 zejm\u00e9na \u017eidovskou, kter\u00e9 tu \u017eily rovn\u011b\u017e po stalet\u00ed v daleko m\u00e9n\u011b konfliktn\u00edm nebo nekonfliktn\u00edm vztahu,na rozd\u00edl od men\u0161iny n\u011bmeck\u00e9!<\/p>\n<p>Je neust\u00e1le nutno p\u0159ipom\u00ednat, \u017ee cel\u00fd charakter tzv. \u201en\u011bmeck\u00e9 stalet\u00e9 kolonizace\u201c v \u010desk\u00fdch zem\u00edch byl a) hi\u00e1tov\u00fd b) ostrovn\u00ed! N\u011bmci v \u010desk\u00fdch zem\u00edch za cel\u00fdch proklamovan\u00fdch 800 let sou\u017eit\u00ed s \u010cechy nikdy a nikdy zcela souvisl\u00e9 os\u00eddlen\u00ed, a to i p\u0159es pokusy o n\u00e1silnou germanizaci \u010desk\u00e9ho pohrani\u010d\u00ed v posledn\u00ed t\u0159etin\u011b 19.stolet\u00ed, nevytvo\u0159ili.! Koloniza\u010dn\u00ed vlny iniciovan\u00e9 jak panovn\u00edkem, tak c\u00edrkevn\u00ed \u0161lechtou, byly v\u017edy z\u00e1sadn\u011b ostrovn\u00ed a nikdy nenaru\u0161ily \u00fazemn\u00ed integritu Koruny \u010cesk\u00e9. Toto je prost\u011b historick\u00fd fakt, kter\u00fd m\u00e1 hodnotu axiomatu a nehne s n\u00edm \u017e\u00e1dn\u00fd tzv. sudeton\u011bmeck\u00fd badatel \u2013 pokud nebude lh\u00e1t. Proto mohl velmi spr\u00e1vn\u011b soci\u00e1ln\u00ed demokrat R.Bechyn\u011b ve sv\u00e9 knize \u201ePero mi z\u016fstalo\u201c napsat, \u017ee:<\/p>\n<p>\u201eN\u011bmci z \u010desk\u00fdch zem\u00ed nemaj\u00ed vlastn\u00ed st\u00e1tn\u011b politick\u00e9 idividuality. Nen\u00ed zajist\u00e9 bez hlubok\u00e9 p\u0159\u00ed\u010diny,\u017ee za n\u011bkolik stolet\u00ed nevytvo\u0159ili vlastn\u00ed st\u00e1t.\u00a8Nem\u011bli sv\u00e9 separ\u00e1tn\u00ed politick\u00e9 historie \u2013 v\u017edy sd\u00edleli s n\u00e1mi osudy \u010desk\u00fdch zem\u00ed. Nezplodili ani sv\u00e9r\u00e1zn\u00e9 kultury duchovn\u00ed a um\u011bleck\u00e9.\u00a0<strong>Nebyli n\u00e1rodem, n\u00fdbr\u017e n\u00e1rodnostn\u00ed men\u0161inou v prostoru jin\u00e9ho sv\u00e9r\u00e1zn\u00e9ho n\u00e1roda\u201c.<\/strong>\u00a0( Bechyn\u011b, 1947,206.)<\/p>\n<p>Ji\u017e z tohoto titulu mus\u00edme z\u00e1sadn\u011b odm\u00edtnout a odsoudit st\u00e1tn\u00ed vyhazov\u00e1n\u00ed 50ti milionu korun na muzeum \u010desko n\u011bmeck\u00e9ho sou\u017eit\u00ed v \u00dastn\u00ed nad Labem, kter\u00e9 \u2013 a\u0165 cht\u011bn\u011b \u010di necht\u011bn\u011b! \u2013\u00a0 je v\u00fdrazem tohoto politick\u00e9ho podvodu vytvo\u0159it jak\u00fdsi expozi\u010dn\u00ed paobraz kontiun\u00e1ln\u00edch a \u00fadajn\u011b idylick\u00fdch vztah\u016f plodn\u00e9 spolupr\u00e1ce \u010cech\u016f a N\u011bmc\u016f ve spole\u010dn\u00e9m\u00a0 \u010cesk\u00e9m kr\u00e1lovstv\u00ed a pozd\u011bji v habsbursk\u00e9 \u0159\u00ed\u0161\u00ed, co\u017e naprosto neodpov\u00edd\u00e1 historick\u00fdm fakt\u016fm o st\u0159etech n\u011bmeck\u00e9ho patrici\u00e1tu s \u010desk\u00fdm n\u00e1rodem. Z mnoha p\u0159\u00edpad\u016f uve\u010fme jen jedin\u00fd \u2013 jak po\u010daly p\u0159edhusitsk\u00e9 bou\u0159e? Sporem o p\u0159evahu N\u011bmc\u016f na pra\u017esk\u00e9 universit\u011b. P\u0159es negativn\u00ed v\u00fdhrady na\u0161ich v\u011bdc\u016f, jako byl nap\u0159\u00edklad univ.profesor JUDr. V\u00e1clav Pavl\u00ed\u010dek, CSc., k budov\u00e1n\u00ed takto pojat\u00e9ho muzea, st\u00e1t nad\u00e1le pl\u00fdtv\u00e1 pen\u011bzi da\u0148ov\u00fdch poplatn\u00edk\u016f na tento \u010desk\u00e9mu n\u00e1rodu de facto nep\u0159\u00edzniv\u00fd projekt \u2013 p\u0159es ve\u0161ker\u00e1 uji\u0161\u0165ov\u00e1n\u00ed jeho tv\u016frc\u016f o opaku.<\/p>\n<p>Jak tedy do\u0161lo i k instalaci sudetismu, po\u010d\u00ednaje ozna\u010den\u00edmi a kon\u010de nesmysln\u00fdmi pateoriemi o tzv. \u201e\u010dtvrt\u00e9m bavorsk\u00e9m kmeni\u201c, a jak\u00e9msi nov\u00e9m \u201esudeton\u011bmeck\u00e9m lidu\u201c, kter\u00fdm tak hloup\u011b a nev\u011bdecky podlehli i na\u0161i nyn\u011bj\u0161\u00ed politikov\u00e9, jako byl expremi\u00e9r Ne\u010das? Velmi dob\u0159e popsal\u00a0 genezi n\u00e1zvu \u201eSudetenland\u201c op\u011bt R.Bechyn\u011b v citovan\u00e9m d\u00edle:<\/p>\n<p>\u201ePod\u00edvejme se nyn\u00ed na slovo \u201eSudetenland\u201c Je v ob\u011bhu teprve kr\u00e1tk\u00fd \u010das. Ti z n\u00e1s, kte\u0159\u00ed pro\u0161li \u0161kolami star\u00e9 monarchie, se pamatuj\u00ed, \u017ee rakousk\u00fd zem\u011bpis u\u017e\u00edval n\u00e1zvu t\u0159\u00ed poho\u0159\u00ed, kdykoli pot\u0159eboval orienta\u010dn\u00ed pom\u016fcky k rozli\u0161ov\u00e1n\u00ed r\u016fzn\u00fdch skupin zem\u00ed. Byly to: Alpy, Sudety, Kras. V tom smyslu se mluvilo o \u201ealpsk\u00fdch zem\u00edch\u201c (Alpenl\u00e4nder), \u201esudetsk\u00fdch zem\u00edch\u201c (Sudetenl\u00e4nder) a \u201ekrassk\u00fdch zem\u00edch\u201c (Karstl\u00e4nder). Sudetsk\u00e9 zem\u011b \u2013 to byly \u010cechy, Morava a Slezsko ve sv\u00e9 celistvosti: nebyl to tedy dne\u0161n\u00ed \u201eSudetenland\u201c, utvo\u0159en\u00fd p\u00e1ny Hitlerem a Henleinem za vydatn\u00e9 pomoci pana Runcimana.\u00a0<strong>V o\u010d\u00edch ka\u017ed\u00e9ho \u010cechoslov\u00e1ka jsou slova \u201eSudetenland\u201c a velezrada toto\u017en\u00e9 pojmy<\/strong>\u201c. (Bechyn\u011b, 1947, 205.) Zde je pot\u0159eba pro neznal\u00e9 na\u0161\u00ed historie ur\u010dit\u00e9 vysv\u011btlen\u00ed. Rakousk\u00e9 monarchii bylo lhostejn\u00e9, jak\u00e9 dal\u0161\u00ed n\u00e1rody krom\u011b \u201e prav\u00fdch Raku\u0161an\u016f\u201c tj. n\u011bmeck\u00fdch Raku\u0161an\u016f, \u017eij\u00ed na \u00fazem\u00ed \u010cech, Moravy a Slezska. Pro monarchii to byli poddan\u00ed \u017eij\u00edc\u00ed na \u00fazem\u00ed ozna\u010den\u00e9m jako \u201eSudety\u201c podle jedin\u00e9ho men\u0161\u00edho horstva na \u00fazem\u00ed Slezska, tj. Hrub\u00e9ho Jesen\u00edku.\u00a0 Zem\u011bpisn\u011b se n\u00e1zev \u201eSudety\u201c p\u0159evzat\u00fd monarchi\u00ed od antick\u00e9ho geografa Ptolemaia, nevztahoval v \u017e\u00e1dn\u00e9m p\u0159\u00edpad\u011b ani na Krkono\u0161e, ani na Kru\u0161n\u00e9 hory, ani dal\u0161\u00ed pohrani\u010dn\u00ed hory, nato\u017e na cel\u00e1 pohrani\u010dn\u00ed \u00fazem\u00ed \u010cesk\u00e9 Koruny!<\/p>\n<p>Otcov\u00e9 t\u00e9to geografick\u00e9 loupe\u017ee tud\u00ed\u017e byli pangerm\u00e1ni posledn\u00ed t\u0159etiny 19.stolet\u00ed, jako byli\u00a0 Wolf, Sch\u00f6nerer,Perger a dal\u0161\u00ed.<\/p>\n<p>Jejich pangerm\u00e1nsk\u00fd pl\u00e1n byl prost\u00fd \u2013 d\u00e1vno p\u0159ed Hitlerem vyst\u011bhovat \u010cechy i Slovince, Italy i Jihoslovany po v\u00edt\u011bzn\u00e9 v\u00e1lce s Ruskem pry\u010d do Ruska a os\u00eddlit pr\u00e1zdn\u00e9 zem\u011b Germ\u00e1ny z Uher a z N\u011bmeck\u00e9 \u0159\u00ed\u0161e! Toto se pros\u00edm ve\u0159ejn\u011b hl\u00e1salo ji\u017e v letech 1900 a\u017e 1901.<\/p>\n<p>Roku 1909 to do\u0161lo tak daleko, \u017ee V\u0161en\u011bmeck\u00fd svaz podal \u0159\u00ed\u0161sk\u00e9mu kancl\u00e9\u0159i von B\u00fclowovi Memorandum, \u017ee kdy\u017e N\u011bmci\u00a0 zah\u00e1j\u00ed ozbrojen\u00fd boj proti \u010cech\u016fm, vyzve V\u0161en\u011bmeck\u00fd svaz \u0159\u00ed\u0161sk\u00e9 N\u011bmce k pomoci soukmenovc\u016fm, aby rozhodli n\u00e1rodnostn\u00ed boj ve prosp\u011bch N\u011bmc\u016f! Tak kdo tu byl agresorem a kdo m\u011bl b\u00fdt ob\u011bt\u00ed? (Deutsches Zentralarchiv, Potsdam, fond Alldeutscher Verband, Abt.220,Folge 20, Mappe 70, Nr.540\/1 Sch\u00f6nerer\u2013Bewegung in \u00d6sterreich, Bl.40, in Amort 1971,47.)<\/p>\n<p>Pangerm\u00e1n Raku\u0161an Perger\u00a0 v \u00fanoru roku 1901, tud\u00ed\u017e p\u0159ed Jesserem, psal:<\/p>\n<p>\u201e<strong>Trn u\u017e kone\u010dn\u011b mus\u00ed ven z n\u011bmeck\u00e9ho t\u011bla, i kdyby se to m\u011blo prov\u00e9st z\u00e1konn\u00fdm vypov\u011bzen\u00edm v\u0161ech obyvatel sudetsk\u00fdch zem\u00ed hl\u00e1s\u00edc\u00edch se k \u010desk\u00e9 n\u00e1rodnosti, kter\u00e9 lze snadno nahradit p\u0159ivol\u00e1n\u00edm N\u011bmc\u016f z Uher a p\u0159ist\u011bhovalectv\u00edm z N\u011bmeck\u00e9 \u0159\u00ed\u0161e<\/strong>\u201c. (ibidem,\u00a0 Deutsches Zentralarchiv Potsdam). Ji\u017e tehdy v\u00edde\u0148sk\u00fd pangerm\u00e1n Perger v\u011bd\u011bl, \u017ee \u010cechov\u00e9 N\u011bmc\u016fm ve sv\u00e9m historick\u00e9m \u00fazem\u00ed nikdy dobrovoln\u011b neustoup\u00ed.<\/p>\n<p>Tak, p\u00e1nov\u00e9, sudeton\u011bme\u010dt\u00ed badatel\u00e9! Kdopak cht\u011bl jako prvn\u00ed koho vyhnat z vlastn\u00edho \u00fazem\u00ed? \u010cechov\u00e9, Slovan\u00e9, Italov\u00e9, nebo\u00a0 pangerm\u00e1n\u0161t\u00ed N\u011bmci?? Kdo tu p\u0159ipravoval protislovanskou a protiitalskou v\u00e1lku?? Toto v\u0161e po krachu pangerm\u00e1n\u016f v I. sv\u011btov\u00e9 v\u00e1lce pozd\u011bji uskute\u010dnil Hitler za\u00a0 lv\u00ed pomoci henleinovc\u016f, Sudeton\u011bmc\u016f, a dal\u0161\u00edch n\u011bmeck\u00fdch p\u00e1t\u00fdch kolon v jin\u00fdch zem\u00edch\u00a0 \u2013 a nikdo jin\u00fd! Bylo vyhn\u00e1no 250.000 \u010cech\u016f z pohrani\u010d\u00ed, co\u017e rozl\u00edtilo i Angli\u010dany a p\u0159ijel jim pom\u00e1hat i lond\u00fdnsk\u00fd starosta, a d\u00e1l t\u00e9m\u011b\u0159 100.000 \u010cech\u016f z vnitrozem\u00ed (Neveklovsko,Sedl\u010dansko, Bene\u0161ovsko, Moravskt\u0159ebovsko, Drahansk\u00e1 vyso\u010dina,Vy\u0161kovsko).<\/p>\n<p>Na tomto m\u00edst\u011b se nab\u00edz\u00ed z\u00e1sadn\u00ed ot\u00e1zka. Znaj\u00ed tato historick\u00e1 fakta na\u0161i politikov\u00e9?? Anebo se nech\u00e1vaj\u00ed z\u00e1m\u011brn\u011b ohlupovat nehistorick\u00fdmi bl\u00e1boly dne\u0161n\u00edch sudeton\u011bmeck\u00fdch \u010di zahrani\u010dn\u00edch p\u0159ed\u00e1k\u016f?? A v\u00ed toto v\u0161e v\u016fbec t\u00e9\u017e z\u00e1stupci brn\u011bnsk\u00e9ho magistr\u00e1tu a soci\u00e1ln\u00ed in\u017een\u00fd\u0159i a in\u017een\u00fdrky r\u016fzn\u00fdch lidskopr\u00e1vn\u00edch hnut\u00ed, zvan\u00ed lidov\u011b \u201eslun\u00ed\u010dk\u00e1\u0159i\u201c, i z\u00e1stupci\u00a0 stran jako je KDU, Zelen\u00ed, \u017d\u00edt Brno atd.? V\u00ed toto omlouva\u010di sudetskch N\u011bmc\u016f??<\/p>\n<p>Zde m\u00e1me dolo\u017eeno ji\u017e p\u0159ed Jesserem u\u017eit\u00ed term\u00ednu \u201esudetsk\u00e9 zem\u011b\u201c ve smyslu v\u00fdhradn\u011b, jen a jen \u2013 jak by \u0159ekli matematikov\u00e9 \u2013, zem\u011bpisn\u00e9m, nikoli etnologick\u00e9m nebo etnografick\u00e9m. V\u00fdhradn\u011b ve smyslu \u201estarorakousk\u00e9 alpsko\u2013sudetsko\u2013krasov\u00e9 geografie\u201c!Toto ur\u010den\u00ed je naprosto z\u00e1va\u017en\u00e9 pro dal\u0161\u00ed rozbory sudetismu jako ideologie.<\/p>\n<p>Toto v\u0161e pak akceptovali po por\u00e1\u017ece N\u011bmecka a Rakouska v\u0161ichni N\u011bmci, kte\u0159\u00ed s\u00eddlili na \u00fazem\u00ed zrozen\u00e9ho \u010ceskoslovenska. Nejd\u0159\u00edve \u010dekali na \u00fasp\u011bch dvou rebeli\u00ed, zosnovan\u00fdch ve prosp\u011bch posledn\u00edho rakousk\u00e9ho c\u00edsa\u0159e Karla I. v tehdej\u0161\u00edch Uhr\u00e1ch. Povst\u00e1n\u00ed, kter\u00e9 m\u011blo zbudovat novou bavorsko\u2013rakousko\u2013uherskou monarchii pod Karlem I. Habsburkem v\u0161ak zma\u0159ila nejen v\u00edt\u011bzn\u00e1 Dohoda, ale p\u0159edev\u0161\u00edm samotn\u00ed Ma\u010fa\u0159i v \u010dele s\u00a0 regentem Mikl\u00f3sem Horthym von Nagyb\u00e1ny a hrab\u011btem Bethlenem.<\/p>\n<p>Je zn\u00e1mo, \u017ee k veden\u00ed\u00a0 povst\u00e1n\u00ed ponoukala nerozhodn\u00e9ho osobn\u011b u\u0161lechtil\u00e9ho slabocha Karla I. jako politick\u00fd Mefistofeles jeho ambici\u00f3zn\u00ed cho\u0165 Zita Bourbonsko\u2013Parmsk\u00e1 spolu se zpov\u011bdn\u00edkem vyslancem Vatik\u00e1nu p\u00e1terem Coelestinem. Karlu I. m\u011bly pomoci dva \u0161opro\u0148sk\u00e9 pluky pod velen\u00edm plukovn\u00edka Leh\u00e1ra, p\u0159\u00edbuzn\u00e9ho sv\u011btozn\u00e1m\u00e9ho skladatele. Po nezda\u0159en\u00e9m prvn\u00ed pokuse o p\u0159evrat se Karel I.vr\u00e1til do \u0160v\u00fdcar, kde mu bylo doporu\u010deno zanechat politiky pod hrozbou ztr\u00e1ty asylu. Nicm\u00e9n\u011b Zita Karla p\u0159inutila ke druh\u00e9mu pokusu s letem\u00a0 v Junkersu 13 do Uher. I tento pokus ztroskotal pro z\u00e1sadn\u00ed odpor regenta Horthyho a jeho kamarily. Voj\u00e1ci royalist\u00e9 a studenti v Budape\u0161ti neprorazili. Karel I. musel nastoupit cestu do exilu na britsk\u00fd d\u011blov\u00fd \u010dlun a byl dopraven po Dunaji na britsk\u00fd k\u0159i\u017en\u00edk. Dohoda nemohla z politick\u00fdch d\u016fvod\u016f tolerovat\u00a0 novou v\u00e1lku, kdy\u017e ostatn\u00ed st\u00e1ty v\u010detn\u011b \u010cSR mobilizovaly. I zde se projevila ztr\u00e1ta \u0161anc\u00ed tzv. sudetsk\u00fdch N\u011bmc\u016f na obnoven\u00ed nadvl\u00e1dy nad Slovany, p\u0159\u00edpadn\u011b na odtr\u017een\u00ed pohrani\u010d\u00ed od n\u00e1stupnick\u00e9ho st\u00e1tu monarchie, tj. od \u010ceskoslovenska.<\/p>\n<p>Proto tak\u00e9 pokusy o vznik \u010dty\u0159 n\u011bmeck\u00fdch \u017eup, \u2013 z nich\u017e pouze jedin\u00e1 nesla n\u00e1zev Sudetenland! \u2013 skon\u010dily vojenskou por\u00e1\u017ekou t\u011bchto N\u011bmc\u016f, kte\u0159\u00ed se cht\u011bli odtrhnout od\u00a0 nov\u011b ustaven\u00e9 \u010cSR. Nem\u011bly podporu Uhr\u016f a pozd\u011bji ani Raku\u0161an\u016f. Byly to \u017eupy\u00a0 Deutschb\u00f6hmen (Od Chebska po Trutnovsko), Deutsch S\u00fcdm\u00e4hren (ji\u017en\u00ed Morava), B\u00f6hmerwaldgau (Po\u0161umav\u00ed) a kone\u010dn\u011b \u201eSudetenland\u201c (Brunt\u00e1lsko a Opavsko). Tak\u017ee pojem \u201esudet\u0161t\u00ed N\u011bmci\u201c, tehdy pou\u017e\u00edvan\u00fd v politick\u00e9m jedn\u00e1n\u00ed s nov\u00fdm \u010deskoslovensk\u00fdm st\u00e1tem a s rakousk\u00fdm kancl\u00e9\u0159em Rennerem na jedn\u00e1n\u00ed v Saint\u2013Germain, byl ops\u00e1n ji\u017e od pangerm\u00e1n\u016f\u00a0 let 1900\u201301!<\/p>\n<p>Rovn\u011b\u017e seri\u00f3zn\u00ed objektivn\u00ed n\u011bme\u010dt\u00ed historikov\u00e9 Eva Hahnov\u00e1 a Hans Henning Hahn konstatuj\u00ed, \u017ee \u201eVyjma let pod nacistick\u00fdm re\u017eimem 1938\u20131945 \u00fazem\u00ed (Sudetengau) nikdy neexistovalo jako \u00fazem\u00ed vymezen\u00ed v jak\u00e9koli etnick\u00e9, kulturn\u011bpolitick\u00e9, administrativn\u00ed, \u010di dokonce st\u00e1topr\u00e1vn\u00ed form\u011b. P\u0159esto se sudeton\u011bmeck\u00e9 organizace pokou\u0161ej\u00ed podlo\u017eit sv\u00e9 st\u00e1topr\u00e1vn\u00ed p\u0159edstavy historicky. (MF Dnes, 18.11.2006. Hru\u0161ka, 2008, 10, pozn.14.)<\/p>\n<p>Nebudu rozeb\u00edrat pr\u00e1ci Emila Hru\u0161ky, \u201eSudeton\u011bmeck\u00e9 kapitoly\u201c (Start, Praha 2008), ani dal\u0161\u00ed pr\u00e1ce ,citovan\u00e9 v seznamu literatury na konci t\u00e9to stati. To a\u0165 si z\u00e1jemci provedou sami. Ov\u0161em na z\u00e1v\u011br p\u0159ipomenu jen stanovisko osoby nejpovolan\u011bj\u0161\u00ed \u2013 a p\u0159itom tak nezaslou\u017een\u011b nen\u00e1vid\u011bn\u00e9 odsunut\u00fdmi N\u011bmci\u00a0 jejich politick\u00fdmi prapore\u010dn\u00edky \u2013 presidenta Budovatele dr.Edvarda Bene\u0161e:<\/p>\n<p>\u201eM\u011bl jsem tu onehdy Jaksche, kter\u00fd mi p\u0159ivedl cel\u00fd sv\u016fj v\u00fdkonn\u00fd v\u00fdbor. J\u00e1 jim \u0159ekl rovnou: Sudet\u0161t\u00ed N\u011bmci ztoto\u017enili svou v\u011bc s Hitlerem a s n\u00edm ji taky prohrajou. A kdy\u017e mi poukazovali na to, \u017ee n\u011bmeck\u00fd lid v Sudetech za t\u011bmito sv\u016fdci nejde, \u0159ekl jsem jim: Jakpak za nimi nejde? A kdy\u017e byly posledn\u00ed volby, tak volil z 90 procent Henleina. Tak za jak\u00e9 procento m\u016f\u017eete vy dnes mluvit?\u201c (Lond\u00fdn\u00a0 11.dubna 1941)<\/p>\n<p>K\u00a0 cit\u00e1tu presidenta dr.Bene\u0161e p\u0159ipoj\u00edm tato fakta: Jen v Brn\u011b volilo Henleina 42 tisice brn\u011bnsk\u00fdch N\u011bmc\u016f, t\u011bch brn\u011bnsk\u00fdch N\u011bmc\u016f, jejich\u017e man\u017eelky vodily sv\u00e9 d\u011bti do Kounicov\u00fdch kolej\u00ed za vstupn\u00e9 3 marek d\u00edvat se na popravy \u010cech\u016f a vyk\u0159ikovaly p\u0159itom nesouhlas s mal\u00fdm po\u010dtem poprav : \u201eNur drei, nur f\u00fcnf!\u201c T\u011bch brn\u011bnsk\u00fdch N\u011bmek, co nen\u00e1vistn\u011b slibovaly \u010cech\u016fm je\u0161t\u011b v dny osvobozov\u00e1n\u00ed Brna: My se vr\u00e1t\u00edme a \u010desk\u00fdmi lebkami vydl\u00e1\u017ed\u00edme n\u00e1m\u011bst\u00ed!\u201c<\/p>\n<p>Jeden milion sto \u0161edes\u00e1t dva tis\u00edce \u0161est set sedmn\u00e1ct \u010deskoslovensk\u00fdch N\u011bmc\u016f alias sudetsk\u00fdch vyznamenal Hitler medail\u00ed za zlo\u010din uloupen pohrani\u010d\u00ed od republiky.\u00a0 Ka\u017ed\u00fd t\u0159et\u00ed sude\u0165\u00e1k dostal Hitlerovo vyznamen\u00e1n\u00ed za velezradu \u010cSR. A nebyli to jen voj\u00e1ci, ordne\u0159i, freikorpsov\u00e9,ale i \u00fa\u0159edn\u00edc\u00ed, roln\u00edci a dokonce man\u017eelky \u010deskoslovensk\u00fdch N\u011bmc\u016f.<\/p>\n<p>Jen velmi mal\u00e1 men\u0161ina alias \u201esudetsk\u00fdch N\u011bmc\u016f\u201c (term\u00edn se tak za\u017eral v m\u00e9di\u00edch, \u017ee je t\u00e9m\u011b\u0159 nevyko\u0159eniteln\u00fd!) se postavila jako antifa\u0161ist\u00e9 a loaj\u00e1ln\u00ed ob\u010dan\u00e9 \u010delem k \u010cSR a h\u00e1jila ji jako mikulovsk\u00fdch dev\u011bt set p\u0159\u00edslu\u0161n\u00edk\u016f Republikanische Wehr, p\u0159ev\u00e1\u017en\u011b komunist\u016f a soci\u00e1ln\u00edch demokrat\u016f. T\u011bm pat\u0159\u00ed \u010dest a \u00facta. Jako v\u0161em n\u011bmeck\u00fdm antifa\u0161ist\u016fm. Jako t\u00e9to n\u011bmeck\u00e9 \u010destn\u00e9 men\u0161in\u011b.<\/p>\n<p>Ale t\u011bm dal\u0161\u00edm dv\u011bma a t\u0159i\u010dtvrti milionu \u010deskoslovensk\u00fdch N\u011bmc\u016f, kte\u0159\u00ed zab\u00edjeli a vyh\u00e1n\u011bli \u010cechy, sabotovali mobilizaci 1938, st\u0159\u00edleli na \u010cechy ze z\u00e1lohy a vra\u017edili je jako p\u0159\u00edslu\u0161n\u00edci SS, gestapa a poprav\u010d\u00edch \u010det (jako to bylo\u00a0 v Letovic\u00edch, v Pardubic\u00edch, na Plo\u0161tin\u011b a jinde), t\u011bm \u017e\u00e1dn\u00e1 \u00facta a omluva nepat\u0159\u00ed. Jako nen\u00ed kolektivn\u00ed vina, nen\u00ed ani kolektivn\u00ed nevina. Toto mus\u00ed m\u00edt na pam\u011bti ti omlouva\u010di sudetsk\u00fdch a dal\u0161\u00ed provinil\u00fdch N\u011bmc\u016f, kter\u00fdch byla tak naprost\u00e1, drtiv\u00e1 a stra\u0161liv\u00e1 v\u011bt\u0161ina, \u017ee tuto apokalypsu nelze selhat ani omluvit \u017e\u00e1dnou pov\u00e1le\u010dnou sofistikou, ani v\u00fdmysly zlo\u010din\u016f z druh\u00e9 strany, kter\u00e9 se v\u0161ak v drtiv\u00e9 v\u011bt\u0161in\u011b nestaly a byly vymy\u0161leny, aby vyv\u00e1\u017eily zlo\u010diny \u010deskoslovensk\u00fdch N\u011bmc\u016f. Ty excesy a p\u00e1r dolo\u017een\u00fdch zlo\u010din\u016f je nutno odsoudit, a to je v\u0161e. Byly t\u00e9\u017e odsouzeny v mezin\u00e1rodn\u00ed \u010cesko\u2013n\u011bmeck\u00e9 deklaraci\u2013 a to mus\u00ed sta\u010dit.<\/p>\n<p>\u017d\u00e1dat v\u0161ak kolektivn\u00ed vinu \u010desk\u00e9ho n\u00e1roda, \u017e\u00e1dat kolektivn\u00ed od\u0161kodn\u011bn\u00ed za odsun, a kolektivn\u00ed omluvy, nutit \u010desk\u00e9 politiky aby iniciovaly zru\u0161en\u00ed pov\u00e1le\u010dn\u00fdch dekret\u016f \u2013 to v\u0161e jsou nep\u0159\u00edpustn\u00e9 akty, kter\u00e9 jsou proti\u00fastavn\u00ed, protidekret\u00e1ln\u00ed, mezin\u00e1rodn\u011b neuznateln\u00e9, ru\u0161\u00edc\u00ed pov\u00e1le\u010dn\u00e9 pr\u00e1vo antifa\u0161istick\u00e9 koalice trestat zlo\u010diny N\u011bmecka. Ty zlo\u010diny, kter\u00e9 popsal osv\u00edcen\u00fd N\u011bmec Jaspers ve sv\u00e9 \u201eOt\u00e1zce viny\u201c, kde rozli\u0161il \u010dty\u0159i viny drtiv\u00e9 v\u011bt\u0161iny N\u011bmc\u016f v\u0161eobecn\u011b \u2013 krimin\u00e1ln\u00ed, politickou, mor\u00e1ln\u00ed a metafyzickou.<\/p>\n<p><strong>Z\u00e1sadn\u011b nesouhlas\u00edme s t\u00edm, \u017ee v \u010cesku nastoupili cestu katastrof\u00e1ln\u00edch jednostrann\u00fdch omluv kolektivn\u011b v\u0161em alias sudetsk\u00fdm N\u011bmc\u016fm president Havel a jeho politi\u010dt\u00ed pokra\u010dovatel\u00e9 \u2013 d\u0159\u00edve ministr Schwarzenberg, dnes ministr Hermann, politik B\u011blobr\u00e1dek a premi\u00e9r Sobotka. Podle n\u00e1s je to cesta zrady n\u00e1rodn\u00edch z\u00e1jm\u016f \u010desk\u00e9ho st\u00e1tu, cesta pop\u00edr\u00e1n\u00ed \u00fastavn\u00edch dekret\u016f, cesta ne\u017e\u00e1douc\u00ed kolaborace, neli\u0161\u00edc\u00ed p\u0159\u00edsn\u011b minim\u00e1ln\u00ed nevinnou men\u0161inu od vinn\u00e9 ob\u0159\u00ed v\u011bt\u0161iny. Proto to vyt\u00fdk\u00e1me v\u0161em t\u011bmto politick\u00fdm p\u0159ed\u00e1k\u016fm, kte\u0159\u00ed svou politikou vykopali obrovsk\u00fd p\u0159\u00edkop v \u010desk\u00e9m n\u00e1rod\u011b, rozd\u011blili jej na dva nep\u0159\u00e1telsk\u00e9 t\u00e1bory a vnesli nesmi\u0159iteln\u00fd rozkol do \u010desk\u00e9ho lidu.<\/strong><\/p>\n<p>My jako odboj\u00e1\u0159i a poz\u016fstal\u00ed po ob\u011btech sudetsk\u00e9ho \u0159\u00e1d\u011bn\u00ed v \u010cSR jsme v\u0161ak zajedno s n\u011bmeck\u00fdmi antifa\u0161isty, na\u0161imi spolubratry v\u00a0tomto \u2013 vin\u00edkem v\u00e1lky a zlo\u010din\u016f byl netrestan\u00fd n\u011bmeck\u00fd velkokapit\u00e1l, n\u011bme\u010dt\u00ed ideologov\u00e9 pansk\u00e9 rasy, antisemitismu a\u00a0 pangermanismu, n\u011bme\u010dt\u00ed v\u00e1le\u010dn\u00edci, netrestan\u00ed n\u011bme\u010dt\u00ed zbroja\u0159i a pr\u016fmysln\u00edci, netrestan\u00ed n\u011bme\u010dt\u00ed statk\u00e1\u0159i a vojen\u0161t\u00ed junke\u0159i, netrestan\u00e1 n\u011bmeck\u00e1 vojensk\u00e1 \u0161lechta, a v\u0161ichni p\u0159\u00edslu\u0161n\u00edci wehrmachtu, kte\u0159\u00ed vedli v\u00fdbojnou a zlo\u010dinnou v\u00e1lku proti okupovan\u00fdm n\u00e1rod\u016fm. \u010ceskosloven\u0161t\u00ed N\u011bmci se drtiv\u011b pod\u00edleli na t\u00e9to agresi a s touto agres\u00ed skon\u010dili. Skon\u010dili odsunem\u00a0 \u2013 a jak jim vzk\u00e1zal president Zeman, lep\u0161\u00ed byl odsun, ne\u017e smrt.<\/p>\n<p><em>Ji\u0159\u00ed Jaro\u0161 Nickelli<\/em><\/p>\n<p><strong>Doporu\u010den\u00e1 literatura:<\/strong><\/p>\n<p>Amort \u010c. 1971: Drang nach Ostech. NV\u2013\u010cSPB Praha.<\/p>\n<p>Bechyn\u011b R. 1947: Pero mi z\u016fstalo 1938\u20131945, D\u011blnick\u00e9 nakladatelstv\u00ed,Praha 1947.<\/p>\n<p>Bene\u0161 E. 1996: Odsun N\u011bmc\u016f z \u010ceskoslovenska, Dita, Praha.<\/p>\n<p>Brn\u011bnsk\u00e9 jaro 1945.Posledn\u00ed m\u011bs\u00edc okupace a osvobozen\u00ed Brna Rudou arm\u00e1dou. P\u0159ipravil Jan B\u0159e\u010dka,Spolek p\u0159\u00e1tel \u010ds.opevn\u011bn\u00ed Brno 2005.<\/p>\n<p>Hru\u0161ka E. 2008: Sudeton\u011bmeck\u00e9 kapitoly, Start, Praha\u2013Havl\u00ed\u010dk\u016fv Brod<\/p>\n<p>Cesta k dekret\u016fm a odsunu N\u011bmc\u016f, J.N\u011bme\u010dek a kol., Praha 2002.<\/p>\n<p>Karlgren A. 1945: Henlein,Hitler a \u010deskoslovensk\u00e1 tragedie, Samec Praha<\/p>\n<p>Sudet\u0161t\u00ed N\u011bmci a \u010cesk\u00e1 republika \u010cSBS Praha 2007.<\/p>\n<p>Va\u0161ek F.\u2013\u0160t\u011bp\u00e1nek Z. 2001 Prvn\u00ed a druh\u00e9 stann\u00e9 pr\u00e1vo na Morav\u011b,Brno.<\/p>\n<p>\u017dampach V. vys\u00eddlen\u00ed n\u011bmeck\u00e9ho obyvatelstva z Brna&#8230;Ry\u0161av\u00fd Brno 2014<\/p>\n<p>&nbsp;<\/p>\n","protected":false},"excerpt":{"rendered":"<p>Sou\u010dasn\u00ed p\u0159ed\u00e1ci odsunut\u00fdch N\u011bmc\u016f z \u010ceskoslovenska nevystupuj\u00ed s agresivn\u00edmi po\u017eadavky v\u016f\u010di \u010cesk\u00e9 republice pouze\u00a0 z&#8230;<\/p>\n","protected":false},"author":2,"featured_media":779,"comment_status":"closed","ping_status":"closed","sticky":false,"template":"","format":"standard","meta":[],"categories":[6],"tags":[506,429,112,40],"_links":{"self":[{"href":"https:\/\/www.infokuryr.cz\/n\/wp-json\/wp\/v2\/posts\/9330"}],"collection":[{"href":"https:\/\/www.infokuryr.cz\/n\/wp-json\/wp\/v2\/posts"}],"about":[{"href":"https:\/\/www.infokuryr.cz\/n\/wp-json\/wp\/v2\/types\/post"}],"author":[{"embeddable":true,"href":"https:\/\/www.infokuryr.cz\/n\/wp-json\/wp\/v2\/users\/2"}],"replies":[{"embeddable":true,"href":"https:\/\/www.infokuryr.cz\/n\/wp-json\/wp\/v2\/comments?post=9330"}],"version-history":[{"count":0,"href":"https:\/\/www.infokuryr.cz\/n\/wp-json\/wp\/v2\/posts\/9330\/revisions"}],"wp:featuredmedia":[{"embeddable":true,"href":"https:\/\/www.infokuryr.cz\/n\/wp-json\/wp\/v2\/media\/779"}],"wp:attachment":[{"href":"https:\/\/www.infokuryr.cz\/n\/wp-json\/wp\/v2\/media?parent=9330"}],"wp:term":[{"taxonomy":"category","embeddable":true,"href":"https:\/\/www.infokuryr.cz\/n\/wp-json\/wp\/v2\/categories?post=9330"},{"taxonomy":"post_tag","embeddable":true,"href":"https:\/\/www.infokuryr.cz\/n\/wp-json\/wp\/v2\/tags?post=9330"}],"curies":[{"name":"wp","href":"https:\/\/api.w.org\/{rel}","templated":true}]}}