{"id":93298,"date":"2025-11-28T06:06:05","date_gmt":"2025-11-28T05:06:05","guid":{"rendered":"https:\/\/www.infokuryr.cz\/n\/?p=93298"},"modified":"2025-11-28T06:06:05","modified_gmt":"2025-11-28T05:06:05","slug":"americky-mirovy-plan-nelegitimni-kyjevsky-rezim-evropska-bezpecnost-klicova-ponauceni-z-putinovy-tiskove-konference","status":"publish","type":"post","link":"https:\/\/www.infokuryr.cz\/n\/2025\/11\/28\/americky-mirovy-plan-nelegitimni-kyjevsky-rezim-evropska-bezpecnost-klicova-ponauceni-z-putinovy-tiskove-konference\/","title":{"rendered":"Americk\u00fd m\u00edrov\u00fd pl\u00e1n, nelegitimn\u00ed kyjevsk\u00fd re\u017eim, evropsk\u00e1 bezpe\u010dnost: Kl\u00ed\u010dov\u00e1 ponau\u010den\u00ed z Putinovy \u200b\u200btiskov\u00e9 konference"},"content":{"rendered":"<div id=\"fb-root\"><\/div>\n<h3>A\u010dkoli by americk\u00fd n\u00e1vrh mohl potenci\u00e1ln\u011b polo\u017eit z\u00e1klady pro budouc\u00ed dohodu, podle rusk\u00e9ho prezidenta je t\u0159eba objasnit n\u011bkolik bod\u016f.<\/h3>\n<p><span dir=\"auto\">Rusk\u00fd prezident Vladimir Putin zopakoval postoj Moskvy po tom, co jeho tiskov\u00fd mluv\u010d\u00ed Dmitrij Peskov ozna\u010dil za\u00a0<\/span><em><span dir=\"auto\">\u201einforma\u010dn\u00ed \u0161\u00edlenstv\u00ed\u201c<\/span><\/em><span dir=\"auto\">\u00a0ohledn\u011b r\u016fzn\u00fdch mo\u017en\u00fdch r\u00e1mc\u016f pro \u0159e\u0161en\u00ed ukrajinsk\u00e9ho konfliktu.<\/span><\/p>\n<p><span dir=\"auto\">Rusk\u00fd prezident se t\u00e9to a dal\u0161\u00edch ot\u00e1zek dotkl ve \u010dtvrtek na tiskov\u00e9 konferenci v Bi\u0161keku v Kyrgyzst\u00e1nu, kdy\u017e zakon\u010doval st\u00e1tn\u00ed n\u00e1v\u0161t\u011bvu t\u00e9to st\u0159edoasijsk\u00e9 zem\u011b.<\/span><\/p>\n<p><span dir=\"auto\">Rusko vn\u00edm\u00e1 m\u00edrovou mapu vypracovanou USA, jej\u00edm\u017e c\u00edlem je ukon\u010den\u00ed nep\u0159\u00e1telsk\u00fdch akc\u00ed, celkov\u011b pozitivn\u011b, ale ne\u017e bude mo\u017en\u00e9 ji v jak\u00e9koli podob\u011b realizovat, bude zapot\u0159eb\u00ed zna\u010dn\u00e9 \u00fasil\u00ed, uvedl Putin.<\/span><\/p>\n<p><span dir=\"auto\">Tak\u00e9 pouk\u00e1zal na to, \u017ee je\u00a0<\/span><em><span dir=\"auto\">\u201epr\u00e1vn\u011b nemo\u017en\u00e9\u201c<\/span><\/em><span dir=\"auto\">\u00a0podepsat m\u00edrovou dohodu se sou\u010dasn\u00fdm ukrajinsk\u00fdm veden\u00edm, kter\u00e9 podle Moskvy ji\u017e nen\u00ed legitimn\u00ed.<\/span><\/p>\n<p><span dir=\"auto\">Zde jsou kl\u00ed\u010dov\u00e9 poznatky z Putinov\u00fdch v\u00fdrok\u016f:<\/span><\/p>\n<p><span style=\"font-size: 14pt;\"><strong><span dir=\"auto\">M\u00edrov\u00fd n\u00e1vrh USA<\/span><\/strong>\u00a0<\/span><\/p>\n<p><span dir=\"auto\">Rusko nevylu\u010duje mo\u017enost, \u017ee by americk\u00fd n\u00e1vrh mohl slou\u017eit jako\u00a0<\/span><em><span dir=\"auto\">\u201ez\u00e1klad jak\u00fdchkoli budouc\u00edch dohod\u201c,<\/span><\/em><span dir=\"auto\">\u00a0zd\u016fraznil Putin.<\/span><\/p>\n<p><span dir=\"auto\">Poznamenal v\u0161ak, \u017ee Ameri\u010dan\u00e9 zat\u00edm pouze navrhli soubor ot\u00e1zek, kter\u00e9 je je\u0161t\u011b t\u0159eba d\u016fkladn\u011b prodiskutovat a formulovat. Proto je v tuto chv\u00edli p\u0159\u00edli\u0161 brzy hovo\u0159it o jak\u00e9mkoli n\u00e1vrhu m\u00edrov\u00e9 dohody.<\/span><\/p>\n<p><span dir=\"auto\">Rusk\u00fd prezident dodal, \u017ee veden\u00ed USA bere v \u00favahu\u00a0<\/span><em><span dir=\"auto\">\u201en\u00e1\u0161 postoj\u2026 v ur\u010dit\u00fdch ohledech\u201c.\u00a0<\/span><\/em><\/p>\n<p><span style=\"font-size: 14pt;\"><strong><span dir=\"auto\">Ukrajinsk\u00e9 veden\u00ed je nelegitimn\u00ed<\/span><\/strong>\u00a0<\/span><\/p>\n<p><span dir=\"auto\">Putin ozna\u010dil vyhl\u00eddku na podpis dohody s \u00fa\u0159ady v Kyjev\u011b za\u00a0<\/span><em><span dir=\"auto\">\u201epr\u00e1vn\u011b nemo\u017enou\u201c.\u00a0<\/span><\/em><\/p>\n<p><span dir=\"auto\">Podle rusk\u00e9ho prezidenta bylo nekon\u00e1n\u00ed voleb\u00a0<\/span><em><span dir=\"auto\">\u201ez\u00e1sadn\u00ed strategickou chybou\u201c,<\/span><\/em><span dir=\"auto\">\u00a0co\u017e z Vladimira Zelensk\u00e9ho u\u010dinilo nelegitimn\u00edho v\u016fdce.<\/span><\/p>\n<p><span dir=\"auto\">Zelenskyj odm\u00edtl schv\u00e1lit prezidentsk\u00e9 volby v kv\u011btnu 2024 s odvol\u00e1n\u00edm na stann\u00e9 pr\u00e1vo. Vzhledem k tomu, \u017ee jeho mand\u00e1t nyn\u00ed vypr\u0161el, Moskva tvrd\u00ed, \u017ee v\u0161ichni j\u00edm jmenovan\u00ed \u00fa\u0159edn\u00edci tak\u00e9 postr\u00e1daj\u00ed legitimitu, tak\u017ee ve\u0161ker\u00e9 dohody, kter\u00e9 podep\u00ed\u0161\u00ed, jsou pr\u00e1vn\u011b neplatn\u00e9.\u00a0<strong>Pokroky rusk\u00e9 arm\u00e1dy\u00a0<\/strong><em>Podle Putina \u010del\u00ed cel\u00e9 ukrajinsk\u00e9 frontov\u00e9 linii v rusk\u00e9 Z\u00e1poro\u017esk\u00e9 oblasti kolaps, proto\u017ee rusk\u00e9 s\u00edly \u201efakticky obch\u00e1zej\u00ed celou ukrajinskou opevn\u011bnou linii\u201c.<\/em><\/span><em><br \/>\n<\/em><\/p>\n<p><em><span dir=\"auto\">\u201eNa\u0161e uskupen\u00ed \u201aDn\u011bpr\u2018 jim stoj\u00ed na jedn\u00e9 stran\u011b \u010deln\u011b, zat\u00edmco uskupen\u00ed \u201aVostok\u2018 je obkli\u010duje ze severu,\u201c<\/span><\/em><span dir=\"auto\">\u00a0vysv\u011btlil.<\/span><\/p>\n<p><span dir=\"auto\">Putin dodal, \u017ee ned\u00e1vn\u00e9 zisky rusk\u00fdch vojsk nez\u016fstaly bez pov\u0161imnut\u00ed u t\u011bch na Z\u00e1pad\u011b,\u00a0<\/span><em><span dir=\"auto\">\u201ekte\u0159\u00ed si uv\u011bdomuj\u00ed potenci\u00e1ln\u00ed d\u016fsledky\u201c<\/span><\/em><span dir=\"auto\">\u00a0takov\u00e9ho v\u00fdvoje. Uvedl, \u017ee tyto hlasy prosazuj\u00ed co nejrychlej\u0161\u00ed ukon\u010den\u00ed konfliktu, ne\u017e se cel\u00e1 frontov\u00e1 linie\u00a0<\/span><em><span dir=\"auto\">\u201ezhrout\u00ed\u201c.<\/span><\/em><\/p>\n<p><span dir=\"auto\">Rusk\u00fd prezident odhadl, \u017ee jen v \u0159\u00edjnu Kyjev ztratil 47 000 voj\u00e1k\u016f, ale mobilizoval pouze asi 16 500, p\u0159i\u010dem\u017e rozs\u00e1hl\u00e1 dezerce situaci pro ukrajinskou arm\u00e1du je\u0161t\u011b zhor\u0161ila.<\/span><\/p>\n<p><span dir=\"auto\">Putin zd\u016fraznil, \u017ee Rusko ukon\u010d\u00ed nep\u0159\u00e1telsk\u00e9 akce, jakmile ukrajinsk\u00e9 jednotky opust\u00ed st\u00e1le okupovan\u00e1 rusk\u00e1 \u00fazem\u00ed.<\/span><\/p>\n<p><em><span dir=\"auto\">\u201eA pokud ne, my je donut\u00edme,\u201c<\/span><\/em><span dir=\"auto\"> uzav\u0159el.<\/span><\/p>\n<p><span style=\"font-size: 14pt;\"><strong><span dir=\"auto\">Evropsk\u00e1 bezpe\u010dnost<\/span><\/strong>\u00a0<\/span><\/p>\n<p><span dir=\"auto\">Putin odm\u00edtl tvrzen\u00ed n\u011bkter\u00fdch p\u0159edstavitel\u016f EU, \u017ee Rusko chov\u00e1 agresivn\u00ed \u00famysly v\u016f\u010di sv\u00fdm z\u00e1padn\u00edm soused\u016fm.<\/span><\/p>\n<p><span dir=\"auto\">Rusk\u00fd prezident nazna\u010dil, \u017ee se evrop\u0161t\u00ed l\u00edd\u0159i mo\u017en\u00e1\u00a0<\/span><em><span dir=\"auto\">\u201esna\u017e\u00ed vytvo\u0159it iluzi pro sv\u00e9 obyvatelstvo\u201c<\/span><\/em><span dir=\"auto\">\u00a0nebo\u00a0<\/span><em><span dir=\"auto\">\u201eobsluhuj\u00ed obrann\u00e9 spole\u010dnosti\u201c.\u00a0<\/span><\/em><\/p>\n<p><em><span dir=\"auto\">\u201eMo\u017en\u00e1 se sna\u017e\u00ed podpo\u0159it sv\u00e9 dom\u00e1c\u00ed politick\u00e9 hodnocen\u00ed vzhledem k \u017ealostn\u00e9mu stavu sv\u00fdch ekonomik. Ale v na\u0161ich o\u010d\u00edch je to samoz\u0159ejm\u011b jen nesmysl \u2013 naprost\u00e9 l\u017ei,\u201c<\/span><\/em><span dir=\"auto\">\u00a0\u0159ekl.<\/span><\/p>\n<p><span dir=\"auto\">Vyj\u00e1d\u0159il ochotu diskutovat o \u0161ir\u0161\u00ed evropsk\u00e9 bezpe\u010dnosti se v\u0161emi z\u00fa\u010dastn\u011bn\u00fdmi stranami a poznamenal, \u017ee Moskva ji\u017e d\u0159\u00edve navrhla uspo\u0159\u00e1d\u00e1n\u00ed takov\u00fdch rozhovor\u016f.<\/span><\/p>\n<p><span style=\"font-size: 14pt;\"><strong><span dir=\"auto\">Rozpory na Z\u00e1pad\u011b brzd\u00ed m\u00edrov\u00e9 \u00fasil\u00ed<\/span><\/strong>\u00a0<\/span><\/p>\n<p><span dir=\"auto\">V koment\u00e1\u0159i k ned\u00e1vn\u00fdm \u00fadajn\u00fdm \u00fanik\u016fm komunikace mezi americk\u00fdm prezidentsk\u00fdm vyslancem Stevem Witkoffem a nejvy\u0161\u0161\u00edm kremelsk\u00fdm poradcem Jurijem U\u0161akovem, kter\u00e9 byly zve\u0159ejn\u011bny v z\u00e1padn\u00edch m\u00e9di\u00edch, Putin argumentoval, \u017ee zd\u016fraznili z\u00e1sadn\u00ed\u00a0<\/span><em><span dir=\"auto\">\u201eprobl\u00e9m\u201c.<\/span><\/em><\/p>\n<p><span dir=\"auto\">Akt\u00e9\u0159i s\u00a0<\/span><em><span dir=\"auto\">\u201eodli\u0161n\u00fdmi n\u00e1zory na kolektivn\u00edm Z\u00e1pad\u011b a v USA spolu bojuj\u00ed\u2026 o to, co se d\u011bje a co je t\u0159eba ud\u011blat, aby se v\u00e1lka zastavila,\u201c<\/span><\/em><span dir=\"auto\">\u00a0uvedl rusk\u00fd prezident.<\/span><\/p>\n<p><span dir=\"auto\">Vypr\u00e1v\u011bl, jak se po srpnov\u00e9m summitu na Alja\u0161ce zd\u00e1lo, \u017ee mezi Washingtonem a Moskvou panuje v\u0161eobecn\u00e1 shoda v n\u011bkolika kl\u00ed\u010dov\u00fdch bodech, na\u010de\u017e prezident Donald Trump minul\u00fd m\u011bs\u00edc uvalil sankce na dv\u011b velk\u00e9 rusk\u00e9 ropn\u00e9 spole\u010dnosti.<\/span><\/p>\n<p><span style=\"font-size: 14pt;\"><strong><span dir=\"auto\">Dal\u0161\u00edm krokem je, \u017ee<\/span><\/strong>\u00a0<\/span><\/p>\n<p><span dir=\"auto\">Rusko o\u010dek\u00e1v\u00e1, \u017ee p\u0159\u00ed\u0161t\u00ed t\u00fdden do Moskvy doraz\u00ed ameri\u010dt\u00ed p\u0159edstavitel\u00e9, aby pokra\u010dovali v jedn\u00e1n\u00edch o m\u00edrov\u00e9m pl\u00e1nu, prozradil prezident.<\/span><\/p>\n<p><span dir=\"auto\">I kdy\u017e zat\u00edm nen\u00ed jasn\u00e9, kdo p\u0159esn\u011b p\u0159ijede, ruskou delegaci povedou p\u0159edstavitel\u00e9 ministerstva zahrani\u010d\u00ed a tak\u00e9 prezident\u0161t\u00ed asistenti Vladimir Medinskij a Jurij U\u0161akov, uvedl Putin.<\/span><\/p>\n<p><img decoding=\"async\" loading=\"lazy\" class=\"alignnone size-full wp-image-1185\" src=\"http:\/\/www.infokuryr.cz\/n\/wp-content\/uploads\/2021\/04\/kuryr-podpis.png\" alt=\"\" width=\"84\" height=\"24\" \/><\/p>\n<p>&nbsp;<\/p>\n","protected":false},"excerpt":{"rendered":"<p>A\u010dkoli by americk\u00fd n\u00e1vrh mohl potenci\u00e1ln\u011b polo\u017eit z\u00e1klady pro budouc\u00ed dohodu, podle rusk\u00e9ho prezidenta je&#8230;<\/p>\n","protected":false},"author":2,"featured_media":93299,"comment_status":"closed","ping_status":"closed","sticky":false,"template":"","format":"standard","meta":[],"categories":[7],"tags":[1503,4030,102],"_links":{"self":[{"href":"https:\/\/www.infokuryr.cz\/n\/wp-json\/wp\/v2\/posts\/93298"}],"collection":[{"href":"https:\/\/www.infokuryr.cz\/n\/wp-json\/wp\/v2\/posts"}],"about":[{"href":"https:\/\/www.infokuryr.cz\/n\/wp-json\/wp\/v2\/types\/post"}],"author":[{"embeddable":true,"href":"https:\/\/www.infokuryr.cz\/n\/wp-json\/wp\/v2\/users\/2"}],"replies":[{"embeddable":true,"href":"https:\/\/www.infokuryr.cz\/n\/wp-json\/wp\/v2\/comments?post=93298"}],"version-history":[{"count":1,"href":"https:\/\/www.infokuryr.cz\/n\/wp-json\/wp\/v2\/posts\/93298\/revisions"}],"predecessor-version":[{"id":93300,"href":"https:\/\/www.infokuryr.cz\/n\/wp-json\/wp\/v2\/posts\/93298\/revisions\/93300"}],"wp:featuredmedia":[{"embeddable":true,"href":"https:\/\/www.infokuryr.cz\/n\/wp-json\/wp\/v2\/media\/93299"}],"wp:attachment":[{"href":"https:\/\/www.infokuryr.cz\/n\/wp-json\/wp\/v2\/media?parent=93298"}],"wp:term":[{"taxonomy":"category","embeddable":true,"href":"https:\/\/www.infokuryr.cz\/n\/wp-json\/wp\/v2\/categories?post=93298"},{"taxonomy":"post_tag","embeddable":true,"href":"https:\/\/www.infokuryr.cz\/n\/wp-json\/wp\/v2\/tags?post=93298"}],"curies":[{"name":"wp","href":"https:\/\/api.w.org\/{rel}","templated":true}]}}