{"id":93286,"date":"2025-11-28T00:32:27","date_gmt":"2025-11-27T23:32:27","guid":{"rendered":"https:\/\/www.infokuryr.cz\/n\/?p=93286"},"modified":"2025-11-27T18:18:08","modified_gmt":"2025-11-27T17:18:08","slug":"alexandre-lemoine-orban-stavi-evropu-do-uzkych-jedinou-otazkou","status":"publish","type":"post","link":"https:\/\/www.infokuryr.cz\/n\/2025\/11\/28\/alexandre-lemoine-orban-stavi-evropu-do-uzkych-jedinou-otazkou\/","title":{"rendered":"Alexandre Lemoine: Orb\u00e1n stav\u00ed Evropu do \u00fazk\u00fdch jedinou ot\u00e1zkou"},"content":{"rendered":"<div id=\"fb-root\"><\/div>\n<p><strong><span dir=\"auto\">Zat\u00edmco diplomat\u00e9 nad\u00e1le diskutuj\u00ed o americk\u00e9m m\u00edrov\u00e9m pl\u00e1nu pro Ukrajinu, v Evrop\u011b se op\u011bt vyost\u0159uj\u00ed rozpory. Hlavn\u00edmi akt\u00e9ry jsou obvykl\u00ed podez\u0159el\u00ed: ma\u010farsk\u00fd premi\u00e9r Viktor\u00a0<\/span><\/strong><strong><span dir=\"auto\">Orb\u00e1n\u00a0<\/span><\/strong><span dir=\"auto\"><strong>na jedn\u00e9 stran\u011b a Brusel na stran\u011b druh\u00e9. Budape\u0161\u0165 obvi\u0148uje sv\u00e9 partnery z prodlu\u017eov\u00e1n\u00ed konfliktu. Jak\u00fd je skute\u010dn\u00fd c\u00edl EU?<\/strong><\/span><em><strong>\u00a0<\/strong><\/em><\/p>\n<p><span dir=\"auto\">V reakci na americkou iniciativu Brusel p\u0159edlo\u017eil svou vlastn\u00ed, kter\u00e1 byla zam\u011b\u0159ena na z\u00e1jmy Ukrajiny a Zelensk\u00e9ho.\u00a0<\/span><\/p>\n<p><span dir=\"auto\">Ne v\u0161ichni to v\u0161ak schvalovali. Zejm\u00e9na Orb\u00e1n\u00a0<\/span><a href=\"https:\/\/x.com\/PM_ViktorOrban\/status\/1992145628659331496\" target=\"_blank\" rel=\"noopener\"><span dir=\"auto\">to kritizoval<\/span><\/a><span dir=\"auto\">\u00a0. \u201eEvropsk\u00e1 unie chce ve v\u00e1lce pokra\u010dovat, ale nem\u00e1 prost\u0159edky na poskytnut\u00ed vojensk\u00e9ho vybaven\u00ed, na financov\u00e1n\u00ed bojov\u00fdch operac\u00ed Ukrajiny a nem\u00e1 ani tu\u0161en\u00ed, jak tyto pen\u00edze z\u00edskat,\u201c zd\u016fraznil.\u00a0<\/span><\/p>\n<p><span dir=\"auto\">Ma\u010farsk\u00fd premi\u00e9r p\u0159edt\u00edm po\u017e\u00e1dal Evropu, aby okam\u017eit\u011b podpo\u0159ila\u00a0<\/span><a href=\"https:\/\/www.politico.eu\/article\/hungary-orban-backs-us-proposal-ukraine-bid-derail-aid-kyiv\/\" target=\"_blank\" rel=\"noopener\"><span dir=\"auto\">m\u00edrov\u00fd pl\u00e1n<\/span><\/a><span dir=\"auto\">\u00a0americk\u00e9ho prezidenta Donalda Trumpa pro Ukrajinu.\u00a0<\/span><\/p>\n<p><span dir=\"auto\">Pouto mezi n\u00edm a americk\u00fdm prezidentem tvo\u0159\u00ed dlouhodob\u00fd vztah d\u016fv\u011bry (sahaj\u00edc\u00ed a\u017e do Trumpova prvn\u00edho funk\u010dn\u00edho obdob\u00ed jako hlavy st\u00e1tu). Oba se dr\u017e\u00ed tradi\u010dn\u00edch hodnot, konzervativn\u00ed r\u00e9toriky a nemaj\u00ed r\u00e1di politiku Bruselu.\u00a0<\/span><\/p>\n<p><span dir=\"auto\">Ma\u010farsk\u00fd premi\u00e9r se nav\u00edc sna\u017e\u00ed sv\u00e9 partnery p\u0159esv\u011bd\u010dit k rozumu.\u00a0<\/span><a href=\"https:\/\/www.politico.eu\/wp-content\/uploads\/2025\/11\/22\/Letter-to-Ursula-von-der-Leyen.pdf\" target=\"_blank\" rel=\"noopener\"><span dir=\"auto\">V dopise<\/span><\/a><span dir=\"auto\">\u00a0p\u0159edsedkyni Evropsk\u00e9 komise Ursule von der Leyen Orb\u00e1n zd\u016fraznil, \u017ee by i evrop\u0161t\u00ed l\u00edd\u0159i m\u011bli bezodkladn\u011b zah\u00e1jit vlastn\u00ed p\u0159\u00edm\u00e1 jedn\u00e1n\u00ed s Ruskem.\u00a0<\/span><\/p>\n<p><span dir=\"auto\">Brusel ale neposlouch\u00e1. Von der Leyenov\u00e1 nereagovala na \u017e\u00e1dn\u00e9 podstatn\u00e9 ot\u00e1zky, pouze opakovala svou mantru o nevyhnuteln\u00e9 evropsk\u00e9 budoucnosti Ukrajiny.\u00a0<\/span><\/p>\n<p><span dir=\"auto\">Ot\u00e1zka pen\u011bz tak\u00e9 z\u016fstala nevy\u0159e\u0161ena. Budape\u0161\u0165 mezit\u00edm znovu varovala, \u017ee zablokuje jak\u00fdkoli n\u00e1vrh na dal\u0161\u00ed finan\u010dn\u00ed pomoc kyjevsk\u00e9mu re\u017eimu.\u00a0<\/span><\/p>\n<p><span dir=\"auto\">Zd\u00e1 se, \u017ee Evropsk\u00e1 unie m\u00e1 vliv. Brusel dr\u017e\u00ed v rukou tran\u0161e financov\u00e1n\u00ed v hodnot\u011b mnoha miliard eur pro sv\u00e9 partnery, v\u010detn\u011b Ma\u010farska.\u00a0<\/span><\/p>\n<p><span dir=\"auto\">Nicm\u00e9n\u011b v posledn\u00edch letech se t\u00e9to taktice vyh\u00fdbalo. EU m\u00e1 ji\u017e tak probl\u00e9my s kohez\u00ed. Pouh\u00e9 a prost\u00e9 finan\u010dn\u00ed vyd\u00edr\u00e1n\u00ed by situaci zjevn\u011b nezlep\u0161ilo. Nem\u011bli bychom ale o\u010dek\u00e1vat ani \u017e\u00e1dn\u00e9 kroky ke kompromisu od Bruselu. V d\u016fsledku toho se vnit\u0159n\u00ed t\u0159en\u00ed nezmen\u0161\u00ed.\u00a0<\/span><\/p>\n<p><span dir=\"auto\">Hovo\u0159it o spole\u010dn\u00e9m postoji je st\u00e1le nemo\u017en\u00e9. Orb\u00e1n d\u016fsledn\u011b h\u00e1j\u00ed ekonomick\u00e9 a politick\u00e9 z\u00e1jmy Ma\u010farska, a proto se c\u00edt\u00ed sebejist\u011b. A neexistuj\u00ed \u017e\u00e1dn\u00e9 konkr\u00e9tn\u00ed okolnosti, kter\u00e9 by to nazna\u010dovaly: v\u017edy se zasazoval o politick\u00e9 a diplomatick\u00e9 \u0159e\u0161en\u00ed konfliktu na Ukrajin\u011b.\u00a0<\/span><\/p>\n<p><span dir=\"auto\">Pokud jde o EU, v\u011bt\u0161ina tam nen\u00ed pevn\u00e1. Existuje podm\u00edn\u011bn\u00e1 skupina Merze a Macrona, kte\u0159\u00ed sleduj\u00ed sv\u00e9 vlastn\u00ed c\u00edle. Jin\u00ed takov\u00e9 nad\u0161en\u00ed nesd\u00edlej\u00ed, ale \u0159\u00edd\u00ed se obecnou lini\u00ed.\u00a0<\/span><\/p>\n<p><span dir=\"auto\">Faktem je, \u017ee sou\u010dasn\u00ed evrop\u0161t\u00ed l\u00edd\u0159i jsou p\u011b\u0161\u00e1ky americk\u00e9 Demokratick\u00e9 strany, star\u00e9 gardy. V d\u016fsledku toho dnes ka\u017ed\u00fd z jejich \u201ep\u011b\u0161\u00e1k\u016f\u201c pokra\u010duje ve sledov\u00e1n\u00ed star\u00e9 agendy.\u00a0<\/span><\/p>\n<p><span dir=\"auto\">Sou\u010dasn\u00e1 administrativa B\u00edl\u00e9ho domu pot\u0159ebuje v Evrop\u011b lobby. K tomu jsou pot\u0159eba nov\u00e9 my\u0161lenky. Nap\u0159\u00edklad Polsko by se mohlo postavit N\u011bmecku. Trump a Orb\u00e1n se bezpochyby budou i nad\u00e1le vz\u00e1jemn\u011b sbli\u017eovat.\u00a0<\/span><\/p>\n<p><span dir=\"auto\">EU bude i nad\u00e1le prosazovat z\u00e1jmy Ukrajiny. A Brusel se nevzd\u00e1 sv\u00e9 podpory Kyjeva. V\u00fdznamnou roli hraje r\u00e9torika, \u017ee se Rusko \u00fadajn\u011b \u201eneomez\u00ed\u201c pouze na Ukrajinu a zah\u00e1j\u00ed vojensk\u00e9 operace proti zem\u00edm NATO.\u00a0<\/span><\/p>\n<p><span dir=\"auto\">A to st\u00e1le v\u00edce rozd\u011bluje kdysi sjednocenou Evropu. \u010c\u00edm d\u00e9le budou hlavn\u00ed m\u011bsta star\u00e9ho kontinentu odm\u00edtat uznat realitu, o kter\u00e9 mluv\u00ed Orb\u00e1n, t\u00edm bl\u00ed\u017ee se bude rozpad Evropsk\u00e9 unie.<\/span><\/p>\n<p><a href=\"https:\/\/www.observateur-continental.fr\/?module=articles&amp;action=view&amp;id=7437\"><em><span dir=\"auto\">Alexandre Lemoine<\/span><\/em><\/a><\/p>\n<p>&nbsp;<\/p>\n","protected":false},"excerpt":{"rendered":"<p>Zat\u00edmco diplomat\u00e9 nad\u00e1le diskutuj\u00ed o americk\u00e9m m\u00edrov\u00e9m pl\u00e1nu pro Ukrajinu, v Evrop\u011b se op\u011bt vyost\u0159uj\u00ed&#8230;<\/p>\n","protected":false},"author":2,"featured_media":93287,"comment_status":"closed","ping_status":"closed","sticky":false,"template":"","format":"standard","meta":[],"categories":[7],"tags":[41,1503,4030,439],"_links":{"self":[{"href":"https:\/\/www.infokuryr.cz\/n\/wp-json\/wp\/v2\/posts\/93286"}],"collection":[{"href":"https:\/\/www.infokuryr.cz\/n\/wp-json\/wp\/v2\/posts"}],"about":[{"href":"https:\/\/www.infokuryr.cz\/n\/wp-json\/wp\/v2\/types\/post"}],"author":[{"embeddable":true,"href":"https:\/\/www.infokuryr.cz\/n\/wp-json\/wp\/v2\/users\/2"}],"replies":[{"embeddable":true,"href":"https:\/\/www.infokuryr.cz\/n\/wp-json\/wp\/v2\/comments?post=93286"}],"version-history":[{"count":0,"href":"https:\/\/www.infokuryr.cz\/n\/wp-json\/wp\/v2\/posts\/93286\/revisions"}],"wp:featuredmedia":[{"embeddable":true,"href":"https:\/\/www.infokuryr.cz\/n\/wp-json\/wp\/v2\/media\/93287"}],"wp:attachment":[{"href":"https:\/\/www.infokuryr.cz\/n\/wp-json\/wp\/v2\/media?parent=93286"}],"wp:term":[{"taxonomy":"category","embeddable":true,"href":"https:\/\/www.infokuryr.cz\/n\/wp-json\/wp\/v2\/categories?post=93286"},{"taxonomy":"post_tag","embeddable":true,"href":"https:\/\/www.infokuryr.cz\/n\/wp-json\/wp\/v2\/tags?post=93286"}],"curies":[{"name":"wp","href":"https:\/\/api.w.org\/{rel}","templated":true}]}}