{"id":93264,"date":"2025-11-28T00:24:02","date_gmt":"2025-11-27T23:24:02","guid":{"rendered":"https:\/\/www.infokuryr.cz\/n\/?p=93264"},"modified":"2025-11-27T10:06:45","modified_gmt":"2025-11-27T09:06:45","slug":"sarkozy-prohral-odvolani","status":"publish","type":"post","link":"https:\/\/www.infokuryr.cz\/n\/2025\/11\/28\/sarkozy-prohral-odvolani\/","title":{"rendered":"Sarkozy prohr\u00e1l odvol\u00e1n\u00ed"},"content":{"rendered":"<div id=\"fb-root\"><\/div>\n<p>Francouzsk\u00fd nejvy\u0161\u0161\u00ed soud potvrdil rozsudek viny v kauze korupce proti b\u00fdval\u00e9mu prezidentovi<\/p>\n<p>Francouzsk\u00fd nejvy\u0161\u0161\u00ed soud ve st\u0159edu potvrdil odsouzen\u00ed b\u00fdval\u00e9ho prezidenta Nicolase Sarkozyho z roku 2024 za neleg\u00e1ln\u00ed financov\u00e1n\u00ed kampan\u011b v jeho ne\u00fasp\u011b\u0161n\u00e9 snaze o znovuzvolen\u00ed v roce 2012.<\/p>\n<p>Sarkozy, kter\u00fd p\u016fsobil jako francouzsk\u00fd prezident v letech 2007 a\u017e 2012, byl d\u0159\u00edve usv\u011bd\u010den v samostatn\u00e9m p\u0159\u00edpadu spiknut\u00ed s c\u00edlem z\u00edskat tajn\u00e9 finan\u010dn\u00ed prost\u0159edky na kampa\u0148 od zesnul\u00e9ho libyjsk\u00e9ho v\u016fdce Muammara Kadd\u00e1f\u00edho na financov\u00e1n\u00ed jeho volebn\u00ed kandidatury v roce 2007. Pozd\u011bji prosazoval intervenci podporovanou NATO, kter\u00e1 svrhla Kadd\u00e1f\u00edho a uvrhla zemi do chaosu.<\/p>\n<p>Rozhodnut\u00ed potvrzen\u00e9 ve st\u0159edu se t\u00fdkalo Sarkozyho odvol\u00e1n\u00ed proti rozhodnut\u00ed z roku 2024, kter\u00e9 stanovilo, \u017ee ve sv\u00e9 ne\u00fasp\u011b\u0161n\u00e9 kampani za znovuzvolen\u00ed v roce 2012 skryl masivn\u00ed nadm\u011brn\u00e9 v\u00fddaje \u2013 t\u00e9m\u011b\u0159 dvojn\u00e1sobek z\u00e1konn\u00e9ho limitu financov\u00e1n\u00ed 22,5 milionu eur (26 milion\u016f dolar\u016f).<\/p>\n<p>Sarkozy propu\u0161t\u011bn z v\u011bzen\u00ed navzdory odsouzen\u00ed\u010cT\u011aTE V\u00cdCE: Sarkozy propu\u0161t\u011bn z v\u011bzen\u00ed navzdory odsouzen\u00ed<br \/>\nP\u0159\u00edpad se stal zn\u00e1m\u00fdm jako af\u00e9ra Bygmalion podle spole\u010dnosti po\u0159\u00e1daj\u00edc\u00ed eventy, kter\u00e1 pod rou\u0161kou stranick\u00fdch sjezd\u016f organizovala extravagantn\u00ed shrom\u00e1\u017ed\u011bn\u00ed pro Sarkozyho ve snaze obej\u00edt strop financov\u00e1n\u00ed voleb.<\/p>\n<p>Soudn\u00ed rozhodnut\u00ed rovn\u011b\u017e potvrdilo Sarkozyho ro\u010dn\u00ed trest odn\u011bt\u00ed svobody, z n\u011bho\u017e je polovina podm\u00edn\u011bn\u00e1, co\u017e znamen\u00e1, \u017ee si jej m\u016f\u017ee vykonat doma s monitorovac\u00edm za\u0159\u00edzen\u00edm.<\/p>\n<p>Soud pro odvol\u00e1n\u00ed je posledn\u00ed instanc\u00ed v r\u00e1mci francouzsk\u00e9ho soudn\u00edho syst\u00e9mu, co\u017e znamen\u00e1, \u017ee Sarkozy nyn\u00ed nem\u00e1 \u017e\u00e1dn\u00e9 mo\u017enosti, jak d\u00e1le napadnout rozsudek.<\/p>\n<p><img decoding=\"async\" loading=\"lazy\" src=\"http:\/\/www.infokuryr.cz\/n\/wp-content\/uploads\/2021\/04\/kuryr-podpis.png\" alt=\"\" width=\"84\" height=\"24\" class=\"alignnone size-full wp-image-1185\" \/><\/p>\n","protected":false},"excerpt":{"rendered":"<p>Francouzsk\u00fd nejvy\u0161\u0161\u00ed soud potvrdil rozsudek viny v kauze korupce proti b\u00fdval\u00e9mu prezidentovi Francouzsk\u00fd nejvy\u0161\u0161\u00ed soud&#8230;<\/p>\n","protected":false},"author":2,"featured_media":93265,"comment_status":"closed","ping_status":"closed","sticky":false,"template":"","format":"standard","meta":[],"categories":[7],"tags":[1887,1273,324],"_links":{"self":[{"href":"https:\/\/www.infokuryr.cz\/n\/wp-json\/wp\/v2\/posts\/93264"}],"collection":[{"href":"https:\/\/www.infokuryr.cz\/n\/wp-json\/wp\/v2\/posts"}],"about":[{"href":"https:\/\/www.infokuryr.cz\/n\/wp-json\/wp\/v2\/types\/post"}],"author":[{"embeddable":true,"href":"https:\/\/www.infokuryr.cz\/n\/wp-json\/wp\/v2\/users\/2"}],"replies":[{"embeddable":true,"href":"https:\/\/www.infokuryr.cz\/n\/wp-json\/wp\/v2\/comments?post=93264"}],"version-history":[{"count":0,"href":"https:\/\/www.infokuryr.cz\/n\/wp-json\/wp\/v2\/posts\/93264\/revisions"}],"wp:featuredmedia":[{"embeddable":true,"href":"https:\/\/www.infokuryr.cz\/n\/wp-json\/wp\/v2\/media\/93265"}],"wp:attachment":[{"href":"https:\/\/www.infokuryr.cz\/n\/wp-json\/wp\/v2\/media?parent=93264"}],"wp:term":[{"taxonomy":"category","embeddable":true,"href":"https:\/\/www.infokuryr.cz\/n\/wp-json\/wp\/v2\/categories?post=93264"},{"taxonomy":"post_tag","embeddable":true,"href":"https:\/\/www.infokuryr.cz\/n\/wp-json\/wp\/v2\/tags?post=93264"}],"curies":[{"name":"wp","href":"https:\/\/api.w.org\/{rel}","templated":true}]}}