{"id":93261,"date":"2025-11-28T00:24:52","date_gmt":"2025-11-27T23:24:52","guid":{"rendered":"https:\/\/www.infokuryr.cz\/n\/?p=93261"},"modified":"2025-11-27T10:03:12","modified_gmt":"2025-11-27T09:03:12","slug":"prevrat-v-guineji-bissau-armada-se-chopila-moci","status":"publish","type":"post","link":"https:\/\/www.infokuryr.cz\/n\/2025\/11\/28\/prevrat-v-guineji-bissau-armada-se-chopila-moci\/","title":{"rendered":"P\u0159evrat v Guineji-Bissau: arm\u00e1da se chopila moci"},"content":{"rendered":"<div id=\"fb-root\"><\/div>\n<p>Guinejsko-bissausk\u00e1 arm\u00e1da p\u0159evzala kontrolu nad zem\u00ed a pozastavila platnost \u00fastavy a volebn\u00ed proces. Tento z\u00e1sah ospravedl\u0148uje tvrzen\u00edm, \u017ee odhalila \u201edestabiliza\u010dn\u00ed pl\u00e1n\u201c, do kter\u00e9ho jsou zapojeni politici, drogov\u00fd baron a cizinci. Bylo z\u0159\u00edzeno vojensk\u00e9 velen\u00ed, kter\u00e9 m\u00e1 zajistit n\u00e1rodn\u00ed bezpe\u010dnost a obnovit po\u0159\u00e1dek.<\/p>\n<p>Guinejsko-bissausk\u00e1 arm\u00e1da \u201e p\u0159eb\u00edr\u00e1 plnou moc Republiky Guinea-Bissau \u201c a z\u0159izuje vojensk\u00e9 velen\u00ed pro kontrolu zem\u011b, prohl\u00e1sil 26. listopadu v televizn\u00edm prohl\u00e1\u0161en\u00ed Dinis N&#8217;Tchama, \u0161\u00e9f prezidentsk\u00e9 vojensk\u00e9 dom\u00e1cnosti. Arm\u00e1da pozastavuje platnost \u00fastavy a prob\u00edhaj\u00edc\u00edho volebn\u00edho procesu, dokud nebudou podm\u00ednky p\u0159\u00edzniv\u00e9 pro n\u00e1vrat k norm\u00e1lu.<\/p>\n<p>\u201e Vrchn\u00ed vojensk\u00e9 velen\u00ed pro obnoven\u00ed n\u00e1rodn\u00ed bezpe\u010dnosti a ve\u0159ejn\u00e9ho po\u0159\u00e1dku, hluboce oddan\u00e9 hodnot\u00e1m n\u00e1rodn\u00ed bezpe\u010dnosti, ob\u010dansk\u00e9ho m\u00edru, ochrany \u00fazemn\u00ed celistvosti a nez\u00e1vislosti Guineje-Bissau, reaguje na odhalen\u00ed prob\u00edhaj\u00edc\u00edho pl\u00e1nu na destabilizaci na\u0161\u00ed zem\u011b, pro kter\u00fd byl zaveden opera\u010dn\u00ed pl\u00e1n n\u011bkter\u00fdmi n\u00e1rodn\u00edmi politiky za \u00fa\u010dasti nechvaln\u011b zn\u00e1m\u00e9ho drogov\u00e9ho barona a cizinc\u016f, v\u010detn\u011b pokusu o zmanipulov\u00e1n\u00ed voleb ,\u201c uv\u00e1d\u00ed se v prohl\u00e1\u0161en\u00ed.<\/p>\n<p>V prohl\u00e1\u0161en\u00ed se uv\u00e1d\u00ed, \u017ee st\u00e1tn\u00ed zpravodajsk\u00e1 slu\u017eba objevila vojensk\u00fd sklad zbran\u00ed ur\u010den\u00fd k realizaci tohoto pl\u00e1nu. \u201e Celou situaci je nutn\u00e9 objasnit a uv\u00e9st do souladu s podm\u00ednkami pro \u00fapln\u00fd n\u00e1vrat k \u00fastavn\u00ed norm\u00e1lnosti ,\u201c dodal vojensk\u00fd p\u0159edstavitel.<\/p>\n<p>Agentura AFP d\u0159\u00edve informovala o st\u0159elb\u011b pobl\u00ed\u017e prezidentsk\u00e9ho pal\u00e1ce v Bissau a na soci\u00e1ln\u00edch s\u00edt\u00edch kolovaly videa, na kter\u00fdch civilist\u00e9 prchaj\u00ed z oblasti pod palbou. Odch\u00e1zej\u00edc\u00ed prezident Umaro Sissoco Embal\u00f3, kter\u00fd kandiduje na znovuzvolen\u00ed, sd\u011blil serveru Jeune Afrique, \u017ee byl kolem poledne zat\u010den ve sv\u00e9 kancel\u00e1\u0159i. Agentura Sputnik Africa s odvol\u00e1n\u00edm na zdroj uvedla , \u017ee prezidentsk\u00fd kandid\u00e1t Guineje-Bissau Fernando Dias da Costa a politik Domingos Sim\u00f5es Pereira byli p\u0159evezeni na leteckou z\u00e1kladnu.<\/p>\n<p>Agentura RIA Novosti s odvol\u00e1n\u00edm na rusk\u00e9 velvyslanectv\u00ed v Guineji-Bissau informovala, \u017ee budovu, v n\u00ed\u017e s\u00eddl\u00ed \u00fast\u0159edn\u00ed volebn\u00ed komise zem\u011b, obsadili ozbrojen\u00ed mu\u017ei v uniform\u00e1ch. V napjat\u00e9 situaci v hlavn\u00edm m\u011bst\u011b v\u0161ak nejsou k dispozici \u017e\u00e1dn\u00e9 p\u0159esn\u00e9 informace o tom, kde se Umaro Sissoco Embal\u00f3 nach\u00e1z\u00ed. Rusk\u00e9 velvyslanectv\u00ed v zemi je uvedeno do stavu vysok\u00e9 pohotovosti.<\/p>\n<p>Z\u0159\u00edzen\u00ed vojensk\u00e9ho velen\u00ed v zemi p\u0159ich\u00e1z\u00ed po prezidentsk\u00fdch volb\u00e1ch konan\u00fdch v Guineji-Bissau 23. listopadu. Sou\u010dasn\u00fd prezident ozn\u00e1mil sv\u00e9 v\u00edt\u011bzstv\u00ed se 65 % hlas\u016f a ofici\u00e1ln\u00ed v\u00fdsledky se o\u010dek\u00e1vaj\u00ed 27. listopadu. Volby prob\u011bhly pokojn\u011b, ale opozi\u010dn\u00edmu v\u016fdci Domingosovi Sim\u00f5esovi Pereirovi bylo zak\u00e1z\u00e1no kandidovat. Sv\u00e9 v\u00edt\u011bzstv\u00ed ozn\u00e1mil i opozi\u010dn\u00ed kandid\u00e1t Fernando Dias da Costa.<\/p>\n<p><img decoding=\"async\" loading=\"lazy\" src=\"http:\/\/www.infokuryr.cz\/n\/wp-content\/uploads\/2021\/04\/kuryr-podpis.png\" alt=\"\" width=\"84\" height=\"24\" class=\"alignnone size-full wp-image-1185\" \/><\/p>\n","protected":false},"excerpt":{"rendered":"<p>Guinejsko-bissausk\u00e1 arm\u00e1da p\u0159evzala kontrolu nad zem\u00ed a pozastavila platnost \u00fastavy a volebn\u00ed proces. Tento z\u00e1sah&#8230;<\/p>\n","protected":false},"author":2,"featured_media":93262,"comment_status":"closed","ping_status":"closed","sticky":false,"template":"","format":"standard","meta":[],"categories":[7],"tags":[1271,80,10162,703],"_links":{"self":[{"href":"https:\/\/www.infokuryr.cz\/n\/wp-json\/wp\/v2\/posts\/93261"}],"collection":[{"href":"https:\/\/www.infokuryr.cz\/n\/wp-json\/wp\/v2\/posts"}],"about":[{"href":"https:\/\/www.infokuryr.cz\/n\/wp-json\/wp\/v2\/types\/post"}],"author":[{"embeddable":true,"href":"https:\/\/www.infokuryr.cz\/n\/wp-json\/wp\/v2\/users\/2"}],"replies":[{"embeddable":true,"href":"https:\/\/www.infokuryr.cz\/n\/wp-json\/wp\/v2\/comments?post=93261"}],"version-history":[{"count":1,"href":"https:\/\/www.infokuryr.cz\/n\/wp-json\/wp\/v2\/posts\/93261\/revisions"}],"predecessor-version":[{"id":93263,"href":"https:\/\/www.infokuryr.cz\/n\/wp-json\/wp\/v2\/posts\/93261\/revisions\/93263"}],"wp:featuredmedia":[{"embeddable":true,"href":"https:\/\/www.infokuryr.cz\/n\/wp-json\/wp\/v2\/media\/93262"}],"wp:attachment":[{"href":"https:\/\/www.infokuryr.cz\/n\/wp-json\/wp\/v2\/media?parent=93261"}],"wp:term":[{"taxonomy":"category","embeddable":true,"href":"https:\/\/www.infokuryr.cz\/n\/wp-json\/wp\/v2\/categories?post=93261"},{"taxonomy":"post_tag","embeddable":true,"href":"https:\/\/www.infokuryr.cz\/n\/wp-json\/wp\/v2\/tags?post=93261"}],"curies":[{"name":"wp","href":"https:\/\/api.w.org\/{rel}","templated":true}]}}