{"id":9326,"date":"2022-04-05T18:40:41","date_gmt":"2022-04-05T16:40:41","guid":{"rendered":"http:\/\/www.infokuryr.cz\/n\/?p=9326"},"modified":"2022-04-05T18:40:41","modified_gmt":"2022-04-05T16:40:41","slug":"polsky-ministr-kultury-ruska-kultura-by-mela-zmizet-z-verejneho-prostoru","status":"publish","type":"post","link":"https:\/\/www.infokuryr.cz\/n\/2022\/04\/05\/polsky-ministr-kultury-ruska-kultura-by-mela-zmizet-z-verejneho-prostoru\/","title":{"rendered":"Polsk\u00fd ministr kultury: Rusk\u00e1 kultura by m\u011bla zmizet z ve\u0159ejn\u00e9ho prostoru"},"content":{"rendered":"<div id=\"fb-root\"><\/div>\n<p>M\u00edstop\u0159edseda polsk\u00e9 vl\u00e1dy a ministr kultury Piotr Gli\u0144ski \u0159ekl, \u017ee kv\u016fli rusk\u00e9 invazi na Ukrajinu by \u201erusk\u00e1 kultura m\u011bla zmizet z ve\u0159ejn\u00e9ho prostoru\u201c. Uvedl to novin\u00e1\u0159\u016fm po zased\u00e1n\u00ed Rady EU pro vzd\u011bl\u00e1v\u00e1n\u00ed, ml\u00e1de\u017e, kulturu a sport (EYCS) v Lucemburku, kter\u00e9 bylo v\u011bnovan\u00e9ho p\u0159edev\u0161\u00edm situaci na Ukrajin\u011b.<\/p>\n<p>Gli\u0144ski odk\u00e1zal na slova ministra kultury a informa\u010dn\u00ed politiky Ukrajiny Oleksandra Tka\u010denka, kter\u00e9mu bylo umo\u017en\u011bno\u00a0 vystoupit v Rad\u011b EU. Tka\u010denko vyj\u00e1d\u0159il n\u00e1zor, \u017ee zlo\u010diny v\u00a0Bu\u010de \u00a0a jinde jsou \u201ePutinovou pravou tv\u00e1\u0159\u00ed, nikoli rusk\u00fdm baletem\u201c. Podle Gli\u0144sk\u00e9ho &#8222;v tuto chv\u00edli nen\u00ed \u010das na rusk\u00fd balet a nen\u00ed to dobr\u00e1 sez\u00f3na ani pro \u010cechova nebo dokonce Pu\u0161kina.&#8220;<\/p>\n<p>Vicepremi\u00e9r zd\u016fraznil, \u017ee v\u00fddobytky rusk\u00e9 kultury v hudb\u011b a literatu\u0159e \u201ejsou na nejvy\u0161\u0161\u00ed \u00farovni\u201c, ale vzhledem ke kontextu v\u00e1lky na Ukrajin\u011b by tato kultura m\u011bla \u201ezmizet\u201c z ve\u0159ejn\u00e9ho prostoru.\u00a0\u00a0V\u00a0\u00a0t\u00e9to situaci je rusk\u00e1 kultura tak\u00e9 jako\u00a0\u00a0\u201eob\u011b\u0165\u201c t\u011bchto rozhodnut\u00ed Rusk\u00e9 federace a jejich politick\u00fdch v\u016fdc\u016f, \u0159ekl Gli\u0144ski.<\/p>\n<p>M\u00edstop\u0159edseda vl\u00e1dy\u00a0\u00a0Gli\u0144sk\u00e9ho zd\u016fraznil, \u017ee rozhodnut\u00ed rusk\u00fdch v\u016fdc\u016f &#8222;s nejv\u011bt\u0161\u00ed pravd\u011bpodobnost\u00ed podporuje v\u011bt\u0161ina rusk\u00e9 spole\u010dnosti&#8220;.<\/p>\n<p><a href=\"http:\/\/vasevec.parlamentnilisty.cz\/polsky-ministr-kultury-ruska-kultura-mela-zmizet-z-verejneho-prostoru\">Jan Urbach<\/a><\/p>\n<p>&nbsp;<\/p>\n","protected":false},"excerpt":{"rendered":"<p>M\u00edstop\u0159edseda polsk\u00e9 vl\u00e1dy a ministr kultury Piotr Gli\u0144ski \u0159ekl, \u017ee kv\u016fli rusk\u00e9 invazi na Ukrajinu&#8230;<\/p>\n","protected":false},"author":2,"featured_media":8646,"comment_status":"closed","ping_status":"closed","sticky":false,"template":"","format":"standard","meta":[],"categories":[7],"tags":[63,31,2104],"_links":{"self":[{"href":"https:\/\/www.infokuryr.cz\/n\/wp-json\/wp\/v2\/posts\/9326"}],"collection":[{"href":"https:\/\/www.infokuryr.cz\/n\/wp-json\/wp\/v2\/posts"}],"about":[{"href":"https:\/\/www.infokuryr.cz\/n\/wp-json\/wp\/v2\/types\/post"}],"author":[{"embeddable":true,"href":"https:\/\/www.infokuryr.cz\/n\/wp-json\/wp\/v2\/users\/2"}],"replies":[{"embeddable":true,"href":"https:\/\/www.infokuryr.cz\/n\/wp-json\/wp\/v2\/comments?post=9326"}],"version-history":[{"count":0,"href":"https:\/\/www.infokuryr.cz\/n\/wp-json\/wp\/v2\/posts\/9326\/revisions"}],"wp:featuredmedia":[{"embeddable":true,"href":"https:\/\/www.infokuryr.cz\/n\/wp-json\/wp\/v2\/media\/8646"}],"wp:attachment":[{"href":"https:\/\/www.infokuryr.cz\/n\/wp-json\/wp\/v2\/media?parent=9326"}],"wp:term":[{"taxonomy":"category","embeddable":true,"href":"https:\/\/www.infokuryr.cz\/n\/wp-json\/wp\/v2\/categories?post=9326"},{"taxonomy":"post_tag","embeddable":true,"href":"https:\/\/www.infokuryr.cz\/n\/wp-json\/wp\/v2\/tags?post=9326"}],"curies":[{"name":"wp","href":"https:\/\/api.w.org\/{rel}","templated":true}]}}