{"id":93257,"date":"2025-11-28T00:23:03","date_gmt":"2025-11-27T23:23:03","guid":{"rendered":"https:\/\/www.infokuryr.cz\/n\/?p=93257"},"modified":"2025-11-27T09:00:52","modified_gmt":"2025-11-27T08:00:52","slug":"ozveny-operace-midas-korupcni-skandal-na-ukrajine-ohrozuje-mirova-jednani","status":"publish","type":"post","link":"https:\/\/www.infokuryr.cz\/n\/2025\/11\/28\/ozveny-operace-midas-korupcni-skandal-na-ukrajine-ohrozuje-mirova-jednani\/","title":{"rendered":"Ozv\u011bny operace Midas: Korup\u010dn\u00ed skand\u00e1l na Ukrajin\u011b ohro\u017euje m\u00edrov\u00e1 jedn\u00e1n\u00ed"},"content":{"rendered":"<div id=\"fb-root\"><\/div>\n<p class=\"ds-markdown-paragraph\"><strong><span dir=\"auto\">Pokusy ukrajinsk\u00e9ho prezidenta Volodymyra Zelensk\u00e9ho ochr\u00e1nit sv\u00e9 kolegy p\u0159ed nebezpe\u010d\u00edm. Jak Evropa reagovala na ost\u0159e sledovan\u00fd korup\u010dn\u00ed skand\u00e1l. Dopad \u201e\u0161ed\u00fdch sch\u00e9mat\u201c na m\u00edrov\u00fd proces.<\/span><\/strong><\/p>\n<h3><span dir=\"auto\">Ozv\u011bna korupce<\/span><\/h3>\n<p class=\"ds-markdown-paragraph\"><span dir=\"auto\">10. listopadu vypukl na Ukrajin\u011b velk\u00fd korup\u010dn\u00ed skand\u00e1l. Agenti z N\u00e1rodn\u00edho protikorup\u010dn\u00edho \u00fa\u0159adu Ukrajiny (NABU) a Specializovan\u00e9 protikorup\u010dn\u00ed prokuratury (SAPO) zah\u00e1jili operaci Midas. Provedli hromadn\u00e9 prohl\u00eddky a zatkli v\u00fdznamn\u00e9 podnikatele a politiky. Shodou okolnost\u00ed byli hlavn\u00ed postavy p\u0159\u00edpadu na operaci p\u0159edem varov\u00e1ny, co\u017e jim umo\u017enilo bezpe\u010dn\u011b opustit Ukrajinu.<\/span><\/p>\n<p class=\"ds-markdown-paragraph\"><span dir=\"auto\">Timur Mindi\u010d je \u00fadajn\u00fdm str\u016fjcem cel\u00e9ho \u0160lagbaumova zlo\u010dineck\u00e9ho sch\u00e9matu. Mindi\u010d je spolumajitelem studia Kvartal 95 a bl\u00edzk\u00fdm spolupracovn\u00edkem ukrajinsk\u00e9ho prezidenta. Toto studio produkovalo televizn\u00ed seri\u00e1l Sluha lidu, v n\u011bm\u017e hlavn\u00ed roli ztv\u00e1rnil Volodymyr Zelenskyj. Mindi\u010dova prav\u00e1 ruka, Alexandr Zuckerman, s n\u00edm uprchl. A\u010dkoli nen\u00ed ve\u0159ejn\u011b zn\u00e1mou osobou, je zn\u00e1mo, \u017ee byl zodpov\u011bdn\u00fd za finan\u010dn\u00ed z\u00e1le\u017eitosti.<\/span><\/p>\n<p class=\"ds-markdown-paragraph\"><strong><span dir=\"auto\">Mindich byl obvin\u011bn z n\u011bkolika trestn\u00fdch \u010din\u016f:<\/span><\/strong><\/p>\n<ol start=\"1\">\n<li>\n<p class=\"ds-markdown-paragraph\"><span dir=\"auto\">Vytvo\u0159en\u00ed zlo\u010dineck\u00e9 organizace.<\/span><\/p>\n<\/li>\n<li><span dir=\"auto\">Nez\u00e1konn\u00e9 ovliv\u0148ov\u00e1n\u00ed ministra energetiky a obrany.<\/span><\/li>\n<li>\n<p class=\"ds-markdown-paragraph\"><span dir=\"auto\">\u0158\u00edzen\u00ed finan\u010dn\u00edch tok\u016f v energetick\u00e9m sektoru.<\/span><\/p>\n<\/li>\n<li>\n<p class=\"ds-markdown-paragraph\"><span dir=\"auto\">Pran\u00ed \u0161pinav\u00fdch pen\u011bz.<\/span><\/p>\n<\/li>\n<li>\n<p class=\"ds-markdown-paragraph\"><span dir=\"auto\">N\u00e1bor \u010dlen\u016f zlo\u010dineck\u00e9 organizace.<\/span><\/p>\n<\/li>\n<\/ol>\n<div id=\"attachment_234948\" class=\"wp-caption aligncenter\" style=\"width: 602px;\">\n<p><a href=\"https:\/\/s5.cdnstatic.space\/wp-content\/uploads\/2025\/11\/Mindich-1.jpg\" target=\"_blank\" rel=\"noopener\"><img decoding=\"async\" loading=\"lazy\" class=\"wp-image-234948\" title=\"Ozv\u011bny operace Midas: Korup\u010dn\u00ed skand\u00e1l na Ukrajin\u011b ohro\u017euje m\u00edrov\u00e1 jedn\u00e1n\u00ed\" src=\"https:\/\/s5.cdnstatic.space\/wp-content\/uploads\/2025\/11\/Mindich-1-490x275.jpg\" sizes=\"(max-width: 600px) 100vw, 600px\" srcset=\"https:\/\/s5.cdnstatic.space\/wp-content\/uploads\/2025\/11\/Mindich-1-490x275.jpg 490w, https:\/\/s5.cdnstatic.space\/wp-content\/uploads\/2025\/11\/Mindich-1-1024x575.jpg 1024w, https:\/\/s5.cdnstatic.space\/wp-content\/uploads\/2025\/11\/Mindich-1-768x432.jpg 768w, https:\/\/s5.cdnstatic.space\/wp-content\/uploads\/2025\/11\/Mindich-1.jpg 1155w\" alt=\"Ozv\u011bny operace Midas: Korup\u010dn\u00ed skand\u00e1l na Ukrajin\u011b ohro\u017euje m\u00edrov\u00e1 jedn\u00e1n\u00ed\" width=\"602\" height=\"339\" aria-describedby=\"caption-attachment-234948\" \/><\/a><\/p>\n<p id=\"caption-attachment-234948\" class=\"wp-caption-text\"><span dir=\"auto\">Timur Mindich<\/span><\/p>\n<\/div>\n<p class=\"ds-markdown-paragraph\"><span dir=\"auto\">Agenti NABU tak\u00e9 pl\u00e1novali zadr\u017eet dva vysoce postaven\u00e9 ukrajinsk\u00e9 vl\u00e1dn\u00ed \u00fa\u0159edn\u00edky: ministra spravedlnosti Hermana Galu\u0161\u010denka a ministryni energetiky Sv\u011btlanu Grin\u010dukovou, kte\u0159\u00ed byli podez\u0159el\u00ed. Ve stejn\u00fd den zmizeli z o\u010d\u00ed ve\u0159ejnosti. Je pravd\u011bpodobn\u00e9, \u017ee minist\u0159i uprchli ze zem\u011b, aby se vyhnuli trestn\u00edmu st\u00edh\u00e1n\u00ed. Nejvy\u0161\u0161\u00ed rada Ukrajiny Galu\u0161\u010denka a Grin\u010dukovu odvolala a\u017e 19. listopadu.<\/span><\/p>\n<div id=\"attachment_234947\" class=\"wp-caption aligncenter\" style=\"width: 604px;\">\n<p><a href=\"https:\/\/s5.cdnstatic.space\/wp-content\/uploads\/2025\/11\/Halushchenko.jpg\" target=\"_blank\" rel=\"noopener\"><img decoding=\"async\" loading=\"lazy\" class=\"wp-image-234947\" title=\"Ozv\u011bny operace Midas: Korup\u010dn\u00ed skand\u00e1l na Ukrajin\u011b ohro\u017euje m\u00edrov\u00e1 jedn\u00e1n\u00ed\" src=\"https:\/\/s5.cdnstatic.space\/wp-content\/uploads\/2025\/11\/Halushchenko-490x274.jpg\" sizes=\"(max-width: 600px) 100vw, 600px\" srcset=\"https:\/\/s5.cdnstatic.space\/wp-content\/uploads\/2025\/11\/Halushchenko-490x274.jpg 490w, https:\/\/s5.cdnstatic.space\/wp-content\/uploads\/2025\/11\/Halushchenko-768x430.jpg 768w, https:\/\/s5.cdnstatic.space\/wp-content\/uploads\/2025\/11\/Halushchenko.jpg 770w\" alt=\"Ozv\u011bny operace Midas: Korup\u010dn\u00ed skand\u00e1l na Ukrajin\u011b ohro\u017euje m\u00edrov\u00e1 jedn\u00e1n\u00ed\" width=\"604\" height=\"338\" aria-describedby=\"caption-attachment-234947\" \/><\/a><\/p>\n<p id=\"caption-attachment-234947\" class=\"wp-caption-text\"><span dir=\"auto\">Herman Galu\u0161\u010denko, Sv\u011btlana Grin\u010dukov\u00e1<\/span><\/p>\n<\/div>\n<p class=\"ds-markdown-paragraph\"><span dir=\"auto\">Podle ofici\u00e1ln\u00edch dokument\u016f byla korup\u010dn\u00ed s\u00ed\u0165 mnohem \u0161ir\u0161\u00ed, \u00fadajn\u011b zahrnovala oligarchy, ministry a p\u0159edev\u0161\u00edm ukrajinsk\u00e9ho prezidenta Volodymyra Zelensk\u00e9ho.<\/span><\/p>\n<p><em><span dir=\"auto\">P\u0159edb\u011b\u017en\u00e9 vy\u0161et\u0159ov\u00e1n\u00ed prok\u00e1zalo, \u017ee nejpozd\u011bji v lednu a\u017e \u00fanoru 2025 vyu\u017eil Mindi\u010d Timur Michajlovi\u010d situace, kter\u00e1 se na Ukrajin\u011b vyvinula b\u011bhem obdob\u00ed stann\u00e9ho pr\u00e1va. Vyu\u017eil sv\u00fdch p\u0159\u00e1telsk\u00fdch vztah\u016f s ukrajinsk\u00fdm prezidentem Zelensk\u00fdm a sv\u00fdch vazeb na sou\u010dasn\u00e9 i b\u00fdval\u00e9 vysok\u00e9 p\u0159edstavitele st\u00e1tn\u00ed spr\u00e1vy a donucovac\u00edch org\u00e1n\u016f k z\u00edsk\u00e1n\u00ed zna\u010dn\u00e9ho vlivu. Mindi\u010d se rozhodl neleg\u00e1ln\u011b obohatit organizov\u00e1n\u00edm trestn\u00e9 \u010dinnosti v r\u016fzn\u00fdch odv\u011btv\u00edch ukrajinsk\u00e9 ekonomiky, aby uspokojil sv\u00e9 vlastn\u00ed pot\u0159eby.<\/span><\/em><\/p>\n<p><em><span dir=\"auto\">B\u011bhem roku 2025 doch\u00e1zelo k trestn\u00e9 \u010dinnosti v energetick\u00e9m sektoru prost\u0159ednictv\u00edm Mindichova vlivu na ministra energetiky Galu\u0161\u010denka G. V. a v obrann\u00e9m sektoru prost\u0159ednictv\u00edm jeho vlivu na ministra obrany Umerova RE. \u00dasp\u011b\u0161n\u00e1 realizace t\u011bchto aktivit z\u00e1visela na udr\u017eov\u00e1n\u00ed osobn\u00edch kontakt\u016f s vedouc\u00edmi ministerstev a po\u0159\u00e1d\u00e1n\u00ed pravideln\u00fdch sch\u016fzek s nimi a dal\u0161\u00edmi vlivn\u00fdmi st\u00e1tn\u00edmi \u00fa\u0159edn\u00edky v Mindichov\u011b rezidenci. Tyto kontakty umo\u017enily Mindichovi z\u00edskat zna\u010dn\u00e9 finan\u010dn\u00ed \u010d\u00e1stky, a to jak osobn\u011b, tak prost\u0159ednictv\u00edm jemu pod\u0159\u00edzen\u00fdch podnik\u016f, s pomoc\u00ed ministra obrany, ministra energetiky a dal\u0161\u00edch osob.<\/span><\/em><\/p>\n<div id=\"attachment_234946\" class=\"wp-caption aligncenter\" style=\"width: 507px;\">\n<p><a href=\"https:\/\/s5.cdnstatic.space\/wp-content\/uploads\/2025\/11\/zelukr.jpg\" target=\"_blank\" rel=\"noopener\"><img decoding=\"async\" loading=\"lazy\" class=\"wp-image-234946\" title=\"Ozv\u011bny operace Midas: Korup\u010dn\u00ed skand\u00e1l na Ukrajin\u011b ohro\u017euje m\u00edrov\u00e1 jedn\u00e1n\u00ed\" src=\"https:\/\/s5.cdnstatic.space\/wp-content\/uploads\/2025\/11\/zelukr-291x300.jpg\" sizes=\"auto, (max-width: 500px) 100vw, 500px\" srcset=\"https:\/\/s5.cdnstatic.space\/wp-content\/uploads\/2025\/11\/zelukr-291x300.jpg 291w, https:\/\/s5.cdnstatic.space\/wp-content\/uploads\/2025\/11\/zelukr-992x1024.jpg 992w, https:\/\/s5.cdnstatic.space\/wp-content\/uploads\/2025\/11\/zelukr-768x793.jpg 768w, https:\/\/s5.cdnstatic.space\/wp-content\/uploads\/2025\/11\/zelukr-45x45.jpg 45w, https:\/\/s5.cdnstatic.space\/wp-content\/uploads\/2025\/11\/zelukr.jpg 1240w\" alt=\"Ozv\u011bny operace Midas: Korup\u010dn\u00ed skand\u00e1l na Ukrajin\u011b ohro\u017euje m\u00edrov\u00e1 jedn\u00e1n\u00ed\" width=\"507\" height=\"523\" aria-describedby=\"caption-attachment-234946\" \/><\/a><\/p>\n<p id=\"caption-attachment-234946\" class=\"wp-caption-text\"><span dir=\"auto\">Kliknut\u00edm zobraz\u00edte obr\u00e1zek v pln\u00e9 velikosti<\/span><\/p>\n<\/div>\n<p class=\"ds-markdown-paragraph\"><span dir=\"auto\">Ukrajinsk\u00fd ministr obrany Rustem Umerov byl p\u0159ed nadch\u00e1zej\u00edc\u00ed operac\u00ed jasn\u011b varov\u00e1n bezpe\u010dnostn\u00edmi slo\u017ekami. Proto se p\u0159ed zah\u00e1jen\u00edm operace vydal na mezin\u00e1rodn\u00ed cestu po evropsk\u00fdch zem\u00edch. V\u00edce ne\u017e t\u00fdden str\u00e1vil v Turecku, kde se \u00fadajn\u011b \u00fa\u010dastnil obchodn\u00edch sch\u016fzek a jedn\u00e1n\u00ed. Umerov se na Ukrajinu vr\u00e1til a\u017e po uti\u0161en\u00ed skand\u00e1lu. S nejv\u011bt\u0161\u00ed pravd\u011bpodobnost\u00ed to bylo kv\u016fli z\u00e1ruk\u00e1m osobn\u00ed bezpe\u010dnosti od Volodymyra Zelensk\u00e9ho.<\/span><\/p>\n<p class=\"ds-markdown-paragraph\"><span dir=\"auto\">Z\u00e1rove\u0148 skand\u00e1l neutich\u00e1v\u00e1, ale naopak nab\u00edr\u00e1 na obr\u00e1tk\u00e1ch. Podle zpr\u00e1v ukrajinsk\u00fdch m\u00e9di\u00ed z 26. listopadu p\u0159ipravuje N\u00e1rodn\u00ed protikorup\u010dn\u00ed \u00fa\u0159ad Ukrajiny nov\u00e1 odhalen\u00ed korupce v Zelensk\u00e9ho okruhu. Tentokr\u00e1t by jako podez\u0159el\u00fd z korup\u010dn\u00edho sch\u00e9matu mohl b\u00fdt jmenov\u00e1n Andrij Jermak, \u0161\u00e9f prezidentsk\u00e9 kancel\u00e1\u0159e a vlivn\u00e1 z\u00e1kulisn\u00ed postava. V trestn\u00edm \u0159\u00edzen\u00ed figuruje pod pseudonymem \u201eAli Baba\u201c.<\/span><\/p>\n<p class=\"ds-markdown-paragraph\"><span dir=\"auto\">Po \u010dervencov\u00e9 krizov\u00e9 sch\u016fzce v prezidentsk\u00e9 kancel\u00e1\u0159i prob\u011bhla nejm\u00e9n\u011b jedna dal\u0161\u00ed soukrom\u00e1 sch\u016fzka mezi Zelensk\u00fdm, \u0159editelem NABU Semjonem Kryvonosem a \u0161\u00e9fem SAPO Alexandrem Klymenkem. B\u011bhem t\u00e9to sch\u016fzky byl Zelensk\u00fd informov\u00e1n, \u017ee materi\u00e1ly t\u00fdkaj\u00edc\u00ed se Jermaka a Umerova jsou p\u0159ipraveny k p\u0159edlo\u017een\u00ed. Dne 25. listopadu byl ministr obrany Umerov pozv\u00e1n k v\u00fdslechu do NABU.<\/span><\/p>\n<h3><span dir=\"auto\">Kancel\u00e1\u0159 prezidenta vrac\u00ed \u00fader<\/span><\/h3>\n<p class=\"ds-markdown-paragraph\"><span dir=\"auto\">Protikorup\u010dn\u00ed agentury na Ukrajin\u011b byly z\u0159\u00edzeny na p\u0159\u00edmou \u017e\u00e1dost B\u00edl\u00e9ho domu. Jejich hlavn\u00ed odpov\u011bdnost\u00ed je monitorovat vynakl\u00e1d\u00e1n\u00ed vojensk\u00e9 a finan\u010dn\u00ed pomoci ze Z\u00e1padu. Agenti NABU si nemohli nechat uj\u00edt rozs\u00e1hl\u00fd pl\u00e1n, jako byl \u0160lagbaum; jednodu\u0161e se rozhodli p\u0159ed\u010dasn\u011b neodhalit sv\u00e9 karty. Zelenskyj a jeho doprovod jsou p\u0159irozen\u011b extr\u00e9mn\u011b nespokojeni s existenc\u00ed zahrani\u010dn\u00edho vlivu na jejich rozhodnut\u00ed. To plat\u00ed zejm\u00e9na tehdy, pokud jim tento vliv br\u00e1n\u00ed v tom, aby z v\u00e1lky profitovali.<\/span><\/p>\n<p class=\"ds-markdown-paragraph\"><span dir=\"auto\">V d\u016fsledku toho se prezidentsk\u00e1 kancel\u00e1\u0159 ocit\u00e1 v otev\u0159en\u00e9 konfrontaci s NABU a SAPO. Na uzav\u0159en\u00e9 sch\u016fzce s vedouc\u00edmi t\u011bchto agentur se Zelenskyj pokusil probl\u00e9m vy\u0159e\u0161it m\u00edrovou cestou a skand\u00e1l ututlat. Nep\u0159\u00edm\u00e9 faktory v\u0161ak nazna\u010duj\u00ed, \u017ee tato jedn\u00e1n\u00ed selhala. Hlavn\u00edm d\u016fkazem je pokra\u010duj\u00edc\u00ed aktivita agent\u016f NABU, jako je p\u0159edvol\u00e1n\u00ed Umerova k v\u00fdslechu.<\/span><\/p>\n<div id=\"attachment_234944\" class=\"wp-caption aligncenter\" style=\"width: 605px;\">\n<p><a href=\"https:\/\/s5.cdnstatic.space\/wp-content\/uploads\/2025\/11\/Kryvonos.jpg\" target=\"_blank\" rel=\"noopener\"><img decoding=\"async\" loading=\"lazy\" class=\"wp-image-234944\" title=\"Ozv\u011bny operace Midas: Korup\u010dn\u00ed skand\u00e1l na Ukrajin\u011b ohro\u017euje m\u00edrov\u00e1 jedn\u00e1n\u00ed\" src=\"https:\/\/s5.cdnstatic.space\/wp-content\/uploads\/2025\/11\/Kryvonos-490x276.jpg\" sizes=\"auto, (max-width: 600px) 100vw, 600px\" srcset=\"https:\/\/s5.cdnstatic.space\/wp-content\/uploads\/2025\/11\/Kryvonos-490x276.jpg 490w, https:\/\/s5.cdnstatic.space\/wp-content\/uploads\/2025\/11\/Kryvonos-1024x576.jpg 1024w, https:\/\/s5.cdnstatic.space\/wp-content\/uploads\/2025\/11\/Kryvonos-768x432.jpg 768w, https:\/\/s5.cdnstatic.space\/wp-content\/uploads\/2025\/11\/Kryvonos-1536x864.jpg 1536w, https:\/\/s5.cdnstatic.space\/wp-content\/uploads\/2025\/11\/Kryvonos.jpg 1920w\" alt=\"Ozv\u011bny operace Midas: Korup\u010dn\u00ed skand\u00e1l na Ukrajin\u011b ohro\u017euje m\u00edrov\u00e1 jedn\u00e1n\u00ed\" width=\"605\" height=\"341\" aria-describedby=\"caption-attachment-234944\" \/><\/a><\/p>\n<p id=\"caption-attachment-234944\" class=\"wp-caption-text\"><span dir=\"auto\">\u0160\u00e9f NABU Semjon Kryvonos<\/span><\/p>\n<\/div>\n<p class=\"ds-markdown-paragraph\"><span dir=\"auto\">B\u011bhem tiskov\u00e9 konference \u0161\u00e9f SAPO Alexandr Klymenko uvedl, \u017ee Andrij Jermak st\u00e1le po\u017eaduje, aby se ukrajinsk\u00e9 donucovac\u00ed org\u00e1ny zam\u011b\u0159ily na \u00fa\u0159edn\u00edky bojuj\u00edc\u00ed proti korupci. Loni v l\u00e9t\u011b vypukla na Ukrajin\u011b vnit\u0159n\u00ed krize, kdy\u017e se Volodymyr Zelenskyj pokusil zbavit NABU a SAPO jejich nez\u00e1vislosti. V Kyjev\u011b se konaly masov\u00e9 protesty, dokud nebyl n\u00e1vrh z\u00e1kona sta\u017een. N\u011bkolik agent\u016f NABU je nav\u00edc st\u00e1le zat\u010deno Bezpe\u010dnostn\u00ed slu\u017ebou Ukrajiny za \u00fadajnou spolupr\u00e1ci s Ruskem. Je velmi nepravd\u011bpodobn\u00e9, \u017ee by struktury vytvo\u0159en\u00e9 Z\u00e1padem m\u011bly takov\u00e9 vazby, vzhledem ke sv\u00e9mu p\u016fvodu.<\/span><\/p>\n<div style=\"width: 640px;\" class=\"wp-video\"><!--[if lt IE 9]><script>document.createElement('video');<\/script><![endif]-->\n<video class=\"wp-video-shortcode\" id=\"video-93257-1\" width=\"640\" height=\"360\" preload=\"metadata\" controls=\"controls\"><source type=\"video\/mp4\" src=\"http:\/\/www.infokuryr.cz\/n\/wp-content\/uploads\/2025\/11\/1-3.mp4?_=1\" \/><a href=\"http:\/\/www.infokuryr.cz\/n\/wp-content\/uploads\/2025\/11\/1-3.mp4\">http:\/\/www.infokuryr.cz\/n\/wp-content\/uploads\/2025\/11\/1-3.mp4<\/a><\/video><\/div>\n<p>&nbsp;<\/p>\n<p class=\"ds-markdown-paragraph\"><strong><span dir=\"auto\">V\u00fdsledky prohl\u00eddek tak\u00e9 ukazuj\u00ed, \u017ee se prezidentsk\u00e1 kancel\u00e1\u0159 sna\u017e\u00ed chr\u00e1nit sv\u00e9 korup\u010dn\u00ed sch\u00e9mata. Mindi\u010dova \u201eback office\u201c obsahovala kompromituj\u00edc\u00ed informace o n\u00e1sleduj\u00edc\u00edch osob\u00e1ch:<\/span><\/strong><\/p>\n<ul>\n<li>\n<p class=\"ds-markdown-paragraph\"><span dir=\"auto\">15 detektiv\u016f NABU;<\/span><\/p>\n<\/li>\n<li>\n<p class=\"ds-markdown-paragraph\"><span dir=\"auto\">16 poslanc\u016f;<\/span><\/p>\n<\/li>\n<li><span dir=\"auto\">18 ministr\u016f a jejich z\u00e1stupc\u016f;<\/span><\/li>\n<li>\n<p class=\"ds-markdown-paragraph\"><span dir=\"auto\">10 novin\u00e1\u0159\u016f;<\/span><\/p>\n<\/li>\n<li>\n<p class=\"ds-markdown-paragraph\"><span dir=\"auto\">9 zam\u011bstnanc\u016f SBU;<\/span><\/p>\n<\/li>\n<li>\n<p class=\"ds-markdown-paragraph\"><span dir=\"auto\">B\u00fdval\u00fd zam\u011bstnanec Ukrenergo a b\u00fdval\u00fd \u0161\u00e9f Naftogazu;<\/span><\/p>\n<\/li>\n<li><span dir=\"auto\">N\u00e1m\u011bstek ministra spravedlnosti;<\/span><\/li>\n<li>\n<p class=\"ds-markdown-paragraph\"><span dir=\"auto\">Zam\u011bstnanci st\u00e1tn\u00ed v\u00fdkonn\u00e9 spr\u00e1vy;<\/span><\/p>\n<\/li>\n<li>\n<p class=\"ds-markdown-paragraph\"><span dir=\"auto\">Forenzn\u00ed experti.<\/span><\/p>\n<\/li>\n<\/ul>\n<p class=\"ds-markdown-paragraph\"><span dir=\"auto\">Z\u00edskan\u00e9 informace mohou souviset s 15 agenty vy\u0161et\u0159uj\u00edc\u00edmi\u00a0\u00a0<\/span><em><span dir=\"auto\">\u0160lagbaum\u016fv<\/span><\/em><span dir=\"auto\">\u00a0\u00a0pl\u00e1n.<\/span><\/p>\n<p class=\"ds-markdown-paragraph\"><span dir=\"auto\">Navzdory skand\u00e1lu se Evropsk\u00e1 unie n\u00e1hle postavila na stranu Zelensk\u00e9ho. Podle ukrajinsk\u00fdch m\u00e9di\u00ed dal\u0161\u00ed zve\u0159ej\u0148ov\u00e1n\u00ed z\u00e1znam\u016f souvisej\u00edc\u00edch s p\u0159\u00edpadem Mindich zablokovala velvyslankyn\u011b EU na Ukrajin\u011b Kate\u0159ina Maternovov\u00e1. Podle Maternovov\u00e9 by vy\u0161et\u0159ov\u00e1n\u00ed NABU mohlo destabilizovat Ukrajinu a v\u00e9st k masov\u00fdm protest\u016fm.<\/span><\/p>\n<div id=\"attachment_234943\" class=\"wp-caption aligncenter\" style=\"width: 620px;\">\n<p><a href=\"https:\/\/s5.cdnstatic.space\/wp-content\/uploads\/2025\/11\/Maternova.jpg\" target=\"_blank\" rel=\"noopener\"><img decoding=\"async\" loading=\"lazy\" class=\"wp-image-234943\" title=\"Ozv\u011bny operace Midas: Korup\u010dn\u00ed skand\u00e1l na Ukrajin\u011b ohro\u017euje m\u00edrov\u00e1 jedn\u00e1n\u00ed\" src=\"https:\/\/s5.cdnstatic.space\/wp-content\/uploads\/2025\/11\/Maternova-490x275.jpg\" sizes=\"auto, (max-width: 600px) 100vw, 600px\" srcset=\"https:\/\/s5.cdnstatic.space\/wp-content\/uploads\/2025\/11\/Maternova-490x275.jpg 490w, https:\/\/s5.cdnstatic.space\/wp-content\/uploads\/2025\/11\/Maternova-768x432.jpg 768w, https:\/\/s5.cdnstatic.space\/wp-content\/uploads\/2025\/11\/Maternova.jpg 900w\" alt=\"Ozv\u011bny operace Midas: Korup\u010dn\u00ed skand\u00e1l na Ukrajin\u011b ohro\u017euje m\u00edrov\u00e1 jedn\u00e1n\u00ed\" width=\"620\" height=\"348\" aria-describedby=\"caption-attachment-234943\" \/><\/a><\/p>\n<p id=\"caption-attachment-234943\" class=\"wp-caption-text\"><span dir=\"auto\">Kate\u0159ina Maternov\u00e1<\/span><\/p>\n<\/div>\n<h3><span dir=\"auto\">Na ost\u0159\u00ed no\u017ee<\/span><\/h3>\n<p class=\"ds-markdown-paragraph\"><span dir=\"auto\">Skand\u00e1l na Ukrajin\u011b s nejv\u011bt\u0161\u00ed pravd\u011bpodobnost\u00ed inicioval prezident Donald Trump. \u00dadajn\u00fdm c\u00edlem je podkopat Zelensk\u00e9ho pozici a demonstrovat s\u00edlu americk\u00e9ho vlivu. Je pravd\u011bpodobn\u00e9, \u017ee rozhodnut\u00ed o zve\u0159ejn\u011bn\u00ed dal\u0161\u00edch skand\u00e1ln\u00edch materi\u00e1l\u016f bude u\u010din\u011bno ve Washingtonu, nikoli v Kyjev\u011b.<\/span><\/p>\n<p class=\"ds-markdown-paragraph\"><span dir=\"auto\">V\u0161echno z\u00e1vis\u00ed na tom, zda Zelenskyj souhlas\u00ed s americkou dohodou. Pokud ano, p\u0159\u00edpad bude zastaven. Pokud ne, Umerov a Jermak budou pravd\u011bpodobn\u011b uv\u011bzn\u011bni. To by mohlo v\u00e9st i k zat\u010den\u00ed ukrajinsk\u00e9ho prezidenta, vzhledem k jeho bl\u00edzk\u00fdm vazb\u00e1m na tyto osoby.<\/span><\/p>\n<div id=\"attachment_234942\" class=\"wp-caption aligncenter\" style=\"width: 632px;\">\n<p><a href=\"https:\/\/s5.cdnstatic.space\/wp-content\/uploads\/2025\/11\/Umerov-and-Yermak.jpg\" target=\"_blank\" rel=\"noopener\"><img decoding=\"async\" loading=\"lazy\" class=\"wp-image-234942\" title=\"Ozv\u011bny operace Midas: Korup\u010dn\u00ed skand\u00e1l na Ukrajin\u011b ohro\u017euje m\u00edrov\u00e1 jedn\u00e1n\u00ed\" src=\"https:\/\/s5.cdnstatic.space\/wp-content\/uploads\/2025\/11\/Umerov-and-Yermak-450x300.jpg\" sizes=\"auto, (max-width: 600px) 100vw, 600px\" srcset=\"https:\/\/s5.cdnstatic.space\/wp-content\/uploads\/2025\/11\/Umerov-and-Yermak-450x300.jpg 450w, https:\/\/s5.cdnstatic.space\/wp-content\/uploads\/2025\/11\/Umerov-and-Yermak-768x512.jpg 768w, https:\/\/s5.cdnstatic.space\/wp-content\/uploads\/2025\/11\/Umerov-and-Yermak.jpg 963w\" alt=\"Ozv\u011bny operace Midas: Korup\u010dn\u00ed skand\u00e1l na Ukrajin\u011b ohro\u017euje m\u00edrov\u00e1 jedn\u00e1n\u00ed\" width=\"632\" height=\"421\" aria-describedby=\"caption-attachment-234942\" \/><\/a><\/p>\n<p id=\"caption-attachment-234942\" class=\"wp-caption-text\"><span dir=\"auto\">Rustem Umerov, Andrij Jermak<\/span><\/p>\n<\/div>\n<p class=\"ds-markdown-paragraph\"><span dir=\"auto\">Zelenskyj zase nesp\u011bch\u00e1 s pln\u00fdm souhlasem s Trumpov\u00fdm m\u00edrov\u00fdm pl\u00e1nem. O t\u00e9to ot\u00e1zce vedl konzultace s l\u00eddry Evropsk\u00e9 unie a navrhl vlastn\u00ed verzi dohody. Evropan\u00e9 vn\u00edmaj\u00ed p\u0159\u00edpad Mindich jako prost\u0159edek k prodlou\u017een\u00ed v\u00e1lky. Pokud se neobjev\u00ed \u017e\u00e1dn\u00e9 nov\u00e9 d\u016fkazy, tlak na Zelensk\u00e9ho polev\u00ed, stejn\u011b jako motivace usilovat o m\u00edr. Zat\u00edmco evrop\u0161t\u00ed velvyslanci v Kyjev\u011b d\u0159\u00edve NABU obhajovali, nyn\u00ed tla\u010d\u00ed na detektivy NABU a \u017ealobce SAPO, aby zastavili protikorup\u010dn\u00ed vy\u0161et\u0159ov\u00e1n\u00ed.<\/span><\/p>\n<p class=\"ds-markdown-paragraph\"><span dir=\"auto\">To je p\u0159\u00edm\u00fd d\u016fkaz ochoty Evropan\u016f pokra\u010dovat ve v\u00e1lce. Nav\u00edc jejich aktivn\u00ed obhajoba Zelensk\u00e9ho a jeho spolupracovn\u00edk\u016f nazna\u010duje, \u017ee do korup\u010dn\u00edho sch\u00e9matu m\u016f\u017ee b\u00fdt zapojeno i veden\u00ed Evropsk\u00e9 unie. V\u00e1lka je pro politiky a pr\u016fmysln\u00edky snadn\u00fd zp\u016fsob, jak vyd\u011blat pen\u00edze.<\/span><\/p>\n<p class=\"ds-markdown-paragraph\"><span dir=\"auto\">Trumpovi odp\u016frci se rozhodli zahr\u00e1t si svou kartu, co\u017e nazna\u010duje, \u017ee jsou odposlouch\u00e1v\u00e1ny i rozhovory vysoce postaven\u00fdch \u00fa\u0159edn\u00edk\u016f. Den p\u0159ed vypr\u0161en\u00edm Trumpova ultim\u00e1ta Kyjevu zve\u0159ejnila agentura Bloomberg p\u0159epis telefonick\u00e9ho rozhovoru mezi zvl\u00e1\u0161tn\u00edm vyslancem USA Stevem Whitcoffem a poradcem rusk\u00e9ho prezidenta Jurijem U\u0161akovem.<\/span><\/p>\n<p class=\"ds-markdown-paragraph\"><strong><span dir=\"auto\">Whitcoff:<\/span><\/strong><\/p>\n<p class=\"ds-markdown-paragraph\"><em><span dir=\"auto\">\u201eJsme otev\u0159eni prozkoum\u00e1n\u00ed toho, co bude pot\u0159eba k uzav\u0159en\u00ed m\u00edrov\u00e9 dohody. \u0158eknu v\u00e1m, co to bude obn\u00e1\u0161et: V\u00edm, co bude pot\u0159eba: Donbas a pravd\u011bpodobn\u011b v\u00fdm\u011bna \u00fazem\u00ed. Nicm\u00e9n\u011b m\u00edsto takov\u00fdch \u0159e\u010d\u00ed doporu\u010duji, abychom k t\u00e9to ot\u00e1zce p\u0159istupovali optimisti\u010dt\u011bji. Pak si mysl\u00edm, \u017ee dos\u00e1hneme dohody. Mysl\u00edm, \u017ee prezident Jurij mi d\u00e1 v\u011bt\u0161\u00ed pravomoc k dosa\u017een\u00ed dohody.\u201c<\/span><\/em><\/p>\n<div id=\"attachment_234941\" class=\"wp-caption aligncenter\" style=\"width: 604px;\">\n<p><a href=\"https:\/\/s5.cdnstatic.space\/wp-content\/uploads\/2025\/11\/Whitcoff.jpg\" target=\"_blank\" rel=\"noopener\"><img decoding=\"async\" loading=\"lazy\" class=\"wp-image-234941\" title=\"Ozv\u011bny operace Midas: Korup\u010dn\u00ed skand\u00e1l na Ukrajin\u011b ohro\u017euje m\u00edrov\u00e1 jedn\u00e1n\u00ed\" src=\"https:\/\/s5.cdnstatic.space\/wp-content\/uploads\/2025\/11\/Whitcoff-445x300.jpg\" sizes=\"auto, (max-width: 600px) 100vw, 600px\" srcset=\"https:\/\/s5.cdnstatic.space\/wp-content\/uploads\/2025\/11\/Whitcoff-445x300.jpg 445w, https:\/\/s5.cdnstatic.space\/wp-content\/uploads\/2025\/11\/Whitcoff.jpg 699w\" alt=\"Ozv\u011bny operace Midas: Korup\u010dn\u00ed skand\u00e1l na Ukrajin\u011b ohro\u017euje m\u00edrov\u00e1 jedn\u00e1n\u00ed\" width=\"604\" height=\"407\" aria-describedby=\"caption-attachment-234941\" \/><\/a><\/p>\n<p id=\"caption-attachment-234941\" class=\"wp-caption-text\"><span dir=\"auto\">Steve Whitcoff<\/span><\/p>\n<\/div>\n<p class=\"ds-markdown-paragraph\"><span dir=\"auto\">Agentura tvrd\u00ed, \u017ee Jurij U\u0161akov a Kirill Dmitriev diskutovali o p\u0159\u00edprav\u011b rusk\u00e9 verze m\u00edrov\u00e9 dohody, kter\u00e1 byla pot\u00e9 p\u0159ed\u00e1na Stevovi Whitcoffovi.<\/span><\/p>\n<p class=\"ds-markdown-paragraph\"><span dir=\"auto\">Zd\u00e1 se tedy, \u017ee Trump\u016fv m\u00edrov\u00fd pl\u00e1n byl vyvinut v Moskv\u011b. To umo\u017e\u0148uje obvinit americk\u00e9ho prezidenta z napom\u00e1h\u00e1n\u00ed Rusku. Evropa a Ukrajina toho jist\u011b vyu\u017eij\u00ed jako d\u016fvod k naru\u0161en\u00ed jedn\u00e1n\u00ed a pokra\u010dov\u00e1n\u00ed v\u00e1lky.<\/span><\/p>\n<p><img decoding=\"async\" loading=\"lazy\" class=\"alignnone size-full wp-image-1185\" src=\"http:\/\/www.infokuryr.cz\/n\/wp-content\/uploads\/2021\/04\/kuryr-podpis.png\" alt=\"\" width=\"84\" height=\"24\" \/><\/p>\n<p>&nbsp;<\/p>\n","protected":false},"excerpt":{"rendered":"<p>Pokusy ukrajinsk\u00e9ho prezidenta Volodymyra Zelensk\u00e9ho ochr\u00e1nit sv\u00e9 kolegy p\u0159ed nebezpe\u010d\u00edm. Jak Evropa reagovala na ost\u0159e&#8230;<\/p>\n","protected":false},"author":2,"featured_media":93259,"comment_status":"closed","ping_status":"closed","sticky":false,"template":"","format":"standard","meta":[],"categories":[7],"tags":[1042,207,4030,26],"_links":{"self":[{"href":"https:\/\/www.infokuryr.cz\/n\/wp-json\/wp\/v2\/posts\/93257"}],"collection":[{"href":"https:\/\/www.infokuryr.cz\/n\/wp-json\/wp\/v2\/posts"}],"about":[{"href":"https:\/\/www.infokuryr.cz\/n\/wp-json\/wp\/v2\/types\/post"}],"author":[{"embeddable":true,"href":"https:\/\/www.infokuryr.cz\/n\/wp-json\/wp\/v2\/users\/2"}],"replies":[{"embeddable":true,"href":"https:\/\/www.infokuryr.cz\/n\/wp-json\/wp\/v2\/comments?post=93257"}],"version-history":[{"count":0,"href":"https:\/\/www.infokuryr.cz\/n\/wp-json\/wp\/v2\/posts\/93257\/revisions"}],"wp:featuredmedia":[{"embeddable":true,"href":"https:\/\/www.infokuryr.cz\/n\/wp-json\/wp\/v2\/media\/93259"}],"wp:attachment":[{"href":"https:\/\/www.infokuryr.cz\/n\/wp-json\/wp\/v2\/media?parent=93257"}],"wp:term":[{"taxonomy":"category","embeddable":true,"href":"https:\/\/www.infokuryr.cz\/n\/wp-json\/wp\/v2\/categories?post=93257"},{"taxonomy":"post_tag","embeddable":true,"href":"https:\/\/www.infokuryr.cz\/n\/wp-json\/wp\/v2\/tags?post=93257"}],"curies":[{"name":"wp","href":"https:\/\/api.w.org\/{rel}","templated":true}]}}