{"id":93255,"date":"2025-11-28T00:22:35","date_gmt":"2025-11-27T23:22:35","guid":{"rendered":"https:\/\/www.infokuryr.cz\/n\/?p=93255"},"modified":"2025-11-27T08:54:23","modified_gmt":"2025-11-27T07:54:23","slug":"izraelska-armada-se-chlubi-zabitim-20-lidi-v-gaze-behem-primeri","status":"publish","type":"post","link":"https:\/\/www.infokuryr.cz\/n\/2025\/11\/28\/izraelska-armada-se-chlubi-zabitim-20-lidi-v-gaze-behem-primeri\/","title":{"rendered":"Izraelsk\u00e1 arm\u00e1da se chlub\u00ed zabit\u00edm 20 lid\u00ed v Gaze b\u011bhem p\u0159\u00edm\u011b\u0159\u00ed"},"content":{"rendered":"<div id=\"fb-root\"><\/div>\n<p><strong><span dir=\"auto\">Izraelsk\u00e9 obrann\u00e9 s\u00edly (IDF) ozn\u00e1mily, \u017ee 26. listopadu v ji\u017en\u00edm p\u00e1smu Gazy zabily \u010dty\u0159i palestinsk\u00e9 bojovn\u00edky a dva dal\u0161\u00ed zajaly, a to uprost\u0159ed p\u0159\u00edm\u011b\u0159\u00ed zprost\u0159edkovan\u00e9ho Spojen\u00fdmi st\u00e1ty.<\/span><\/strong><\/p>\n<p><span dir=\"auto\">Izraelsk\u00e9 jednotky monitoruj\u00edc\u00ed bezpe\u010dnostn\u00ed kamery spat\u0159ily \u0161est st\u00edha\u010dek pot\u00e9, co se vyhnuly z tunel\u016f ve v\u00fdchodn\u00ed \u010d\u00e1sti oblasti Raf\u00e1h, uvedla izraelsk\u00e1 arm\u00e1da ve sv\u00e9m prohl\u00e1\u0161en\u00ed a dodala, \u017ee izraelsk\u00e9 letectvo pot\u00e9 provedlo proti st\u00edha\u010dk\u00e1m leteck\u00fd \u00fader a do oblasti byly vysl\u00e1ny jednotky brig\u00e1dy Nahal, aby provedly prohl\u00eddku.<\/span><\/p>\n<p><span dir=\"auto\">Podle arm\u00e1dy p\u0159i n\u00e1letech zahynul jeden z bojovn\u00edk\u016f a t\u0159i dal\u0161\u00ed byli pozd\u011bji nalezeni a zabiti brig\u00e1dou Nahal.<\/span><\/p>\n<p><span dir=\"auto\">Dva zb\u00fdvaj\u00edc\u00ed bojovn\u00edci byli pot\u00e9 nalezeni a zajati izraelsk\u00fdmi jednotkami, uvedla arm\u00e1da, ani\u017e by identifikovala skupinu, ke kter\u00e9 bojovn\u00edci pat\u0159\u00ed.<\/span><\/p>\n<div id=\"attachment_234914\" class=\"wp-caption aligncenter\" style=\"width: 599px;\"><a href=\"https:\/\/s5.cdnstatic.space\/wp-content\/uploads\/2025\/11\/photo_2025-11-26_16-10-06.jpg\" target=\"_blank\" rel=\"noopener\"><img decoding=\"async\" loading=\"lazy\" class=\"wp-image-234914\" title=\"Izraelsk\u00e1 arm\u00e1da se chlub\u00ed zabit\u00edm 20 lid\u00ed v Gaze b\u011bhem t\u00fddne b\u011bhem p\u0159\u00edm\u011b\u0159\u00ed (video, fotografie)\" src=\"https:\/\/s5.cdnstatic.space\/wp-content\/uploads\/2025\/11\/photo_2025-11-26_16-10-06-1024x768.jpg\" sizes=\"(max-width: 600px) 100vw, 600px\" srcset=\"https:\/\/s5.cdnstatic.space\/wp-content\/uploads\/2025\/11\/photo_2025-11-26_16-10-06-1024x768.jpg 1024w, https:\/\/s5.cdnstatic.space\/wp-content\/uploads\/2025\/11\/photo_2025-11-26_16-10-06-400x300.jpg 400w, https:\/\/s5.cdnstatic.space\/wp-content\/uploads\/2025\/11\/photo_2025-11-26_16-10-06-768x576.jpg 768w, https:\/\/s5.cdnstatic.space\/wp-content\/uploads\/2025\/11\/photo_2025-11-26_16-10-06.jpg 1280w\" alt=\"Izraelsk\u00e1 arm\u00e1da se chlub\u00ed zabit\u00edm 20 lid\u00ed v Gaze b\u011bhem t\u00fddne b\u011bhem p\u0159\u00edm\u011b\u0159\u00ed (video, fotografie)\" width=\"599\" height=\"449\" aria-describedby=\"caption-attachment-234914\" \/><\/a><\/p>\n<p id=\"caption-attachment-234914\" class=\"wp-caption-text\"><span dir=\"auto\">Kliknut\u00edm zobraz\u00edte obr\u00e1zek v pln\u00e9 velikosti. (Izraelsk\u00e9 obrann\u00e9 s\u00edly)<\/span><\/p>\n<\/div>\n<div id=\"attachment_234913\" class=\"wp-caption aligncenter\" style=\"width: 592px;\"><a href=\"https:\/\/s5.cdnstatic.space\/wp-content\/uploads\/2025\/11\/photo_2025-11-26_16-10-09.jpg\" target=\"_blank\" rel=\"noopener\"><img decoding=\"async\" loading=\"lazy\" class=\"wp-image-234913\" title=\"Izraelsk\u00e1 arm\u00e1da se chlub\u00ed zabit\u00edm 20 lid\u00ed v Gaze b\u011bhem t\u00fddne b\u011bhem p\u0159\u00edm\u011b\u0159\u00ed (video, fotografie)\" src=\"https:\/\/s5.cdnstatic.space\/wp-content\/uploads\/2025\/11\/photo_2025-11-26_16-10-09-1024x768.jpg\" sizes=\"auto, (max-width: 600px) 100vw, 600px\" srcset=\"https:\/\/s5.cdnstatic.space\/wp-content\/uploads\/2025\/11\/photo_2025-11-26_16-10-09-1024x768.jpg 1024w, https:\/\/s5.cdnstatic.space\/wp-content\/uploads\/2025\/11\/photo_2025-11-26_16-10-09-400x300.jpg 400w, https:\/\/s5.cdnstatic.space\/wp-content\/uploads\/2025\/11\/photo_2025-11-26_16-10-09-768x576.jpg 768w, https:\/\/s5.cdnstatic.space\/wp-content\/uploads\/2025\/11\/photo_2025-11-26_16-10-09.jpg 1280w\" alt=\"Izraelsk\u00e1 arm\u00e1da se chlub\u00ed zabit\u00edm 20 lid\u00ed v Gaze b\u011bhem t\u00fddne b\u011bhem p\u0159\u00edm\u011b\u0159\u00ed (video, fotografie)\" width=\"592\" height=\"444\" aria-describedby=\"caption-attachment-234913\" \/><\/a><\/p>\n<p id=\"caption-attachment-234913\" class=\"wp-caption-text\"><span dir=\"auto\">Kliknut\u00edm zobraz\u00edte obr\u00e1zek v pln\u00e9 velikosti. (Izraelsk\u00e9 obrann\u00e9 s\u00edly)<\/span><\/p>\n<\/div>\n<p><span dir=\"auto\">V Raf\u00e1hu, kter\u00fd okupuj\u00ed izraelsk\u00e9 obrann\u00e9 s\u00edly, jsou pravd\u011bpodobn\u011b uv\u011bzn\u011bny des\u00edtky bojovn\u00edk\u016f hnut\u00ed Ham\u00e1s. Skupina dosud prok\u00e1zala oddanost m\u00edrov\u00e9mu pl\u00e1nu navr\u017een\u00e9mu americk\u00fdm prezidentem Donaldem Trumpem, kter\u00fd za\u010d\u00e1tkem \u0159\u00edjna zavedl p\u0159\u00edm\u011b\u0159\u00ed. Ji\u017e propustila v\u0161echny \u017eiv\u00e9 rukojm\u00ed a v sou\u010dasn\u00e9 dob\u011b p\u0159ed\u00e1v\u00e1 ostatky v\u0161ech rukojm\u00edch zabit\u00fdch v Gaze. Izrael p\u0159esto odm\u00edt\u00e1 uv\u011bzn\u011bn\u00fdm bojovn\u00edk\u016fm dovolit \u00fastup.<\/span><\/p>\n<p><span dir=\"auto\">Izraelsk\u00e9 obrann\u00e9 s\u00edly (IDF) sl\u00edbily, \u017ee zabij\u00ed nebo zajmou v\u0161echny zb\u00fdvaj\u00edc\u00ed bojovn\u00edky na izraelsk\u00e9 stran\u011b \u017dlut\u00e9 linie, kter\u00e1 odd\u011bluje Gazu, a tvrd\u00ed, \u017ee je to v souladu s p\u0159\u00edm\u011b\u0159\u00edm.<\/span><\/p>\n<p><span dir=\"auto\">Arm\u00e1da v uplynul\u00e9m t\u00fddnu ozn\u00e1mila zabit\u00ed v\u00edce ne\u017e 20 bojovn\u00edk\u016f a zajet\u00ed dal\u0161\u00edch osmi pot\u00e9, co se pokusili uprchnout z tunel\u016f v Raf\u00e1hu.<\/span><\/p>\n<p><span dir=\"auto\">K posledn\u00edmu \u00fatoku IDF do\u0161lo jen den pot\u00e9, co Ham\u00e1s p\u0159edal t\u011blo dal\u0161\u00edho rukojm\u00edho, \u010d\u00edm\u017e v Gaze z\u016fstaly ostatky u\u017e jen dvou dal\u0161\u00edch.<\/span><\/p>\n<p><span dir=\"auto\">M\u00edrov\u00fd pl\u00e1n navr\u017een\u00fd Trumpem po\u017eaduje odzbrojen\u00ed Ham\u00e1su. Skupina tuto podm\u00ednku zat\u00edm p\u0159\u00edmo nep\u0159ijala, ale existuje v\u00edce n\u00e1znak\u016f, kter\u00e9 by mohly k tomuto kroku p\u0159istoupit.<\/span><\/p>\n<p><span dir=\"auto\">Ve zpr\u00e1v\u011b zve\u0159ejn\u011bn\u00e9 25. listopadu sa\u00fadskoarabsk\u00fd den\u00edk\u00a0<\/span><a href=\"https:\/\/english.aawsat.com\/arab-world\/5212794-sources-asharq-al-awsat-hamas-weighs-proposal-transform-political-party\"><span dir=\"auto\">A\u0161arq al-Avsat<\/span><\/a><span dir=\"auto\">\u00a0uvedl, \u017ee v\u016fdci Ham\u00e1su v Gaze i mimo ni diskutuj\u00ed o tom, jak by m\u011bla vypadat budoucnost t\u00e9to skupiny, a jsou potenci\u00e1ln\u011b otev\u0159eni diskusi o odzbrojen\u00ed.<\/span><\/p>\n<p><span dir=\"auto\">Podle zpr\u00e1vy, kter\u00e1 cituje nejmenovan\u00e9 zdroje z Ham\u00e1su, jeden z n\u00e1vrh\u016f, kter\u00fd veden\u00ed skupiny projedn\u00e1v\u00e1, zahrnuje rozpu\u0161t\u011bn\u00ed jej\u00edho ozbrojen\u00e9ho k\u0159\u00eddla a jej\u00ed p\u0159em\u011bnu na v\u00fdhradn\u011b politickou organizaci \u201eschopnou pod\u00edlet se na politick\u00e9m, ekonomick\u00e9m, soci\u00e1ln\u00edm a ve\u0159ejn\u00e9m \u017eivot\u011b\u201c.<\/span><\/p>\n<p><span dir=\"auto\">Zdroje uvedly, \u017ee n\u00e1vrh rovn\u011b\u017e po\u017eaduje, aby se Hamas stal \u010dlenem Organizace pro osvobozen\u00ed Palestiny (OOP), v jej\u00edm\u017e \u010dele stoj\u00ed prezident Palestinsk\u00e9 samospr\u00e1vy Mahm\u00fad Abb\u00e1s, a \u017ee vstup do OOP by skupin\u011b umo\u017enil st\u00e1t se \u201ed\u016fle\u017eit\u00fdm politick\u00fdm akt\u00e9rem\u201c po boku dal\u0161\u00edch palestinsk\u00fdch politick\u00fdch stran, a t\u00edm o\u017eivit politick\u00fd proces na palestinsk\u00fdch \u00fazem\u00edch.<\/span><\/p>\n<p><span dir=\"auto\">Zdroj tak\u00e9 uznal, \u017ee v\u016fdci Ham\u00e1su ji\u017e jednali o mo\u017enosti odzbrojen\u00ed s Egyptem, Katarem a Tureckem, a dokonce uvedl, \u017ee tato ot\u00e1zka byla nep\u0159\u00edmo projedn\u00e1v\u00e1na i se Spojen\u00fdmi st\u00e1ty.<\/span><\/p>\n<p><span dir=\"auto\">Zdroje nicm\u00e9n\u011b poznamenaly, \u017ee pokud se Ham\u00e1s rozhodne odzbrojit, u\u010din\u00ed tak pouze \u201ena z\u00e1klad\u011b palestinsk\u00e9 n\u00e1rodn\u00ed dohody\u201c a nedovol\u00ed Izraeli ani OSN, aby se do toho zapojily.<\/span><\/p>\n<p><span dir=\"auto\">A\u010dkoli Ham\u00e1s projevuje oddanost m\u00edrov\u00e9mu pl\u00e1nu a zd\u00e1 se b\u00fdt otev\u0159en\u00fd i t\u011bm nejslo\u017eit\u011bj\u0161\u00edm ot\u00e1zk\u00e1m, zat\u00edm nen\u00ed jasn\u00e9, zda se Izrael z P\u00e1sma v\u016fbec st\u00e1hne.<\/span><\/p>\n<p><span dir=\"auto\">Izrael\u0161t\u00ed bezpe\u010dnostn\u00ed \u00fa\u0159edn\u00edci v posledn\u00edch dnech varovali ministry vl\u00e1dy, \u017ee Ham\u00e1s si udr\u017eel t\u00e9m\u011b\u0159 \u00faplnou kontrolu nad \u010d\u00e1stmi Gazy, kter\u00e9 ovl\u00e1d\u00e1, informovala 26. listopadu zpravodajsk\u00e1 stanice Channel 13. V report\u00e1\u017ei jsou citov\u00e1ni vysoc\u00ed d\u016fstojn\u00edci IDF, kte\u0159\u00ed vyz\u00fdvaj\u00ed Izrael k vypracov\u00e1n\u00ed vlastn\u00edch pl\u00e1n\u016f na demilitarizaci Gazy a tvrd\u00ed, \u017ee americk\u00fd n\u00e1vrh je nedostate\u010dn\u00fd.<\/span><\/p>\n<p><span dir=\"auto\">Dal\u0161\u00ed zpr\u00e1va den\u00edku\u00a0<\/span><a href=\"https:\/\/www.nytimes.com\/2025\/11\/25\/world\/middleeast\/us-compounds-palestinians-israel-gaza-strip.html\"><span dir=\"auto\">The New York Times<\/span><\/a><span dir=\"auto\">\u00a0, kter\u00e1 byla zve\u0159ejn\u011bna o den d\u0159\u00edve, odhalila, \u017ee Trumpova administrativa prosazuje rychlou v\u00fdstavbu obytn\u00fdch komplex\u016f v izraelsky okupovan\u00fdch oblastech Gazy, kter\u00e9 by poskytly bydlen\u00ed Palestinc\u016fm. To tak\u00e9 nazna\u010duje, \u017ee sta\u017een\u00ed Izraele z P\u00e1sma nen\u00ed zaru\u010deno.<\/span><\/p>\n<p><span dir=\"auto\">Celkov\u011b vzato se v\u00e1lka v Gaze pravd\u011bpodobn\u011b v dohledn\u00e9 dob\u011b neobnov\u00ed. Neexistuj\u00ed v\u0161ak ani \u017e\u00e1dn\u00e9 n\u00e1znaky, \u017ee by Izraelsk\u00e9 obrann\u00e9 s\u00edly (IDF) ukon\u010dily sv\u00e9 vojensk\u00e9 operace a st\u00e1hly se z P\u00e1sma. Skute\u010dn\u00e9 z\u00e1m\u011bry Izraele se pravd\u011bpodobn\u011b uk\u00e1\u017eou, jakmile Ham\u00e1s p\u0159ed\u00e1 ostatky posledn\u00edch rukojm\u00edch.<\/span><\/p>\n<p><img decoding=\"async\" loading=\"lazy\" class=\"alignnone size-full wp-image-1185\" src=\"http:\/\/www.infokuryr.cz\/n\/wp-content\/uploads\/2021\/04\/kuryr-podpis.png\" alt=\"\" width=\"84\" height=\"24\" \/><\/p>\n<p>&nbsp;<\/p>\n","protected":false},"excerpt":{"rendered":"<p>Izraelsk\u00e9 obrann\u00e9 s\u00edly (IDF) ozn\u00e1mily, \u017ee 26. listopadu v ji\u017en\u00edm p\u00e1smu Gazy zabily \u010dty\u0159i palestinsk\u00e9&#8230;<\/p>\n","protected":false},"author":2,"featured_media":93256,"comment_status":"closed","ping_status":"closed","sticky":false,"template":"","format":"standard","meta":[],"categories":[7],"tags":[348,107,934],"_links":{"self":[{"href":"https:\/\/www.infokuryr.cz\/n\/wp-json\/wp\/v2\/posts\/93255"}],"collection":[{"href":"https:\/\/www.infokuryr.cz\/n\/wp-json\/wp\/v2\/posts"}],"about":[{"href":"https:\/\/www.infokuryr.cz\/n\/wp-json\/wp\/v2\/types\/post"}],"author":[{"embeddable":true,"href":"https:\/\/www.infokuryr.cz\/n\/wp-json\/wp\/v2\/users\/2"}],"replies":[{"embeddable":true,"href":"https:\/\/www.infokuryr.cz\/n\/wp-json\/wp\/v2\/comments?post=93255"}],"version-history":[{"count":0,"href":"https:\/\/www.infokuryr.cz\/n\/wp-json\/wp\/v2\/posts\/93255\/revisions"}],"wp:featuredmedia":[{"embeddable":true,"href":"https:\/\/www.infokuryr.cz\/n\/wp-json\/wp\/v2\/media\/93256"}],"wp:attachment":[{"href":"https:\/\/www.infokuryr.cz\/n\/wp-json\/wp\/v2\/media?parent=93255"}],"wp:term":[{"taxonomy":"category","embeddable":true,"href":"https:\/\/www.infokuryr.cz\/n\/wp-json\/wp\/v2\/categories?post=93255"},{"taxonomy":"post_tag","embeddable":true,"href":"https:\/\/www.infokuryr.cz\/n\/wp-json\/wp\/v2\/tags?post=93255"}],"curies":[{"name":"wp","href":"https:\/\/api.w.org\/{rel}","templated":true}]}}