{"id":93248,"date":"2025-11-28T00:18:17","date_gmt":"2025-11-27T23:18:17","guid":{"rendered":"https:\/\/www.infokuryr.cz\/n\/?p=93248"},"modified":"2025-11-27T08:41:46","modified_gmt":"2025-11-27T07:41:46","slug":"francie-matka-je-na-hranici-zivota-a-smrti-pote-co-ji-africky-migrant-v-la-rochelle-nekolikrat-bodl-do-hrudniku-a-obliceje","status":"publish","type":"post","link":"https:\/\/www.infokuryr.cz\/n\/2025\/11\/28\/francie-matka-je-na-hranici-zivota-a-smrti-pote-co-ji-africky-migrant-v-la-rochelle-nekolikrat-bodl-do-hrudniku-a-obliceje\/","title":{"rendered":"Francie: Matka je na hranici \u017eivota a smrti pot\u00e9, co ji africk\u00fd migrant v La Rochelle n\u011bkolikr\u00e1t bodl do hrudn\u00edku a obli\u010deje"},"content":{"rendered":"<div id=\"fb-root\"><\/div>\n<h3 class=\"s-tagline fw-tagline\"><span dir=\"auto\">Dal\u0161\u00ed \u017eensk\u00e1 ob\u011b\u0165 masov\u00e9 imigrace, tentokr\u00e1t ve m\u011bst\u011b La Rochelle<\/span><\/h3>\n<p><span dir=\"auto\">Matka utrp\u011bla 20. listopadu v ulici Ernest-Meissonnier v \u010dtvrti Mireuil v La Rochelle v\u00e1\u017en\u00e1 bodn\u00e1 zran\u011bn\u00ed p\u0159i \u00fatoku africk\u00e9ho migranta.<\/span><\/p>\n<p><span dir=\"auto\">V 16:30 vypukla mezi sousedy h\u00e1dka. Migrant, kter\u00fd poch\u00e1z\u00ed z Pob\u0159e\u017e\u00ed slonoviny, m\u00e1 \u00fadajn\u011b v anamn\u00e9ze psychiatrick\u00e9 poruchy.<\/span><\/p>\n<p><span dir=\"auto\">Podle policie 43let\u00fd podez\u0159el\u00fd napadl 33letou ob\u011b\u0165 \u010depel\u00ed a n\u011bkolikr\u00e1t ji bodl do hrudn\u00edku a obli\u010deje.<\/span><\/p>\n<p><span dir=\"auto\">Po p\u0159evozu do nemocnice v Poitiers byla podle francouzsk\u00e9ho zpravodajsk\u00e9ho serveru\u00a0<\/span><a href=\"https:\/\/inf-info.fr\/la-rochelle-une-femme-dans-un-etat-grave-apres-une-agression-a-larme-blanche-a-mireuil\/\"><span dir=\"auto\">Inf-Info<\/span><\/a><span dir=\"auto\">\u00a0v kritick\u00e9m stavu a jej\u00ed \u017eivot byl ve \u201ev\u00e1\u017en\u00e9m ohro\u017een\u00ed\u201c .<\/span><\/p>\n<p><span dir=\"auto\">Policie podez\u0159el\u00e9ho zatkla v 21:00 a bylo zah\u00e1jeno trestn\u00ed st\u00edh\u00e1n\u00ed pro pokus o vra\u017edu. V trestn\u00edm rejst\u0159\u00edku nem\u00e1 \u017e\u00e1dn\u00fd z\u00e1znam.<\/span><\/p>\n<p><span dir=\"auto\">Bezpe\u010dnost \u017een ve Francii je d\u016fle\u017eit\u00fdm t\u00e9matem a francouzsk\u00e1 pravice tvrd\u00ed, \u017ee n\u00e1sil\u00ed ze strany cizinc\u016f p\u0159edstavuje velkou hrozbu.<\/span><\/p>\n<p><span dir=\"auto\">Francouzsk\u00e1 poslankyn\u011b Evropsk\u00e9ho parlamentu Marion Mar\u00e9chal za\u010d\u00e1tkem tohoto m\u011bs\u00edce\u00a0<\/span><a href=\"https:\/\/rmx.news\/article\/the-problem-is-not-men-the-problem-is-mass-immigration-after-attempted-rape-video-goes-viral-the-french-right-says-no-to-segregation-and-yes-immigration-restriction\/\"><span dir=\"auto\">napsala<\/span><\/a><span dir=\"auto\">\u00a0: \u201e83 % ob\u011bt\u00ed sexu\u00e1ln\u00edho n\u00e1sil\u00ed v doprav\u011b v regionu \u00cele-de-France jsou Francouzi, zat\u00edmco 61 % obvin\u011bn\u00fdch z t\u011bchto \u010din\u016f jsou cizinci. Probl\u00e9m nejsou mu\u017ei, probl\u00e9mem je masov\u00e1 imigrace.\u201c<\/span><\/p>\n<p><span dir=\"auto\">Astrid Mae, mluv\u010d\u00ed francouzsk\u00e9 feministick\u00e9 skupiny Collectif N\u00e9m\u00e9sis, nav\u00edc uvedla, \u017ee n\u00e1vrh levice na zaveden\u00ed vagon\u016f pouze pro \u017eeny nen\u00ed nic jin\u00e9ho ne\u017e \u201en\u00e1plast\u201c na soci\u00e1ln\u00ed r\u00e1nu.<\/span><\/p>\n<p><span dir=\"auto\">\u201eExistuje probl\u00e9m masivn\u00ed a nekontrolovan\u00e9 imigrace. V\u00edme, \u017ee dnes je 62 procent sexu\u00e1ln\u00edch \u00fatok\u016f ve ve\u0159ejn\u00e9 doprav\u011b v regionu \u00cele-de-France sp\u00e1ch\u00e1no cizinci,\u201c uvedla.<\/span><\/p>\n<p><img decoding=\"async\" loading=\"lazy\" class=\"alignnone size-full wp-image-1185\" src=\"http:\/\/www.infokuryr.cz\/n\/wp-content\/uploads\/2021\/04\/kuryr-podpis.png\" alt=\"\" width=\"84\" height=\"24\" \/><\/p>\n<p>&nbsp;<\/p>\n","protected":false},"excerpt":{"rendered":"<p>Dal\u0161\u00ed \u017eensk\u00e1 ob\u011b\u0165 masov\u00e9 imigrace, tentokr\u00e1t ve m\u011bst\u011b La Rochelle Matka utrp\u011bla 20. listopadu v&#8230;<\/p>\n","protected":false},"author":2,"featured_media":37718,"comment_status":"closed","ping_status":"closed","sticky":false,"template":"","format":"standard","meta":[],"categories":[7],"tags":[130,551,4005,6742],"_links":{"self":[{"href":"https:\/\/www.infokuryr.cz\/n\/wp-json\/wp\/v2\/posts\/93248"}],"collection":[{"href":"https:\/\/www.infokuryr.cz\/n\/wp-json\/wp\/v2\/posts"}],"about":[{"href":"https:\/\/www.infokuryr.cz\/n\/wp-json\/wp\/v2\/types\/post"}],"author":[{"embeddable":true,"href":"https:\/\/www.infokuryr.cz\/n\/wp-json\/wp\/v2\/users\/2"}],"replies":[{"embeddable":true,"href":"https:\/\/www.infokuryr.cz\/n\/wp-json\/wp\/v2\/comments?post=93248"}],"version-history":[{"count":0,"href":"https:\/\/www.infokuryr.cz\/n\/wp-json\/wp\/v2\/posts\/93248\/revisions"}],"wp:featuredmedia":[{"embeddable":true,"href":"https:\/\/www.infokuryr.cz\/n\/wp-json\/wp\/v2\/media\/37718"}],"wp:attachment":[{"href":"https:\/\/www.infokuryr.cz\/n\/wp-json\/wp\/v2\/media?parent=93248"}],"wp:term":[{"taxonomy":"category","embeddable":true,"href":"https:\/\/www.infokuryr.cz\/n\/wp-json\/wp\/v2\/categories?post=93248"},{"taxonomy":"post_tag","embeddable":true,"href":"https:\/\/www.infokuryr.cz\/n\/wp-json\/wp\/v2\/tags?post=93248"}],"curies":[{"name":"wp","href":"https:\/\/api.w.org\/{rel}","templated":true}]}}