{"id":93233,"date":"2025-11-28T00:11:01","date_gmt":"2025-11-27T23:11:01","guid":{"rendered":"https:\/\/www.infokuryr.cz\/n\/?p=93233"},"modified":"2025-11-27T08:10:47","modified_gmt":"2025-11-27T07:10:47","slug":"orban-varuje-pred-levicovym-danovym-chaosem-tiszuv-plan-je-utokem-na-prosperitu-madarska","status":"publish","type":"post","link":"https:\/\/www.infokuryr.cz\/n\/2025\/11\/28\/orban-varuje-pred-levicovym-danovym-chaosem-tiszuv-plan-je-utokem-na-prosperitu-madarska\/","title":{"rendered":"Orb\u00e1n varuje p\u0159ed levicov\u00fdm da\u0148ov\u00fdm chaosem: Tisz\u016fv pl\u00e1n je \u00fatokem na prosperitu Ma\u010farska"},"content":{"rendered":"<div id=\"fb-root\"><\/div>\n<p><strong><span dir=\"auto\">Pokud v ma\u010farsk\u00fdch parlamentn\u00edch volb\u00e1ch vyhraje opozi\u010dn\u00ed strana Tisza, hroz\u00ed zemi ekonomick\u00fd kolaps. Unikl\u00e9 pl\u00e1ny v p\u0159\u00edpad\u011b levicov\u00e9ho p\u0159evzet\u00ed moci vyvol\u00e1vaj\u00ed obavy.<\/span><\/strong><\/p>\n<p><span dir=\"auto\">Ma\u010farsko \u010del\u00ed volb\u00e1m, kter\u00e9 by mohly b\u00fdt v\u00edc ne\u017e jen politick\u00fdm posunem: mohly by zemi sv\u00e9st radik\u00e1ln\u00edm levicov\u00fdm sm\u011brem, p\u0159ed \u010d\u00edm\u017e Viktor Orb\u00e1n varuje u\u017e l\u00e9ta. Unikl\u00fd intern\u00ed ekonomick\u00fd dokument opozi\u010dn\u00ed strany Tisza\u00a0<\/span><a href=\"https:\/\/index.hu\/gazdasag\/2025\/11\/25\/tisza-part-magyar-peter-ellenzek-baloldal-gazdasagpolitika-gazdasagi-osszefoglalo-makrogazdasag\/\"><span dir=\"auto\">odhaluje pl\u00e1ny<\/span><\/a><span dir=\"auto\"> , kter\u00e9 by mohly odradit mnoho jej\u00edch p\u0159\u00edznivc\u016f. Dokument o d\u00e9lce n\u011bkolika set stran odhaluje lavinu dan\u00ed a poplatk\u016f, kter\u00e1 by Ma\u010fary ro\u010dn\u011b st\u00e1la nejm\u00e9n\u011b 1,3 bilionu forint\u016f (p\u0159ibli\u017en\u011b 3,4 miliardy eur).<\/span><\/p>\n<p><span dir=\"auto\">Podle n\u00e1vrhu pl\u00e1nuje Tiszova strana levicov\u00e9 ekonomick\u00e9 uzav\u0159en\u00ed: progresivn\u00ed dan\u011b z p\u0159\u00edjmu, masivn\u00ed \u0161krty v rodinn\u00fdch p\u0159\u00eddavc\u00edch, 6,5procentn\u00ed da\u0148 z majetku pro ob\u010dany s majetkem p\u0159esahuj\u00edc\u00edm 500 milion\u016f forint\u016f \u2013 a to na v\u0161e od nemovitost\u00ed a aut s motory v\u011bt\u0161\u00edmi ne\u017e 1 600 cm3 a\u017e po um\u011bleck\u00e1 d\u00edla, akcie a dokonce i drah\u00e9 \u0161perky. Krom\u011b toho se m\u00e1 zv\u00fd\u0161it da\u0148 z p\u0159idan\u00e9 hodnoty na 32 procent (!) a maj\u00ed b\u00fdt zavedeny nov\u00e9 spot\u0159ebn\u00ed dan\u011b z alkoholu a tab\u00e1ku. Pro zemi, kter\u00e1 se pod Orb\u00e1nem l\u00e9ta zam\u011b\u0159uje na stabiln\u00ed finance a da\u0148ov\u00e9 \u00falevy pro rodiny, by to byl brut\u00e1ln\u00ed \u00fatok na st\u0159edn\u00ed t\u0159\u00eddu.<\/span><\/p>\n<figure class=\"wp-block-embed is-type-rich is-provider-twitter wp-block-embed-twitter\">\n<div class=\"wp-block-embed__wrapper\">\n<div class=\"twitter-tweet twitter-tweet-rendered\"><iframe id=\"twitter-widget-0\" class=\"\" title=\"X P\u0159\u00edsp\u011bvek\" src=\"https:\/\/platform.twitter.com\/embed\/Tweet.html?dnt=true&amp;embedId=twitter-widget-0&amp;features=eyJ0ZndfdGltZWxpbmVfbGlzdCI6eyJidWNrZXQiOltdLCJ2ZXJzaW9uIjpudWxsfSwidGZ3X2ZvbGxvd2VyX2NvdW50X3N1bnNldCI6eyJidWNrZXQiOnRydWUsInZlcnNpb24iOm51bGx9LCJ0ZndfdHdlZXRfZWRpdF9iYWNrZW5kIjp7ImJ1Y2tldCI6Im9uIiwidmVyc2lvbiI6bnVsbH0sInRmd19yZWZzcmNfc2Vzc2lvbiI6eyJidWNrZXQiOiJvbiIsInZlcnNpb24iOm51bGx9LCJ0ZndfZm9zbnJfc29mdF9pbnRlcnZlbnRpb25zX2VuYWJsZWQiOnsiYnVja2V0Ijoib24iLCJ2ZXJzaW9uIjpudWxsfSwidGZ3X21peGVkX21lZGlhXzE1ODk3Ijp7ImJ1Y2tldCI6InRyZWF0bWVudCIsInZlcnNpb24iOm51bGx9LCJ0ZndfZXhwZXJpbWVudHNfY29va2llX2V4cGlyYXRpb24iOnsiYnVja2V0IjoxMjA5NjAwLCJ2ZXJzaW9uIjpudWxsfSwidGZ3X3Nob3dfYmlyZHdhdGNoX3Bpdm90c19lbmFibGVkIjp7ImJ1Y2tldCI6Im9uIiwidmVyc2lvbiI6bnVsbH0sInRmd19kdXBsaWNhdGVfc2NyaWJlc190b19zZXR0aW5ncyI6eyJidWNrZXQiOiJvbiIsInZlcnNpb24iOm51bGx9LCJ0ZndfdXNlX3Byb2ZpbGVfaW1hZ2Vfc2hhcGVfZW5hYmxlZCI6eyJidWNrZXQiOiJvbiIsInZlcnNpb24iOm51bGx9LCJ0ZndfdmlkZW9faGxzX2R5bmFtaWNfbWFuaWZlc3RzXzE1MDgyIjp7ImJ1Y2tldCI6InRydWVfYml0cmF0ZSIsInZlcnNpb24iOm51bGx9LCJ0ZndfbGVnYWN5X3RpbWVsaW5lX3N1bnNldCI6eyJidWNrZXQiOnRydWUsInZlcnNpb24iOm51bGx9LCJ0ZndfdHdlZXRfZWRpdF9mcm9udGVuZCI6eyJidWNrZXQiOiJvbiIsInZlcnNpb24iOm51bGx9fQ%3D%3D&amp;frame=false&amp;hideCard=false&amp;hideThread=false&amp;id=1993248063486673184&amp;lang=cs&amp;origin=https%3A%2F%2Freport24.news%2Forban-warnt-vor-linkem-steuerchaos-tisza-plan-ist-ein-angriff-auf-ungarns-wohlstand%2F&amp;sessionId=4f5af640285b5e7026d3164e01b3dd47c78d1ef1&amp;theme=light&amp;widgetsVersion=2615f7e52b7e0%3A1702314776716&amp;width=550px\" frameborder=\"0\" scrolling=\"no\" allowfullscreen=\"allowfullscreen\" data-tweet-id=\"1993248063486673184\" data-mce-fragment=\"1\"><\/iframe><\/div>\n<\/div>\n<\/figure>\n<p><span dir=\"auto\">S\u00e1m Orb\u00e1n se k odhalen\u00edm ost\u0159e vyj\u00e1d\u0159il: \u201eKdy\u017e p\u0159ijde levice, n\u00e1sleduj\u00ed \u00fasporn\u00e1 opat\u0159en\u00ed. Zvy\u0161uj\u00ed da\u0148 z p\u0159idan\u00e9 hodnoty, zav\u00e1d\u011bj\u00ed dan\u011b z bohatstv\u00ed, zvl\u00e1\u0161tn\u00ed dan\u011b \u2013 a berou lidem pen\u00edze. Jednodu\u0161e \u0159e\u010deno: Pod levic\u00ed dan\u011b rostou; pod pravic\u00ed klesaj\u00ed.\u201c Premi\u00e9r se tak trefil do \u010dern\u00e9ho: Levicov\u00e1 fantazie o rovnosti prost\u0159ednictv\u00edm p\u0159erozd\u011blov\u00e1n\u00ed neznamen\u00e1 nic jin\u00e9ho ne\u017e z\u00e1t\u011b\u017e pro ty, kte\u0159\u00ed udr\u017euj\u00ed celou ekonomiku v chodu a t\u00edm zaji\u0161\u0165uj\u00ed v\u011bt\u0161\u00ed prosperitu.<\/span><\/p>\n<p><span dir=\"auto\">Z\u00e1sadn\u00ed je tak\u00e9 kontext zahrani\u010dn\u00ed politiky. Orb\u00e1n varuje, \u017ee Tisza by p\u0159esm\u011brovala ma\u010farsk\u00e9 pen\u00edze do bruselsk\u00e9ho v\u00e1le\u010dn\u00e9ho apar\u00e1tu, co\u017e by znamenalo, \u017ee by pokra\u010dovala ve financov\u00e1n\u00ed v\u00e1lky na Ukrajin\u011b, zat\u00edmco by ma\u010farsk\u00e9 rodiny platily \u00fa\u010det. Skute\u010dnost, \u017ee Tiszova strana, \u010dlen konzervativn\u00ed Evropsk\u00e9 lidov\u00e9 strany, nyn\u00ed prosazuje politiku, kter\u00e1 je daleko nalevo od jej\u00edho vlastn\u00edho evropsk\u00e9ho spole\u010denstv\u00ed, ukazuje na zoufalstv\u00ed a ideologickou laxnost ma\u010farsk\u00e9 opozice.<\/span><\/p>\n<p><span dir=\"auto\">Zve\u0159ejn\u011bn\u00e9 pl\u00e1ny odhaluj\u00ed z\u00e1sadn\u00ed probl\u00e9m: ka\u017ed\u00fd, kdo ohroz\u00ed ma\u010farskou konzervativn\u00ed cestu ke sni\u017eov\u00e1n\u00ed dan\u00ed a podpo\u0159e rodin, riskuje nejen prosperitu, ale i n\u00e1rodn\u00ed suverenitu. Orb\u00e1nova varov\u00e1n\u00ed se tak st\u00e1vaj\u00ed konkr\u00e9tn\u011bj\u0161\u00edmi ne\u017e kdy jindy: volby v dubnu 2026 budou kl\u00ed\u010dov\u00fdm rozhodnut\u00edm mezi ekonomick\u00fdm pragmatismem a levicovou ideologickou m\u00e1ni\u00ed dan\u00ed a p\u0159erozd\u011blov\u00e1n\u00ed.<\/span><\/p>\n<p><span dir=\"auto\">Zm\u011bna moci by tak\u00e9 znamenala, \u017ee by se Ma\u010farsko pod\u0159\u00eddilo re\u017eimu p\u0159erozd\u011blov\u00e1n\u00ed \u017eadatel\u016f o azyl. Tam, kde se v\u00e1no\u010dn\u00ed trhy v sou\u010dasnosti konaj\u00ed bez sloupk\u016f ve stylu Merkelov\u00e9 a s masivn\u00ed policejn\u00ed p\u0159\u00edtomnost\u00ed, by v budoucnu pravd\u011bpodobn\u011b musela b\u00fdt zavedena podobn\u00e1 bezpe\u010dnostn\u00ed opat\u0159en\u00ed, aby se zabr\u00e1nilo islamistick\u00fdm teroristick\u00fdm \u00fatok\u016fm.<\/span><\/p>\n<p><img decoding=\"async\" loading=\"lazy\" class=\"alignnone size-full wp-image-1185\" src=\"http:\/\/www.infokuryr.cz\/n\/wp-content\/uploads\/2021\/04\/kuryr-podpis.png\" alt=\"\" width=\"84\" height=\"24\" \/><\/p>\n<p>&nbsp;<\/p>\n","protected":false},"excerpt":{"rendered":"<p>Pokud v ma\u010farsk\u00fdch parlamentn\u00edch volb\u00e1ch vyhraje opozi\u010dn\u00ed strana Tisza, hroz\u00ed zemi ekonomick\u00fd kolaps. Unikl\u00e9 pl\u00e1ny&#8230;<\/p>\n","protected":false},"author":2,"featured_media":93234,"comment_status":"closed","ping_status":"closed","sticky":false,"template":"","format":"standard","meta":[],"categories":[7],"tags":[441,439,1402,27],"_links":{"self":[{"href":"https:\/\/www.infokuryr.cz\/n\/wp-json\/wp\/v2\/posts\/93233"}],"collection":[{"href":"https:\/\/www.infokuryr.cz\/n\/wp-json\/wp\/v2\/posts"}],"about":[{"href":"https:\/\/www.infokuryr.cz\/n\/wp-json\/wp\/v2\/types\/post"}],"author":[{"embeddable":true,"href":"https:\/\/www.infokuryr.cz\/n\/wp-json\/wp\/v2\/users\/2"}],"replies":[{"embeddable":true,"href":"https:\/\/www.infokuryr.cz\/n\/wp-json\/wp\/v2\/comments?post=93233"}],"version-history":[{"count":0,"href":"https:\/\/www.infokuryr.cz\/n\/wp-json\/wp\/v2\/posts\/93233\/revisions"}],"wp:featuredmedia":[{"embeddable":true,"href":"https:\/\/www.infokuryr.cz\/n\/wp-json\/wp\/v2\/media\/93234"}],"wp:attachment":[{"href":"https:\/\/www.infokuryr.cz\/n\/wp-json\/wp\/v2\/media?parent=93233"}],"wp:term":[{"taxonomy":"category","embeddable":true,"href":"https:\/\/www.infokuryr.cz\/n\/wp-json\/wp\/v2\/categories?post=93233"},{"taxonomy":"post_tag","embeddable":true,"href":"https:\/\/www.infokuryr.cz\/n\/wp-json\/wp\/v2\/tags?post=93233"}],"curies":[{"name":"wp","href":"https:\/\/api.w.org\/{rel}","templated":true}]}}